{"id":5778,"date":"2026-01-14T04:26:47","date_gmt":"2026-01-14T07:26:47","guid":{"rendered":"https:\/\/motorista.com.br\/noticias\/2026\/01\/14\/haddad-projeta-deficit-primario-de-01-do-pib-para-2025\/"},"modified":"2026-01-14T04:26:47","modified_gmt":"2026-01-14T07:26:47","slug":"haddad-projeta-deficit-primario-de-01-do-pib-para-2025","status":"publish","type":"post","link":"https:\/\/motorista.com.br\/noticias\/2026\/01\/14\/haddad-projeta-deficit-primario-de-01-do-pib-para-2025\/","title":{"rendered":"Haddad projeta d\u00e9ficit prim\u00e1rio de 0,1% do PIB para 2025"},"content":{"rendered":"<p><\/p>\n<p><strong>D\u00e9ficit Prim\u00e1rio e Seus Reflexos na Mobilidade e no Cotidiano dos Motoristas<\/strong><\/p>\n<p>Os n\u00fameros preliminares da equipe econ\u00f4mica, anunciados pelo ministro da Fazenda, Fernando Haddad, indicam que o Governo Central encerrou 2025 com um d\u00e9ficit prim\u00e1rio de cerca de 0,1% do Produto Interno Bruto (PIB). Esse resultado, embora pr\u00f3ximo da meta fiscal que prev\u00ea d\u00e9ficit zero, destaca um cen\u00e1rio que pode ter impactos diretos na mobilidade urbana e na vida dos motoristas.<\/p>\n<p>Haddad enfatizou que, por tr\u00eas anos consecutivos, o governo conseguiu manter a meta de d\u00e9ficit prim\u00e1rio, o que demonstra um certo controle fiscal. Apesar das cifras preliminares, que, ao considerar gastos excepcionais, chegam a 0,48%, essa margens de toler\u00e2ncia podem, de alguma forma, refletir no or\u00e7amento de programas e infraestrutura que beneficiam diretamente os motoristas.<\/p>\n<h3>A Relev\u00e2ncia da Transpar\u00eancia Fiscal<\/h3>\n<p>A inclus\u00e3o de despesas que antes n\u00e3o eram contabilizadas representa um ganho em transpar\u00eancia fiscal, permitindo que os cidad\u00e3os compreendam melhor a realidade econ\u00f4mica do pa\u00eds. Para os motoristas, essa transpar\u00eancia \u00e9 crucial; ela pode influenciar decis\u00f5es de investimento em infraestrutura, como melhorias em estradas e transporte p\u00fablico. Um governo que presta contas de maneira clara pode, por consequ\u00eancia, priorizar aqueles que dependem do tr\u00e2nsito para suas atividades di\u00e1rias.<\/p>\n<h3>Impactos na Mobilidade e nos Custos Operacionais<\/h3>\n<p>Com um d\u00e9ficit prim\u00e1rio em n\u00edveis controlados, espera-se que o governo consiga destinar recursos adequados para programas de mobilidade urbana. Melhorias em sistemas de transporte, como expans\u00e3o de ciclovias e investimentos em rodovias, s\u00e3o essenciais para otimizar o fluxo de ve\u00edculos nas cidades e reduzir congestionamentos.<\/p>\n<p>Por outro lado, um cen\u00e1rio fiscal desfavor\u00e1vel poderia elevar os juros reais, pressionando ainda mais a d\u00edvida p\u00fablica. Isso significaria uma maior carga financeira, potencialmente refletida em taxas mais altas para financiamentos de ve\u00edculos e aumento nos custos de combust\u00edvel, afetando diretamente o bolso dos motoristas.<\/p>\n<h3>Conclus\u00e3o<\/h3>\n<p>Os resultados fiscais e sua interpreta\u00e7\u00e3o t\u00eam um papel imprescind\u00edvel na forma\u00e7\u00e3o de pol\u00edticas que influenciam a mobilidade urbana. Um d\u00e9ficit prim\u00e1rio controlado pode ser um indicativo de um governo mais preparado para investir em infraestrutura e servi\u00e7os relevantes para motoristas, promovendo uma sociedade mais sustent\u00e1vel e eficiente em termos de transporte. A transpar\u00eancia nas contas p\u00fablicas, portanto, n\u00e3o \u00e9 apenas uma quest\u00e3o econ\u00f4mica, mas uma necessidade para garantir um futuro mais fluido e acess\u00edvel para todos que dependem das vias urbanas diariamente.<\/p>\n<p><strong>Fonte: Money Times<\/strong><\/p>\n","protected":false},"excerpt":{"rendered":"<p>D\u00e9ficit Prim\u00e1rio e Seus Reflexos na Mobilidade e no Cotidiano dos Motoristas Os n\u00fameros preliminares da equipe econ\u00f4mica, anunciados pelo ministro da Fazenda, Fernando Haddad, indicam que o Governo Central encerrou 2025 com um d\u00e9ficit prim\u00e1rio de cerca de 0,1% do Produto Interno Bruto (PIB). Esse resultado, embora pr\u00f3ximo da meta fiscal que prev\u00ea d\u00e9ficit &hellip;<\/p>\n","protected":false},"author":4,"featured_media":0,"comment_status":"","ping_status":"open","sticky":false,"template":"","format":"standard","meta":{"footnotes":""},"categories":[61],"tags":[],"coauthors":[42],"class_list":["post-5778","post","type-post","status-publish","format-standard","hentry","category-mercado-financeiro"],"yoast_head":"<!-- This site is optimized with the Yoast SEO Premium plugin v25.5 (Yoast SEO v27.4) - https:\/\/yoast.com\/product\/yoast-seo-premium-wordpress\/ -->\n<title>Haddad projeta d\u00e9ficit prim\u00e1rio de 0,1% do PIB para 2025 - Motorista.com.br<\/title>\n<meta name=\"robots\" content=\"index, follow, max-snippet:-1, max-image-preview:large, max-video-preview:-1\" \/>\n<link rel=\"canonical\" href=\"https:\/\/motorista.com.br\/noticias\/2026\/01\/14\/haddad-projeta-deficit-primario-de-01-do-pib-para-2025\/\" \/>\n<meta property=\"og:locale\" content=\"pt_BR\" \/>\n<meta property=\"og:type\" content=\"article\" \/>\n<meta property=\"og:title\" content=\"Haddad projeta d\u00e9ficit prim\u00e1rio de 0,1% do PIB para 2025\" \/>\n<meta property=\"og:description\" content=\"D\u00e9ficit Prim\u00e1rio e Seus Reflexos na Mobilidade e no Cotidiano dos Motoristas Os n\u00fameros preliminares da equipe econ\u00f4mica, anunciados pelo ministro da Fazenda, Fernando Haddad, indicam que o Governo Central encerrou 2025 com um d\u00e9ficit prim\u00e1rio de cerca de 0,1% do Produto Interno Bruto (PIB). Esse resultado, embora pr\u00f3ximo da meta fiscal que prev\u00ea d\u00e9ficit &hellip;\" \/>\n<meta property=\"og:url\" content=\"https:\/\/motorista.com.br\/noticias\/2026\/01\/14\/haddad-projeta-deficit-primario-de-01-do-pib-para-2025\/\" \/>\n<meta property=\"og:site_name\" content=\"Motorista.com.br\" \/>\n<meta property=\"article:published_time\" content=\"2026-01-14T07:26:47+00:00\" \/>\n<meta name=\"author\" content=\"Equipe Reda\u00e7\u00e3o\" \/>\n<meta name=\"twitter:card\" content=\"summary_large_image\" \/>\n<meta name=\"twitter:label1\" content=\"Escrito por\" \/>\n\t<meta name=\"twitter:data1\" content=\"Equipe Reda\u00e7\u00e3o\" \/>\n\t<meta name=\"twitter:label2\" content=\"Est. tempo de leitura\" \/>\n\t<meta name=\"twitter:data2\" content=\"2 minutos\" \/>\n\t<meta name=\"twitter:label3\" content=\"Written by\" \/>\n\t<meta name=\"twitter:data3\" content=\"Equipe Reda\u00e7\u00e3o\" \/>\n<script type=\"application\/ld+json\" class=\"yoast-schema-graph\">{\"@context\":\"https:\\\/\\\/schema.org\",\"@graph\":[{\"@type\":\"Article\",\"@id\":\"https:\\\/\\\/motorista.com.br\\\/noticias\\\/2026\\\/01\\\/14\\\/haddad-projeta-deficit-primario-de-01-do-pib-para-2025\\\/#article\",\"isPartOf\":{\"@id\":\"https:\\\/\\\/motorista.com.br\\\/noticias\\\/2026\\\/01\\\/14\\\/haddad-projeta-deficit-primario-de-01-do-pib-para-2025\\\/\"},\"author\":{\"name\":\"Equipe Reda\u00e7\u00e3o\",\"@id\":\"https:\\\/\\\/motorista.com.br\\\/noticias\\\/#\\\/schema\\\/person\\\/dc93afc2981c0e3ce6bc3c053fd847be\"},\"headline\":\"Haddad projeta d\u00e9ficit prim\u00e1rio de 0,1% do PIB para 2025\",\"datePublished\":\"2026-01-14T07:26:47+00:00\",\"mainEntityOfPage\":{\"@id\":\"https:\\\/\\\/motorista.com.br\\\/noticias\\\/2026\\\/01\\\/14\\\/haddad-projeta-deficit-primario-de-01-do-pib-para-2025\\\/\"},\"wordCount\":448,\"publisher\":{\"@id\":\"https:\\\/\\\/motorista.com.br\\\/noticias\\\/#organization\"},\"articleSection\":[\"Mercado Financeiro\"],\"inLanguage\":\"pt-BR\"},{\"@type\":\"WebPage\",\"@id\":\"https:\\\/\\\/motorista.com.br\\\/noticias\\\/2026\\\/01\\\/14\\\/haddad-projeta-deficit-primario-de-01-do-pib-para-2025\\\/\",\"url\":\"https:\\\/\\\/motorista.com.br\\\/noticias\\\/2026\\\/01\\\/14\\\/haddad-projeta-deficit-primario-de-01-do-pib-para-2025\\\/\",\"name\":\"Haddad projeta d\u00e9ficit prim\u00e1rio de 0,1% do PIB para 2025 - Motorista.com.br\",\"isPartOf\":{\"@id\":\"https:\\\/\\\/motorista.com.br\\\/noticias\\\/#website\"},\"datePublished\":\"2026-01-14T07:26:47+00:00\",\"breadcrumb\":{\"@id\":\"https:\\\/\\\/motorista.com.br\\\/noticias\\\/2026\\\/01\\\/14\\\/haddad-projeta-deficit-primario-de-01-do-pib-para-2025\\\/#breadcrumb\"},\"inLanguage\":\"pt-BR\",\"potentialAction\":[{\"@type\":\"ReadAction\",\"target\":[\"https:\\\/\\\/motorista.com.br\\\/noticias\\\/2026\\\/01\\\/14\\\/haddad-projeta-deficit-primario-de-01-do-pib-para-2025\\\/\"]}]},{\"@type\":\"BreadcrumbList\",\"@id\":\"https:\\\/\\\/motorista.com.br\\\/noticias\\\/2026\\\/01\\\/14\\\/haddad-projeta-deficit-primario-de-01-do-pib-para-2025\\\/#breadcrumb\",\"itemListElement\":[{\"@type\":\"ListItem\",\"position\":1,\"name\":\"In\u00edcio\",\"item\":\"https:\\\/\\\/motorista.com.br\\\/noticias\\\/\"},{\"@type\":\"ListItem\",\"position\":2,\"name\":\"Haddad projeta d\u00e9ficit prim\u00e1rio de 0,1% do PIB para 2025\"}]},{\"@type\":\"WebSite\",\"@id\":\"https:\\\/\\\/motorista.com.br\\\/noticias\\\/#website\",\"url\":\"https:\\\/\\\/motorista.com.br\\\/noticias\\\/\",\"name\":\"Motorista.com.br\",\"description\":\"Not\u00edcia do Motorista\",\"publisher\":{\"@id\":\"https:\\\/\\\/motorista.com.br\\\/noticias\\\/#organization\"},\"potentialAction\":[{\"@type\":\"SearchAction\",\"target\":{\"@type\":\"EntryPoint\",\"urlTemplate\":\"https:\\\/\\\/motorista.com.br\\\/noticias\\\/?s={search_term_string}\"},\"query-input\":{\"@type\":\"PropertyValueSpecification\",\"valueRequired\":true,\"valueName\":\"search_term_string\"}}],\"inLanguage\":\"pt-BR\"},{\"@type\":\"Organization\",\"@id\":\"https:\\\/\\\/motorista.com.br\\\/noticias\\\/#organization\",\"name\":\"Motorista.com.br\",\"url\":\"https:\\\/\\\/motorista.com.br\\\/noticias\\\/\",\"logo\":{\"@type\":\"ImageObject\",\"inLanguage\":\"pt-BR\",\"@id\":\"https:\\\/\\\/motorista.com.br\\\/noticias\\\/#\\\/schema\\\/logo\\\/image\\\/\",\"url\":\"https:\\\/\\\/motorista.com.br\\\/noticias\\\/wp-content\\\/uploads\\\/2025\\\/06\\\/Design-sem-nome-9.png\",\"contentUrl\":\"https:\\\/\\\/motorista.com.br\\\/noticias\\\/wp-content\\\/uploads\\\/2025\\\/06\\\/Design-sem-nome-9.png\",\"width\":150,\"height\":85,\"caption\":\"Motorista.com.br\"},\"image\":{\"@id\":\"https:\\\/\\\/motorista.com.br\\\/noticias\\\/#\\\/schema\\\/logo\\\/image\\\/\"}},{\"@type\":\"Person\",\"@id\":\"https:\\\/\\\/motorista.com.br\\\/noticias\\\/#\\\/schema\\\/person\\\/dc93afc2981c0e3ce6bc3c053fd847be\",\"name\":\"Equipe Reda\u00e7\u00e3o\",\"image\":{\"@type\":\"ImageObject\",\"inLanguage\":\"pt-BR\",\"@id\":\"https:\\\/\\\/secure.gravatar.com\\\/avatar\\\/4f525efbf18dd2bb300ccad28bfb99d95a9465a5ba268407c8c37b37e1f28d2d?s=96&d=mm&r=g9e099043a0c61e9ae27e293b9fa75ffc\",\"url\":\"https:\\\/\\\/secure.gravatar.com\\\/avatar\\\/4f525efbf18dd2bb300ccad28bfb99d95a9465a5ba268407c8c37b37e1f28d2d?s=96&d=mm&r=g\",\"contentUrl\":\"https:\\\/\\\/secure.gravatar.com\\\/avatar\\\/4f525efbf18dd2bb300ccad28bfb99d95a9465a5ba268407c8c37b37e1f28d2d?s=96&d=mm&r=g\",\"caption\":\"Equipe Reda\u00e7\u00e3o\"},\"description\":\"Equipe de reda\u00e7\u00e3o \u00e9 um grupo de profissionais que trabalham juntos para criar conte\u00fado escrito para Motorista.com.br\",\"url\":\"https:\\\/\\\/motorista.com.br\\\/noticias\\\/author\\\/equiperedacao\\\/\"}]}<\/script>\n<!-- \/ Yoast SEO Premium plugin. -->","yoast_head_json":{"title":"Haddad projeta d\u00e9ficit prim\u00e1rio de 0,1% do PIB para 2025 - Motorista.com.br","robots":{"index":"index","follow":"follow","max-snippet":"max-snippet:-1","max-image-preview":"max-image-preview:large","max-video-preview":"max-video-preview:-1"},"canonical":"https:\/\/motorista.com.br\/noticias\/2026\/01\/14\/haddad-projeta-deficit-primario-de-01-do-pib-para-2025\/","og_locale":"pt_BR","og_type":"article","og_title":"Haddad projeta d\u00e9ficit prim\u00e1rio de 0,1% do PIB para 2025","og_description":"D\u00e9ficit Prim\u00e1rio e Seus Reflexos na Mobilidade e no Cotidiano dos Motoristas Os n\u00fameros preliminares da equipe econ\u00f4mica, anunciados pelo ministro da Fazenda, Fernando Haddad, indicam que o Governo Central encerrou 2025 com um d\u00e9ficit prim\u00e1rio de cerca de 0,1% do Produto Interno Bruto (PIB). Esse resultado, embora pr\u00f3ximo da meta fiscal que prev\u00ea d\u00e9ficit &hellip;","og_url":"https:\/\/motorista.com.br\/noticias\/2026\/01\/14\/haddad-projeta-deficit-primario-de-01-do-pib-para-2025\/","og_site_name":"Motorista.com.br","article_published_time":"2026-01-14T07:26:47+00:00","author":"Equipe Reda\u00e7\u00e3o","twitter_card":"summary_large_image","twitter_misc":{"Escrito por":"Equipe Reda\u00e7\u00e3o","Est. tempo de leitura":"2 minutos","Written by":"Equipe Reda\u00e7\u00e3o"},"schema":{"@context":"https:\/\/schema.org","@graph":[{"@type":"Article","@id":"https:\/\/motorista.com.br\/noticias\/2026\/01\/14\/haddad-projeta-deficit-primario-de-01-do-pib-para-2025\/#article","isPartOf":{"@id":"https:\/\/motorista.com.br\/noticias\/2026\/01\/14\/haddad-projeta-deficit-primario-de-01-do-pib-para-2025\/"},"author":{"name":"Equipe Reda\u00e7\u00e3o","@id":"https:\/\/motorista.com.br\/noticias\/#\/schema\/person\/dc93afc2981c0e3ce6bc3c053fd847be"},"headline":"Haddad projeta d\u00e9ficit prim\u00e1rio de 0,1% do PIB para 2025","datePublished":"2026-01-14T07:26:47+00:00","mainEntityOfPage":{"@id":"https:\/\/motorista.com.br\/noticias\/2026\/01\/14\/haddad-projeta-deficit-primario-de-01-do-pib-para-2025\/"},"wordCount":448,"publisher":{"@id":"https:\/\/motorista.com.br\/noticias\/#organization"},"articleSection":["Mercado Financeiro"],"inLanguage":"pt-BR"},{"@type":"WebPage","@id":"https:\/\/motorista.com.br\/noticias\/2026\/01\/14\/haddad-projeta-deficit-primario-de-01-do-pib-para-2025\/","url":"https:\/\/motorista.com.br\/noticias\/2026\/01\/14\/haddad-projeta-deficit-primario-de-01-do-pib-para-2025\/","name":"Haddad projeta d\u00e9ficit prim\u00e1rio de 0,1% do PIB para 2025 - Motorista.com.br","isPartOf":{"@id":"https:\/\/motorista.com.br\/noticias\/#website"},"datePublished":"2026-01-14T07:26:47+00:00","breadcrumb":{"@id":"https:\/\/motorista.com.br\/noticias\/2026\/01\/14\/haddad-projeta-deficit-primario-de-01-do-pib-para-2025\/#breadcrumb"},"inLanguage":"pt-BR","potentialAction":[{"@type":"ReadAction","target":["https:\/\/motorista.com.br\/noticias\/2026\/01\/14\/haddad-projeta-deficit-primario-de-01-do-pib-para-2025\/"]}]},{"@type":"BreadcrumbList","@id":"https:\/\/motorista.com.br\/noticias\/2026\/01\/14\/haddad-projeta-deficit-primario-de-01-do-pib-para-2025\/#breadcrumb","itemListElement":[{"@type":"ListItem","position":1,"name":"In\u00edcio","item":"https:\/\/motorista.com.br\/noticias\/"},{"@type":"ListItem","position":2,"name":"Haddad projeta d\u00e9ficit prim\u00e1rio de 0,1% do PIB para 2025"}]},{"@type":"WebSite","@id":"https:\/\/motorista.com.br\/noticias\/#website","url":"https:\/\/motorista.com.br\/noticias\/","name":"Motorista.com.br","description":"Not\u00edcia do Motorista","publisher":{"@id":"https:\/\/motorista.com.br\/noticias\/#organization"},"potentialAction":[{"@type":"SearchAction","target":{"@type":"EntryPoint","urlTemplate":"https:\/\/motorista.com.br\/noticias\/?s={search_term_string}"},"query-input":{"@type":"PropertyValueSpecification","valueRequired":true,"valueName":"search_term_string"}}],"inLanguage":"pt-BR"},{"@type":"Organization","@id":"https:\/\/motorista.com.br\/noticias\/#organization","name":"Motorista.com.br","url":"https:\/\/motorista.com.br\/noticias\/","logo":{"@type":"ImageObject","inLanguage":"pt-BR","@id":"https:\/\/motorista.com.br\/noticias\/#\/schema\/logo\/image\/","url":"https:\/\/motorista.com.br\/noticias\/wp-content\/uploads\/2025\/06\/Design-sem-nome-9.png","contentUrl":"https:\/\/motorista.com.br\/noticias\/wp-content\/uploads\/2025\/06\/Design-sem-nome-9.png","width":150,"height":85,"caption":"Motorista.com.br"},"image":{"@id":"https:\/\/motorista.com.br\/noticias\/#\/schema\/logo\/image\/"}},{"@type":"Person","@id":"https:\/\/motorista.com.br\/noticias\/#\/schema\/person\/dc93afc2981c0e3ce6bc3c053fd847be","name":"Equipe Reda\u00e7\u00e3o","image":{"@type":"ImageObject","inLanguage":"pt-BR","@id":"https:\/\/secure.gravatar.com\/avatar\/4f525efbf18dd2bb300ccad28bfb99d95a9465a5ba268407c8c37b37e1f28d2d?s=96&d=mm&r=g9e099043a0c61e9ae27e293b9fa75ffc","url":"https:\/\/secure.gravatar.com\/avatar\/4f525efbf18dd2bb300ccad28bfb99d95a9465a5ba268407c8c37b37e1f28d2d?s=96&d=mm&r=g","contentUrl":"https:\/\/secure.gravatar.com\/avatar\/4f525efbf18dd2bb300ccad28bfb99d95a9465a5ba268407c8c37b37e1f28d2d?s=96&d=mm&r=g","caption":"Equipe Reda\u00e7\u00e3o"},"description":"Equipe de reda\u00e7\u00e3o \u00e9 um grupo de profissionais que trabalham juntos para criar conte\u00fado escrito para Motorista.com.br","url":"https:\/\/motorista.com.br\/noticias\/author\/equiperedacao\/"}]}},"_links":{"self":[{"href":"https:\/\/motorista.com.br\/noticias\/wp-json\/wp\/v2\/posts\/5778","targetHints":{"allow":["GET"]}}],"collection":[{"href":"https:\/\/motorista.com.br\/noticias\/wp-json\/wp\/v2\/posts"}],"about":[{"href":"https:\/\/motorista.com.br\/noticias\/wp-json\/wp\/v2\/types\/post"}],"author":[{"embeddable":true,"href":"https:\/\/motorista.com.br\/noticias\/wp-json\/wp\/v2\/users\/4"}],"replies":[{"embeddable":true,"href":"https:\/\/motorista.com.br\/noticias\/wp-json\/wp\/v2\/comments?post=5778"}],"version-history":[{"count":0,"href":"https:\/\/motorista.com.br\/noticias\/wp-json\/wp\/v2\/posts\/5778\/revisions"}],"wp:attachment":[{"href":"https:\/\/motorista.com.br\/noticias\/wp-json\/wp\/v2\/media?parent=5778"}],"wp:term":[{"taxonomy":"category","embeddable":true,"href":"https:\/\/motorista.com.br\/noticias\/wp-json\/wp\/v2\/categories?post=5778"},{"taxonomy":"post_tag","embeddable":true,"href":"https:\/\/motorista.com.br\/noticias\/wp-json\/wp\/v2\/tags?post=5778"},{"taxonomy":"author","embeddable":true,"href":"https:\/\/motorista.com.br\/noticias\/wp-json\/wp\/v2\/coauthors?post=5778"}],"curies":[{"name":"wp","href":"https:\/\/api.w.org\/{rel}","templated":true}]}}