{"id":5761,"date":"2026-01-13T06:57:43","date_gmt":"2026-01-13T09:57:43","guid":{"rendered":"https:\/\/motorista.com.br\/noticias\/2026\/01\/13\/grupo-erea-apresenta-leandro-bassoi-como-novo-ceo-e-avanca-na-expansao-logistica\/"},"modified":"2026-01-13T06:57:43","modified_gmt":"2026-01-13T09:57:43","slug":"grupo-erea-apresenta-leandro-bassoi-como-novo-ceo-e-avanca-na-expansao-logistica","status":"publish","type":"post","link":"https:\/\/motorista.com.br\/noticias\/2026\/01\/13\/grupo-erea-apresenta-leandro-bassoi-como-novo-ceo-e-avanca-na-expansao-logistica\/","title":{"rendered":"Grupo EREA apresenta Leandro Bassoi como novo CEO e avan\u00e7a na expans\u00e3o log\u00edstica."},"content":{"rendered":"<p><\/p>\n<h3>Grupo EREA Anuncia Leandro Bassoi como Novo CEO e Acelera Expans\u00e3o no Real Estate Log\u00edstico<\/h3>\n<p>O <strong>Grupo EREA<\/strong>, atuante no segmento de <strong>real estate log\u00edstico e industrial<\/strong>, trouxe Leandro Bassoi para a lideran\u00e7a como novo CEO. Esta nomea\u00e7\u00e3o se alinha com a estrat\u00e9gia da empresa, que visa atender \u00e0 crescente demanda por galp\u00f5es log\u00edsticos e compreender melhor as din\u00e2micas operacionais atuais. Bassoi ser\u00e1 respons\u00e1vel por um portf\u00f3lio que abrange desde a concep\u00e7\u00e3o de empreendimentos at\u00e9 a gest\u00e3o patrimonial, desenvolvendo consultorias e projetos personalizados.<\/p>\n<p>A chegada de Bassoi sinaliza o in\u00edcio de uma nova fase de crescimento para o Grupo, focada em especializa\u00e7\u00e3o e uso intensivo de dados e tecnologia. Com uma trajet\u00f3ria que inclui altos cargos no Mercado Livre e MadeiraMadeira, Bassoi traz consigo uma vis\u00e3o ampla sobre a evolu\u00e7\u00e3o do setor log\u00edstico, o que pode influenciar positivamente a mobilidade e a efici\u00eancia na distribui\u00e7\u00e3o de produtos. Sua experi\u00eancia ser\u00e1 fundamental para aprimorar a integra\u00e7\u00e3o entre log\u00edstica e real estate, promovendo uma estrutura mais robusta e \u00e1gil.<\/p>\n<p>An\u00e1lises internas do Grupo EREA indicam um mercado aquecido, com a taxa de vac\u00e2ncia nacional em torno de 8% \u2014 um n\u00edvel historicamente baixo. Esse cen\u00e1rio economicamente favor\u00e1vel se traduz em novas oportunidades para motoristas e operadores log\u00edsticos, que podem se beneficiar de um fluxo cont\u00ednuo de cargas e maior movimenta\u00e7\u00e3o na rede de transporte, resultando em um impacto positivo na mobilidade urbana.<\/p>\n<p>O fortalecimento da governan\u00e7a e a amplia\u00e7\u00e3o da capacidade de investimento tamb\u00e9m s\u00e3o pe\u00e7as-chave na estrat\u00e9gia do grupo, que se compromete a acelerar inova\u00e7\u00f5es tecnol\u00f3gicas. Isso poder\u00e1 resultar em melhorias significativas na log\u00edstica urbana, tornando o transporte de mercadorias mais eficiente e reduzindo os congestionamentos, beneficiando diretamente motoristas. A implementa\u00e7\u00e3o de modelos como BTS (Build-To-Suit) e pr\u00e9-loca\u00e7\u00f5es contribui para uma adapta\u00e7\u00e3o mais r\u00e1pida \u00e0s demandas do mercado.<\/p>\n<p>A expans\u00e3o geogr\u00e1fica, com 52% do novo estoque fora do estado de S\u00e3o Paulo, destaca a necessidade de uma maior integra\u00e7\u00e3o entre log\u00edstica e infraestrutura de transporte. Isso pode gerar novas rotas e alternativas para motoristas, facilitando o tr\u00e2nsito e aumentando as oportunidades de neg\u00f3cios.<\/p>\n<p>Nos pr\u00f3ximos dois anos, a agenda estrat\u00e9gica do Grupo EREA inclui n\u00e3o apenas a expans\u00e3o nacional, mas tamb\u00e9m o in\u00edcio de sua internacionaliza\u00e7\u00e3o na Am\u00e9rica Latina. As mudan\u00e7as na percep\u00e7\u00e3o de galp\u00f5es log\u00edsticos, que agora s\u00e3o considerados ativos estrat\u00e9gicos, revelam como a log\u00edstica passou a ser um diferencial competitivo. Essa transforma\u00e7\u00e3o exige que o real estate acompanhe as complexidades das opera\u00e7\u00f5es modernas, o que, por consequ\u00eancia, impacta a mobilidade de forma ampla.<\/p>\n<p>A expertise cont\u00ednua da fundadora Clarisse Etcheverry, agora como respons\u00e1vel por Projetos Especiais, refor\u00e7a o papel do grupo em entender as demandas log\u00edsticas e em liderar a evolu\u00e7\u00e3o do setor. Com adi\u00e7\u00f5es ao time, como Flavio Martins Ferreira, a base financeira e de governan\u00e7a se fortalecer\u00e1, preparando o terreno para um futuro onde a combina\u00e7\u00e3o de tecnologia e infraestrutura log\u00edstica poder\u00e1 melhorar ainda mais a efici\u00eancia do transporte e a fluidez da mobilidade.<\/p>\n<p><strong>Fonte: logweb<\/strong><\/p>\n","protected":false},"excerpt":{"rendered":"<p>Grupo EREA Anuncia Leandro Bassoi como Novo CEO e Acelera Expans\u00e3o no Real Estate Log\u00edstico O Grupo EREA, atuante no segmento de real estate log\u00edstico e industrial, trouxe Leandro Bassoi para a lideran\u00e7a como novo CEO. Esta nomea\u00e7\u00e3o se alinha com a estrat\u00e9gia da empresa, que visa atender \u00e0 crescente demanda por galp\u00f5es log\u00edsticos e &hellip;<\/p>\n","protected":false},"author":4,"featured_media":5762,"comment_status":"","ping_status":"open","sticky":false,"template":"","format":"standard","meta":{"footnotes":""},"categories":[62],"tags":[],"coauthors":[42],"class_list":["post-5761","post","type-post","status-publish","format-standard","has-post-thumbnail","hentry","category-logistica"],"yoast_head":"<!-- This site is optimized with the Yoast SEO Premium plugin v25.5 (Yoast SEO v27.4) - https:\/\/yoast.com\/product\/yoast-seo-premium-wordpress\/ -->\n<title>Grupo EREA apresenta Leandro Bassoi como novo CEO e avan\u00e7a na expans\u00e3o log\u00edstica. - Motorista.com.br<\/title>\n<meta name=\"robots\" content=\"index, follow, max-snippet:-1, max-image-preview:large, max-video-preview:-1\" \/>\n<link rel=\"canonical\" href=\"https:\/\/motorista.com.br\/noticias\/2026\/01\/13\/grupo-erea-apresenta-leandro-bassoi-como-novo-ceo-e-avanca-na-expansao-logistica\/\" \/>\n<meta property=\"og:locale\" content=\"pt_BR\" \/>\n<meta property=\"og:type\" content=\"article\" \/>\n<meta property=\"og:title\" content=\"Grupo EREA apresenta Leandro Bassoi como novo CEO e avan\u00e7a na expans\u00e3o log\u00edstica.\" \/>\n<meta property=\"og:description\" content=\"Grupo EREA Anuncia Leandro Bassoi como Novo CEO e Acelera Expans\u00e3o no Real Estate Log\u00edstico O Grupo EREA, atuante no segmento de real estate log\u00edstico e industrial, trouxe Leandro Bassoi para a lideran\u00e7a como novo CEO. Esta nomea\u00e7\u00e3o se alinha com a estrat\u00e9gia da empresa, que visa atender \u00e0 crescente demanda por galp\u00f5es log\u00edsticos e &hellip;\" \/>\n<meta property=\"og:url\" content=\"https:\/\/motorista.com.br\/noticias\/2026\/01\/13\/grupo-erea-apresenta-leandro-bassoi-como-novo-ceo-e-avanca-na-expansao-logistica\/\" \/>\n<meta property=\"og:site_name\" content=\"Motorista.com.br\" \/>\n<meta property=\"article:published_time\" content=\"2026-01-13T09:57:43+00:00\" \/>\n<meta name=\"author\" content=\"Equipe Reda\u00e7\u00e3o\" \/>\n<meta name=\"twitter:card\" content=\"summary_large_image\" \/>\n<meta name=\"twitter:label1\" content=\"Escrito por\" \/>\n\t<meta name=\"twitter:data1\" content=\"Equipe Reda\u00e7\u00e3o\" \/>\n\t<meta name=\"twitter:label2\" content=\"Est. tempo de leitura\" \/>\n\t<meta name=\"twitter:data2\" content=\"3 minutos\" \/>\n\t<meta name=\"twitter:label3\" content=\"Written by\" \/>\n\t<meta name=\"twitter:data3\" content=\"Equipe Reda\u00e7\u00e3o\" \/>\n<script type=\"application\/ld+json\" class=\"yoast-schema-graph\">{\"@context\":\"https:\\\/\\\/schema.org\",\"@graph\":[{\"@type\":\"Article\",\"@id\":\"https:\\\/\\\/motorista.com.br\\\/noticias\\\/2026\\\/01\\\/13\\\/grupo-erea-apresenta-leandro-bassoi-como-novo-ceo-e-avanca-na-expansao-logistica\\\/#article\",\"isPartOf\":{\"@id\":\"https:\\\/\\\/motorista.com.br\\\/noticias\\\/2026\\\/01\\\/13\\\/grupo-erea-apresenta-leandro-bassoi-como-novo-ceo-e-avanca-na-expansao-logistica\\\/\"},\"author\":{\"name\":\"Equipe Reda\u00e7\u00e3o\",\"@id\":\"https:\\\/\\\/motorista.com.br\\\/noticias\\\/#\\\/schema\\\/person\\\/dc93afc2981c0e3ce6bc3c053fd847be\"},\"headline\":\"Grupo EREA apresenta Leandro Bassoi como novo CEO e avan\u00e7a na expans\u00e3o log\u00edstica.\",\"datePublished\":\"2026-01-13T09:57:43+00:00\",\"mainEntityOfPage\":{\"@id\":\"https:\\\/\\\/motorista.com.br\\\/noticias\\\/2026\\\/01\\\/13\\\/grupo-erea-apresenta-leandro-bassoi-como-novo-ceo-e-avanca-na-expansao-logistica\\\/\"},\"wordCount\":582,\"publisher\":{\"@id\":\"https:\\\/\\\/motorista.com.br\\\/noticias\\\/#organization\"},\"image\":{\"@id\":\"https:\\\/\\\/motorista.com.br\\\/noticias\\\/2026\\\/01\\\/13\\\/grupo-erea-apresenta-leandro-bassoi-como-novo-ceo-e-avanca-na-expansao-logistica\\\/#primaryimage\"},\"thumbnailUrl\":\"https:\\\/\\\/motorista.com.br\\\/noticias\\\/wp-content\\\/uploads\\\/2026\\\/01\\\/EREA.jpg\",\"articleSection\":[\"Log\u00edstica\"],\"inLanguage\":\"pt-BR\"},{\"@type\":\"WebPage\",\"@id\":\"https:\\\/\\\/motorista.com.br\\\/noticias\\\/2026\\\/01\\\/13\\\/grupo-erea-apresenta-leandro-bassoi-como-novo-ceo-e-avanca-na-expansao-logistica\\\/\",\"url\":\"https:\\\/\\\/motorista.com.br\\\/noticias\\\/2026\\\/01\\\/13\\\/grupo-erea-apresenta-leandro-bassoi-como-novo-ceo-e-avanca-na-expansao-logistica\\\/\",\"name\":\"Grupo EREA apresenta Leandro Bassoi como novo CEO e avan\u00e7a na expans\u00e3o log\u00edstica. - Motorista.com.br\",\"isPartOf\":{\"@id\":\"https:\\\/\\\/motorista.com.br\\\/noticias\\\/#website\"},\"primaryImageOfPage\":{\"@id\":\"https:\\\/\\\/motorista.com.br\\\/noticias\\\/2026\\\/01\\\/13\\\/grupo-erea-apresenta-leandro-bassoi-como-novo-ceo-e-avanca-na-expansao-logistica\\\/#primaryimage\"},\"image\":{\"@id\":\"https:\\\/\\\/motorista.com.br\\\/noticias\\\/2026\\\/01\\\/13\\\/grupo-erea-apresenta-leandro-bassoi-como-novo-ceo-e-avanca-na-expansao-logistica\\\/#primaryimage\"},\"thumbnailUrl\":\"https:\\\/\\\/motorista.com.br\\\/noticias\\\/wp-content\\\/uploads\\\/2026\\\/01\\\/EREA.jpg\",\"datePublished\":\"2026-01-13T09:57:43+00:00\",\"breadcrumb\":{\"@id\":\"https:\\\/\\\/motorista.com.br\\\/noticias\\\/2026\\\/01\\\/13\\\/grupo-erea-apresenta-leandro-bassoi-como-novo-ceo-e-avanca-na-expansao-logistica\\\/#breadcrumb\"},\"inLanguage\":\"pt-BR\",\"potentialAction\":[{\"@type\":\"ReadAction\",\"target\":[\"https:\\\/\\\/motorista.com.br\\\/noticias\\\/2026\\\/01\\\/13\\\/grupo-erea-apresenta-leandro-bassoi-como-novo-ceo-e-avanca-na-expansao-logistica\\\/\"]}]},{\"@type\":\"ImageObject\",\"inLanguage\":\"pt-BR\",\"@id\":\"https:\\\/\\\/motorista.com.br\\\/noticias\\\/2026\\\/01\\\/13\\\/grupo-erea-apresenta-leandro-bassoi-como-novo-ceo-e-avanca-na-expansao-logistica\\\/#primaryimage\",\"url\":\"https:\\\/\\\/motorista.com.br\\\/noticias\\\/wp-content\\\/uploads\\\/2026\\\/01\\\/EREA.jpg\",\"contentUrl\":\"https:\\\/\\\/motorista.com.br\\\/noticias\\\/wp-content\\\/uploads\\\/2026\\\/01\\\/EREA.jpg\",\"width\":800,\"height\":420},{\"@type\":\"BreadcrumbList\",\"@id\":\"https:\\\/\\\/motorista.com.br\\\/noticias\\\/2026\\\/01\\\/13\\\/grupo-erea-apresenta-leandro-bassoi-como-novo-ceo-e-avanca-na-expansao-logistica\\\/#breadcrumb\",\"itemListElement\":[{\"@type\":\"ListItem\",\"position\":1,\"name\":\"In\u00edcio\",\"item\":\"https:\\\/\\\/motorista.com.br\\\/noticias\\\/\"},{\"@type\":\"ListItem\",\"position\":2,\"name\":\"Grupo EREA apresenta Leandro Bassoi como novo CEO e avan\u00e7a na expans\u00e3o log\u00edstica.\"}]},{\"@type\":\"WebSite\",\"@id\":\"https:\\\/\\\/motorista.com.br\\\/noticias\\\/#website\",\"url\":\"https:\\\/\\\/motorista.com.br\\\/noticias\\\/\",\"name\":\"Motorista.com.br\",\"description\":\"Not\u00edcia do Motorista\",\"publisher\":{\"@id\":\"https:\\\/\\\/motorista.com.br\\\/noticias\\\/#organization\"},\"potentialAction\":[{\"@type\":\"SearchAction\",\"target\":{\"@type\":\"EntryPoint\",\"urlTemplate\":\"https:\\\/\\\/motorista.com.br\\\/noticias\\\/?s={search_term_string}\"},\"query-input\":{\"@type\":\"PropertyValueSpecification\",\"valueRequired\":true,\"valueName\":\"search_term_string\"}}],\"inLanguage\":\"pt-BR\"},{\"@type\":\"Organization\",\"@id\":\"https:\\\/\\\/motorista.com.br\\\/noticias\\\/#organization\",\"name\":\"Motorista.com.br\",\"url\":\"https:\\\/\\\/motorista.com.br\\\/noticias\\\/\",\"logo\":{\"@type\":\"ImageObject\",\"inLanguage\":\"pt-BR\",\"@id\":\"https:\\\/\\\/motorista.com.br\\\/noticias\\\/#\\\/schema\\\/logo\\\/image\\\/\",\"url\":\"https:\\\/\\\/motorista.com.br\\\/noticias\\\/wp-content\\\/uploads\\\/2025\\\/06\\\/Design-sem-nome-9.png\",\"contentUrl\":\"https:\\\/\\\/motorista.com.br\\\/noticias\\\/wp-content\\\/uploads\\\/2025\\\/06\\\/Design-sem-nome-9.png\",\"width\":150,\"height\":85,\"caption\":\"Motorista.com.br\"},\"image\":{\"@id\":\"https:\\\/\\\/motorista.com.br\\\/noticias\\\/#\\\/schema\\\/logo\\\/image\\\/\"}},{\"@type\":\"Person\",\"@id\":\"https:\\\/\\\/motorista.com.br\\\/noticias\\\/#\\\/schema\\\/person\\\/dc93afc2981c0e3ce6bc3c053fd847be\",\"name\":\"Equipe Reda\u00e7\u00e3o\",\"image\":{\"@type\":\"ImageObject\",\"inLanguage\":\"pt-BR\",\"@id\":\"https:\\\/\\\/secure.gravatar.com\\\/avatar\\\/4f525efbf18dd2bb300ccad28bfb99d95a9465a5ba268407c8c37b37e1f28d2d?s=96&d=mm&r=g9e099043a0c61e9ae27e293b9fa75ffc\",\"url\":\"https:\\\/\\\/secure.gravatar.com\\\/avatar\\\/4f525efbf18dd2bb300ccad28bfb99d95a9465a5ba268407c8c37b37e1f28d2d?s=96&d=mm&r=g\",\"contentUrl\":\"https:\\\/\\\/secure.gravatar.com\\\/avatar\\\/4f525efbf18dd2bb300ccad28bfb99d95a9465a5ba268407c8c37b37e1f28d2d?s=96&d=mm&r=g\",\"caption\":\"Equipe Reda\u00e7\u00e3o\"},\"description\":\"Equipe de reda\u00e7\u00e3o \u00e9 um grupo de profissionais que trabalham juntos para criar conte\u00fado escrito para Motorista.com.br\",\"url\":\"https:\\\/\\\/motorista.com.br\\\/noticias\\\/author\\\/equiperedacao\\\/\"}]}<\/script>\n<!-- \/ Yoast SEO Premium plugin. -->","yoast_head_json":{"title":"Grupo EREA apresenta Leandro Bassoi como novo CEO e avan\u00e7a na expans\u00e3o log\u00edstica. - Motorista.com.br","robots":{"index":"index","follow":"follow","max-snippet":"max-snippet:-1","max-image-preview":"max-image-preview:large","max-video-preview":"max-video-preview:-1"},"canonical":"https:\/\/motorista.com.br\/noticias\/2026\/01\/13\/grupo-erea-apresenta-leandro-bassoi-como-novo-ceo-e-avanca-na-expansao-logistica\/","og_locale":"pt_BR","og_type":"article","og_title":"Grupo EREA apresenta Leandro Bassoi como novo CEO e avan\u00e7a na expans\u00e3o log\u00edstica.","og_description":"Grupo EREA Anuncia Leandro Bassoi como Novo CEO e Acelera Expans\u00e3o no Real Estate Log\u00edstico O Grupo EREA, atuante no segmento de real estate log\u00edstico e industrial, trouxe Leandro Bassoi para a lideran\u00e7a como novo CEO. Esta nomea\u00e7\u00e3o se alinha com a estrat\u00e9gia da empresa, que visa atender \u00e0 crescente demanda por galp\u00f5es log\u00edsticos e &hellip;","og_url":"https:\/\/motorista.com.br\/noticias\/2026\/01\/13\/grupo-erea-apresenta-leandro-bassoi-como-novo-ceo-e-avanca-na-expansao-logistica\/","og_site_name":"Motorista.com.br","article_published_time":"2026-01-13T09:57:43+00:00","author":"Equipe Reda\u00e7\u00e3o","twitter_card":"summary_large_image","twitter_misc":{"Escrito por":"Equipe Reda\u00e7\u00e3o","Est. tempo de leitura":"3 minutos","Written by":"Equipe Reda\u00e7\u00e3o"},"schema":{"@context":"https:\/\/schema.org","@graph":[{"@type":"Article","@id":"https:\/\/motorista.com.br\/noticias\/2026\/01\/13\/grupo-erea-apresenta-leandro-bassoi-como-novo-ceo-e-avanca-na-expansao-logistica\/#article","isPartOf":{"@id":"https:\/\/motorista.com.br\/noticias\/2026\/01\/13\/grupo-erea-apresenta-leandro-bassoi-como-novo-ceo-e-avanca-na-expansao-logistica\/"},"author":{"name":"Equipe Reda\u00e7\u00e3o","@id":"https:\/\/motorista.com.br\/noticias\/#\/schema\/person\/dc93afc2981c0e3ce6bc3c053fd847be"},"headline":"Grupo EREA apresenta Leandro Bassoi como novo CEO e avan\u00e7a na expans\u00e3o log\u00edstica.","datePublished":"2026-01-13T09:57:43+00:00","mainEntityOfPage":{"@id":"https:\/\/motorista.com.br\/noticias\/2026\/01\/13\/grupo-erea-apresenta-leandro-bassoi-como-novo-ceo-e-avanca-na-expansao-logistica\/"},"wordCount":582,"publisher":{"@id":"https:\/\/motorista.com.br\/noticias\/#organization"},"image":{"@id":"https:\/\/motorista.com.br\/noticias\/2026\/01\/13\/grupo-erea-apresenta-leandro-bassoi-como-novo-ceo-e-avanca-na-expansao-logistica\/#primaryimage"},"thumbnailUrl":"https:\/\/motorista.com.br\/noticias\/wp-content\/uploads\/2026\/01\/EREA.jpg","articleSection":["Log\u00edstica"],"inLanguage":"pt-BR"},{"@type":"WebPage","@id":"https:\/\/motorista.com.br\/noticias\/2026\/01\/13\/grupo-erea-apresenta-leandro-bassoi-como-novo-ceo-e-avanca-na-expansao-logistica\/","url":"https:\/\/motorista.com.br\/noticias\/2026\/01\/13\/grupo-erea-apresenta-leandro-bassoi-como-novo-ceo-e-avanca-na-expansao-logistica\/","name":"Grupo EREA apresenta Leandro Bassoi como novo CEO e avan\u00e7a na expans\u00e3o log\u00edstica. - Motorista.com.br","isPartOf":{"@id":"https:\/\/motorista.com.br\/noticias\/#website"},"primaryImageOfPage":{"@id":"https:\/\/motorista.com.br\/noticias\/2026\/01\/13\/grupo-erea-apresenta-leandro-bassoi-como-novo-ceo-e-avanca-na-expansao-logistica\/#primaryimage"},"image":{"@id":"https:\/\/motorista.com.br\/noticias\/2026\/01\/13\/grupo-erea-apresenta-leandro-bassoi-como-novo-ceo-e-avanca-na-expansao-logistica\/#primaryimage"},"thumbnailUrl":"https:\/\/motorista.com.br\/noticias\/wp-content\/uploads\/2026\/01\/EREA.jpg","datePublished":"2026-01-13T09:57:43+00:00","breadcrumb":{"@id":"https:\/\/motorista.com.br\/noticias\/2026\/01\/13\/grupo-erea-apresenta-leandro-bassoi-como-novo-ceo-e-avanca-na-expansao-logistica\/#breadcrumb"},"inLanguage":"pt-BR","potentialAction":[{"@type":"ReadAction","target":["https:\/\/motorista.com.br\/noticias\/2026\/01\/13\/grupo-erea-apresenta-leandro-bassoi-como-novo-ceo-e-avanca-na-expansao-logistica\/"]}]},{"@type":"ImageObject","inLanguage":"pt-BR","@id":"https:\/\/motorista.com.br\/noticias\/2026\/01\/13\/grupo-erea-apresenta-leandro-bassoi-como-novo-ceo-e-avanca-na-expansao-logistica\/#primaryimage","url":"https:\/\/motorista.com.br\/noticias\/wp-content\/uploads\/2026\/01\/EREA.jpg","contentUrl":"https:\/\/motorista.com.br\/noticias\/wp-content\/uploads\/2026\/01\/EREA.jpg","width":800,"height":420},{"@type":"BreadcrumbList","@id":"https:\/\/motorista.com.br\/noticias\/2026\/01\/13\/grupo-erea-apresenta-leandro-bassoi-como-novo-ceo-e-avanca-na-expansao-logistica\/#breadcrumb","itemListElement":[{"@type":"ListItem","position":1,"name":"In\u00edcio","item":"https:\/\/motorista.com.br\/noticias\/"},{"@type":"ListItem","position":2,"name":"Grupo EREA apresenta Leandro Bassoi como novo CEO e avan\u00e7a na expans\u00e3o log\u00edstica."}]},{"@type":"WebSite","@id":"https:\/\/motorista.com.br\/noticias\/#website","url":"https:\/\/motorista.com.br\/noticias\/","name":"Motorista.com.br","description":"Not\u00edcia do Motorista","publisher":{"@id":"https:\/\/motorista.com.br\/noticias\/#organization"},"potentialAction":[{"@type":"SearchAction","target":{"@type":"EntryPoint","urlTemplate":"https:\/\/motorista.com.br\/noticias\/?s={search_term_string}"},"query-input":{"@type":"PropertyValueSpecification","valueRequired":true,"valueName":"search_term_string"}}],"inLanguage":"pt-BR"},{"@type":"Organization","@id":"https:\/\/motorista.com.br\/noticias\/#organization","name":"Motorista.com.br","url":"https:\/\/motorista.com.br\/noticias\/","logo":{"@type":"ImageObject","inLanguage":"pt-BR","@id":"https:\/\/motorista.com.br\/noticias\/#\/schema\/logo\/image\/","url":"https:\/\/motorista.com.br\/noticias\/wp-content\/uploads\/2025\/06\/Design-sem-nome-9.png","contentUrl":"https:\/\/motorista.com.br\/noticias\/wp-content\/uploads\/2025\/06\/Design-sem-nome-9.png","width":150,"height":85,"caption":"Motorista.com.br"},"image":{"@id":"https:\/\/motorista.com.br\/noticias\/#\/schema\/logo\/image\/"}},{"@type":"Person","@id":"https:\/\/motorista.com.br\/noticias\/#\/schema\/person\/dc93afc2981c0e3ce6bc3c053fd847be","name":"Equipe Reda\u00e7\u00e3o","image":{"@type":"ImageObject","inLanguage":"pt-BR","@id":"https:\/\/secure.gravatar.com\/avatar\/4f525efbf18dd2bb300ccad28bfb99d95a9465a5ba268407c8c37b37e1f28d2d?s=96&d=mm&r=g9e099043a0c61e9ae27e293b9fa75ffc","url":"https:\/\/secure.gravatar.com\/avatar\/4f525efbf18dd2bb300ccad28bfb99d95a9465a5ba268407c8c37b37e1f28d2d?s=96&d=mm&r=g","contentUrl":"https:\/\/secure.gravatar.com\/avatar\/4f525efbf18dd2bb300ccad28bfb99d95a9465a5ba268407c8c37b37e1f28d2d?s=96&d=mm&r=g","caption":"Equipe Reda\u00e7\u00e3o"},"description":"Equipe de reda\u00e7\u00e3o \u00e9 um grupo de profissionais que trabalham juntos para criar conte\u00fado escrito para Motorista.com.br","url":"https:\/\/motorista.com.br\/noticias\/author\/equiperedacao\/"}]}},"_links":{"self":[{"href":"https:\/\/motorista.com.br\/noticias\/wp-json\/wp\/v2\/posts\/5761","targetHints":{"allow":["GET"]}}],"collection":[{"href":"https:\/\/motorista.com.br\/noticias\/wp-json\/wp\/v2\/posts"}],"about":[{"href":"https:\/\/motorista.com.br\/noticias\/wp-json\/wp\/v2\/types\/post"}],"author":[{"embeddable":true,"href":"https:\/\/motorista.com.br\/noticias\/wp-json\/wp\/v2\/users\/4"}],"replies":[{"embeddable":true,"href":"https:\/\/motorista.com.br\/noticias\/wp-json\/wp\/v2\/comments?post=5761"}],"version-history":[{"count":0,"href":"https:\/\/motorista.com.br\/noticias\/wp-json\/wp\/v2\/posts\/5761\/revisions"}],"wp:featuredmedia":[{"embeddable":true,"href":"https:\/\/motorista.com.br\/noticias\/wp-json\/wp\/v2\/media\/5762"}],"wp:attachment":[{"href":"https:\/\/motorista.com.br\/noticias\/wp-json\/wp\/v2\/media?parent=5761"}],"wp:term":[{"taxonomy":"category","embeddable":true,"href":"https:\/\/motorista.com.br\/noticias\/wp-json\/wp\/v2\/categories?post=5761"},{"taxonomy":"post_tag","embeddable":true,"href":"https:\/\/motorista.com.br\/noticias\/wp-json\/wp\/v2\/tags?post=5761"},{"taxonomy":"author","embeddable":true,"href":"https:\/\/motorista.com.br\/noticias\/wp-json\/wp\/v2\/coauthors?post=5761"}],"curies":[{"name":"wp","href":"https:\/\/api.w.org\/{rel}","templated":true}]}}