{"id":5693,"date":"2026-01-10T11:42:17","date_gmt":"2026-01-10T14:42:17","guid":{"rendered":"https:\/\/motorista.com.br\/noticias\/2026\/01\/10\/99-e-br22-oferecem-veiculos-eletricos-para-motoristas-em-brasilia\/"},"modified":"2026-01-10T11:42:17","modified_gmt":"2026-01-10T14:42:17","slug":"99-e-br22-oferecem-veiculos-eletricos-para-motoristas-em-brasilia","status":"publish","type":"post","link":"https:\/\/motorista.com.br\/noticias\/2026\/01\/10\/99-e-br22-oferecem-veiculos-eletricos-para-motoristas-em-brasilia\/","title":{"rendered":"99 e BR22 oferecem ve\u00edculos el\u00e9tricos para motoristas em Bras\u00edlia."},"content":{"rendered":"<p>A 99 e a locadora BR22 firmaram uma parceria inovadora para disponibilizar ve\u00edculos el\u00e9tricos aos motoristas parceiros da plataforma em Bras\u00edlia. A iniciativa, que num primeiro momento oferecer\u00e1 100 unidades do modelo BYD Dolphin GS, marca um passo significativo rumo \u00e0 moderniza\u00e7\u00e3o do transporte na capital federal, com a possibilidade de expans\u00e3o conforme os resultados da opera\u00e7\u00e3o.<\/p>\n<p>Os motoristas interessados poder\u00e3o se inscrever para participar do programa e realizar test drives. A ades\u00e3o envolve a assinatura de um contrato de aluguel com a BR22, que oferece condi\u00e7\u00f5es exclusivas aos condutores da 99. O pacote inclui manuten\u00e7\u00e3o programada, suporte t\u00e9cnico especializado e atendimento priorit\u00e1rio, o que n\u00e3o apenas reduz o custo por quil\u00f4metro rodado, mas tamb\u00e9m aumenta a efici\u00eancia e o tempo produtivo dos motoristas.<\/p>\n<p>A proposta \u00e9 clara: ao promover o uso de ve\u00edculos el\u00e9tricos, a 99 busca n\u00e3o s\u00f3 criar uma experi\u00eancia mais agrad\u00e1vel para motoristas e passageiros, mas tamb\u00e9m contribuir para a descarboniza\u00e7\u00e3o da frota brasileira. Thiago Hip\u00f3lito, diretor de Inova\u00e7\u00e3o da 99, destaca que iniciativas como essa s\u00e3o fundamentais para uma mobilidade urbana mais sustent\u00e1vel.<\/p>\n<p>A parceria com a BR22 tamb\u00e9m aponta para um crescimento cont\u00ednuo no setor de loca\u00e7\u00e3o, que deve movimentar cerca de R$ 60 bilh\u00f5es at\u00e9 o final de 2025, refletindo a crescente demanda por op\u00e7\u00f5es de transporte individual em Bras\u00edlia, onde circulam cerca de 2 milh\u00f5es de ve\u00edculos, segundo dados do Detran-DF.<\/p>\n<p>A 99 est\u00e1 comprometida em promover a mobilidade el\u00e9trica e sustenta\u00e7\u00e3o ambiental. Com a funda\u00e7\u00e3o da Alian\u00e7a pela Mobilidade Sustent\u00e1vel e investimentos significativos em infraestrutura e est\u00edmulos \u00e0 ado\u00e7\u00e3o de ve\u00edculos eletrificados, a empresa demonstra que a sustentabilidade n\u00e3o \u00e9 apenas uma tend\u00eancia, mas um objetivo estrat\u00e9gico.<\/p>\n<p>Al\u00e9m disso, a empresa lan\u00e7ou o aplicativo 99Recarga El\u00e9trica, que facilita o acesso a redes de carregamento e oferece descontos para motoristas parceiros. Esse tipo de inova\u00e7\u00e3o \u00e9 essencial para a mobilidade urbana moderna, uma vez que aproxima os motoristas das solu\u00e7\u00f5es tecnol\u00f3gicas que visam otimizar sua rotina.<\/p>\n<p>Os dados apresentados evidenciam a efic\u00e1cia dessa estrat\u00e9gia, com a plataforma j\u00e1 contando com mais de 36 mil ve\u00edculos eletrificados que percorreram mais de 314 milh\u00f5es de quil\u00f4metros e contribu\u00edram para a redu\u00e7\u00e3o estimada de 46,3 mil toneladas de CO\u2082. Essa redu\u00e7\u00e3o de emiss\u00f5es \u00e9 compar\u00e1vel ao plantio de mais de 364 mil \u00e1rvores, uma demonstra\u00e7\u00e3o clara de como a transi\u00e7\u00e3o para ve\u00edculos el\u00e9tricos n\u00e3o apenas melhora a experi\u00eancia do motorista, mas tamb\u00e9m impacta positivamente o meio ambiente.<\/p>\n<p>Com informa\u00e7\u00f5es do 55content.<\/p>\n","protected":false},"excerpt":{"rendered":"<p>A 99 e a locadora BR22 firmaram uma parceria inovadora para disponibilizar ve\u00edculos el\u00e9tricos aos motoristas parceiros da plataforma em Bras\u00edlia. A iniciativa, que num primeiro momento oferecer\u00e1 100 unidades do modelo BYD Dolphin GS, marca um passo significativo rumo \u00e0 moderniza\u00e7\u00e3o do transporte na capital federal, com a possibilidade de expans\u00e3o conforme os resultados &hellip;<\/p>\n","protected":false},"author":4,"featured_media":5300,"comment_status":"","ping_status":"open","sticky":false,"template":"","format":"standard","meta":{"footnotes":""},"categories":[49,77],"tags":[],"coauthors":[42],"class_list":["post-5693","post","type-post","status-publish","format-standard","has-post-thumbnail","hentry","category-aplicativos","category-motorista"],"yoast_head":"<!-- This site is optimized with the Yoast SEO Premium plugin v25.5 (Yoast SEO v27.4) - https:\/\/yoast.com\/product\/yoast-seo-premium-wordpress\/ -->\n<title>99 e BR22 oferecem ve\u00edculos el\u00e9tricos para motoristas em Bras\u00edlia. - Motorista.com.br<\/title>\n<meta name=\"robots\" content=\"index, follow, max-snippet:-1, max-image-preview:large, max-video-preview:-1\" \/>\n<link rel=\"canonical\" href=\"https:\/\/motorista.com.br\/noticias\/2026\/01\/10\/99-e-br22-oferecem-veiculos-eletricos-para-motoristas-em-brasilia\/\" \/>\n<meta property=\"og:locale\" content=\"pt_BR\" \/>\n<meta property=\"og:type\" content=\"article\" \/>\n<meta property=\"og:title\" content=\"99 e BR22 oferecem ve\u00edculos el\u00e9tricos para motoristas em Bras\u00edlia.\" \/>\n<meta property=\"og:description\" content=\"A 99 e a locadora BR22 firmaram uma parceria inovadora para disponibilizar ve\u00edculos el\u00e9tricos aos motoristas parceiros da plataforma em Bras\u00edlia. A iniciativa, que num primeiro momento oferecer\u00e1 100 unidades do modelo BYD Dolphin GS, marca um passo significativo rumo \u00e0 moderniza\u00e7\u00e3o do transporte na capital federal, com a possibilidade de expans\u00e3o conforme os resultados &hellip;\" \/>\n<meta property=\"og:url\" content=\"https:\/\/motorista.com.br\/noticias\/2026\/01\/10\/99-e-br22-oferecem-veiculos-eletricos-para-motoristas-em-brasilia\/\" \/>\n<meta property=\"og:site_name\" content=\"Motorista.com.br\" \/>\n<meta property=\"article:published_time\" content=\"2026-01-10T14:42:17+00:00\" \/>\n<meta name=\"author\" content=\"Equipe Reda\u00e7\u00e3o\" \/>\n<meta name=\"twitter:card\" content=\"summary_large_image\" \/>\n<meta name=\"twitter:label1\" content=\"Escrito por\" \/>\n\t<meta name=\"twitter:data1\" content=\"Equipe Reda\u00e7\u00e3o\" \/>\n\t<meta name=\"twitter:label2\" content=\"Est. tempo de leitura\" \/>\n\t<meta name=\"twitter:data2\" content=\"2 minutos\" \/>\n\t<meta name=\"twitter:label3\" content=\"Written by\" \/>\n\t<meta name=\"twitter:data3\" content=\"Equipe Reda\u00e7\u00e3o\" \/>\n<script type=\"application\/ld+json\" class=\"yoast-schema-graph\">{\"@context\":\"https:\\\/\\\/schema.org\",\"@graph\":[{\"@type\":\"Article\",\"@id\":\"https:\\\/\\\/motorista.com.br\\\/noticias\\\/2026\\\/01\\\/10\\\/99-e-br22-oferecem-veiculos-eletricos-para-motoristas-em-brasilia\\\/#article\",\"isPartOf\":{\"@id\":\"https:\\\/\\\/motorista.com.br\\\/noticias\\\/2026\\\/01\\\/10\\\/99-e-br22-oferecem-veiculos-eletricos-para-motoristas-em-brasilia\\\/\"},\"author\":{\"name\":\"Equipe Reda\u00e7\u00e3o\",\"@id\":\"https:\\\/\\\/motorista.com.br\\\/noticias\\\/#\\\/schema\\\/person\\\/dc93afc2981c0e3ce6bc3c053fd847be\"},\"headline\":\"99 e BR22 oferecem ve\u00edculos el\u00e9tricos para motoristas em Bras\u00edlia.\",\"datePublished\":\"2026-01-10T14:42:17+00:00\",\"mainEntityOfPage\":{\"@id\":\"https:\\\/\\\/motorista.com.br\\\/noticias\\\/2026\\\/01\\\/10\\\/99-e-br22-oferecem-veiculos-eletricos-para-motoristas-em-brasilia\\\/\"},\"wordCount\":469,\"publisher\":{\"@id\":\"https:\\\/\\\/motorista.com.br\\\/noticias\\\/#organization\"},\"image\":{\"@id\":\"https:\\\/\\\/motorista.com.br\\\/noticias\\\/2026\\\/01\\\/10\\\/99-e-br22-oferecem-veiculos-eletricos-para-motoristas-em-brasilia\\\/#primaryimage\"},\"thumbnailUrl\":\"https:\\\/\\\/motorista.com.br\\\/noticias\\\/wp-content\\\/uploads\\\/2025\\\/12\\\/unnamed-1.jpg\",\"articleSection\":[\"Aplicativos\",\"Motorista\"],\"inLanguage\":\"pt-BR\"},{\"@type\":\"WebPage\",\"@id\":\"https:\\\/\\\/motorista.com.br\\\/noticias\\\/2026\\\/01\\\/10\\\/99-e-br22-oferecem-veiculos-eletricos-para-motoristas-em-brasilia\\\/\",\"url\":\"https:\\\/\\\/motorista.com.br\\\/noticias\\\/2026\\\/01\\\/10\\\/99-e-br22-oferecem-veiculos-eletricos-para-motoristas-em-brasilia\\\/\",\"name\":\"99 e BR22 oferecem ve\u00edculos el\u00e9tricos para motoristas em Bras\u00edlia. - Motorista.com.br\",\"isPartOf\":{\"@id\":\"https:\\\/\\\/motorista.com.br\\\/noticias\\\/#website\"},\"primaryImageOfPage\":{\"@id\":\"https:\\\/\\\/motorista.com.br\\\/noticias\\\/2026\\\/01\\\/10\\\/99-e-br22-oferecem-veiculos-eletricos-para-motoristas-em-brasilia\\\/#primaryimage\"},\"image\":{\"@id\":\"https:\\\/\\\/motorista.com.br\\\/noticias\\\/2026\\\/01\\\/10\\\/99-e-br22-oferecem-veiculos-eletricos-para-motoristas-em-brasilia\\\/#primaryimage\"},\"thumbnailUrl\":\"https:\\\/\\\/motorista.com.br\\\/noticias\\\/wp-content\\\/uploads\\\/2025\\\/12\\\/unnamed-1.jpg\",\"datePublished\":\"2026-01-10T14:42:17+00:00\",\"breadcrumb\":{\"@id\":\"https:\\\/\\\/motorista.com.br\\\/noticias\\\/2026\\\/01\\\/10\\\/99-e-br22-oferecem-veiculos-eletricos-para-motoristas-em-brasilia\\\/#breadcrumb\"},\"inLanguage\":\"pt-BR\",\"potentialAction\":[{\"@type\":\"ReadAction\",\"target\":[\"https:\\\/\\\/motorista.com.br\\\/noticias\\\/2026\\\/01\\\/10\\\/99-e-br22-oferecem-veiculos-eletricos-para-motoristas-em-brasilia\\\/\"]}]},{\"@type\":\"ImageObject\",\"inLanguage\":\"pt-BR\",\"@id\":\"https:\\\/\\\/motorista.com.br\\\/noticias\\\/2026\\\/01\\\/10\\\/99-e-br22-oferecem-veiculos-eletricos-para-motoristas-em-brasilia\\\/#primaryimage\",\"url\":\"https:\\\/\\\/motorista.com.br\\\/noticias\\\/wp-content\\\/uploads\\\/2025\\\/12\\\/unnamed-1.jpg\",\"contentUrl\":\"https:\\\/\\\/motorista.com.br\\\/noticias\\\/wp-content\\\/uploads\\\/2025\\\/12\\\/unnamed-1.jpg\",\"width\":800,\"height\":526},{\"@type\":\"BreadcrumbList\",\"@id\":\"https:\\\/\\\/motorista.com.br\\\/noticias\\\/2026\\\/01\\\/10\\\/99-e-br22-oferecem-veiculos-eletricos-para-motoristas-em-brasilia\\\/#breadcrumb\",\"itemListElement\":[{\"@type\":\"ListItem\",\"position\":1,\"name\":\"In\u00edcio\",\"item\":\"https:\\\/\\\/motorista.com.br\\\/noticias\\\/\"},{\"@type\":\"ListItem\",\"position\":2,\"name\":\"99 e BR22 oferecem ve\u00edculos el\u00e9tricos para motoristas em Bras\u00edlia.\"}]},{\"@type\":\"WebSite\",\"@id\":\"https:\\\/\\\/motorista.com.br\\\/noticias\\\/#website\",\"url\":\"https:\\\/\\\/motorista.com.br\\\/noticias\\\/\",\"name\":\"Motorista.com.br\",\"description\":\"Not\u00edcia do Motorista\",\"publisher\":{\"@id\":\"https:\\\/\\\/motorista.com.br\\\/noticias\\\/#organization\"},\"potentialAction\":[{\"@type\":\"SearchAction\",\"target\":{\"@type\":\"EntryPoint\",\"urlTemplate\":\"https:\\\/\\\/motorista.com.br\\\/noticias\\\/?s={search_term_string}\"},\"query-input\":{\"@type\":\"PropertyValueSpecification\",\"valueRequired\":true,\"valueName\":\"search_term_string\"}}],\"inLanguage\":\"pt-BR\"},{\"@type\":\"Organization\",\"@id\":\"https:\\\/\\\/motorista.com.br\\\/noticias\\\/#organization\",\"name\":\"Motorista.com.br\",\"url\":\"https:\\\/\\\/motorista.com.br\\\/noticias\\\/\",\"logo\":{\"@type\":\"ImageObject\",\"inLanguage\":\"pt-BR\",\"@id\":\"https:\\\/\\\/motorista.com.br\\\/noticias\\\/#\\\/schema\\\/logo\\\/image\\\/\",\"url\":\"https:\\\/\\\/motorista.com.br\\\/noticias\\\/wp-content\\\/uploads\\\/2025\\\/06\\\/Design-sem-nome-9.png\",\"contentUrl\":\"https:\\\/\\\/motorista.com.br\\\/noticias\\\/wp-content\\\/uploads\\\/2025\\\/06\\\/Design-sem-nome-9.png\",\"width\":150,\"height\":85,\"caption\":\"Motorista.com.br\"},\"image\":{\"@id\":\"https:\\\/\\\/motorista.com.br\\\/noticias\\\/#\\\/schema\\\/logo\\\/image\\\/\"}},{\"@type\":\"Person\",\"@id\":\"https:\\\/\\\/motorista.com.br\\\/noticias\\\/#\\\/schema\\\/person\\\/dc93afc2981c0e3ce6bc3c053fd847be\",\"name\":\"Equipe Reda\u00e7\u00e3o\",\"image\":{\"@type\":\"ImageObject\",\"inLanguage\":\"pt-BR\",\"@id\":\"https:\\\/\\\/secure.gravatar.com\\\/avatar\\\/4f525efbf18dd2bb300ccad28bfb99d95a9465a5ba268407c8c37b37e1f28d2d?s=96&d=mm&r=g9e099043a0c61e9ae27e293b9fa75ffc\",\"url\":\"https:\\\/\\\/secure.gravatar.com\\\/avatar\\\/4f525efbf18dd2bb300ccad28bfb99d95a9465a5ba268407c8c37b37e1f28d2d?s=96&d=mm&r=g\",\"contentUrl\":\"https:\\\/\\\/secure.gravatar.com\\\/avatar\\\/4f525efbf18dd2bb300ccad28bfb99d95a9465a5ba268407c8c37b37e1f28d2d?s=96&d=mm&r=g\",\"caption\":\"Equipe Reda\u00e7\u00e3o\"},\"description\":\"Equipe de reda\u00e7\u00e3o \u00e9 um grupo de profissionais que trabalham juntos para criar conte\u00fado escrito para Motorista.com.br\",\"url\":\"https:\\\/\\\/motorista.com.br\\\/noticias\\\/author\\\/equiperedacao\\\/\"}]}<\/script>\n<!-- \/ Yoast SEO Premium plugin. -->","yoast_head_json":{"title":"99 e BR22 oferecem ve\u00edculos el\u00e9tricos para motoristas em Bras\u00edlia. - Motorista.com.br","robots":{"index":"index","follow":"follow","max-snippet":"max-snippet:-1","max-image-preview":"max-image-preview:large","max-video-preview":"max-video-preview:-1"},"canonical":"https:\/\/motorista.com.br\/noticias\/2026\/01\/10\/99-e-br22-oferecem-veiculos-eletricos-para-motoristas-em-brasilia\/","og_locale":"pt_BR","og_type":"article","og_title":"99 e BR22 oferecem ve\u00edculos el\u00e9tricos para motoristas em Bras\u00edlia.","og_description":"A 99 e a locadora BR22 firmaram uma parceria inovadora para disponibilizar ve\u00edculos el\u00e9tricos aos motoristas parceiros da plataforma em Bras\u00edlia. A iniciativa, que num primeiro momento oferecer\u00e1 100 unidades do modelo BYD Dolphin GS, marca um passo significativo rumo \u00e0 moderniza\u00e7\u00e3o do transporte na capital federal, com a possibilidade de expans\u00e3o conforme os resultados &hellip;","og_url":"https:\/\/motorista.com.br\/noticias\/2026\/01\/10\/99-e-br22-oferecem-veiculos-eletricos-para-motoristas-em-brasilia\/","og_site_name":"Motorista.com.br","article_published_time":"2026-01-10T14:42:17+00:00","author":"Equipe Reda\u00e7\u00e3o","twitter_card":"summary_large_image","twitter_misc":{"Escrito por":"Equipe Reda\u00e7\u00e3o","Est. tempo de leitura":"2 minutos","Written by":"Equipe Reda\u00e7\u00e3o"},"schema":{"@context":"https:\/\/schema.org","@graph":[{"@type":"Article","@id":"https:\/\/motorista.com.br\/noticias\/2026\/01\/10\/99-e-br22-oferecem-veiculos-eletricos-para-motoristas-em-brasilia\/#article","isPartOf":{"@id":"https:\/\/motorista.com.br\/noticias\/2026\/01\/10\/99-e-br22-oferecem-veiculos-eletricos-para-motoristas-em-brasilia\/"},"author":{"name":"Equipe Reda\u00e7\u00e3o","@id":"https:\/\/motorista.com.br\/noticias\/#\/schema\/person\/dc93afc2981c0e3ce6bc3c053fd847be"},"headline":"99 e BR22 oferecem ve\u00edculos el\u00e9tricos para motoristas em Bras\u00edlia.","datePublished":"2026-01-10T14:42:17+00:00","mainEntityOfPage":{"@id":"https:\/\/motorista.com.br\/noticias\/2026\/01\/10\/99-e-br22-oferecem-veiculos-eletricos-para-motoristas-em-brasilia\/"},"wordCount":469,"publisher":{"@id":"https:\/\/motorista.com.br\/noticias\/#organization"},"image":{"@id":"https:\/\/motorista.com.br\/noticias\/2026\/01\/10\/99-e-br22-oferecem-veiculos-eletricos-para-motoristas-em-brasilia\/#primaryimage"},"thumbnailUrl":"https:\/\/motorista.com.br\/noticias\/wp-content\/uploads\/2025\/12\/unnamed-1.jpg","articleSection":["Aplicativos","Motorista"],"inLanguage":"pt-BR"},{"@type":"WebPage","@id":"https:\/\/motorista.com.br\/noticias\/2026\/01\/10\/99-e-br22-oferecem-veiculos-eletricos-para-motoristas-em-brasilia\/","url":"https:\/\/motorista.com.br\/noticias\/2026\/01\/10\/99-e-br22-oferecem-veiculos-eletricos-para-motoristas-em-brasilia\/","name":"99 e BR22 oferecem ve\u00edculos el\u00e9tricos para motoristas em Bras\u00edlia. - Motorista.com.br","isPartOf":{"@id":"https:\/\/motorista.com.br\/noticias\/#website"},"primaryImageOfPage":{"@id":"https:\/\/motorista.com.br\/noticias\/2026\/01\/10\/99-e-br22-oferecem-veiculos-eletricos-para-motoristas-em-brasilia\/#primaryimage"},"image":{"@id":"https:\/\/motorista.com.br\/noticias\/2026\/01\/10\/99-e-br22-oferecem-veiculos-eletricos-para-motoristas-em-brasilia\/#primaryimage"},"thumbnailUrl":"https:\/\/motorista.com.br\/noticias\/wp-content\/uploads\/2025\/12\/unnamed-1.jpg","datePublished":"2026-01-10T14:42:17+00:00","breadcrumb":{"@id":"https:\/\/motorista.com.br\/noticias\/2026\/01\/10\/99-e-br22-oferecem-veiculos-eletricos-para-motoristas-em-brasilia\/#breadcrumb"},"inLanguage":"pt-BR","potentialAction":[{"@type":"ReadAction","target":["https:\/\/motorista.com.br\/noticias\/2026\/01\/10\/99-e-br22-oferecem-veiculos-eletricos-para-motoristas-em-brasilia\/"]}]},{"@type":"ImageObject","inLanguage":"pt-BR","@id":"https:\/\/motorista.com.br\/noticias\/2026\/01\/10\/99-e-br22-oferecem-veiculos-eletricos-para-motoristas-em-brasilia\/#primaryimage","url":"https:\/\/motorista.com.br\/noticias\/wp-content\/uploads\/2025\/12\/unnamed-1.jpg","contentUrl":"https:\/\/motorista.com.br\/noticias\/wp-content\/uploads\/2025\/12\/unnamed-1.jpg","width":800,"height":526},{"@type":"BreadcrumbList","@id":"https:\/\/motorista.com.br\/noticias\/2026\/01\/10\/99-e-br22-oferecem-veiculos-eletricos-para-motoristas-em-brasilia\/#breadcrumb","itemListElement":[{"@type":"ListItem","position":1,"name":"In\u00edcio","item":"https:\/\/motorista.com.br\/noticias\/"},{"@type":"ListItem","position":2,"name":"99 e BR22 oferecem ve\u00edculos el\u00e9tricos para motoristas em Bras\u00edlia."}]},{"@type":"WebSite","@id":"https:\/\/motorista.com.br\/noticias\/#website","url":"https:\/\/motorista.com.br\/noticias\/","name":"Motorista.com.br","description":"Not\u00edcia do Motorista","publisher":{"@id":"https:\/\/motorista.com.br\/noticias\/#organization"},"potentialAction":[{"@type":"SearchAction","target":{"@type":"EntryPoint","urlTemplate":"https:\/\/motorista.com.br\/noticias\/?s={search_term_string}"},"query-input":{"@type":"PropertyValueSpecification","valueRequired":true,"valueName":"search_term_string"}}],"inLanguage":"pt-BR"},{"@type":"Organization","@id":"https:\/\/motorista.com.br\/noticias\/#organization","name":"Motorista.com.br","url":"https:\/\/motorista.com.br\/noticias\/","logo":{"@type":"ImageObject","inLanguage":"pt-BR","@id":"https:\/\/motorista.com.br\/noticias\/#\/schema\/logo\/image\/","url":"https:\/\/motorista.com.br\/noticias\/wp-content\/uploads\/2025\/06\/Design-sem-nome-9.png","contentUrl":"https:\/\/motorista.com.br\/noticias\/wp-content\/uploads\/2025\/06\/Design-sem-nome-9.png","width":150,"height":85,"caption":"Motorista.com.br"},"image":{"@id":"https:\/\/motorista.com.br\/noticias\/#\/schema\/logo\/image\/"}},{"@type":"Person","@id":"https:\/\/motorista.com.br\/noticias\/#\/schema\/person\/dc93afc2981c0e3ce6bc3c053fd847be","name":"Equipe Reda\u00e7\u00e3o","image":{"@type":"ImageObject","inLanguage":"pt-BR","@id":"https:\/\/secure.gravatar.com\/avatar\/4f525efbf18dd2bb300ccad28bfb99d95a9465a5ba268407c8c37b37e1f28d2d?s=96&d=mm&r=g9e099043a0c61e9ae27e293b9fa75ffc","url":"https:\/\/secure.gravatar.com\/avatar\/4f525efbf18dd2bb300ccad28bfb99d95a9465a5ba268407c8c37b37e1f28d2d?s=96&d=mm&r=g","contentUrl":"https:\/\/secure.gravatar.com\/avatar\/4f525efbf18dd2bb300ccad28bfb99d95a9465a5ba268407c8c37b37e1f28d2d?s=96&d=mm&r=g","caption":"Equipe Reda\u00e7\u00e3o"},"description":"Equipe de reda\u00e7\u00e3o \u00e9 um grupo de profissionais que trabalham juntos para criar conte\u00fado escrito para Motorista.com.br","url":"https:\/\/motorista.com.br\/noticias\/author\/equiperedacao\/"}]}},"_links":{"self":[{"href":"https:\/\/motorista.com.br\/noticias\/wp-json\/wp\/v2\/posts\/5693","targetHints":{"allow":["GET"]}}],"collection":[{"href":"https:\/\/motorista.com.br\/noticias\/wp-json\/wp\/v2\/posts"}],"about":[{"href":"https:\/\/motorista.com.br\/noticias\/wp-json\/wp\/v2\/types\/post"}],"author":[{"embeddable":true,"href":"https:\/\/motorista.com.br\/noticias\/wp-json\/wp\/v2\/users\/4"}],"replies":[{"embeddable":true,"href":"https:\/\/motorista.com.br\/noticias\/wp-json\/wp\/v2\/comments?post=5693"}],"version-history":[{"count":0,"href":"https:\/\/motorista.com.br\/noticias\/wp-json\/wp\/v2\/posts\/5693\/revisions"}],"wp:featuredmedia":[{"embeddable":true,"href":"https:\/\/motorista.com.br\/noticias\/wp-json\/wp\/v2\/media\/5300"}],"wp:attachment":[{"href":"https:\/\/motorista.com.br\/noticias\/wp-json\/wp\/v2\/media?parent=5693"}],"wp:term":[{"taxonomy":"category","embeddable":true,"href":"https:\/\/motorista.com.br\/noticias\/wp-json\/wp\/v2\/categories?post=5693"},{"taxonomy":"post_tag","embeddable":true,"href":"https:\/\/motorista.com.br\/noticias\/wp-json\/wp\/v2\/tags?post=5693"},{"taxonomy":"author","embeddable":true,"href":"https:\/\/motorista.com.br\/noticias\/wp-json\/wp\/v2\/coauthors?post=5693"}],"curies":[{"name":"wp","href":"https:\/\/api.w.org\/{rel}","templated":true}]}}