{"id":5667,"date":"2026-01-09T11:12:42","date_gmt":"2026-01-09T14:12:42","guid":{"rendered":"https:\/\/motorista.com.br\/noticias\/2026\/01\/09\/app-de-transporte-criado-por-advogado-em-santa-catarina-atende-15-mil-passageiros-mensais\/"},"modified":"2026-01-09T11:12:42","modified_gmt":"2026-01-09T14:12:42","slug":"app-de-transporte-criado-por-advogado-em-santa-catarina-atende-15-mil-passageiros-mensais","status":"publish","type":"post","link":"https:\/\/motorista.com.br\/noticias\/2026\/01\/09\/app-de-transporte-criado-por-advogado-em-santa-catarina-atende-15-mil-passageiros-mensais\/","title":{"rendered":"App de transporte criado por advogado em Santa Catarina atende 15 mil passageiros mensais."},"content":{"rendered":"<p><\/p>\n<div>\n<p>Marcio Milani, 47 anos, advogado de forma\u00e7\u00e3o, fundou a Win Cars, uma plataforma de mobilidade que atua no interior de Santa Catarina. Ap\u00f3s mais de 20 anos de experi\u00eancia na advocacia em S\u00e3o Paulo, ele se deparou com uma interessante oportunidade em 2018, quando um cliente o questionou sobre oportunidades de investimento que n\u00e3o exigissem muito tempo. Durante sua pesquisa, Marcio descobriu que os motoristas de aplicativos enfrentavam condi\u00e7\u00f5es desprivilegiadas e eram explorados por grandes plataformas. Com isso, decidiu investir na cria\u00e7\u00e3o da Win Cars, compartilhando a vis\u00e3o com seu cliente, que tamb\u00e9m abra\u00e7ou a ideia.<\/p>\n<p>Em novembro de 2019, Marcio foi a Florian\u00f3polis para conhecer o motorista e influenciador Fernando Floripa, que se tornaria o primeiro parceiro da Win Cars. Essa uni\u00e3o foi chave para o lan\u00e7amento da plataforma em Santa Catarina. Contudo, com a pandemia em 2020, a parceria enfrentou desafios. Mesmo diante da adversidade, Marcio lan\u00e7ou o aplicativo em outubro de 2020, mantendo seu planejamento.<\/p>\n<h2 class=\"wp-block-heading\"><strong>Lan\u00e7amento e Desafios Iniciais<\/strong><\/h2>\n<p>Com presen\u00e7a em Joinville, Florian\u00f3polis e Blumenau, a Win Cars buscou oferecer uma taxa de apenas 9% aos motoristas. Para atrair usu\u00e1rios, a plataforma incentivou novos passageiros a experimentar o servi\u00e7o com um subs\u00eddio inicial. Contudo, o crescimento n\u00e3o foi t\u00e3o r\u00e1pido quanto esperado, levando Marcio a repensar suas estrat\u00e9gias de marketing. Durante esse per\u00edodo, o marketing digital se mostrou crucial para a empresa, demonstrando que uma comunica\u00e7\u00e3o eficaz era necess\u00e1ria para conquistar mais usu\u00e1rios.<\/p>\n<h2 class=\"wp-block-heading\"><strong>Expans\u00e3o em S\u00e3o Francisco do Sul (SC)<\/strong><\/h2>\n<p>A opera\u00e7\u00e3o ganhou um novo f\u00f4lego com o interesse de motoristas de S\u00e3o Francisco do Sul. Eles se aproximaram da Win Cars, desejando trazer o aplicativo para sua cidade, onde a oferta de servi\u00e7os era limitada, e somente a Uber operava. Essa mudan\u00e7a de foco para um mercado menor e mais envolvido resultou em um grande sucesso, transformando S\u00e3o Francisco do Sul na principal base da Win Cars. Com cerca de 15 mil corridas mensais, o aplicativo se firmou como uma alternativa relevante para moradores e turistas, especialmente durante a alta temporada.<\/p>\n<h2 class=\"wp-block-heading\"><strong>Fortalecimento da Opera\u00e7\u00e3o<\/strong><\/h2>\n<p>Com o aumento da atua\u00e7\u00e3o na cidade, a Win Cars decidiu utilizar os recursos gerados localmente para sustentar e expandir suas opera\u00e7\u00f5es. O reconhecimento e apoio dos motoristas locais foram fundamentais para a consolida\u00e7\u00e3o do aplicativo. Essa estrat\u00e9gia demonstrou que a valoriza\u00e7\u00e3o do engajamento da comunidade \u00e9 vital para o sucesso de solu\u00e7\u00f5es de mobilidade em cidades menores. A plataforma conseguiu adaptar suas opera\u00e7\u00f5es e responder com agilidade \u00e0s demandas locais, fazendo uma verdadeira diferen\u00e7a na mobilidade urbana da regi\u00e3o.<\/p>\n<p>Essa sintonia com os motoristas e passageiros \u00e9 um exemplo claro de como a Win Cars n\u00e3o s\u00f3 oferece um servi\u00e7o de transporte, mas tamb\u00e9m melhora a qualidade de vida na cidade. A presen\u00e7a ativa da plataforma tem um impacto positivo na mobilidade local, aumentando a acessibilidade e facilitando o transporte tanto para residentes quanto para turistas. O aumento da oferta e a redu\u00e7\u00e3o de custos de viagem tornam a mobilidade mais pr\u00e1tica e economicamente vi\u00e1vel para a popula\u00e7\u00e3o.<\/p>\n<h2 class=\"wp-block-heading\"><strong>Planos de Expans\u00e3o<\/strong><\/h2>\n<p>Com a experi\u00eancia bem-sucedida em S\u00e3o Francisco do Sul, Marcio est\u00e1 sempre atento a novas oportunidades para expandir a atua\u00e7\u00e3o da Win Cars, considerando cidades que apresentam forte voca\u00e7\u00e3o tur\u00edstica e car\u00eancia de op\u00e7\u00f5es de transporte. A vis\u00e3o de crescimento sustent\u00e1vel e a busca por equil\u00edbrio na oferta s\u00e3o pilares fundamentais para a estrat\u00e9gia da Win Cars, que visa refor\u00e7ar a mobilidade urbana de forma justa e acess\u00edvel.<\/p>\n<p>O compromisso da Win Cars com a inclus\u00e3o social, a redu\u00e7\u00e3o de custos e a promo\u00e7\u00e3o da seguran\u00e7a nas viagens s\u00e3o caracter\u00edsticas que a diferenciam em um mercado ainda dominado por grandes plataformas. O foco em solu\u00e7\u00f5es personalizadas, como a categoria mulher e os descontos tempor\u00e1rios para grupos espec\u00edficos, evidencia que o aplicativo n\u00e3o atende apenas a demanda, mas se preocupa com as necessidades da popula\u00e7\u00e3o local.<\/p>\n<p>A plataforma representa um passo significativo em dire\u00e7\u00e3o a uma mobilidade mais equilibrada e inclusiva, promovendo n\u00e3o apenas o transporte, mas tamb\u00e9m a conviv\u00eancia comunit\u00e1ria e a melhoria das rela\u00e7\u00f5es locais. A Win Cars ilustra como inova\u00e7\u00f5es em mobilidade podem impactar positivamente o cotidiano e proporcionar uma alternativa vi\u00e1vel e sustent\u00e1vel \u00e0s op\u00e7\u00f5es tradicionais.<\/p>\n<\/div>\n<p>Fonte: motorista<\/p>\n","protected":false},"excerpt":{"rendered":"<p>Marcio Milani, 47 anos, advogado de forma\u00e7\u00e3o, fundou a Win Cars, uma plataforma de mobilidade que atua no interior de Santa Catarina. Ap\u00f3s mais de 20 anos de experi\u00eancia na advocacia em S\u00e3o Paulo, ele se deparou com uma interessante oportunidade em 2018, quando um cliente o questionou sobre oportunidades de investimento que n\u00e3o exigissem &hellip;<\/p>\n","protected":false},"author":4,"featured_media":5668,"comment_status":"","ping_status":"open","sticky":false,"template":"","format":"standard","meta":{"footnotes":""},"categories":[49,77],"tags":[],"coauthors":[42],"class_list":["post-5667","post","type-post","status-publish","format-standard","has-post-thumbnail","hentry","category-aplicativos","category-motorista"],"yoast_head":"<!-- This site is optimized with the Yoast SEO Premium plugin v25.5 (Yoast SEO v27.4) - https:\/\/yoast.com\/product\/yoast-seo-premium-wordpress\/ -->\n<title>App de transporte criado por advogado em Santa Catarina atende 15 mil passageiros mensais. - Motorista.com.br<\/title>\n<meta name=\"robots\" content=\"index, follow, max-snippet:-1, max-image-preview:large, max-video-preview:-1\" \/>\n<link rel=\"canonical\" href=\"https:\/\/motorista.com.br\/noticias\/2026\/01\/09\/app-de-transporte-criado-por-advogado-em-santa-catarina-atende-15-mil-passageiros-mensais\/\" \/>\n<meta property=\"og:locale\" content=\"pt_BR\" \/>\n<meta property=\"og:type\" content=\"article\" \/>\n<meta property=\"og:title\" content=\"App de transporte criado por advogado em Santa Catarina atende 15 mil passageiros mensais.\" \/>\n<meta property=\"og:description\" content=\"Marcio Milani, 47 anos, advogado de forma\u00e7\u00e3o, fundou a Win Cars, uma plataforma de mobilidade que atua no interior de Santa Catarina. Ap\u00f3s mais de 20 anos de experi\u00eancia na advocacia em S\u00e3o Paulo, ele se deparou com uma interessante oportunidade em 2018, quando um cliente o questionou sobre oportunidades de investimento que n\u00e3o exigissem &hellip;\" \/>\n<meta property=\"og:url\" content=\"https:\/\/motorista.com.br\/noticias\/2026\/01\/09\/app-de-transporte-criado-por-advogado-em-santa-catarina-atende-15-mil-passageiros-mensais\/\" \/>\n<meta property=\"og:site_name\" content=\"Motorista.com.br\" \/>\n<meta property=\"article:published_time\" content=\"2026-01-09T14:12:42+00:00\" \/>\n<meta name=\"author\" content=\"Equipe Reda\u00e7\u00e3o\" \/>\n<meta name=\"twitter:card\" content=\"summary_large_image\" \/>\n<meta name=\"twitter:label1\" content=\"Escrito por\" \/>\n\t<meta name=\"twitter:data1\" content=\"Equipe Reda\u00e7\u00e3o\" \/>\n\t<meta name=\"twitter:label2\" content=\"Est. tempo de leitura\" \/>\n\t<meta name=\"twitter:data2\" content=\"4 minutos\" \/>\n\t<meta name=\"twitter:label3\" content=\"Written by\" \/>\n\t<meta name=\"twitter:data3\" content=\"Equipe Reda\u00e7\u00e3o\" \/>\n<script type=\"application\/ld+json\" class=\"yoast-schema-graph\">{\"@context\":\"https:\\\/\\\/schema.org\",\"@graph\":[{\"@type\":\"Article\",\"@id\":\"https:\\\/\\\/motorista.com.br\\\/noticias\\\/2026\\\/01\\\/09\\\/app-de-transporte-criado-por-advogado-em-santa-catarina-atende-15-mil-passageiros-mensais\\\/#article\",\"isPartOf\":{\"@id\":\"https:\\\/\\\/motorista.com.br\\\/noticias\\\/2026\\\/01\\\/09\\\/app-de-transporte-criado-por-advogado-em-santa-catarina-atende-15-mil-passageiros-mensais\\\/\"},\"author\":{\"name\":\"Equipe Reda\u00e7\u00e3o\",\"@id\":\"https:\\\/\\\/motorista.com.br\\\/noticias\\\/#\\\/schema\\\/person\\\/dc93afc2981c0e3ce6bc3c053fd847be\"},\"headline\":\"App de transporte criado por advogado em Santa Catarina atende 15 mil passageiros mensais.\",\"datePublished\":\"2026-01-09T14:12:42+00:00\",\"mainEntityOfPage\":{\"@id\":\"https:\\\/\\\/motorista.com.br\\\/noticias\\\/2026\\\/01\\\/09\\\/app-de-transporte-criado-por-advogado-em-santa-catarina-atende-15-mil-passageiros-mensais\\\/\"},\"wordCount\":785,\"publisher\":{\"@id\":\"https:\\\/\\\/motorista.com.br\\\/noticias\\\/#organization\"},\"image\":{\"@id\":\"https:\\\/\\\/motorista.com.br\\\/noticias\\\/2026\\\/01\\\/09\\\/app-de-transporte-criado-por-advogado-em-santa-catarina-atende-15-mil-passageiros-mensais\\\/#primaryimage\"},\"thumbnailUrl\":\"https:\\\/\\\/motorista.com.br\\\/noticias\\\/wp-content\\\/uploads\\\/2026\\\/01\\\/WhatsApp-Image-2025-01-15-at-16.48.58.jpeg\",\"articleSection\":[\"Aplicativos\",\"Motorista\"],\"inLanguage\":\"pt-BR\"},{\"@type\":\"WebPage\",\"@id\":\"https:\\\/\\\/motorista.com.br\\\/noticias\\\/2026\\\/01\\\/09\\\/app-de-transporte-criado-por-advogado-em-santa-catarina-atende-15-mil-passageiros-mensais\\\/\",\"url\":\"https:\\\/\\\/motorista.com.br\\\/noticias\\\/2026\\\/01\\\/09\\\/app-de-transporte-criado-por-advogado-em-santa-catarina-atende-15-mil-passageiros-mensais\\\/\",\"name\":\"App de transporte criado por advogado em Santa Catarina atende 15 mil passageiros mensais. - Motorista.com.br\",\"isPartOf\":{\"@id\":\"https:\\\/\\\/motorista.com.br\\\/noticias\\\/#website\"},\"primaryImageOfPage\":{\"@id\":\"https:\\\/\\\/motorista.com.br\\\/noticias\\\/2026\\\/01\\\/09\\\/app-de-transporte-criado-por-advogado-em-santa-catarina-atende-15-mil-passageiros-mensais\\\/#primaryimage\"},\"image\":{\"@id\":\"https:\\\/\\\/motorista.com.br\\\/noticias\\\/2026\\\/01\\\/09\\\/app-de-transporte-criado-por-advogado-em-santa-catarina-atende-15-mil-passageiros-mensais\\\/#primaryimage\"},\"thumbnailUrl\":\"https:\\\/\\\/motorista.com.br\\\/noticias\\\/wp-content\\\/uploads\\\/2026\\\/01\\\/WhatsApp-Image-2025-01-15-at-16.48.58.jpeg\",\"datePublished\":\"2026-01-09T14:12:42+00:00\",\"breadcrumb\":{\"@id\":\"https:\\\/\\\/motorista.com.br\\\/noticias\\\/2026\\\/01\\\/09\\\/app-de-transporte-criado-por-advogado-em-santa-catarina-atende-15-mil-passageiros-mensais\\\/#breadcrumb\"},\"inLanguage\":\"pt-BR\",\"potentialAction\":[{\"@type\":\"ReadAction\",\"target\":[\"https:\\\/\\\/motorista.com.br\\\/noticias\\\/2026\\\/01\\\/09\\\/app-de-transporte-criado-por-advogado-em-santa-catarina-atende-15-mil-passageiros-mensais\\\/\"]}]},{\"@type\":\"ImageObject\",\"inLanguage\":\"pt-BR\",\"@id\":\"https:\\\/\\\/motorista.com.br\\\/noticias\\\/2026\\\/01\\\/09\\\/app-de-transporte-criado-por-advogado-em-santa-catarina-atende-15-mil-passageiros-mensais\\\/#primaryimage\",\"url\":\"https:\\\/\\\/motorista.com.br\\\/noticias\\\/wp-content\\\/uploads\\\/2026\\\/01\\\/WhatsApp-Image-2025-01-15-at-16.48.58.jpeg\",\"contentUrl\":\"https:\\\/\\\/motorista.com.br\\\/noticias\\\/wp-content\\\/uploads\\\/2026\\\/01\\\/WhatsApp-Image-2025-01-15-at-16.48.58.jpeg\",\"width\":1280,\"height\":720},{\"@type\":\"BreadcrumbList\",\"@id\":\"https:\\\/\\\/motorista.com.br\\\/noticias\\\/2026\\\/01\\\/09\\\/app-de-transporte-criado-por-advogado-em-santa-catarina-atende-15-mil-passageiros-mensais\\\/#breadcrumb\",\"itemListElement\":[{\"@type\":\"ListItem\",\"position\":1,\"name\":\"In\u00edcio\",\"item\":\"https:\\\/\\\/motorista.com.br\\\/noticias\\\/\"},{\"@type\":\"ListItem\",\"position\":2,\"name\":\"App de transporte criado por advogado em Santa Catarina atende 15 mil passageiros mensais.\"}]},{\"@type\":\"WebSite\",\"@id\":\"https:\\\/\\\/motorista.com.br\\\/noticias\\\/#website\",\"url\":\"https:\\\/\\\/motorista.com.br\\\/noticias\\\/\",\"name\":\"Motorista.com.br\",\"description\":\"Not\u00edcia do Motorista\",\"publisher\":{\"@id\":\"https:\\\/\\\/motorista.com.br\\\/noticias\\\/#organization\"},\"potentialAction\":[{\"@type\":\"SearchAction\",\"target\":{\"@type\":\"EntryPoint\",\"urlTemplate\":\"https:\\\/\\\/motorista.com.br\\\/noticias\\\/?s={search_term_string}\"},\"query-input\":{\"@type\":\"PropertyValueSpecification\",\"valueRequired\":true,\"valueName\":\"search_term_string\"}}],\"inLanguage\":\"pt-BR\"},{\"@type\":\"Organization\",\"@id\":\"https:\\\/\\\/motorista.com.br\\\/noticias\\\/#organization\",\"name\":\"Motorista.com.br\",\"url\":\"https:\\\/\\\/motorista.com.br\\\/noticias\\\/\",\"logo\":{\"@type\":\"ImageObject\",\"inLanguage\":\"pt-BR\",\"@id\":\"https:\\\/\\\/motorista.com.br\\\/noticias\\\/#\\\/schema\\\/logo\\\/image\\\/\",\"url\":\"https:\\\/\\\/motorista.com.br\\\/noticias\\\/wp-content\\\/uploads\\\/2025\\\/06\\\/Design-sem-nome-9.png\",\"contentUrl\":\"https:\\\/\\\/motorista.com.br\\\/noticias\\\/wp-content\\\/uploads\\\/2025\\\/06\\\/Design-sem-nome-9.png\",\"width\":150,\"height\":85,\"caption\":\"Motorista.com.br\"},\"image\":{\"@id\":\"https:\\\/\\\/motorista.com.br\\\/noticias\\\/#\\\/schema\\\/logo\\\/image\\\/\"}},{\"@type\":\"Person\",\"@id\":\"https:\\\/\\\/motorista.com.br\\\/noticias\\\/#\\\/schema\\\/person\\\/dc93afc2981c0e3ce6bc3c053fd847be\",\"name\":\"Equipe Reda\u00e7\u00e3o\",\"image\":{\"@type\":\"ImageObject\",\"inLanguage\":\"pt-BR\",\"@id\":\"https:\\\/\\\/secure.gravatar.com\\\/avatar\\\/4f525efbf18dd2bb300ccad28bfb99d95a9465a5ba268407c8c37b37e1f28d2d?s=96&d=mm&r=g9e099043a0c61e9ae27e293b9fa75ffc\",\"url\":\"https:\\\/\\\/secure.gravatar.com\\\/avatar\\\/4f525efbf18dd2bb300ccad28bfb99d95a9465a5ba268407c8c37b37e1f28d2d?s=96&d=mm&r=g\",\"contentUrl\":\"https:\\\/\\\/secure.gravatar.com\\\/avatar\\\/4f525efbf18dd2bb300ccad28bfb99d95a9465a5ba268407c8c37b37e1f28d2d?s=96&d=mm&r=g\",\"caption\":\"Equipe Reda\u00e7\u00e3o\"},\"description\":\"Equipe de reda\u00e7\u00e3o \u00e9 um grupo de profissionais que trabalham juntos para criar conte\u00fado escrito para Motorista.com.br\",\"url\":\"https:\\\/\\\/motorista.com.br\\\/noticias\\\/author\\\/equiperedacao\\\/\"}]}<\/script>\n<!-- \/ Yoast SEO Premium plugin. -->","yoast_head_json":{"title":"App de transporte criado por advogado em Santa Catarina atende 15 mil passageiros mensais. - Motorista.com.br","robots":{"index":"index","follow":"follow","max-snippet":"max-snippet:-1","max-image-preview":"max-image-preview:large","max-video-preview":"max-video-preview:-1"},"canonical":"https:\/\/motorista.com.br\/noticias\/2026\/01\/09\/app-de-transporte-criado-por-advogado-em-santa-catarina-atende-15-mil-passageiros-mensais\/","og_locale":"pt_BR","og_type":"article","og_title":"App de transporte criado por advogado em Santa Catarina atende 15 mil passageiros mensais.","og_description":"Marcio Milani, 47 anos, advogado de forma\u00e7\u00e3o, fundou a Win Cars, uma plataforma de mobilidade que atua no interior de Santa Catarina. Ap\u00f3s mais de 20 anos de experi\u00eancia na advocacia em S\u00e3o Paulo, ele se deparou com uma interessante oportunidade em 2018, quando um cliente o questionou sobre oportunidades de investimento que n\u00e3o exigissem &hellip;","og_url":"https:\/\/motorista.com.br\/noticias\/2026\/01\/09\/app-de-transporte-criado-por-advogado-em-santa-catarina-atende-15-mil-passageiros-mensais\/","og_site_name":"Motorista.com.br","article_published_time":"2026-01-09T14:12:42+00:00","author":"Equipe Reda\u00e7\u00e3o","twitter_card":"summary_large_image","twitter_misc":{"Escrito por":"Equipe Reda\u00e7\u00e3o","Est. tempo de leitura":"4 minutos","Written by":"Equipe Reda\u00e7\u00e3o"},"schema":{"@context":"https:\/\/schema.org","@graph":[{"@type":"Article","@id":"https:\/\/motorista.com.br\/noticias\/2026\/01\/09\/app-de-transporte-criado-por-advogado-em-santa-catarina-atende-15-mil-passageiros-mensais\/#article","isPartOf":{"@id":"https:\/\/motorista.com.br\/noticias\/2026\/01\/09\/app-de-transporte-criado-por-advogado-em-santa-catarina-atende-15-mil-passageiros-mensais\/"},"author":{"name":"Equipe Reda\u00e7\u00e3o","@id":"https:\/\/motorista.com.br\/noticias\/#\/schema\/person\/dc93afc2981c0e3ce6bc3c053fd847be"},"headline":"App de transporte criado por advogado em Santa Catarina atende 15 mil passageiros mensais.","datePublished":"2026-01-09T14:12:42+00:00","mainEntityOfPage":{"@id":"https:\/\/motorista.com.br\/noticias\/2026\/01\/09\/app-de-transporte-criado-por-advogado-em-santa-catarina-atende-15-mil-passageiros-mensais\/"},"wordCount":785,"publisher":{"@id":"https:\/\/motorista.com.br\/noticias\/#organization"},"image":{"@id":"https:\/\/motorista.com.br\/noticias\/2026\/01\/09\/app-de-transporte-criado-por-advogado-em-santa-catarina-atende-15-mil-passageiros-mensais\/#primaryimage"},"thumbnailUrl":"https:\/\/motorista.com.br\/noticias\/wp-content\/uploads\/2026\/01\/WhatsApp-Image-2025-01-15-at-16.48.58.jpeg","articleSection":["Aplicativos","Motorista"],"inLanguage":"pt-BR"},{"@type":"WebPage","@id":"https:\/\/motorista.com.br\/noticias\/2026\/01\/09\/app-de-transporte-criado-por-advogado-em-santa-catarina-atende-15-mil-passageiros-mensais\/","url":"https:\/\/motorista.com.br\/noticias\/2026\/01\/09\/app-de-transporte-criado-por-advogado-em-santa-catarina-atende-15-mil-passageiros-mensais\/","name":"App de transporte criado por advogado em Santa Catarina atende 15 mil passageiros mensais. - Motorista.com.br","isPartOf":{"@id":"https:\/\/motorista.com.br\/noticias\/#website"},"primaryImageOfPage":{"@id":"https:\/\/motorista.com.br\/noticias\/2026\/01\/09\/app-de-transporte-criado-por-advogado-em-santa-catarina-atende-15-mil-passageiros-mensais\/#primaryimage"},"image":{"@id":"https:\/\/motorista.com.br\/noticias\/2026\/01\/09\/app-de-transporte-criado-por-advogado-em-santa-catarina-atende-15-mil-passageiros-mensais\/#primaryimage"},"thumbnailUrl":"https:\/\/motorista.com.br\/noticias\/wp-content\/uploads\/2026\/01\/WhatsApp-Image-2025-01-15-at-16.48.58.jpeg","datePublished":"2026-01-09T14:12:42+00:00","breadcrumb":{"@id":"https:\/\/motorista.com.br\/noticias\/2026\/01\/09\/app-de-transporte-criado-por-advogado-em-santa-catarina-atende-15-mil-passageiros-mensais\/#breadcrumb"},"inLanguage":"pt-BR","potentialAction":[{"@type":"ReadAction","target":["https:\/\/motorista.com.br\/noticias\/2026\/01\/09\/app-de-transporte-criado-por-advogado-em-santa-catarina-atende-15-mil-passageiros-mensais\/"]}]},{"@type":"ImageObject","inLanguage":"pt-BR","@id":"https:\/\/motorista.com.br\/noticias\/2026\/01\/09\/app-de-transporte-criado-por-advogado-em-santa-catarina-atende-15-mil-passageiros-mensais\/#primaryimage","url":"https:\/\/motorista.com.br\/noticias\/wp-content\/uploads\/2026\/01\/WhatsApp-Image-2025-01-15-at-16.48.58.jpeg","contentUrl":"https:\/\/motorista.com.br\/noticias\/wp-content\/uploads\/2026\/01\/WhatsApp-Image-2025-01-15-at-16.48.58.jpeg","width":1280,"height":720},{"@type":"BreadcrumbList","@id":"https:\/\/motorista.com.br\/noticias\/2026\/01\/09\/app-de-transporte-criado-por-advogado-em-santa-catarina-atende-15-mil-passageiros-mensais\/#breadcrumb","itemListElement":[{"@type":"ListItem","position":1,"name":"In\u00edcio","item":"https:\/\/motorista.com.br\/noticias\/"},{"@type":"ListItem","position":2,"name":"App de transporte criado por advogado em Santa Catarina atende 15 mil passageiros mensais."}]},{"@type":"WebSite","@id":"https:\/\/motorista.com.br\/noticias\/#website","url":"https:\/\/motorista.com.br\/noticias\/","name":"Motorista.com.br","description":"Not\u00edcia do Motorista","publisher":{"@id":"https:\/\/motorista.com.br\/noticias\/#organization"},"potentialAction":[{"@type":"SearchAction","target":{"@type":"EntryPoint","urlTemplate":"https:\/\/motorista.com.br\/noticias\/?s={search_term_string}"},"query-input":{"@type":"PropertyValueSpecification","valueRequired":true,"valueName":"search_term_string"}}],"inLanguage":"pt-BR"},{"@type":"Organization","@id":"https:\/\/motorista.com.br\/noticias\/#organization","name":"Motorista.com.br","url":"https:\/\/motorista.com.br\/noticias\/","logo":{"@type":"ImageObject","inLanguage":"pt-BR","@id":"https:\/\/motorista.com.br\/noticias\/#\/schema\/logo\/image\/","url":"https:\/\/motorista.com.br\/noticias\/wp-content\/uploads\/2025\/06\/Design-sem-nome-9.png","contentUrl":"https:\/\/motorista.com.br\/noticias\/wp-content\/uploads\/2025\/06\/Design-sem-nome-9.png","width":150,"height":85,"caption":"Motorista.com.br"},"image":{"@id":"https:\/\/motorista.com.br\/noticias\/#\/schema\/logo\/image\/"}},{"@type":"Person","@id":"https:\/\/motorista.com.br\/noticias\/#\/schema\/person\/dc93afc2981c0e3ce6bc3c053fd847be","name":"Equipe Reda\u00e7\u00e3o","image":{"@type":"ImageObject","inLanguage":"pt-BR","@id":"https:\/\/secure.gravatar.com\/avatar\/4f525efbf18dd2bb300ccad28bfb99d95a9465a5ba268407c8c37b37e1f28d2d?s=96&d=mm&r=g9e099043a0c61e9ae27e293b9fa75ffc","url":"https:\/\/secure.gravatar.com\/avatar\/4f525efbf18dd2bb300ccad28bfb99d95a9465a5ba268407c8c37b37e1f28d2d?s=96&d=mm&r=g","contentUrl":"https:\/\/secure.gravatar.com\/avatar\/4f525efbf18dd2bb300ccad28bfb99d95a9465a5ba268407c8c37b37e1f28d2d?s=96&d=mm&r=g","caption":"Equipe Reda\u00e7\u00e3o"},"description":"Equipe de reda\u00e7\u00e3o \u00e9 um grupo de profissionais que trabalham juntos para criar conte\u00fado escrito para Motorista.com.br","url":"https:\/\/motorista.com.br\/noticias\/author\/equiperedacao\/"}]}},"_links":{"self":[{"href":"https:\/\/motorista.com.br\/noticias\/wp-json\/wp\/v2\/posts\/5667","targetHints":{"allow":["GET"]}}],"collection":[{"href":"https:\/\/motorista.com.br\/noticias\/wp-json\/wp\/v2\/posts"}],"about":[{"href":"https:\/\/motorista.com.br\/noticias\/wp-json\/wp\/v2\/types\/post"}],"author":[{"embeddable":true,"href":"https:\/\/motorista.com.br\/noticias\/wp-json\/wp\/v2\/users\/4"}],"replies":[{"embeddable":true,"href":"https:\/\/motorista.com.br\/noticias\/wp-json\/wp\/v2\/comments?post=5667"}],"version-history":[{"count":0,"href":"https:\/\/motorista.com.br\/noticias\/wp-json\/wp\/v2\/posts\/5667\/revisions"}],"wp:featuredmedia":[{"embeddable":true,"href":"https:\/\/motorista.com.br\/noticias\/wp-json\/wp\/v2\/media\/5668"}],"wp:attachment":[{"href":"https:\/\/motorista.com.br\/noticias\/wp-json\/wp\/v2\/media?parent=5667"}],"wp:term":[{"taxonomy":"category","embeddable":true,"href":"https:\/\/motorista.com.br\/noticias\/wp-json\/wp\/v2\/categories?post=5667"},{"taxonomy":"post_tag","embeddable":true,"href":"https:\/\/motorista.com.br\/noticias\/wp-json\/wp\/v2\/tags?post=5667"},{"taxonomy":"author","embeddable":true,"href":"https:\/\/motorista.com.br\/noticias\/wp-json\/wp\/v2\/coauthors?post=5667"}],"curies":[{"name":"wp","href":"https:\/\/api.w.org\/{rel}","templated":true}]}}