{"id":5666,"date":"2026-01-09T07:56:18","date_gmt":"2026-01-09T10:56:18","guid":{"rendered":"https:\/\/motorista.com.br\/noticias\/2026\/01\/09\/recontar-a-historia-nao-garante-justica-fiscal\/"},"modified":"2026-01-09T07:56:18","modified_gmt":"2026-01-09T10:56:18","slug":"recontar-a-historia-nao-garante-justica-fiscal","status":"publish","type":"post","link":"https:\/\/motorista.com.br\/noticias\/2026\/01\/09\/recontar-a-historia-nao-garante-justica-fiscal\/","title":{"rendered":"Recontar a hist\u00f3ria n\u00e3o garante justi\u00e7a fiscal."},"content":{"rendered":"<p><\/p>\n<h3>Reescrever a Hist\u00f3ria N\u00e3o Promove Justi\u00e7a Fiscal<\/h3>\n<p>A recente aprova\u00e7\u00e3o da Lei Complementar n\u00ba 224\/2025 trouxe \u00e0 tona a discuss\u00e3o sobre o tratamento do Lucro Presumido como &quot;benef\u00edcio tribut\u00e1rio&quot;. Tal mudan\u00e7a desconsidera a legisla\u00e7\u00e3o atual e gera confus\u00e3o sobre a natureza desse regime. \u00c9 fundamental esclarecer que o Lucro Presumido \u00e9 uma op\u00e7\u00e3o legal e leg\u00edtima para a apura\u00e7\u00e3o do Imposto de Renda, n\u00e3o um favor concedido pelo Estado. Esse equ\u00edvoco n\u00e3o apenas compromete a compreens\u00e3o do sistema tribut\u00e1rio, mas tamb\u00e9m pode impactar a mobilidade e a economia em geral, especialmente para os motoristas e trabalhadores aut\u00f4nomos.<\/p>\n<h4>Op\u00e7\u00e3o Legal e Suas Implica\u00e7\u00f5es<\/h4>\n<p>O Lucro Presumido foi reconhecido historicamente como uma maneira leg\u00edtima de apura\u00e7\u00e3o. Essa alternativa proporciona simplicidade e previsibilidade para muitas empresas, mas sua recente reclassifica\u00e7\u00e3o pode resultar em um aumento da carga tribut\u00e1ria. Para motoristas aut\u00f4nomos e trabalhadores do setor de transporte, isso significa menor lucro e, consequentemente, dificuldade em manter a viabilidade de seus neg\u00f3cios. Ao for\u00e7ar uma nova vis\u00e3o sobre esse regime, a lei pode acabar penalizando quem j\u00e1 atua de acordo com as normas estabelecidas.<\/p>\n<h4>M\u00e9todo de Apura\u00e7\u00e3o versus Benef\u00edcio Fiscal<\/h4>\n<p>Confundir um m\u00e9todo de apura\u00e7\u00e3o com um benef\u00edcio fiscal cria uma s\u00e9rie de equ\u00edvocos. O Lucro Presumido n\u00e3o resulta em uma diminui\u00e7\u00e3o do imposto que as empresas pagam; pelo contr\u00e1rio, muitas vezes resulta em tributa\u00e7\u00f5es superiores, dependendo da situa\u00e7\u00e3o financeira de cada contribuinte. Isso \u00e9 particularmente relevante para motoristas e pequenos empreendedores, que podem optar por esse regime tentando simplificar suas obriga\u00e7\u00f5es, mas podem acabar em uma situa\u00e7\u00e3o pior do que se escolhessem o Lucro Real. <\/p>\n<p>A mobilidade dessas pessoas est\u00e1 diretamente ligada \u00e0 sua capacidade de gerir bem suas finan\u00e7as, e um aumento inesperado de tributos pode afetar n\u00e3o s\u00f3 suas vidas pessoais como tamb\u00e9m a oferta de servi\u00e7os no setor. Quando os custos aumentam, h\u00e1 uma tend\u00eancia a repassar esses valores para os consumidores, impactando o pre\u00e7o do transporte e, consequentemente, a din\u00e2mica da mobilidade nas cidades.<\/p>\n<h4>A Repercuss\u00e3o de Decis\u00f5es Legislativas<\/h4>\n<p>Tratar o Lucro Presumido como um &quot;benef\u00edcio&quot; abre caminho para futuras interpreta\u00e7\u00f5es que poderiam reclassificar outros regimes tribut\u00e1rios leg\u00edtimos. Isso gera um ambiente de incerteza, onde motoristas e pequenos comerciantes poderiam ser penalizados por escolhas legais feitas anteriormente. A inseguran\u00e7a jur\u00eddica n\u00e3o apenas desencoraja investidores, mas tamb\u00e9m pode frear a mobilidade urbana ao desestimular novos servi\u00e7os que dependem de trabalhadores aut\u00f4nomos.<\/p>\n<p>A l\u00f3gica tribut\u00e1ria demonstra que, longe de reparar injusti\u00e7as fiscais, essa mudan\u00e7a pode refor\u00e7ar desigualdades e penalizar aqueles que buscam, de forma leg\u00edtima, otimizar suas cargas tribut\u00e1rias. O fundamental \u00e9 que o sistema permane\u00e7a justo e coerente, garantindo que as op\u00e7\u00f5es dispon\u00edveis contribuam para um ambiente econ\u00f4mico saud\u00e1vel.<\/p>\n<h4>Conclus\u00e3o<\/h4>\n<p>A altera\u00e7\u00e3o na classifica\u00e7\u00e3o do Lucro Presumido como &quot;benef\u00edcio fiscal&quot; pela LC 224\/2025 \u00e9 um retrocesso que ignora as nuances do sistema tribut\u00e1rio. Para aqueles que trabalham em setores essenciais, como o transporte, essa mudan\u00e7a n\u00e3o significa apenas um rearranjo nas contas, mas pode impactar diretamente sua capacidade de trabalhar e prosperar. A promo\u00e7\u00e3o da justi\u00e7a fiscal deve ser alcan\u00e7ada por meio de decis\u00f5es que respeitem a legalidade e a realidade dos contribuintes, n\u00e3o pela distor\u00e7\u00e3o de conceitos que favore\u00e7am um discurso pol\u00edtico.<\/p>\n<p>Para que a mobilidade e a economia mantenham-se saud\u00e1veis, \u00e9 crucial que as leis e pol\u00edticas tribut\u00e1rias sejam fundamentadas em princ\u00edpios s\u00f3lidos e justos, que priorizem a equidade e a estabilidade no ambiente de neg\u00f3cios.<\/p>\n<p><em>Fonte: www.reformatributaria<\/em><\/p>\n","protected":false},"excerpt":{"rendered":"<p>Reescrever a Hist\u00f3ria N\u00e3o Promove Justi\u00e7a Fiscal A recente aprova\u00e7\u00e3o da Lei Complementar n\u00ba 224\/2025 trouxe \u00e0 tona a discuss\u00e3o sobre o tratamento do Lucro Presumido como &quot;benef\u00edcio tribut\u00e1rio&quot;. Tal mudan\u00e7a desconsidera a legisla\u00e7\u00e3o atual e gera confus\u00e3o sobre a natureza desse regime. \u00c9 fundamental esclarecer que o Lucro Presumido \u00e9 uma op\u00e7\u00e3o legal e &hellip;<\/p>\n","protected":false},"author":4,"featured_media":4938,"comment_status":"","ping_status":"open","sticky":false,"template":"","format":"standard","meta":{"footnotes":""},"categories":[35],"tags":[],"coauthors":[42],"class_list":["post-5666","post","type-post","status-publish","format-standard","has-post-thumbnail","hentry","category-legislacao"],"yoast_head":"<!-- This site is optimized with the Yoast SEO Premium plugin v25.5 (Yoast SEO v27.4) - https:\/\/yoast.com\/product\/yoast-seo-premium-wordpress\/ -->\n<title>Recontar a hist\u00f3ria n\u00e3o garante justi\u00e7a fiscal. - Motorista.com.br<\/title>\n<meta name=\"robots\" content=\"index, follow, max-snippet:-1, max-image-preview:large, max-video-preview:-1\" \/>\n<link rel=\"canonical\" href=\"https:\/\/motorista.com.br\/noticias\/2026\/01\/09\/recontar-a-historia-nao-garante-justica-fiscal\/\" \/>\n<meta property=\"og:locale\" content=\"pt_BR\" \/>\n<meta property=\"og:type\" content=\"article\" \/>\n<meta property=\"og:title\" content=\"Recontar a hist\u00f3ria n\u00e3o garante justi\u00e7a fiscal.\" \/>\n<meta property=\"og:description\" content=\"Reescrever a Hist\u00f3ria N\u00e3o Promove Justi\u00e7a Fiscal A recente aprova\u00e7\u00e3o da Lei Complementar n\u00ba 224\/2025 trouxe \u00e0 tona a discuss\u00e3o sobre o tratamento do Lucro Presumido como &quot;benef\u00edcio tribut\u00e1rio&quot;. Tal mudan\u00e7a desconsidera a legisla\u00e7\u00e3o atual e gera confus\u00e3o sobre a natureza desse regime. \u00c9 fundamental esclarecer que o Lucro Presumido \u00e9 uma op\u00e7\u00e3o legal e &hellip;\" \/>\n<meta property=\"og:url\" content=\"https:\/\/motorista.com.br\/noticias\/2026\/01\/09\/recontar-a-historia-nao-garante-justica-fiscal\/\" \/>\n<meta property=\"og:site_name\" content=\"Motorista.com.br\" \/>\n<meta property=\"article:published_time\" content=\"2026-01-09T10:56:18+00:00\" \/>\n<meta name=\"author\" content=\"Equipe Reda\u00e7\u00e3o\" \/>\n<meta name=\"twitter:card\" content=\"summary_large_image\" \/>\n<meta name=\"twitter:label1\" content=\"Escrito por\" \/>\n\t<meta name=\"twitter:data1\" content=\"Equipe Reda\u00e7\u00e3o\" \/>\n\t<meta name=\"twitter:label2\" content=\"Est. tempo de leitura\" \/>\n\t<meta name=\"twitter:data2\" content=\"3 minutos\" \/>\n\t<meta name=\"twitter:label3\" content=\"Written by\" \/>\n\t<meta name=\"twitter:data3\" content=\"Equipe Reda\u00e7\u00e3o\" \/>\n<script type=\"application\/ld+json\" class=\"yoast-schema-graph\">{\"@context\":\"https:\\\/\\\/schema.org\",\"@graph\":[{\"@type\":\"Article\",\"@id\":\"https:\\\/\\\/motorista.com.br\\\/noticias\\\/2026\\\/01\\\/09\\\/recontar-a-historia-nao-garante-justica-fiscal\\\/#article\",\"isPartOf\":{\"@id\":\"https:\\\/\\\/motorista.com.br\\\/noticias\\\/2026\\\/01\\\/09\\\/recontar-a-historia-nao-garante-justica-fiscal\\\/\"},\"author\":{\"name\":\"Equipe Reda\u00e7\u00e3o\",\"@id\":\"https:\\\/\\\/motorista.com.br\\\/noticias\\\/#\\\/schema\\\/person\\\/dc93afc2981c0e3ce6bc3c053fd847be\"},\"headline\":\"Recontar a hist\u00f3ria n\u00e3o garante justi\u00e7a fiscal.\",\"datePublished\":\"2026-01-09T10:56:18+00:00\",\"mainEntityOfPage\":{\"@id\":\"https:\\\/\\\/motorista.com.br\\\/noticias\\\/2026\\\/01\\\/09\\\/recontar-a-historia-nao-garante-justica-fiscal\\\/\"},\"wordCount\":664,\"publisher\":{\"@id\":\"https:\\\/\\\/motorista.com.br\\\/noticias\\\/#organization\"},\"image\":{\"@id\":\"https:\\\/\\\/motorista.com.br\\\/noticias\\\/2026\\\/01\\\/09\\\/recontar-a-historia-nao-garante-justica-fiscal\\\/#primaryimage\"},\"thumbnailUrl\":\"https:\\\/\\\/motorista.com.br\\\/noticias\\\/wp-content\\\/uploads\\\/2025\\\/12\\\/Contador-fazendo-calculos-scaled.jpg\",\"articleSection\":[\"Legisla\u00e7\u00e3o\"],\"inLanguage\":\"pt-BR\"},{\"@type\":\"WebPage\",\"@id\":\"https:\\\/\\\/motorista.com.br\\\/noticias\\\/2026\\\/01\\\/09\\\/recontar-a-historia-nao-garante-justica-fiscal\\\/\",\"url\":\"https:\\\/\\\/motorista.com.br\\\/noticias\\\/2026\\\/01\\\/09\\\/recontar-a-historia-nao-garante-justica-fiscal\\\/\",\"name\":\"Recontar a hist\u00f3ria n\u00e3o garante justi\u00e7a fiscal. - Motorista.com.br\",\"isPartOf\":{\"@id\":\"https:\\\/\\\/motorista.com.br\\\/noticias\\\/#website\"},\"primaryImageOfPage\":{\"@id\":\"https:\\\/\\\/motorista.com.br\\\/noticias\\\/2026\\\/01\\\/09\\\/recontar-a-historia-nao-garante-justica-fiscal\\\/#primaryimage\"},\"image\":{\"@id\":\"https:\\\/\\\/motorista.com.br\\\/noticias\\\/2026\\\/01\\\/09\\\/recontar-a-historia-nao-garante-justica-fiscal\\\/#primaryimage\"},\"thumbnailUrl\":\"https:\\\/\\\/motorista.com.br\\\/noticias\\\/wp-content\\\/uploads\\\/2025\\\/12\\\/Contador-fazendo-calculos-scaled.jpg\",\"datePublished\":\"2026-01-09T10:56:18+00:00\",\"breadcrumb\":{\"@id\":\"https:\\\/\\\/motorista.com.br\\\/noticias\\\/2026\\\/01\\\/09\\\/recontar-a-historia-nao-garante-justica-fiscal\\\/#breadcrumb\"},\"inLanguage\":\"pt-BR\",\"potentialAction\":[{\"@type\":\"ReadAction\",\"target\":[\"https:\\\/\\\/motorista.com.br\\\/noticias\\\/2026\\\/01\\\/09\\\/recontar-a-historia-nao-garante-justica-fiscal\\\/\"]}]},{\"@type\":\"ImageObject\",\"inLanguage\":\"pt-BR\",\"@id\":\"https:\\\/\\\/motorista.com.br\\\/noticias\\\/2026\\\/01\\\/09\\\/recontar-a-historia-nao-garante-justica-fiscal\\\/#primaryimage\",\"url\":\"https:\\\/\\\/motorista.com.br\\\/noticias\\\/wp-content\\\/uploads\\\/2025\\\/12\\\/Contador-fazendo-calculos-scaled.jpg\",\"contentUrl\":\"https:\\\/\\\/motorista.com.br\\\/noticias\\\/wp-content\\\/uploads\\\/2025\\\/12\\\/Contador-fazendo-calculos-scaled.jpg\",\"width\":2560,\"height\":1771},{\"@type\":\"BreadcrumbList\",\"@id\":\"https:\\\/\\\/motorista.com.br\\\/noticias\\\/2026\\\/01\\\/09\\\/recontar-a-historia-nao-garante-justica-fiscal\\\/#breadcrumb\",\"itemListElement\":[{\"@type\":\"ListItem\",\"position\":1,\"name\":\"In\u00edcio\",\"item\":\"https:\\\/\\\/motorista.com.br\\\/noticias\\\/\"},{\"@type\":\"ListItem\",\"position\":2,\"name\":\"Recontar a hist\u00f3ria n\u00e3o garante justi\u00e7a fiscal.\"}]},{\"@type\":\"WebSite\",\"@id\":\"https:\\\/\\\/motorista.com.br\\\/noticias\\\/#website\",\"url\":\"https:\\\/\\\/motorista.com.br\\\/noticias\\\/\",\"name\":\"Motorista.com.br\",\"description\":\"Not\u00edcia do Motorista\",\"publisher\":{\"@id\":\"https:\\\/\\\/motorista.com.br\\\/noticias\\\/#organization\"},\"potentialAction\":[{\"@type\":\"SearchAction\",\"target\":{\"@type\":\"EntryPoint\",\"urlTemplate\":\"https:\\\/\\\/motorista.com.br\\\/noticias\\\/?s={search_term_string}\"},\"query-input\":{\"@type\":\"PropertyValueSpecification\",\"valueRequired\":true,\"valueName\":\"search_term_string\"}}],\"inLanguage\":\"pt-BR\"},{\"@type\":\"Organization\",\"@id\":\"https:\\\/\\\/motorista.com.br\\\/noticias\\\/#organization\",\"name\":\"Motorista.com.br\",\"url\":\"https:\\\/\\\/motorista.com.br\\\/noticias\\\/\",\"logo\":{\"@type\":\"ImageObject\",\"inLanguage\":\"pt-BR\",\"@id\":\"https:\\\/\\\/motorista.com.br\\\/noticias\\\/#\\\/schema\\\/logo\\\/image\\\/\",\"url\":\"https:\\\/\\\/motorista.com.br\\\/noticias\\\/wp-content\\\/uploads\\\/2025\\\/06\\\/Design-sem-nome-9.png\",\"contentUrl\":\"https:\\\/\\\/motorista.com.br\\\/noticias\\\/wp-content\\\/uploads\\\/2025\\\/06\\\/Design-sem-nome-9.png\",\"width\":150,\"height\":85,\"caption\":\"Motorista.com.br\"},\"image\":{\"@id\":\"https:\\\/\\\/motorista.com.br\\\/noticias\\\/#\\\/schema\\\/logo\\\/image\\\/\"}},{\"@type\":\"Person\",\"@id\":\"https:\\\/\\\/motorista.com.br\\\/noticias\\\/#\\\/schema\\\/person\\\/dc93afc2981c0e3ce6bc3c053fd847be\",\"name\":\"Equipe Reda\u00e7\u00e3o\",\"image\":{\"@type\":\"ImageObject\",\"inLanguage\":\"pt-BR\",\"@id\":\"https:\\\/\\\/secure.gravatar.com\\\/avatar\\\/4f525efbf18dd2bb300ccad28bfb99d95a9465a5ba268407c8c37b37e1f28d2d?s=96&d=mm&r=g9e099043a0c61e9ae27e293b9fa75ffc\",\"url\":\"https:\\\/\\\/secure.gravatar.com\\\/avatar\\\/4f525efbf18dd2bb300ccad28bfb99d95a9465a5ba268407c8c37b37e1f28d2d?s=96&d=mm&r=g\",\"contentUrl\":\"https:\\\/\\\/secure.gravatar.com\\\/avatar\\\/4f525efbf18dd2bb300ccad28bfb99d95a9465a5ba268407c8c37b37e1f28d2d?s=96&d=mm&r=g\",\"caption\":\"Equipe Reda\u00e7\u00e3o\"},\"description\":\"Equipe de reda\u00e7\u00e3o \u00e9 um grupo de profissionais que trabalham juntos para criar conte\u00fado escrito para Motorista.com.br\",\"url\":\"https:\\\/\\\/motorista.com.br\\\/noticias\\\/author\\\/equiperedacao\\\/\"}]}<\/script>\n<!-- \/ Yoast SEO Premium plugin. -->","yoast_head_json":{"title":"Recontar a hist\u00f3ria n\u00e3o garante justi\u00e7a fiscal. - Motorista.com.br","robots":{"index":"index","follow":"follow","max-snippet":"max-snippet:-1","max-image-preview":"max-image-preview:large","max-video-preview":"max-video-preview:-1"},"canonical":"https:\/\/motorista.com.br\/noticias\/2026\/01\/09\/recontar-a-historia-nao-garante-justica-fiscal\/","og_locale":"pt_BR","og_type":"article","og_title":"Recontar a hist\u00f3ria n\u00e3o garante justi\u00e7a fiscal.","og_description":"Reescrever a Hist\u00f3ria N\u00e3o Promove Justi\u00e7a Fiscal A recente aprova\u00e7\u00e3o da Lei Complementar n\u00ba 224\/2025 trouxe \u00e0 tona a discuss\u00e3o sobre o tratamento do Lucro Presumido como &quot;benef\u00edcio tribut\u00e1rio&quot;. Tal mudan\u00e7a desconsidera a legisla\u00e7\u00e3o atual e gera confus\u00e3o sobre a natureza desse regime. \u00c9 fundamental esclarecer que o Lucro Presumido \u00e9 uma op\u00e7\u00e3o legal e &hellip;","og_url":"https:\/\/motorista.com.br\/noticias\/2026\/01\/09\/recontar-a-historia-nao-garante-justica-fiscal\/","og_site_name":"Motorista.com.br","article_published_time":"2026-01-09T10:56:18+00:00","author":"Equipe Reda\u00e7\u00e3o","twitter_card":"summary_large_image","twitter_misc":{"Escrito por":"Equipe Reda\u00e7\u00e3o","Est. tempo de leitura":"3 minutos","Written by":"Equipe Reda\u00e7\u00e3o"},"schema":{"@context":"https:\/\/schema.org","@graph":[{"@type":"Article","@id":"https:\/\/motorista.com.br\/noticias\/2026\/01\/09\/recontar-a-historia-nao-garante-justica-fiscal\/#article","isPartOf":{"@id":"https:\/\/motorista.com.br\/noticias\/2026\/01\/09\/recontar-a-historia-nao-garante-justica-fiscal\/"},"author":{"name":"Equipe Reda\u00e7\u00e3o","@id":"https:\/\/motorista.com.br\/noticias\/#\/schema\/person\/dc93afc2981c0e3ce6bc3c053fd847be"},"headline":"Recontar a hist\u00f3ria n\u00e3o garante justi\u00e7a fiscal.","datePublished":"2026-01-09T10:56:18+00:00","mainEntityOfPage":{"@id":"https:\/\/motorista.com.br\/noticias\/2026\/01\/09\/recontar-a-historia-nao-garante-justica-fiscal\/"},"wordCount":664,"publisher":{"@id":"https:\/\/motorista.com.br\/noticias\/#organization"},"image":{"@id":"https:\/\/motorista.com.br\/noticias\/2026\/01\/09\/recontar-a-historia-nao-garante-justica-fiscal\/#primaryimage"},"thumbnailUrl":"https:\/\/motorista.com.br\/noticias\/wp-content\/uploads\/2025\/12\/Contador-fazendo-calculos-scaled.jpg","articleSection":["Legisla\u00e7\u00e3o"],"inLanguage":"pt-BR"},{"@type":"WebPage","@id":"https:\/\/motorista.com.br\/noticias\/2026\/01\/09\/recontar-a-historia-nao-garante-justica-fiscal\/","url":"https:\/\/motorista.com.br\/noticias\/2026\/01\/09\/recontar-a-historia-nao-garante-justica-fiscal\/","name":"Recontar a hist\u00f3ria n\u00e3o garante justi\u00e7a fiscal. - Motorista.com.br","isPartOf":{"@id":"https:\/\/motorista.com.br\/noticias\/#website"},"primaryImageOfPage":{"@id":"https:\/\/motorista.com.br\/noticias\/2026\/01\/09\/recontar-a-historia-nao-garante-justica-fiscal\/#primaryimage"},"image":{"@id":"https:\/\/motorista.com.br\/noticias\/2026\/01\/09\/recontar-a-historia-nao-garante-justica-fiscal\/#primaryimage"},"thumbnailUrl":"https:\/\/motorista.com.br\/noticias\/wp-content\/uploads\/2025\/12\/Contador-fazendo-calculos-scaled.jpg","datePublished":"2026-01-09T10:56:18+00:00","breadcrumb":{"@id":"https:\/\/motorista.com.br\/noticias\/2026\/01\/09\/recontar-a-historia-nao-garante-justica-fiscal\/#breadcrumb"},"inLanguage":"pt-BR","potentialAction":[{"@type":"ReadAction","target":["https:\/\/motorista.com.br\/noticias\/2026\/01\/09\/recontar-a-historia-nao-garante-justica-fiscal\/"]}]},{"@type":"ImageObject","inLanguage":"pt-BR","@id":"https:\/\/motorista.com.br\/noticias\/2026\/01\/09\/recontar-a-historia-nao-garante-justica-fiscal\/#primaryimage","url":"https:\/\/motorista.com.br\/noticias\/wp-content\/uploads\/2025\/12\/Contador-fazendo-calculos-scaled.jpg","contentUrl":"https:\/\/motorista.com.br\/noticias\/wp-content\/uploads\/2025\/12\/Contador-fazendo-calculos-scaled.jpg","width":2560,"height":1771},{"@type":"BreadcrumbList","@id":"https:\/\/motorista.com.br\/noticias\/2026\/01\/09\/recontar-a-historia-nao-garante-justica-fiscal\/#breadcrumb","itemListElement":[{"@type":"ListItem","position":1,"name":"In\u00edcio","item":"https:\/\/motorista.com.br\/noticias\/"},{"@type":"ListItem","position":2,"name":"Recontar a hist\u00f3ria n\u00e3o garante justi\u00e7a fiscal."}]},{"@type":"WebSite","@id":"https:\/\/motorista.com.br\/noticias\/#website","url":"https:\/\/motorista.com.br\/noticias\/","name":"Motorista.com.br","description":"Not\u00edcia do Motorista","publisher":{"@id":"https:\/\/motorista.com.br\/noticias\/#organization"},"potentialAction":[{"@type":"SearchAction","target":{"@type":"EntryPoint","urlTemplate":"https:\/\/motorista.com.br\/noticias\/?s={search_term_string}"},"query-input":{"@type":"PropertyValueSpecification","valueRequired":true,"valueName":"search_term_string"}}],"inLanguage":"pt-BR"},{"@type":"Organization","@id":"https:\/\/motorista.com.br\/noticias\/#organization","name":"Motorista.com.br","url":"https:\/\/motorista.com.br\/noticias\/","logo":{"@type":"ImageObject","inLanguage":"pt-BR","@id":"https:\/\/motorista.com.br\/noticias\/#\/schema\/logo\/image\/","url":"https:\/\/motorista.com.br\/noticias\/wp-content\/uploads\/2025\/06\/Design-sem-nome-9.png","contentUrl":"https:\/\/motorista.com.br\/noticias\/wp-content\/uploads\/2025\/06\/Design-sem-nome-9.png","width":150,"height":85,"caption":"Motorista.com.br"},"image":{"@id":"https:\/\/motorista.com.br\/noticias\/#\/schema\/logo\/image\/"}},{"@type":"Person","@id":"https:\/\/motorista.com.br\/noticias\/#\/schema\/person\/dc93afc2981c0e3ce6bc3c053fd847be","name":"Equipe Reda\u00e7\u00e3o","image":{"@type":"ImageObject","inLanguage":"pt-BR","@id":"https:\/\/secure.gravatar.com\/avatar\/4f525efbf18dd2bb300ccad28bfb99d95a9465a5ba268407c8c37b37e1f28d2d?s=96&d=mm&r=g9e099043a0c61e9ae27e293b9fa75ffc","url":"https:\/\/secure.gravatar.com\/avatar\/4f525efbf18dd2bb300ccad28bfb99d95a9465a5ba268407c8c37b37e1f28d2d?s=96&d=mm&r=g","contentUrl":"https:\/\/secure.gravatar.com\/avatar\/4f525efbf18dd2bb300ccad28bfb99d95a9465a5ba268407c8c37b37e1f28d2d?s=96&d=mm&r=g","caption":"Equipe Reda\u00e7\u00e3o"},"description":"Equipe de reda\u00e7\u00e3o \u00e9 um grupo de profissionais que trabalham juntos para criar conte\u00fado escrito para Motorista.com.br","url":"https:\/\/motorista.com.br\/noticias\/author\/equiperedacao\/"}]}},"_links":{"self":[{"href":"https:\/\/motorista.com.br\/noticias\/wp-json\/wp\/v2\/posts\/5666","targetHints":{"allow":["GET"]}}],"collection":[{"href":"https:\/\/motorista.com.br\/noticias\/wp-json\/wp\/v2\/posts"}],"about":[{"href":"https:\/\/motorista.com.br\/noticias\/wp-json\/wp\/v2\/types\/post"}],"author":[{"embeddable":true,"href":"https:\/\/motorista.com.br\/noticias\/wp-json\/wp\/v2\/users\/4"}],"replies":[{"embeddable":true,"href":"https:\/\/motorista.com.br\/noticias\/wp-json\/wp\/v2\/comments?post=5666"}],"version-history":[{"count":0,"href":"https:\/\/motorista.com.br\/noticias\/wp-json\/wp\/v2\/posts\/5666\/revisions"}],"wp:featuredmedia":[{"embeddable":true,"href":"https:\/\/motorista.com.br\/noticias\/wp-json\/wp\/v2\/media\/4938"}],"wp:attachment":[{"href":"https:\/\/motorista.com.br\/noticias\/wp-json\/wp\/v2\/media?parent=5666"}],"wp:term":[{"taxonomy":"category","embeddable":true,"href":"https:\/\/motorista.com.br\/noticias\/wp-json\/wp\/v2\/categories?post=5666"},{"taxonomy":"post_tag","embeddable":true,"href":"https:\/\/motorista.com.br\/noticias\/wp-json\/wp\/v2\/tags?post=5666"},{"taxonomy":"author","embeddable":true,"href":"https:\/\/motorista.com.br\/noticias\/wp-json\/wp\/v2\/coauthors?post=5666"}],"curies":[{"name":"wp","href":"https:\/\/api.w.org\/{rel}","templated":true}]}}