{"id":5641,"date":"2026-01-08T11:24:20","date_gmt":"2026-01-08T14:24:20","guid":{"rendered":"https:\/\/motorista.com.br\/noticias\/2026\/01\/08\/novos-23-pontos-de-parada-e-descanso-em-rodovias-federais\/"},"modified":"2026-01-08T11:24:20","modified_gmt":"2026-01-08T14:24:20","slug":"novos-23-pontos-de-parada-e-descanso-em-rodovias-federais","status":"publish","type":"post","link":"https:\/\/motorista.com.br\/noticias\/2026\/01\/08\/novos-23-pontos-de-parada-e-descanso-em-rodovias-federais\/","title":{"rendered":"Novos 23 Pontos de Parada e Descanso em Rodovias Federais."},"content":{"rendered":"<p><\/p>\n<h1>Rodovias Federais Pedagiadas Ganham 23 Novos Pontos de Parada e Descanso<\/h1>\n<p>Os Pontos de Parada e Descanso (PPDs) s\u00e3o essenciais para garantir a seguran\u00e7a e o bem-estar dos motoristas que atuam no transporte rodovi\u00e1rio de cargas e passageiros. Essa infraestrutura permite que os profissionais tenham um local adequado para descansar, al\u00e9m de contribuir para a redu\u00e7\u00e3o da fadiga e melhorar a seguran\u00e7a vi\u00e1ria.<\/p>\n<p>A cria\u00e7\u00e3o e amplia\u00e7\u00e3o desses pontos v\u00e3o al\u00e9m de atender \u00e0 Lei n\u00ba 13.103\/2015, que regulamenta a jornada de trabalho dos motoristas; implica em um compromisso com a sa\u00fade e a seguran\u00e7a de todos os usu\u00e1rios das estradas. A atua\u00e7\u00e3o conjunta da Ag\u00eancia Nacional de Transportes Terrestres (ANTT), do Minist\u00e9rio dos Transportes e do Departamento Nacional de Infraestrutura de Transportes (DNIT) \u00e9 crucial para a implementa\u00e7\u00e3o e fiscaliza\u00e7\u00e3o dos PPDs, garantindo que esses locais sejam funcionais e bem mantidos.<\/p>\n<h2>Estrutura e Funcionamento<\/h2>\n<p>Para que os PPDs cumpram sua fun\u00e7\u00e3o, \u00e9 fundamental que apresentem uma infraestrutura adequada. Isso inclui banheiros limpos, \u00e1reas de alimenta\u00e7\u00e3o, estacionamentos seguros e espa\u00e7os de descanso com boa ilumina\u00e7\u00e3o. Assegurar a seguran\u00e7a nesse ambiente \u00e9 primordial; sistemas de vigil\u00e2ncia e seguran\u00e7a privada s\u00e3o requisitos importantes, proporcionando aos motoristas um local seguro para suas pausas.<\/p>\n<p>Esses pontos, al\u00e9m de promoverem um descanso seguro, ajudam a organizar o tr\u00e1fego. Ao oferecer uma alternativa estrutural para paradas, diminuem o n\u00famero de paradas irregulares em acostamentos e \u00e1reas n\u00e3o autorizadas, resultando em uma mobilidade mais fluida e segura para todos.<\/p>\n<h2>PPDs em Funcionamento e Novidades Futuras<\/h2>\n<p>Atualmente, oito PPDs j\u00e1 est\u00e3o em opera\u00e7\u00e3o em diversas rodovias federais, como as localizadas na BR-101\/SC e BR-153\/GO. Essa rede inicial ajuda a criar um modelo que pode ser aprimorado e expandido.<\/p>\n<p>A perspectiva de expans\u00e3o com a entrega de 23 novos PPDs at\u00e9 2027 \u00e9 promissora. Com cinco novas unidades previstas para 2026 e 18 para 2027, essa amplia\u00e7\u00e3o representa um passo significativo na melhoria das condi\u00e7\u00f5es de trabalho dos motoristas, impactando positivamente a mobilidade em geral.<\/p>\n<h2>Conclus\u00e3o<\/h2>\n<p>A instala\u00e7\u00e3o de novos Pontos de Parada e Descanso nas rodovias federais n\u00e3o s\u00f3 promove o descanso e a seguran\u00e7a dos motoristas, mas tamb\u00e9m reflete um compromisso com a melhoria da mobilidade no Brasil. A integra\u00e7\u00e3o de infraestrutura adequada e o suporte a motoristas contribuem para uma rede de transporte mais segura e eficiente, beneficiando toda a sociedade.<\/p>\n<p><strong>Fonte: motorista<\/strong><\/p>\n","protected":false},"excerpt":{"rendered":"<p>Rodovias Federais Pedagiadas Ganham 23 Novos Pontos de Parada e Descanso Os Pontos de Parada e Descanso (PPDs) s\u00e3o essenciais para garantir a seguran\u00e7a e o bem-estar dos motoristas que atuam no transporte rodovi\u00e1rio de cargas e passageiros. Essa infraestrutura permite que os profissionais tenham um local adequado para descansar, al\u00e9m de contribuir para a &hellip;<\/p>\n","protected":false},"author":4,"featured_media":5642,"comment_status":"","ping_status":"open","sticky":false,"template":"","format":"standard","meta":{"footnotes":""},"categories":[78,77],"tags":[],"coauthors":[42],"class_list":["post-5641","post","type-post","status-publish","format-standard","has-post-thumbnail","hentry","category-carreteiro","category-motorista"],"yoast_head":"<!-- This site is optimized with the Yoast SEO Premium plugin v25.5 (Yoast SEO v27.4) - https:\/\/yoast.com\/product\/yoast-seo-premium-wordpress\/ -->\n<title>Novos 23 Pontos de Parada e Descanso em Rodovias Federais. - Motorista.com.br<\/title>\n<meta name=\"robots\" content=\"index, follow, max-snippet:-1, max-image-preview:large, max-video-preview:-1\" \/>\n<link rel=\"canonical\" href=\"https:\/\/motorista.com.br\/noticias\/2026\/01\/08\/novos-23-pontos-de-parada-e-descanso-em-rodovias-federais\/\" \/>\n<meta property=\"og:locale\" content=\"pt_BR\" \/>\n<meta property=\"og:type\" content=\"article\" \/>\n<meta property=\"og:title\" content=\"Novos 23 Pontos de Parada e Descanso em Rodovias Federais.\" \/>\n<meta property=\"og:description\" content=\"Rodovias Federais Pedagiadas Ganham 23 Novos Pontos de Parada e Descanso Os Pontos de Parada e Descanso (PPDs) s\u00e3o essenciais para garantir a seguran\u00e7a e o bem-estar dos motoristas que atuam no transporte rodovi\u00e1rio de cargas e passageiros. Essa infraestrutura permite que os profissionais tenham um local adequado para descansar, al\u00e9m de contribuir para a &hellip;\" \/>\n<meta property=\"og:url\" content=\"https:\/\/motorista.com.br\/noticias\/2026\/01\/08\/novos-23-pontos-de-parada-e-descanso-em-rodovias-federais\/\" \/>\n<meta property=\"og:site_name\" content=\"Motorista.com.br\" \/>\n<meta property=\"article:published_time\" content=\"2026-01-08T14:24:20+00:00\" \/>\n<meta name=\"author\" content=\"Equipe Reda\u00e7\u00e3o\" \/>\n<meta name=\"twitter:card\" content=\"summary_large_image\" \/>\n<meta name=\"twitter:label1\" content=\"Escrito por\" \/>\n\t<meta name=\"twitter:data1\" content=\"Equipe Reda\u00e7\u00e3o\" \/>\n\t<meta name=\"twitter:label2\" content=\"Est. tempo de leitura\" \/>\n\t<meta name=\"twitter:data2\" content=\"2 minutos\" \/>\n\t<meta name=\"twitter:label3\" content=\"Written by\" \/>\n\t<meta name=\"twitter:data3\" content=\"Equipe Reda\u00e7\u00e3o\" \/>\n<script type=\"application\/ld+json\" class=\"yoast-schema-graph\">{\"@context\":\"https:\\\/\\\/schema.org\",\"@graph\":[{\"@type\":\"Article\",\"@id\":\"https:\\\/\\\/motorista.com.br\\\/noticias\\\/2026\\\/01\\\/08\\\/novos-23-pontos-de-parada-e-descanso-em-rodovias-federais\\\/#article\",\"isPartOf\":{\"@id\":\"https:\\\/\\\/motorista.com.br\\\/noticias\\\/2026\\\/01\\\/08\\\/novos-23-pontos-de-parada-e-descanso-em-rodovias-federais\\\/\"},\"author\":{\"name\":\"Equipe Reda\u00e7\u00e3o\",\"@id\":\"https:\\\/\\\/motorista.com.br\\\/noticias\\\/#\\\/schema\\\/person\\\/dc93afc2981c0e3ce6bc3c053fd847be\"},\"headline\":\"Novos 23 Pontos de Parada e Descanso em Rodovias Federais.\",\"datePublished\":\"2026-01-08T14:24:20+00:00\",\"mainEntityOfPage\":{\"@id\":\"https:\\\/\\\/motorista.com.br\\\/noticias\\\/2026\\\/01\\\/08\\\/novos-23-pontos-de-parada-e-descanso-em-rodovias-federais\\\/\"},\"wordCount\":428,\"publisher\":{\"@id\":\"https:\\\/\\\/motorista.com.br\\\/noticias\\\/#organization\"},\"image\":{\"@id\":\"https:\\\/\\\/motorista.com.br\\\/noticias\\\/2026\\\/01\\\/08\\\/novos-23-pontos-de-parada-e-descanso-em-rodovias-federais\\\/#primaryimage\"},\"thumbnailUrl\":\"https:\\\/\\\/motorista.com.br\\\/noticias\\\/wp-content\\\/uploads\\\/2026\\\/01\\\/Ponto-de-Parada-e-Descanso-BR-163-Via-Brasil-2.jpeg\",\"articleSection\":[\"Carreteiro\",\"Motorista\"],\"inLanguage\":\"pt-BR\"},{\"@type\":\"WebPage\",\"@id\":\"https:\\\/\\\/motorista.com.br\\\/noticias\\\/2026\\\/01\\\/08\\\/novos-23-pontos-de-parada-e-descanso-em-rodovias-federais\\\/\",\"url\":\"https:\\\/\\\/motorista.com.br\\\/noticias\\\/2026\\\/01\\\/08\\\/novos-23-pontos-de-parada-e-descanso-em-rodovias-federais\\\/\",\"name\":\"Novos 23 Pontos de Parada e Descanso em Rodovias Federais. - Motorista.com.br\",\"isPartOf\":{\"@id\":\"https:\\\/\\\/motorista.com.br\\\/noticias\\\/#website\"},\"primaryImageOfPage\":{\"@id\":\"https:\\\/\\\/motorista.com.br\\\/noticias\\\/2026\\\/01\\\/08\\\/novos-23-pontos-de-parada-e-descanso-em-rodovias-federais\\\/#primaryimage\"},\"image\":{\"@id\":\"https:\\\/\\\/motorista.com.br\\\/noticias\\\/2026\\\/01\\\/08\\\/novos-23-pontos-de-parada-e-descanso-em-rodovias-federais\\\/#primaryimage\"},\"thumbnailUrl\":\"https:\\\/\\\/motorista.com.br\\\/noticias\\\/wp-content\\\/uploads\\\/2026\\\/01\\\/Ponto-de-Parada-e-Descanso-BR-163-Via-Brasil-2.jpeg\",\"datePublished\":\"2026-01-08T14:24:20+00:00\",\"breadcrumb\":{\"@id\":\"https:\\\/\\\/motorista.com.br\\\/noticias\\\/2026\\\/01\\\/08\\\/novos-23-pontos-de-parada-e-descanso-em-rodovias-federais\\\/#breadcrumb\"},\"inLanguage\":\"pt-BR\",\"potentialAction\":[{\"@type\":\"ReadAction\",\"target\":[\"https:\\\/\\\/motorista.com.br\\\/noticias\\\/2026\\\/01\\\/08\\\/novos-23-pontos-de-parada-e-descanso-em-rodovias-federais\\\/\"]}]},{\"@type\":\"ImageObject\",\"inLanguage\":\"pt-BR\",\"@id\":\"https:\\\/\\\/motorista.com.br\\\/noticias\\\/2026\\\/01\\\/08\\\/novos-23-pontos-de-parada-e-descanso-em-rodovias-federais\\\/#primaryimage\",\"url\":\"https:\\\/\\\/motorista.com.br\\\/noticias\\\/wp-content\\\/uploads\\\/2026\\\/01\\\/Ponto-de-Parada-e-Descanso-BR-163-Via-Brasil-2.jpeg\",\"contentUrl\":\"https:\\\/\\\/motorista.com.br\\\/noticias\\\/wp-content\\\/uploads\\\/2026\\\/01\\\/Ponto-de-Parada-e-Descanso-BR-163-Via-Brasil-2.jpeg\",\"width\":1024,\"height\":768},{\"@type\":\"BreadcrumbList\",\"@id\":\"https:\\\/\\\/motorista.com.br\\\/noticias\\\/2026\\\/01\\\/08\\\/novos-23-pontos-de-parada-e-descanso-em-rodovias-federais\\\/#breadcrumb\",\"itemListElement\":[{\"@type\":\"ListItem\",\"position\":1,\"name\":\"In\u00edcio\",\"item\":\"https:\\\/\\\/motorista.com.br\\\/noticias\\\/\"},{\"@type\":\"ListItem\",\"position\":2,\"name\":\"Novos 23 Pontos de Parada e Descanso em Rodovias Federais.\"}]},{\"@type\":\"WebSite\",\"@id\":\"https:\\\/\\\/motorista.com.br\\\/noticias\\\/#website\",\"url\":\"https:\\\/\\\/motorista.com.br\\\/noticias\\\/\",\"name\":\"Motorista.com.br\",\"description\":\"Not\u00edcia do Motorista\",\"publisher\":{\"@id\":\"https:\\\/\\\/motorista.com.br\\\/noticias\\\/#organization\"},\"potentialAction\":[{\"@type\":\"SearchAction\",\"target\":{\"@type\":\"EntryPoint\",\"urlTemplate\":\"https:\\\/\\\/motorista.com.br\\\/noticias\\\/?s={search_term_string}\"},\"query-input\":{\"@type\":\"PropertyValueSpecification\",\"valueRequired\":true,\"valueName\":\"search_term_string\"}}],\"inLanguage\":\"pt-BR\"},{\"@type\":\"Organization\",\"@id\":\"https:\\\/\\\/motorista.com.br\\\/noticias\\\/#organization\",\"name\":\"Motorista.com.br\",\"url\":\"https:\\\/\\\/motorista.com.br\\\/noticias\\\/\",\"logo\":{\"@type\":\"ImageObject\",\"inLanguage\":\"pt-BR\",\"@id\":\"https:\\\/\\\/motorista.com.br\\\/noticias\\\/#\\\/schema\\\/logo\\\/image\\\/\",\"url\":\"https:\\\/\\\/motorista.com.br\\\/noticias\\\/wp-content\\\/uploads\\\/2025\\\/06\\\/Design-sem-nome-9.png\",\"contentUrl\":\"https:\\\/\\\/motorista.com.br\\\/noticias\\\/wp-content\\\/uploads\\\/2025\\\/06\\\/Design-sem-nome-9.png\",\"width\":150,\"height\":85,\"caption\":\"Motorista.com.br\"},\"image\":{\"@id\":\"https:\\\/\\\/motorista.com.br\\\/noticias\\\/#\\\/schema\\\/logo\\\/image\\\/\"}},{\"@type\":\"Person\",\"@id\":\"https:\\\/\\\/motorista.com.br\\\/noticias\\\/#\\\/schema\\\/person\\\/dc93afc2981c0e3ce6bc3c053fd847be\",\"name\":\"Equipe Reda\u00e7\u00e3o\",\"image\":{\"@type\":\"ImageObject\",\"inLanguage\":\"pt-BR\",\"@id\":\"https:\\\/\\\/secure.gravatar.com\\\/avatar\\\/4f525efbf18dd2bb300ccad28bfb99d95a9465a5ba268407c8c37b37e1f28d2d?s=96&d=mm&r=g9e099043a0c61e9ae27e293b9fa75ffc\",\"url\":\"https:\\\/\\\/secure.gravatar.com\\\/avatar\\\/4f525efbf18dd2bb300ccad28bfb99d95a9465a5ba268407c8c37b37e1f28d2d?s=96&d=mm&r=g\",\"contentUrl\":\"https:\\\/\\\/secure.gravatar.com\\\/avatar\\\/4f525efbf18dd2bb300ccad28bfb99d95a9465a5ba268407c8c37b37e1f28d2d?s=96&d=mm&r=g\",\"caption\":\"Equipe Reda\u00e7\u00e3o\"},\"description\":\"Equipe de reda\u00e7\u00e3o \u00e9 um grupo de profissionais que trabalham juntos para criar conte\u00fado escrito para Motorista.com.br\",\"url\":\"https:\\\/\\\/motorista.com.br\\\/noticias\\\/author\\\/equiperedacao\\\/\"}]}<\/script>\n<!-- \/ Yoast SEO Premium plugin. -->","yoast_head_json":{"title":"Novos 23 Pontos de Parada e Descanso em Rodovias Federais. - Motorista.com.br","robots":{"index":"index","follow":"follow","max-snippet":"max-snippet:-1","max-image-preview":"max-image-preview:large","max-video-preview":"max-video-preview:-1"},"canonical":"https:\/\/motorista.com.br\/noticias\/2026\/01\/08\/novos-23-pontos-de-parada-e-descanso-em-rodovias-federais\/","og_locale":"pt_BR","og_type":"article","og_title":"Novos 23 Pontos de Parada e Descanso em Rodovias Federais.","og_description":"Rodovias Federais Pedagiadas Ganham 23 Novos Pontos de Parada e Descanso Os Pontos de Parada e Descanso (PPDs) s\u00e3o essenciais para garantir a seguran\u00e7a e o bem-estar dos motoristas que atuam no transporte rodovi\u00e1rio de cargas e passageiros. Essa infraestrutura permite que os profissionais tenham um local adequado para descansar, al\u00e9m de contribuir para a &hellip;","og_url":"https:\/\/motorista.com.br\/noticias\/2026\/01\/08\/novos-23-pontos-de-parada-e-descanso-em-rodovias-federais\/","og_site_name":"Motorista.com.br","article_published_time":"2026-01-08T14:24:20+00:00","author":"Equipe Reda\u00e7\u00e3o","twitter_card":"summary_large_image","twitter_misc":{"Escrito por":"Equipe Reda\u00e7\u00e3o","Est. tempo de leitura":"2 minutos","Written by":"Equipe Reda\u00e7\u00e3o"},"schema":{"@context":"https:\/\/schema.org","@graph":[{"@type":"Article","@id":"https:\/\/motorista.com.br\/noticias\/2026\/01\/08\/novos-23-pontos-de-parada-e-descanso-em-rodovias-federais\/#article","isPartOf":{"@id":"https:\/\/motorista.com.br\/noticias\/2026\/01\/08\/novos-23-pontos-de-parada-e-descanso-em-rodovias-federais\/"},"author":{"name":"Equipe Reda\u00e7\u00e3o","@id":"https:\/\/motorista.com.br\/noticias\/#\/schema\/person\/dc93afc2981c0e3ce6bc3c053fd847be"},"headline":"Novos 23 Pontos de Parada e Descanso em Rodovias Federais.","datePublished":"2026-01-08T14:24:20+00:00","mainEntityOfPage":{"@id":"https:\/\/motorista.com.br\/noticias\/2026\/01\/08\/novos-23-pontos-de-parada-e-descanso-em-rodovias-federais\/"},"wordCount":428,"publisher":{"@id":"https:\/\/motorista.com.br\/noticias\/#organization"},"image":{"@id":"https:\/\/motorista.com.br\/noticias\/2026\/01\/08\/novos-23-pontos-de-parada-e-descanso-em-rodovias-federais\/#primaryimage"},"thumbnailUrl":"https:\/\/motorista.com.br\/noticias\/wp-content\/uploads\/2026\/01\/Ponto-de-Parada-e-Descanso-BR-163-Via-Brasil-2.jpeg","articleSection":["Carreteiro","Motorista"],"inLanguage":"pt-BR"},{"@type":"WebPage","@id":"https:\/\/motorista.com.br\/noticias\/2026\/01\/08\/novos-23-pontos-de-parada-e-descanso-em-rodovias-federais\/","url":"https:\/\/motorista.com.br\/noticias\/2026\/01\/08\/novos-23-pontos-de-parada-e-descanso-em-rodovias-federais\/","name":"Novos 23 Pontos de Parada e Descanso em Rodovias Federais. - Motorista.com.br","isPartOf":{"@id":"https:\/\/motorista.com.br\/noticias\/#website"},"primaryImageOfPage":{"@id":"https:\/\/motorista.com.br\/noticias\/2026\/01\/08\/novos-23-pontos-de-parada-e-descanso-em-rodovias-federais\/#primaryimage"},"image":{"@id":"https:\/\/motorista.com.br\/noticias\/2026\/01\/08\/novos-23-pontos-de-parada-e-descanso-em-rodovias-federais\/#primaryimage"},"thumbnailUrl":"https:\/\/motorista.com.br\/noticias\/wp-content\/uploads\/2026\/01\/Ponto-de-Parada-e-Descanso-BR-163-Via-Brasil-2.jpeg","datePublished":"2026-01-08T14:24:20+00:00","breadcrumb":{"@id":"https:\/\/motorista.com.br\/noticias\/2026\/01\/08\/novos-23-pontos-de-parada-e-descanso-em-rodovias-federais\/#breadcrumb"},"inLanguage":"pt-BR","potentialAction":[{"@type":"ReadAction","target":["https:\/\/motorista.com.br\/noticias\/2026\/01\/08\/novos-23-pontos-de-parada-e-descanso-em-rodovias-federais\/"]}]},{"@type":"ImageObject","inLanguage":"pt-BR","@id":"https:\/\/motorista.com.br\/noticias\/2026\/01\/08\/novos-23-pontos-de-parada-e-descanso-em-rodovias-federais\/#primaryimage","url":"https:\/\/motorista.com.br\/noticias\/wp-content\/uploads\/2026\/01\/Ponto-de-Parada-e-Descanso-BR-163-Via-Brasil-2.jpeg","contentUrl":"https:\/\/motorista.com.br\/noticias\/wp-content\/uploads\/2026\/01\/Ponto-de-Parada-e-Descanso-BR-163-Via-Brasil-2.jpeg","width":1024,"height":768},{"@type":"BreadcrumbList","@id":"https:\/\/motorista.com.br\/noticias\/2026\/01\/08\/novos-23-pontos-de-parada-e-descanso-em-rodovias-federais\/#breadcrumb","itemListElement":[{"@type":"ListItem","position":1,"name":"In\u00edcio","item":"https:\/\/motorista.com.br\/noticias\/"},{"@type":"ListItem","position":2,"name":"Novos 23 Pontos de Parada e Descanso em Rodovias Federais."}]},{"@type":"WebSite","@id":"https:\/\/motorista.com.br\/noticias\/#website","url":"https:\/\/motorista.com.br\/noticias\/","name":"Motorista.com.br","description":"Not\u00edcia do Motorista","publisher":{"@id":"https:\/\/motorista.com.br\/noticias\/#organization"},"potentialAction":[{"@type":"SearchAction","target":{"@type":"EntryPoint","urlTemplate":"https:\/\/motorista.com.br\/noticias\/?s={search_term_string}"},"query-input":{"@type":"PropertyValueSpecification","valueRequired":true,"valueName":"search_term_string"}}],"inLanguage":"pt-BR"},{"@type":"Organization","@id":"https:\/\/motorista.com.br\/noticias\/#organization","name":"Motorista.com.br","url":"https:\/\/motorista.com.br\/noticias\/","logo":{"@type":"ImageObject","inLanguage":"pt-BR","@id":"https:\/\/motorista.com.br\/noticias\/#\/schema\/logo\/image\/","url":"https:\/\/motorista.com.br\/noticias\/wp-content\/uploads\/2025\/06\/Design-sem-nome-9.png","contentUrl":"https:\/\/motorista.com.br\/noticias\/wp-content\/uploads\/2025\/06\/Design-sem-nome-9.png","width":150,"height":85,"caption":"Motorista.com.br"},"image":{"@id":"https:\/\/motorista.com.br\/noticias\/#\/schema\/logo\/image\/"}},{"@type":"Person","@id":"https:\/\/motorista.com.br\/noticias\/#\/schema\/person\/dc93afc2981c0e3ce6bc3c053fd847be","name":"Equipe Reda\u00e7\u00e3o","image":{"@type":"ImageObject","inLanguage":"pt-BR","@id":"https:\/\/secure.gravatar.com\/avatar\/4f525efbf18dd2bb300ccad28bfb99d95a9465a5ba268407c8c37b37e1f28d2d?s=96&d=mm&r=g9e099043a0c61e9ae27e293b9fa75ffc","url":"https:\/\/secure.gravatar.com\/avatar\/4f525efbf18dd2bb300ccad28bfb99d95a9465a5ba268407c8c37b37e1f28d2d?s=96&d=mm&r=g","contentUrl":"https:\/\/secure.gravatar.com\/avatar\/4f525efbf18dd2bb300ccad28bfb99d95a9465a5ba268407c8c37b37e1f28d2d?s=96&d=mm&r=g","caption":"Equipe Reda\u00e7\u00e3o"},"description":"Equipe de reda\u00e7\u00e3o \u00e9 um grupo de profissionais que trabalham juntos para criar conte\u00fado escrito para Motorista.com.br","url":"https:\/\/motorista.com.br\/noticias\/author\/equiperedacao\/"}]}},"_links":{"self":[{"href":"https:\/\/motorista.com.br\/noticias\/wp-json\/wp\/v2\/posts\/5641","targetHints":{"allow":["GET"]}}],"collection":[{"href":"https:\/\/motorista.com.br\/noticias\/wp-json\/wp\/v2\/posts"}],"about":[{"href":"https:\/\/motorista.com.br\/noticias\/wp-json\/wp\/v2\/types\/post"}],"author":[{"embeddable":true,"href":"https:\/\/motorista.com.br\/noticias\/wp-json\/wp\/v2\/users\/4"}],"replies":[{"embeddable":true,"href":"https:\/\/motorista.com.br\/noticias\/wp-json\/wp\/v2\/comments?post=5641"}],"version-history":[{"count":0,"href":"https:\/\/motorista.com.br\/noticias\/wp-json\/wp\/v2\/posts\/5641\/revisions"}],"wp:featuredmedia":[{"embeddable":true,"href":"https:\/\/motorista.com.br\/noticias\/wp-json\/wp\/v2\/media\/5642"}],"wp:attachment":[{"href":"https:\/\/motorista.com.br\/noticias\/wp-json\/wp\/v2\/media?parent=5641"}],"wp:term":[{"taxonomy":"category","embeddable":true,"href":"https:\/\/motorista.com.br\/noticias\/wp-json\/wp\/v2\/categories?post=5641"},{"taxonomy":"post_tag","embeddable":true,"href":"https:\/\/motorista.com.br\/noticias\/wp-json\/wp\/v2\/tags?post=5641"},{"taxonomy":"author","embeddable":true,"href":"https:\/\/motorista.com.br\/noticias\/wp-json\/wp\/v2\/coauthors?post=5641"}],"curies":[{"name":"wp","href":"https:\/\/api.w.org\/{rel}","templated":true}]}}