{"id":5640,"date":"2026-01-08T10:57:21","date_gmt":"2026-01-08T13:57:21","guid":{"rendered":"https:\/\/motorista.com.br\/noticias\/2026\/01\/08\/uber-ira-atualizar-categorias-comfort-e-black-com-novos-modelos-eletricos-e-hibridos\/"},"modified":"2026-01-08T10:57:21","modified_gmt":"2026-01-08T13:57:21","slug":"uber-ira-atualizar-categorias-comfort-e-black-com-novos-modelos-eletricos-e-hibridos","status":"publish","type":"post","link":"https:\/\/motorista.com.br\/noticias\/2026\/01\/08\/uber-ira-atualizar-categorias-comfort-e-black-com-novos-modelos-eletricos-e-hibridos\/","title":{"rendered":"Uber ir\u00e1 atualizar categorias Comfort e Black com novos modelos el\u00e9tricos e h\u00edbridos."},"content":{"rendered":"<p><\/p>\n<div>\n<p>Nos pr\u00f3ximos dias, a Uber deve atualizar a lista de ve\u00edculos eleg\u00edveis para as categorias Comfort e Black. E j\u00e1 adianto: calma, motorista. A empresa n\u00e3o vai repetir a confus\u00e3o de alguns meses atr\u00e1s, quando retirou modelos como o Passat e depois voltou atr\u00e1s. Agora, o movimento \u00e9 de inclus\u00e3o, n\u00e3o de corte.<\/p>\n<p>Com a recente avalanche de carros el\u00e9tricos e h\u00edbridos que chegaram ao Brasil, em grande parte vindos da China, a Uber reconhece a necessidade de atualizar sua lista. No entanto, muitos modelos de alto padr\u00e3o est\u00e3o sendo deixados de fora devido \u00e0 desatualiza\u00e7\u00e3o do cadastro. Essa situa\u00e7\u00e3o n\u00e3o s\u00f3 prejudica os motoristas que t\u00eam ve\u00edculos adequados, mas tamb\u00e9m limita a oferta de servi\u00e7os na plataforma.<\/p>\n<p>Uma novidade significativa \u00e9 a parceria da Uber com a Chevrolet, que traz ao Brasil o <strong>Chevrolet Spark EUV<\/strong>, um modelo 100% el\u00e9trico. Os motoristas ter\u00e3o condi\u00e7\u00f5es especiais, como desconto de at\u00e9 10% e financiamento com taxa zero. O Spark tamb\u00e9m deve ser inclu\u00eddo na categoria <strong>Uber Black<\/strong>. Apesar de ser um modelo mais compacto, sua inclus\u00e3o indica uma tend\u00eancia de adapta\u00e7\u00e3o \u00e0s novas demandas do consumidor e aos avan\u00e7os na mobilidade el\u00e9trica.<\/p>\n<p>Al\u00e9m do Spark, a lista deve incluir modelos como o <strong>Volkswagen Terra<\/strong>, que j\u00e1 est\u00e1 circulando no Brasil, mas ainda n\u00e3o era reconhecido como eleg\u00edvel para Comfort. Essas inclus\u00f5es s\u00e3o fundamentais pois representam uma resposta \u00e0s mudan\u00e7as r\u00e1pidas no mercado automotivo. Isso \u00e9 ben\u00e9fico n\u00e3o apenas para motoristas que j\u00e1 operam com ve\u00edculos desse tipo, mas tamb\u00e9m para o sistema de mobilidade em geral, que se beneficia da diversifica\u00e7\u00e3o da frota.<\/p>\n<p>A an\u00e1lise mais atenta de carros eletrificados pela Uber \u00e9 um passo positivo, mas a atualiza\u00e7\u00e3o depende de valida\u00e7\u00f5es internas da sede na Calif\u00f3rnia. Embora n\u00e3o haja uma data oficial confirmada, o compromisso de revisar a lista \u00e9 claro e \u00e9 um reflexo da din\u00e2mica do mercado, que tem mudado rapidamente.<\/p>\n<p>Essa nova realidade vai pressionar a Uber a adaptar seu sistema de acordo com as inova\u00e7\u00f5es no setor. Afinal, ve\u00edculos que teriam padr\u00e3o para Comfort ou Black precisam ser reconhecidos, e a atualiza\u00e7\u00e3o da lista \u00e9 essencial para isso. Essa tend\u00eancia de revis\u00f5es frequentes pode melhorar a qualidade do servi\u00e7o, oferecendo mais op\u00e7\u00f5es aos usu\u00e1rios e, ao mesmo tempo, permitindo que os motoristas maximizem seus ganhos.<\/p>\n<p>Agora, gostaria de saber sua opini\u00e3o: essa atualiza\u00e7\u00e3o ajuda ou atrapalha quem j\u00e1 investiu em carros premium? Deixe seu coment\u00e1rio abaixo.<\/p>\n<\/div>\n<p>Fonte: 55content<\/p>\n","protected":false},"excerpt":{"rendered":"<p>Nos pr\u00f3ximos dias, a Uber deve atualizar a lista de ve\u00edculos eleg\u00edveis para as categorias Comfort e Black. E j\u00e1 adianto: calma, motorista. A empresa n\u00e3o vai repetir a confus\u00e3o de alguns meses atr\u00e1s, quando retirou modelos como o Passat e depois voltou atr\u00e1s. Agora, o movimento \u00e9 de inclus\u00e3o, n\u00e3o de corte. Com a &hellip;<\/p>\n","protected":false},"author":4,"featured_media":4875,"comment_status":"","ping_status":"open","sticky":false,"template":"","format":"standard","meta":{"footnotes":""},"categories":[49,77],"tags":[],"coauthors":[42],"class_list":["post-5640","post","type-post","status-publish","format-standard","has-post-thumbnail","hentry","category-aplicativos","category-motorista"],"yoast_head":"<!-- This site is optimized with the Yoast SEO Premium plugin v25.5 (Yoast SEO v27.4) - https:\/\/yoast.com\/product\/yoast-seo-premium-wordpress\/ -->\n<title>Uber ir\u00e1 atualizar categorias Comfort e Black com novos modelos el\u00e9tricos e h\u00edbridos. - Motorista.com.br<\/title>\n<meta name=\"robots\" content=\"index, follow, max-snippet:-1, max-image-preview:large, max-video-preview:-1\" \/>\n<link rel=\"canonical\" href=\"https:\/\/motorista.com.br\/noticias\/2026\/01\/08\/uber-ira-atualizar-categorias-comfort-e-black-com-novos-modelos-eletricos-e-hibridos\/\" \/>\n<meta property=\"og:locale\" content=\"pt_BR\" \/>\n<meta property=\"og:type\" content=\"article\" \/>\n<meta property=\"og:title\" content=\"Uber ir\u00e1 atualizar categorias Comfort e Black com novos modelos el\u00e9tricos e h\u00edbridos.\" \/>\n<meta property=\"og:description\" content=\"Nos pr\u00f3ximos dias, a Uber deve atualizar a lista de ve\u00edculos eleg\u00edveis para as categorias Comfort e Black. E j\u00e1 adianto: calma, motorista. A empresa n\u00e3o vai repetir a confus\u00e3o de alguns meses atr\u00e1s, quando retirou modelos como o Passat e depois voltou atr\u00e1s. Agora, o movimento \u00e9 de inclus\u00e3o, n\u00e3o de corte. Com a &hellip;\" \/>\n<meta property=\"og:url\" content=\"https:\/\/motorista.com.br\/noticias\/2026\/01\/08\/uber-ira-atualizar-categorias-comfort-e-black-com-novos-modelos-eletricos-e-hibridos\/\" \/>\n<meta property=\"og:site_name\" content=\"Motorista.com.br\" \/>\n<meta property=\"article:published_time\" content=\"2026-01-08T13:57:21+00:00\" \/>\n<meta name=\"author\" content=\"Equipe Reda\u00e7\u00e3o\" \/>\n<meta name=\"twitter:card\" content=\"summary_large_image\" \/>\n<meta name=\"twitter:label1\" content=\"Escrito por\" \/>\n\t<meta name=\"twitter:data1\" content=\"Equipe Reda\u00e7\u00e3o\" \/>\n\t<meta name=\"twitter:label2\" content=\"Est. tempo de leitura\" \/>\n\t<meta name=\"twitter:data2\" content=\"2 minutos\" \/>\n\t<meta name=\"twitter:label3\" content=\"Written by\" \/>\n\t<meta name=\"twitter:data3\" content=\"Equipe Reda\u00e7\u00e3o\" \/>\n<script type=\"application\/ld+json\" class=\"yoast-schema-graph\">{\"@context\":\"https:\\\/\\\/schema.org\",\"@graph\":[{\"@type\":\"Article\",\"@id\":\"https:\\\/\\\/motorista.com.br\\\/noticias\\\/2026\\\/01\\\/08\\\/uber-ira-atualizar-categorias-comfort-e-black-com-novos-modelos-eletricos-e-hibridos\\\/#article\",\"isPartOf\":{\"@id\":\"https:\\\/\\\/motorista.com.br\\\/noticias\\\/2026\\\/01\\\/08\\\/uber-ira-atualizar-categorias-comfort-e-black-com-novos-modelos-eletricos-e-hibridos\\\/\"},\"author\":{\"name\":\"Equipe Reda\u00e7\u00e3o\",\"@id\":\"https:\\\/\\\/motorista.com.br\\\/noticias\\\/#\\\/schema\\\/person\\\/dc93afc2981c0e3ce6bc3c053fd847be\"},\"headline\":\"Uber ir\u00e1 atualizar categorias Comfort e Black com novos modelos el\u00e9tricos e h\u00edbridos.\",\"datePublished\":\"2026-01-08T13:57:21+00:00\",\"mainEntityOfPage\":{\"@id\":\"https:\\\/\\\/motorista.com.br\\\/noticias\\\/2026\\\/01\\\/08\\\/uber-ira-atualizar-categorias-comfort-e-black-com-novos-modelos-eletricos-e-hibridos\\\/\"},\"wordCount\":467,\"publisher\":{\"@id\":\"https:\\\/\\\/motorista.com.br\\\/noticias\\\/#organization\"},\"image\":{\"@id\":\"https:\\\/\\\/motorista.com.br\\\/noticias\\\/2026\\\/01\\\/08\\\/uber-ira-atualizar-categorias-comfort-e-black-com-novos-modelos-eletricos-e-hibridos\\\/#primaryimage\"},\"thumbnailUrl\":\"https:\\\/\\\/motorista.com.br\\\/noticias\\\/wp-content\\\/uploads\\\/2025\\\/09\\\/Daniel-Piccinato-para-o-55content.jpeg\",\"articleSection\":[\"Aplicativos\",\"Motorista\"],\"inLanguage\":\"pt-BR\"},{\"@type\":\"WebPage\",\"@id\":\"https:\\\/\\\/motorista.com.br\\\/noticias\\\/2026\\\/01\\\/08\\\/uber-ira-atualizar-categorias-comfort-e-black-com-novos-modelos-eletricos-e-hibridos\\\/\",\"url\":\"https:\\\/\\\/motorista.com.br\\\/noticias\\\/2026\\\/01\\\/08\\\/uber-ira-atualizar-categorias-comfort-e-black-com-novos-modelos-eletricos-e-hibridos\\\/\",\"name\":\"Uber ir\u00e1 atualizar categorias Comfort e Black com novos modelos el\u00e9tricos e h\u00edbridos. - Motorista.com.br\",\"isPartOf\":{\"@id\":\"https:\\\/\\\/motorista.com.br\\\/noticias\\\/#website\"},\"primaryImageOfPage\":{\"@id\":\"https:\\\/\\\/motorista.com.br\\\/noticias\\\/2026\\\/01\\\/08\\\/uber-ira-atualizar-categorias-comfort-e-black-com-novos-modelos-eletricos-e-hibridos\\\/#primaryimage\"},\"image\":{\"@id\":\"https:\\\/\\\/motorista.com.br\\\/noticias\\\/2026\\\/01\\\/08\\\/uber-ira-atualizar-categorias-comfort-e-black-com-novos-modelos-eletricos-e-hibridos\\\/#primaryimage\"},\"thumbnailUrl\":\"https:\\\/\\\/motorista.com.br\\\/noticias\\\/wp-content\\\/uploads\\\/2025\\\/09\\\/Daniel-Piccinato-para-o-55content.jpeg\",\"datePublished\":\"2026-01-08T13:57:21+00:00\",\"breadcrumb\":{\"@id\":\"https:\\\/\\\/motorista.com.br\\\/noticias\\\/2026\\\/01\\\/08\\\/uber-ira-atualizar-categorias-comfort-e-black-com-novos-modelos-eletricos-e-hibridos\\\/#breadcrumb\"},\"inLanguage\":\"pt-BR\",\"potentialAction\":[{\"@type\":\"ReadAction\",\"target\":[\"https:\\\/\\\/motorista.com.br\\\/noticias\\\/2026\\\/01\\\/08\\\/uber-ira-atualizar-categorias-comfort-e-black-com-novos-modelos-eletricos-e-hibridos\\\/\"]}]},{\"@type\":\"ImageObject\",\"inLanguage\":\"pt-BR\",\"@id\":\"https:\\\/\\\/motorista.com.br\\\/noticias\\\/2026\\\/01\\\/08\\\/uber-ira-atualizar-categorias-comfort-e-black-com-novos-modelos-eletricos-e-hibridos\\\/#primaryimage\",\"url\":\"https:\\\/\\\/motorista.com.br\\\/noticias\\\/wp-content\\\/uploads\\\/2025\\\/09\\\/Daniel-Piccinato-para-o-55content.jpeg\",\"contentUrl\":\"https:\\\/\\\/motorista.com.br\\\/noticias\\\/wp-content\\\/uploads\\\/2025\\\/09\\\/Daniel-Piccinato-para-o-55content.jpeg\",\"width\":1280,\"height\":720},{\"@type\":\"BreadcrumbList\",\"@id\":\"https:\\\/\\\/motorista.com.br\\\/noticias\\\/2026\\\/01\\\/08\\\/uber-ira-atualizar-categorias-comfort-e-black-com-novos-modelos-eletricos-e-hibridos\\\/#breadcrumb\",\"itemListElement\":[{\"@type\":\"ListItem\",\"position\":1,\"name\":\"In\u00edcio\",\"item\":\"https:\\\/\\\/motorista.com.br\\\/noticias\\\/\"},{\"@type\":\"ListItem\",\"position\":2,\"name\":\"Uber ir\u00e1 atualizar categorias Comfort e Black com novos modelos el\u00e9tricos e h\u00edbridos.\"}]},{\"@type\":\"WebSite\",\"@id\":\"https:\\\/\\\/motorista.com.br\\\/noticias\\\/#website\",\"url\":\"https:\\\/\\\/motorista.com.br\\\/noticias\\\/\",\"name\":\"Motorista.com.br\",\"description\":\"Not\u00edcia do Motorista\",\"publisher\":{\"@id\":\"https:\\\/\\\/motorista.com.br\\\/noticias\\\/#organization\"},\"potentialAction\":[{\"@type\":\"SearchAction\",\"target\":{\"@type\":\"EntryPoint\",\"urlTemplate\":\"https:\\\/\\\/motorista.com.br\\\/noticias\\\/?s={search_term_string}\"},\"query-input\":{\"@type\":\"PropertyValueSpecification\",\"valueRequired\":true,\"valueName\":\"search_term_string\"}}],\"inLanguage\":\"pt-BR\"},{\"@type\":\"Organization\",\"@id\":\"https:\\\/\\\/motorista.com.br\\\/noticias\\\/#organization\",\"name\":\"Motorista.com.br\",\"url\":\"https:\\\/\\\/motorista.com.br\\\/noticias\\\/\",\"logo\":{\"@type\":\"ImageObject\",\"inLanguage\":\"pt-BR\",\"@id\":\"https:\\\/\\\/motorista.com.br\\\/noticias\\\/#\\\/schema\\\/logo\\\/image\\\/\",\"url\":\"https:\\\/\\\/motorista.com.br\\\/noticias\\\/wp-content\\\/uploads\\\/2025\\\/06\\\/Design-sem-nome-9.png\",\"contentUrl\":\"https:\\\/\\\/motorista.com.br\\\/noticias\\\/wp-content\\\/uploads\\\/2025\\\/06\\\/Design-sem-nome-9.png\",\"width\":150,\"height\":85,\"caption\":\"Motorista.com.br\"},\"image\":{\"@id\":\"https:\\\/\\\/motorista.com.br\\\/noticias\\\/#\\\/schema\\\/logo\\\/image\\\/\"}},{\"@type\":\"Person\",\"@id\":\"https:\\\/\\\/motorista.com.br\\\/noticias\\\/#\\\/schema\\\/person\\\/dc93afc2981c0e3ce6bc3c053fd847be\",\"name\":\"Equipe Reda\u00e7\u00e3o\",\"image\":{\"@type\":\"ImageObject\",\"inLanguage\":\"pt-BR\",\"@id\":\"https:\\\/\\\/secure.gravatar.com\\\/avatar\\\/4f525efbf18dd2bb300ccad28bfb99d95a9465a5ba268407c8c37b37e1f28d2d?s=96&d=mm&r=g9e099043a0c61e9ae27e293b9fa75ffc\",\"url\":\"https:\\\/\\\/secure.gravatar.com\\\/avatar\\\/4f525efbf18dd2bb300ccad28bfb99d95a9465a5ba268407c8c37b37e1f28d2d?s=96&d=mm&r=g\",\"contentUrl\":\"https:\\\/\\\/secure.gravatar.com\\\/avatar\\\/4f525efbf18dd2bb300ccad28bfb99d95a9465a5ba268407c8c37b37e1f28d2d?s=96&d=mm&r=g\",\"caption\":\"Equipe Reda\u00e7\u00e3o\"},\"description\":\"Equipe de reda\u00e7\u00e3o \u00e9 um grupo de profissionais que trabalham juntos para criar conte\u00fado escrito para Motorista.com.br\",\"url\":\"https:\\\/\\\/motorista.com.br\\\/noticias\\\/author\\\/equiperedacao\\\/\"}]}<\/script>\n<!-- \/ Yoast SEO Premium plugin. -->","yoast_head_json":{"title":"Uber ir\u00e1 atualizar categorias Comfort e Black com novos modelos el\u00e9tricos e h\u00edbridos. - Motorista.com.br","robots":{"index":"index","follow":"follow","max-snippet":"max-snippet:-1","max-image-preview":"max-image-preview:large","max-video-preview":"max-video-preview:-1"},"canonical":"https:\/\/motorista.com.br\/noticias\/2026\/01\/08\/uber-ira-atualizar-categorias-comfort-e-black-com-novos-modelos-eletricos-e-hibridos\/","og_locale":"pt_BR","og_type":"article","og_title":"Uber ir\u00e1 atualizar categorias Comfort e Black com novos modelos el\u00e9tricos e h\u00edbridos.","og_description":"Nos pr\u00f3ximos dias, a Uber deve atualizar a lista de ve\u00edculos eleg\u00edveis para as categorias Comfort e Black. E j\u00e1 adianto: calma, motorista. A empresa n\u00e3o vai repetir a confus\u00e3o de alguns meses atr\u00e1s, quando retirou modelos como o Passat e depois voltou atr\u00e1s. Agora, o movimento \u00e9 de inclus\u00e3o, n\u00e3o de corte. Com a &hellip;","og_url":"https:\/\/motorista.com.br\/noticias\/2026\/01\/08\/uber-ira-atualizar-categorias-comfort-e-black-com-novos-modelos-eletricos-e-hibridos\/","og_site_name":"Motorista.com.br","article_published_time":"2026-01-08T13:57:21+00:00","author":"Equipe Reda\u00e7\u00e3o","twitter_card":"summary_large_image","twitter_misc":{"Escrito por":"Equipe Reda\u00e7\u00e3o","Est. tempo de leitura":"2 minutos","Written by":"Equipe Reda\u00e7\u00e3o"},"schema":{"@context":"https:\/\/schema.org","@graph":[{"@type":"Article","@id":"https:\/\/motorista.com.br\/noticias\/2026\/01\/08\/uber-ira-atualizar-categorias-comfort-e-black-com-novos-modelos-eletricos-e-hibridos\/#article","isPartOf":{"@id":"https:\/\/motorista.com.br\/noticias\/2026\/01\/08\/uber-ira-atualizar-categorias-comfort-e-black-com-novos-modelos-eletricos-e-hibridos\/"},"author":{"name":"Equipe Reda\u00e7\u00e3o","@id":"https:\/\/motorista.com.br\/noticias\/#\/schema\/person\/dc93afc2981c0e3ce6bc3c053fd847be"},"headline":"Uber ir\u00e1 atualizar categorias Comfort e Black com novos modelos el\u00e9tricos e h\u00edbridos.","datePublished":"2026-01-08T13:57:21+00:00","mainEntityOfPage":{"@id":"https:\/\/motorista.com.br\/noticias\/2026\/01\/08\/uber-ira-atualizar-categorias-comfort-e-black-com-novos-modelos-eletricos-e-hibridos\/"},"wordCount":467,"publisher":{"@id":"https:\/\/motorista.com.br\/noticias\/#organization"},"image":{"@id":"https:\/\/motorista.com.br\/noticias\/2026\/01\/08\/uber-ira-atualizar-categorias-comfort-e-black-com-novos-modelos-eletricos-e-hibridos\/#primaryimage"},"thumbnailUrl":"https:\/\/motorista.com.br\/noticias\/wp-content\/uploads\/2025\/09\/Daniel-Piccinato-para-o-55content.jpeg","articleSection":["Aplicativos","Motorista"],"inLanguage":"pt-BR"},{"@type":"WebPage","@id":"https:\/\/motorista.com.br\/noticias\/2026\/01\/08\/uber-ira-atualizar-categorias-comfort-e-black-com-novos-modelos-eletricos-e-hibridos\/","url":"https:\/\/motorista.com.br\/noticias\/2026\/01\/08\/uber-ira-atualizar-categorias-comfort-e-black-com-novos-modelos-eletricos-e-hibridos\/","name":"Uber ir\u00e1 atualizar categorias Comfort e Black com novos modelos el\u00e9tricos e h\u00edbridos. - Motorista.com.br","isPartOf":{"@id":"https:\/\/motorista.com.br\/noticias\/#website"},"primaryImageOfPage":{"@id":"https:\/\/motorista.com.br\/noticias\/2026\/01\/08\/uber-ira-atualizar-categorias-comfort-e-black-com-novos-modelos-eletricos-e-hibridos\/#primaryimage"},"image":{"@id":"https:\/\/motorista.com.br\/noticias\/2026\/01\/08\/uber-ira-atualizar-categorias-comfort-e-black-com-novos-modelos-eletricos-e-hibridos\/#primaryimage"},"thumbnailUrl":"https:\/\/motorista.com.br\/noticias\/wp-content\/uploads\/2025\/09\/Daniel-Piccinato-para-o-55content.jpeg","datePublished":"2026-01-08T13:57:21+00:00","breadcrumb":{"@id":"https:\/\/motorista.com.br\/noticias\/2026\/01\/08\/uber-ira-atualizar-categorias-comfort-e-black-com-novos-modelos-eletricos-e-hibridos\/#breadcrumb"},"inLanguage":"pt-BR","potentialAction":[{"@type":"ReadAction","target":["https:\/\/motorista.com.br\/noticias\/2026\/01\/08\/uber-ira-atualizar-categorias-comfort-e-black-com-novos-modelos-eletricos-e-hibridos\/"]}]},{"@type":"ImageObject","inLanguage":"pt-BR","@id":"https:\/\/motorista.com.br\/noticias\/2026\/01\/08\/uber-ira-atualizar-categorias-comfort-e-black-com-novos-modelos-eletricos-e-hibridos\/#primaryimage","url":"https:\/\/motorista.com.br\/noticias\/wp-content\/uploads\/2025\/09\/Daniel-Piccinato-para-o-55content.jpeg","contentUrl":"https:\/\/motorista.com.br\/noticias\/wp-content\/uploads\/2025\/09\/Daniel-Piccinato-para-o-55content.jpeg","width":1280,"height":720},{"@type":"BreadcrumbList","@id":"https:\/\/motorista.com.br\/noticias\/2026\/01\/08\/uber-ira-atualizar-categorias-comfort-e-black-com-novos-modelos-eletricos-e-hibridos\/#breadcrumb","itemListElement":[{"@type":"ListItem","position":1,"name":"In\u00edcio","item":"https:\/\/motorista.com.br\/noticias\/"},{"@type":"ListItem","position":2,"name":"Uber ir\u00e1 atualizar categorias Comfort e Black com novos modelos el\u00e9tricos e h\u00edbridos."}]},{"@type":"WebSite","@id":"https:\/\/motorista.com.br\/noticias\/#website","url":"https:\/\/motorista.com.br\/noticias\/","name":"Motorista.com.br","description":"Not\u00edcia do Motorista","publisher":{"@id":"https:\/\/motorista.com.br\/noticias\/#organization"},"potentialAction":[{"@type":"SearchAction","target":{"@type":"EntryPoint","urlTemplate":"https:\/\/motorista.com.br\/noticias\/?s={search_term_string}"},"query-input":{"@type":"PropertyValueSpecification","valueRequired":true,"valueName":"search_term_string"}}],"inLanguage":"pt-BR"},{"@type":"Organization","@id":"https:\/\/motorista.com.br\/noticias\/#organization","name":"Motorista.com.br","url":"https:\/\/motorista.com.br\/noticias\/","logo":{"@type":"ImageObject","inLanguage":"pt-BR","@id":"https:\/\/motorista.com.br\/noticias\/#\/schema\/logo\/image\/","url":"https:\/\/motorista.com.br\/noticias\/wp-content\/uploads\/2025\/06\/Design-sem-nome-9.png","contentUrl":"https:\/\/motorista.com.br\/noticias\/wp-content\/uploads\/2025\/06\/Design-sem-nome-9.png","width":150,"height":85,"caption":"Motorista.com.br"},"image":{"@id":"https:\/\/motorista.com.br\/noticias\/#\/schema\/logo\/image\/"}},{"@type":"Person","@id":"https:\/\/motorista.com.br\/noticias\/#\/schema\/person\/dc93afc2981c0e3ce6bc3c053fd847be","name":"Equipe Reda\u00e7\u00e3o","image":{"@type":"ImageObject","inLanguage":"pt-BR","@id":"https:\/\/secure.gravatar.com\/avatar\/4f525efbf18dd2bb300ccad28bfb99d95a9465a5ba268407c8c37b37e1f28d2d?s=96&d=mm&r=g9e099043a0c61e9ae27e293b9fa75ffc","url":"https:\/\/secure.gravatar.com\/avatar\/4f525efbf18dd2bb300ccad28bfb99d95a9465a5ba268407c8c37b37e1f28d2d?s=96&d=mm&r=g","contentUrl":"https:\/\/secure.gravatar.com\/avatar\/4f525efbf18dd2bb300ccad28bfb99d95a9465a5ba268407c8c37b37e1f28d2d?s=96&d=mm&r=g","caption":"Equipe Reda\u00e7\u00e3o"},"description":"Equipe de reda\u00e7\u00e3o \u00e9 um grupo de profissionais que trabalham juntos para criar conte\u00fado escrito para Motorista.com.br","url":"https:\/\/motorista.com.br\/noticias\/author\/equiperedacao\/"}]}},"_links":{"self":[{"href":"https:\/\/motorista.com.br\/noticias\/wp-json\/wp\/v2\/posts\/5640","targetHints":{"allow":["GET"]}}],"collection":[{"href":"https:\/\/motorista.com.br\/noticias\/wp-json\/wp\/v2\/posts"}],"about":[{"href":"https:\/\/motorista.com.br\/noticias\/wp-json\/wp\/v2\/types\/post"}],"author":[{"embeddable":true,"href":"https:\/\/motorista.com.br\/noticias\/wp-json\/wp\/v2\/users\/4"}],"replies":[{"embeddable":true,"href":"https:\/\/motorista.com.br\/noticias\/wp-json\/wp\/v2\/comments?post=5640"}],"version-history":[{"count":0,"href":"https:\/\/motorista.com.br\/noticias\/wp-json\/wp\/v2\/posts\/5640\/revisions"}],"wp:featuredmedia":[{"embeddable":true,"href":"https:\/\/motorista.com.br\/noticias\/wp-json\/wp\/v2\/media\/4875"}],"wp:attachment":[{"href":"https:\/\/motorista.com.br\/noticias\/wp-json\/wp\/v2\/media?parent=5640"}],"wp:term":[{"taxonomy":"category","embeddable":true,"href":"https:\/\/motorista.com.br\/noticias\/wp-json\/wp\/v2\/categories?post=5640"},{"taxonomy":"post_tag","embeddable":true,"href":"https:\/\/motorista.com.br\/noticias\/wp-json\/wp\/v2\/tags?post=5640"},{"taxonomy":"author","embeddable":true,"href":"https:\/\/motorista.com.br\/noticias\/wp-json\/wp\/v2\/coauthors?post=5640"}],"curies":[{"name":"wp","href":"https:\/\/api.w.org\/{rel}","templated":true}]}}