{"id":5528,"date":"2026-01-02T08:43:37","date_gmt":"2026-01-02T11:43:37","guid":{"rendered":"https:\/\/motorista.com.br\/noticias\/2026\/01\/02\/app-regional-2v-cresce-no-corporativo-com-corrida-a-r34\/"},"modified":"2026-01-02T08:43:37","modified_gmt":"2026-01-02T11:43:37","slug":"app-regional-2v-cresce-no-corporativo-com-corrida-a-r34","status":"publish","type":"post","link":"https:\/\/motorista.com.br\/noticias\/2026\/01\/02\/app-regional-2v-cresce-no-corporativo-com-corrida-a-r34\/","title":{"rendered":"App regional 2V cresce no corporativo com corrida a R$34."},"content":{"rendered":"<p><\/p>\n<h3>Com corrida m\u00ednima a R$34 para o passageiro, app regional 2V cresce no corporativo<\/h3>\n<p>Fabio Carvalho, fundador do aplicativo de mobilidade 2V, traz uma trajet\u00f3ria interessante que come\u00e7ou nos Estados Unidos, onde desenvolveu um aplicativo de transporte de passageiros de navio em Miami. Em 2016, ele decidiu trazer sua experi\u00eancia para o Brasil e lan\u00e7ou a 2V em Ita\u00fana (MG) em 2018, apostando em um mercado que se mostrava promissor.<\/p>\n<p>Desde sua inaugura\u00e7\u00e3o, a 2V evoluiu rapidamente, atualmente operando em 23 munic\u00edpios em Minas Gerais, S\u00e3o Paulo, Bahia e Esp\u00edrito Santo, com um total de 50 mil corridas mensais. O foco no mercado corporativo, onde 90% dos clientes s\u00e3o grandes empresas do Brasil, como Vale e Gerdau, tem sido uma escolha estrat\u00e9gica da empresa. Com uma corrida m\u00ednima de R$34 para servi\u00e7os corporativos, a 2V tem se destacado pela personaliza\u00e7\u00e3o e pela oferta de transporte eficiente, reduzindo a depend\u00eancia do servi\u00e7os de rua.<\/p>\n<p>A estrutura tarif\u00e1ria, que varia de acordo com o munic\u00edpio e o hor\u00e1rio, ilustra a adapta\u00e7\u00e3o da empresa \u00e0s necessidades de diferentes localidades. Isso n\u00e3o s\u00f3 beneficia os motoristas, que podem acessar uma renda maior em hor\u00e1rios e regi\u00f5es de alta demanda, mas tamb\u00e9m melhora a mobilidade geral nas cidades atendidas. Com a ado\u00e7\u00e3o de tecnologias adequadas, a empresa tem garantido um atendimento eficaz, respondendo a 93% das chamadas em cidades como Congonhas.<\/p>\n<p>Uma das maiores inova\u00e7\u00f5es trazidas pela 2V \u00e9 a proposta de um servi\u00e7o contextualizado e relevante para o mercado corporativo. Al\u00e9m de um sistema de agendamento flex\u00edvel, a empresa oferece transporte para eventos, o que refor\u00e7a a sua presen\u00e7a nas comunidades locais e inser\u00e7\u00e3o no cotidiano das empresas. Isso \u00e9 crucial n\u00e3o apenas para o crescimento da empresa, mas tamb\u00e9m para a dinamiza\u00e7\u00e3o do transporte urbano, que se torna mais eficiente e adapt\u00e1vel \u00e0 demanda do mercado.<\/p>\n<p>O investimento em tecnologia, que inicialmente era de alto custo, se converteu em uma alavanca para a efici\u00eancia operacional. A parceria com a tecnologia &quot;Machine&quot; permitiu \u00e0 2V manter sua estrutura com bom desempenho, ora contando com uma frota de 6 mil motoristas ativos. Esses motoristas, com rendimento que pode chegar a R$28 mil por m\u00eas para corridas corporativas, demonstram como a modalidade pode se tornar uma op\u00e7\u00e3o vi\u00e1vel e lucrativa para os trabalhadores do setor, o que, por sua vez, gera um impacto positivo na economia local.<\/p>\n<p>Com um olhar para o futuro, a 2V planeja expandir suas opera\u00e7\u00f5es para 20 novas cidades nos pr\u00f3ximos tr\u00eas anos, seguindo a demanda das ind\u00fastrias e priorizando parcerias com empresas locais. Tal estrat\u00e9gia n\u00e3o apenas diversifica sua atua\u00e7\u00e3o, mas tamb\u00e9m potencializa a mobilidade nas regi\u00f5es onde atua, que tendem a se beneficiar com um servi\u00e7o de transporte mais estruturado e de qualidade.<\/p>\n<p>A implementa\u00e7\u00e3o de uma bomba de combust\u00edvel exclusiva para motoristas do app, com descontos significativos, refor\u00e7a ainda mais o compromisso da empresa com seus parceiros. Isso n\u00e3o s\u00f3 agrega valor \u00e0 atua\u00e7\u00e3o dos motoristas, mas tamb\u00e9m reflete a preocupa\u00e7\u00e3o da 2V em manter um relacionamento pr\u00f3ximo com a sua base, o que \u00e9 fundamental para promover uma mobilidade mais eficiente e sustent\u00e1vel.<\/p>\n<p>Em um cen\u00e1rio onde a tecnologia e a personaliza\u00e7\u00e3o se tornaram essenciais, a 2V se posiciona como uma solu\u00e7\u00e3o interessante para empresas e motoristas, contribuindo para uma mobilidade urbana mais eficaz, adapt\u00e1vel e que gera resultados positivos para todas as partes envolvidas. <\/p>\n<p>Fonte: motorista.com.br<\/p>\n","protected":false},"excerpt":{"rendered":"<p>Com corrida m\u00ednima a R$34 para o passageiro, app regional 2V cresce no corporativo Fabio Carvalho, fundador do aplicativo de mobilidade 2V, traz uma trajet\u00f3ria interessante que come\u00e7ou nos Estados Unidos, onde desenvolveu um aplicativo de transporte de passageiros de navio em Miami. Em 2016, ele decidiu trazer sua experi\u00eancia para o Brasil e lan\u00e7ou &hellip;<\/p>\n","protected":false},"author":4,"featured_media":0,"comment_status":"","ping_status":"open","sticky":false,"template":"","format":"standard","meta":{"footnotes":""},"categories":[49,77],"tags":[],"coauthors":[42],"class_list":["post-5528","post","type-post","status-publish","format-standard","hentry","category-aplicativos","category-motorista"],"yoast_head":"<!-- This site is optimized with the Yoast SEO Premium plugin v25.5 (Yoast SEO v27.4) - https:\/\/yoast.com\/product\/yoast-seo-premium-wordpress\/ -->\n<title>App regional 2V cresce no corporativo com corrida a R$34. - Motorista.com.br<\/title>\n<meta name=\"robots\" content=\"index, follow, max-snippet:-1, max-image-preview:large, max-video-preview:-1\" \/>\n<link rel=\"canonical\" href=\"https:\/\/motorista.com.br\/noticias\/2026\/01\/02\/app-regional-2v-cresce-no-corporativo-com-corrida-a-r34\/\" \/>\n<meta property=\"og:locale\" content=\"pt_BR\" \/>\n<meta property=\"og:type\" content=\"article\" \/>\n<meta property=\"og:title\" content=\"App regional 2V cresce no corporativo com corrida a R$34.\" \/>\n<meta property=\"og:description\" content=\"Com corrida m\u00ednima a R$34 para o passageiro, app regional 2V cresce no corporativo Fabio Carvalho, fundador do aplicativo de mobilidade 2V, traz uma trajet\u00f3ria interessante que come\u00e7ou nos Estados Unidos, onde desenvolveu um aplicativo de transporte de passageiros de navio em Miami. Em 2016, ele decidiu trazer sua experi\u00eancia para o Brasil e lan\u00e7ou &hellip;\" \/>\n<meta property=\"og:url\" content=\"https:\/\/motorista.com.br\/noticias\/2026\/01\/02\/app-regional-2v-cresce-no-corporativo-com-corrida-a-r34\/\" \/>\n<meta property=\"og:site_name\" content=\"Motorista.com.br\" \/>\n<meta property=\"article:published_time\" content=\"2026-01-02T11:43:37+00:00\" \/>\n<meta name=\"author\" content=\"Equipe Reda\u00e7\u00e3o\" \/>\n<meta name=\"twitter:card\" content=\"summary_large_image\" \/>\n<meta name=\"twitter:label1\" content=\"Escrito por\" \/>\n\t<meta name=\"twitter:data1\" content=\"Equipe Reda\u00e7\u00e3o\" \/>\n\t<meta name=\"twitter:label2\" content=\"Est. tempo de leitura\" \/>\n\t<meta name=\"twitter:data2\" content=\"3 minutos\" \/>\n\t<meta name=\"twitter:label3\" content=\"Written by\" \/>\n\t<meta name=\"twitter:data3\" content=\"Equipe Reda\u00e7\u00e3o\" \/>\n<script type=\"application\/ld+json\" class=\"yoast-schema-graph\">{\"@context\":\"https:\\\/\\\/schema.org\",\"@graph\":[{\"@type\":\"Article\",\"@id\":\"https:\\\/\\\/motorista.com.br\\\/noticias\\\/2026\\\/01\\\/02\\\/app-regional-2v-cresce-no-corporativo-com-corrida-a-r34\\\/#article\",\"isPartOf\":{\"@id\":\"https:\\\/\\\/motorista.com.br\\\/noticias\\\/2026\\\/01\\\/02\\\/app-regional-2v-cresce-no-corporativo-com-corrida-a-r34\\\/\"},\"author\":{\"name\":\"Equipe Reda\u00e7\u00e3o\",\"@id\":\"https:\\\/\\\/motorista.com.br\\\/noticias\\\/#\\\/schema\\\/person\\\/dc93afc2981c0e3ce6bc3c053fd847be\"},\"headline\":\"App regional 2V cresce no corporativo com corrida a R$34.\",\"datePublished\":\"2026-01-02T11:43:37+00:00\",\"mainEntityOfPage\":{\"@id\":\"https:\\\/\\\/motorista.com.br\\\/noticias\\\/2026\\\/01\\\/02\\\/app-regional-2v-cresce-no-corporativo-com-corrida-a-r34\\\/\"},\"wordCount\":623,\"publisher\":{\"@id\":\"https:\\\/\\\/motorista.com.br\\\/noticias\\\/#organization\"},\"articleSection\":[\"Aplicativos\",\"Motorista\"],\"inLanguage\":\"pt-BR\"},{\"@type\":\"WebPage\",\"@id\":\"https:\\\/\\\/motorista.com.br\\\/noticias\\\/2026\\\/01\\\/02\\\/app-regional-2v-cresce-no-corporativo-com-corrida-a-r34\\\/\",\"url\":\"https:\\\/\\\/motorista.com.br\\\/noticias\\\/2026\\\/01\\\/02\\\/app-regional-2v-cresce-no-corporativo-com-corrida-a-r34\\\/\",\"name\":\"App regional 2V cresce no corporativo com corrida a R$34. - Motorista.com.br\",\"isPartOf\":{\"@id\":\"https:\\\/\\\/motorista.com.br\\\/noticias\\\/#website\"},\"datePublished\":\"2026-01-02T11:43:37+00:00\",\"breadcrumb\":{\"@id\":\"https:\\\/\\\/motorista.com.br\\\/noticias\\\/2026\\\/01\\\/02\\\/app-regional-2v-cresce-no-corporativo-com-corrida-a-r34\\\/#breadcrumb\"},\"inLanguage\":\"pt-BR\",\"potentialAction\":[{\"@type\":\"ReadAction\",\"target\":[\"https:\\\/\\\/motorista.com.br\\\/noticias\\\/2026\\\/01\\\/02\\\/app-regional-2v-cresce-no-corporativo-com-corrida-a-r34\\\/\"]}]},{\"@type\":\"BreadcrumbList\",\"@id\":\"https:\\\/\\\/motorista.com.br\\\/noticias\\\/2026\\\/01\\\/02\\\/app-regional-2v-cresce-no-corporativo-com-corrida-a-r34\\\/#breadcrumb\",\"itemListElement\":[{\"@type\":\"ListItem\",\"position\":1,\"name\":\"In\u00edcio\",\"item\":\"https:\\\/\\\/motorista.com.br\\\/noticias\\\/\"},{\"@type\":\"ListItem\",\"position\":2,\"name\":\"App regional 2V cresce no corporativo com corrida a R$34.\"}]},{\"@type\":\"WebSite\",\"@id\":\"https:\\\/\\\/motorista.com.br\\\/noticias\\\/#website\",\"url\":\"https:\\\/\\\/motorista.com.br\\\/noticias\\\/\",\"name\":\"Motorista.com.br\",\"description\":\"Not\u00edcia do Motorista\",\"publisher\":{\"@id\":\"https:\\\/\\\/motorista.com.br\\\/noticias\\\/#organization\"},\"potentialAction\":[{\"@type\":\"SearchAction\",\"target\":{\"@type\":\"EntryPoint\",\"urlTemplate\":\"https:\\\/\\\/motorista.com.br\\\/noticias\\\/?s={search_term_string}\"},\"query-input\":{\"@type\":\"PropertyValueSpecification\",\"valueRequired\":true,\"valueName\":\"search_term_string\"}}],\"inLanguage\":\"pt-BR\"},{\"@type\":\"Organization\",\"@id\":\"https:\\\/\\\/motorista.com.br\\\/noticias\\\/#organization\",\"name\":\"Motorista.com.br\",\"url\":\"https:\\\/\\\/motorista.com.br\\\/noticias\\\/\",\"logo\":{\"@type\":\"ImageObject\",\"inLanguage\":\"pt-BR\",\"@id\":\"https:\\\/\\\/motorista.com.br\\\/noticias\\\/#\\\/schema\\\/logo\\\/image\\\/\",\"url\":\"https:\\\/\\\/motorista.com.br\\\/noticias\\\/wp-content\\\/uploads\\\/2025\\\/06\\\/Design-sem-nome-9.png\",\"contentUrl\":\"https:\\\/\\\/motorista.com.br\\\/noticias\\\/wp-content\\\/uploads\\\/2025\\\/06\\\/Design-sem-nome-9.png\",\"width\":150,\"height\":85,\"caption\":\"Motorista.com.br\"},\"image\":{\"@id\":\"https:\\\/\\\/motorista.com.br\\\/noticias\\\/#\\\/schema\\\/logo\\\/image\\\/\"}},{\"@type\":\"Person\",\"@id\":\"https:\\\/\\\/motorista.com.br\\\/noticias\\\/#\\\/schema\\\/person\\\/dc93afc2981c0e3ce6bc3c053fd847be\",\"name\":\"Equipe Reda\u00e7\u00e3o\",\"image\":{\"@type\":\"ImageObject\",\"inLanguage\":\"pt-BR\",\"@id\":\"https:\\\/\\\/secure.gravatar.com\\\/avatar\\\/4f525efbf18dd2bb300ccad28bfb99d95a9465a5ba268407c8c37b37e1f28d2d?s=96&d=mm&r=g9e099043a0c61e9ae27e293b9fa75ffc\",\"url\":\"https:\\\/\\\/secure.gravatar.com\\\/avatar\\\/4f525efbf18dd2bb300ccad28bfb99d95a9465a5ba268407c8c37b37e1f28d2d?s=96&d=mm&r=g\",\"contentUrl\":\"https:\\\/\\\/secure.gravatar.com\\\/avatar\\\/4f525efbf18dd2bb300ccad28bfb99d95a9465a5ba268407c8c37b37e1f28d2d?s=96&d=mm&r=g\",\"caption\":\"Equipe Reda\u00e7\u00e3o\"},\"description\":\"Equipe de reda\u00e7\u00e3o \u00e9 um grupo de profissionais que trabalham juntos para criar conte\u00fado escrito para Motorista.com.br\",\"url\":\"https:\\\/\\\/motorista.com.br\\\/noticias\\\/author\\\/equiperedacao\\\/\"}]}<\/script>\n<!-- \/ Yoast SEO Premium plugin. -->","yoast_head_json":{"title":"App regional 2V cresce no corporativo com corrida a R$34. - Motorista.com.br","robots":{"index":"index","follow":"follow","max-snippet":"max-snippet:-1","max-image-preview":"max-image-preview:large","max-video-preview":"max-video-preview:-1"},"canonical":"https:\/\/motorista.com.br\/noticias\/2026\/01\/02\/app-regional-2v-cresce-no-corporativo-com-corrida-a-r34\/","og_locale":"pt_BR","og_type":"article","og_title":"App regional 2V cresce no corporativo com corrida a R$34.","og_description":"Com corrida m\u00ednima a R$34 para o passageiro, app regional 2V cresce no corporativo Fabio Carvalho, fundador do aplicativo de mobilidade 2V, traz uma trajet\u00f3ria interessante que come\u00e7ou nos Estados Unidos, onde desenvolveu um aplicativo de transporte de passageiros de navio em Miami. Em 2016, ele decidiu trazer sua experi\u00eancia para o Brasil e lan\u00e7ou &hellip;","og_url":"https:\/\/motorista.com.br\/noticias\/2026\/01\/02\/app-regional-2v-cresce-no-corporativo-com-corrida-a-r34\/","og_site_name":"Motorista.com.br","article_published_time":"2026-01-02T11:43:37+00:00","author":"Equipe Reda\u00e7\u00e3o","twitter_card":"summary_large_image","twitter_misc":{"Escrito por":"Equipe Reda\u00e7\u00e3o","Est. tempo de leitura":"3 minutos","Written by":"Equipe Reda\u00e7\u00e3o"},"schema":{"@context":"https:\/\/schema.org","@graph":[{"@type":"Article","@id":"https:\/\/motorista.com.br\/noticias\/2026\/01\/02\/app-regional-2v-cresce-no-corporativo-com-corrida-a-r34\/#article","isPartOf":{"@id":"https:\/\/motorista.com.br\/noticias\/2026\/01\/02\/app-regional-2v-cresce-no-corporativo-com-corrida-a-r34\/"},"author":{"name":"Equipe Reda\u00e7\u00e3o","@id":"https:\/\/motorista.com.br\/noticias\/#\/schema\/person\/dc93afc2981c0e3ce6bc3c053fd847be"},"headline":"App regional 2V cresce no corporativo com corrida a R$34.","datePublished":"2026-01-02T11:43:37+00:00","mainEntityOfPage":{"@id":"https:\/\/motorista.com.br\/noticias\/2026\/01\/02\/app-regional-2v-cresce-no-corporativo-com-corrida-a-r34\/"},"wordCount":623,"publisher":{"@id":"https:\/\/motorista.com.br\/noticias\/#organization"},"articleSection":["Aplicativos","Motorista"],"inLanguage":"pt-BR"},{"@type":"WebPage","@id":"https:\/\/motorista.com.br\/noticias\/2026\/01\/02\/app-regional-2v-cresce-no-corporativo-com-corrida-a-r34\/","url":"https:\/\/motorista.com.br\/noticias\/2026\/01\/02\/app-regional-2v-cresce-no-corporativo-com-corrida-a-r34\/","name":"App regional 2V cresce no corporativo com corrida a R$34. - Motorista.com.br","isPartOf":{"@id":"https:\/\/motorista.com.br\/noticias\/#website"},"datePublished":"2026-01-02T11:43:37+00:00","breadcrumb":{"@id":"https:\/\/motorista.com.br\/noticias\/2026\/01\/02\/app-regional-2v-cresce-no-corporativo-com-corrida-a-r34\/#breadcrumb"},"inLanguage":"pt-BR","potentialAction":[{"@type":"ReadAction","target":["https:\/\/motorista.com.br\/noticias\/2026\/01\/02\/app-regional-2v-cresce-no-corporativo-com-corrida-a-r34\/"]}]},{"@type":"BreadcrumbList","@id":"https:\/\/motorista.com.br\/noticias\/2026\/01\/02\/app-regional-2v-cresce-no-corporativo-com-corrida-a-r34\/#breadcrumb","itemListElement":[{"@type":"ListItem","position":1,"name":"In\u00edcio","item":"https:\/\/motorista.com.br\/noticias\/"},{"@type":"ListItem","position":2,"name":"App regional 2V cresce no corporativo com corrida a R$34."}]},{"@type":"WebSite","@id":"https:\/\/motorista.com.br\/noticias\/#website","url":"https:\/\/motorista.com.br\/noticias\/","name":"Motorista.com.br","description":"Not\u00edcia do Motorista","publisher":{"@id":"https:\/\/motorista.com.br\/noticias\/#organization"},"potentialAction":[{"@type":"SearchAction","target":{"@type":"EntryPoint","urlTemplate":"https:\/\/motorista.com.br\/noticias\/?s={search_term_string}"},"query-input":{"@type":"PropertyValueSpecification","valueRequired":true,"valueName":"search_term_string"}}],"inLanguage":"pt-BR"},{"@type":"Organization","@id":"https:\/\/motorista.com.br\/noticias\/#organization","name":"Motorista.com.br","url":"https:\/\/motorista.com.br\/noticias\/","logo":{"@type":"ImageObject","inLanguage":"pt-BR","@id":"https:\/\/motorista.com.br\/noticias\/#\/schema\/logo\/image\/","url":"https:\/\/motorista.com.br\/noticias\/wp-content\/uploads\/2025\/06\/Design-sem-nome-9.png","contentUrl":"https:\/\/motorista.com.br\/noticias\/wp-content\/uploads\/2025\/06\/Design-sem-nome-9.png","width":150,"height":85,"caption":"Motorista.com.br"},"image":{"@id":"https:\/\/motorista.com.br\/noticias\/#\/schema\/logo\/image\/"}},{"@type":"Person","@id":"https:\/\/motorista.com.br\/noticias\/#\/schema\/person\/dc93afc2981c0e3ce6bc3c053fd847be","name":"Equipe Reda\u00e7\u00e3o","image":{"@type":"ImageObject","inLanguage":"pt-BR","@id":"https:\/\/secure.gravatar.com\/avatar\/4f525efbf18dd2bb300ccad28bfb99d95a9465a5ba268407c8c37b37e1f28d2d?s=96&d=mm&r=g9e099043a0c61e9ae27e293b9fa75ffc","url":"https:\/\/secure.gravatar.com\/avatar\/4f525efbf18dd2bb300ccad28bfb99d95a9465a5ba268407c8c37b37e1f28d2d?s=96&d=mm&r=g","contentUrl":"https:\/\/secure.gravatar.com\/avatar\/4f525efbf18dd2bb300ccad28bfb99d95a9465a5ba268407c8c37b37e1f28d2d?s=96&d=mm&r=g","caption":"Equipe Reda\u00e7\u00e3o"},"description":"Equipe de reda\u00e7\u00e3o \u00e9 um grupo de profissionais que trabalham juntos para criar conte\u00fado escrito para Motorista.com.br","url":"https:\/\/motorista.com.br\/noticias\/author\/equiperedacao\/"}]}},"_links":{"self":[{"href":"https:\/\/motorista.com.br\/noticias\/wp-json\/wp\/v2\/posts\/5528","targetHints":{"allow":["GET"]}}],"collection":[{"href":"https:\/\/motorista.com.br\/noticias\/wp-json\/wp\/v2\/posts"}],"about":[{"href":"https:\/\/motorista.com.br\/noticias\/wp-json\/wp\/v2\/types\/post"}],"author":[{"embeddable":true,"href":"https:\/\/motorista.com.br\/noticias\/wp-json\/wp\/v2\/users\/4"}],"replies":[{"embeddable":true,"href":"https:\/\/motorista.com.br\/noticias\/wp-json\/wp\/v2\/comments?post=5528"}],"version-history":[{"count":0,"href":"https:\/\/motorista.com.br\/noticias\/wp-json\/wp\/v2\/posts\/5528\/revisions"}],"wp:attachment":[{"href":"https:\/\/motorista.com.br\/noticias\/wp-json\/wp\/v2\/media?parent=5528"}],"wp:term":[{"taxonomy":"category","embeddable":true,"href":"https:\/\/motorista.com.br\/noticias\/wp-json\/wp\/v2\/categories?post=5528"},{"taxonomy":"post_tag","embeddable":true,"href":"https:\/\/motorista.com.br\/noticias\/wp-json\/wp\/v2\/tags?post=5528"},{"taxonomy":"author","embeddable":true,"href":"https:\/\/motorista.com.br\/noticias\/wp-json\/wp\/v2\/coauthors?post=5528"}],"curies":[{"name":"wp","href":"https:\/\/api.w.org\/{rel}","templated":true}]}}