{"id":5498,"date":"2025-12-31T16:27:51","date_gmt":"2025-12-31T19:27:51","guid":{"rendered":"https:\/\/motorista.com.br\/noticias\/2025\/12\/31\/restricoes-de-trafego-para-caminhoes-comecam-hoje-na-virada-de-ano\/"},"modified":"2025-12-31T16:27:51","modified_gmt":"2025-12-31T19:27:51","slug":"restricoes-de-trafego-para-caminhoes-comecam-hoje-na-virada-de-ano","status":"publish","type":"post","link":"https:\/\/motorista.com.br\/noticias\/2025\/12\/31\/restricoes-de-trafego-para-caminhoes-comecam-hoje-na-virada-de-ano\/","title":{"rendered":"Restri\u00e7\u00f5es de tr\u00e1fego para caminh\u00f5es come\u00e7am hoje na Virada de Ano."},"content":{"rendered":"<p>A partir de hoje, 31 de dezembro, caminh\u00f5es com caracter\u00edsticas espec\u00edficas enfrentar\u00e3o restri\u00e7\u00f5es de tr\u00e1fego em rodovias federais de pista simples devido \u00e0 Opera\u00e7\u00e3o de Final de Ano. Essa opera\u00e7\u00e3o, conduzida pela Pol\u00edcia Rodovi\u00e1ria Federal (PRF), visa melhorar a fluidez e a seguran\u00e7a nas estradas durante um dos per\u00edodos de maior movimento do ano. As restri\u00e7\u00f5es se estender\u00e3o at\u00e9 o dia 1\u00ba de janeiro, e s\u00e3o aplic\u00e1veis a ve\u00edculos que excedem os limites regulat\u00f3rios de peso e dimens\u00e3o.<\/p>\n<p>Os caminh\u00f5es que n\u00e3o respeitam as seguintes medidas est\u00e3o sujeitos \u00e0s restri\u00e7\u00f5es:<\/p>\n<p>&#8211; Largura m\u00e1xima: 2,60 metros<br \/>\n&#8211; Altura m\u00e1xima: 4,40 metros<br \/>\n&#8211; Comprimento total: 19,80 metros<br \/>\n&#8211; Peso Bruto Total Combinado (PBTC): 58,5 toneladas<\/p>\n<p>Essa iniciativa \u00e9 especialmente importante para garantir a seguran\u00e7a nas estradas, um fator fundamental em datas de grande fluxo. Al\u00e9m disso, ao restringir a circula\u00e7\u00e3o de ve\u00edculos de carga, a opera\u00e7\u00e3o contribui para um tr\u00e1fego mais ordenado e reduz a possibilidade de acidentes.<\/p>\n<p>A restri\u00e7\u00e3o abrange n\u00e3o apenas as combina\u00e7\u00f5es de ve\u00edculos de carga, mas tamb\u00e9m aquelas de transporte de ve\u00edculos e cargas paletizadas. Importante destacar que, em certas regi\u00f5es\u2014como nos estados de Acre, Amazonas, Amap\u00e1 e Par\u00e1\u2014n\u00e3o h\u00e1 restri\u00e7\u00f5es, permitindo uma maior circula\u00e7\u00e3o para os motoristas nessas \u00e1reas.<\/p>\n<p>Os motoristas que descumprirem as normas enfrentar\u00e3o penalidades, incluindo multas e reten\u00e7\u00e3o do ve\u00edculo, o que pode resultar em atrasos e custos adicionais. Portanto, \u00e9 fundamental que todos os caminhoneiros se atentem aos hor\u00e1rios e limites estabelecidos para evitar problemas.<\/p>\n<p>Al\u00e9m dos aspectos legais, essa medida tamb\u00e9m gera um impacto significativo na mobilidade geral. Com menos caminh\u00f5es pesados nas estradas, a fluidez do tr\u00e1fego tende a aumentar, beneficiando tanto motoristas de carros de passeio quanto outros ve\u00edculos. Isso \u00e9 crucial para reduzir o tempo de viagem e melhorar a experi\u00eancia ao dirigir, especialmente em um per\u00edodo festivo quando as estradas costumam estar mais congestionadas.<\/p>\n<p>Em suma, a Opera\u00e7\u00e3o de Final de Ano n\u00e3o s\u00f3 assegura a seguran\u00e7a nas rodovias, mas tamb\u00e9m promove uma mobilidade mais eficiente durante um per\u00edodo cr\u00edtico. Motoristas devem estar cientes dessas restri\u00e7\u00f5es e se organizar adequadamente para garantir viagens seguras e dentro da legisla\u00e7\u00e3o.<\/p>\n<p>Fonte: blogdocaminhoneiro<\/p>\n","protected":false},"excerpt":{"rendered":"<p>A partir de hoje, 31 de dezembro, caminh\u00f5es com caracter\u00edsticas espec\u00edficas enfrentar\u00e3o restri\u00e7\u00f5es de tr\u00e1fego em rodovias federais de pista simples devido \u00e0 Opera\u00e7\u00e3o de Final de Ano. Essa opera\u00e7\u00e3o, conduzida pela Pol\u00edcia Rodovi\u00e1ria Federal (PRF), visa melhorar a fluidez e a seguran\u00e7a nas estradas durante um dos per\u00edodos de maior movimento do ano. As &hellip;<\/p>\n","protected":false},"author":4,"featured_media":5499,"comment_status":"","ping_status":"open","sticky":false,"template":"","format":"standard","meta":{"footnotes":""},"categories":[78,77],"tags":[],"coauthors":[42],"class_list":["post-5498","post","type-post","status-publish","format-standard","has-post-thumbnail","hentry","category-carreteiro","category-motorista"],"yoast_head":"<!-- This site is optimized with the Yoast SEO Premium plugin v25.5 (Yoast SEO v27.4) - https:\/\/yoast.com\/product\/yoast-seo-premium-wordpress\/ -->\n<title>Restri\u00e7\u00f5es de tr\u00e1fego para caminh\u00f5es come\u00e7am hoje na Virada de Ano. - Motorista.com.br<\/title>\n<meta name=\"robots\" content=\"index, follow, max-snippet:-1, max-image-preview:large, max-video-preview:-1\" \/>\n<link rel=\"canonical\" href=\"https:\/\/motorista.com.br\/noticias\/2025\/12\/31\/restricoes-de-trafego-para-caminhoes-comecam-hoje-na-virada-de-ano\/\" \/>\n<meta property=\"og:locale\" content=\"pt_BR\" \/>\n<meta property=\"og:type\" content=\"article\" \/>\n<meta property=\"og:title\" content=\"Restri\u00e7\u00f5es de tr\u00e1fego para caminh\u00f5es come\u00e7am hoje na Virada de Ano.\" \/>\n<meta property=\"og:description\" content=\"A partir de hoje, 31 de dezembro, caminh\u00f5es com caracter\u00edsticas espec\u00edficas enfrentar\u00e3o restri\u00e7\u00f5es de tr\u00e1fego em rodovias federais de pista simples devido \u00e0 Opera\u00e7\u00e3o de Final de Ano. Essa opera\u00e7\u00e3o, conduzida pela Pol\u00edcia Rodovi\u00e1ria Federal (PRF), visa melhorar a fluidez e a seguran\u00e7a nas estradas durante um dos per\u00edodos de maior movimento do ano. As &hellip;\" \/>\n<meta property=\"og:url\" content=\"https:\/\/motorista.com.br\/noticias\/2025\/12\/31\/restricoes-de-trafego-para-caminhoes-comecam-hoje-na-virada-de-ano\/\" \/>\n<meta property=\"og:site_name\" content=\"Motorista.com.br\" \/>\n<meta property=\"article:published_time\" content=\"2025-12-31T19:27:51+00:00\" \/>\n<meta name=\"author\" content=\"Equipe Reda\u00e7\u00e3o\" \/>\n<meta name=\"twitter:card\" content=\"summary_large_image\" \/>\n<meta name=\"twitter:label1\" content=\"Escrito por\" \/>\n\t<meta name=\"twitter:data1\" content=\"Equipe Reda\u00e7\u00e3o\" \/>\n\t<meta name=\"twitter:label2\" content=\"Est. tempo de leitura\" \/>\n\t<meta name=\"twitter:data2\" content=\"2 minutos\" \/>\n\t<meta name=\"twitter:label3\" content=\"Written by\" \/>\n\t<meta name=\"twitter:data3\" content=\"Equipe Reda\u00e7\u00e3o\" \/>\n<script type=\"application\/ld+json\" class=\"yoast-schema-graph\">{\"@context\":\"https:\\\/\\\/schema.org\",\"@graph\":[{\"@type\":\"Article\",\"@id\":\"https:\\\/\\\/motorista.com.br\\\/noticias\\\/2025\\\/12\\\/31\\\/restricoes-de-trafego-para-caminhoes-comecam-hoje-na-virada-de-ano\\\/#article\",\"isPartOf\":{\"@id\":\"https:\\\/\\\/motorista.com.br\\\/noticias\\\/2025\\\/12\\\/31\\\/restricoes-de-trafego-para-caminhoes-comecam-hoje-na-virada-de-ano\\\/\"},\"author\":{\"name\":\"Equipe Reda\u00e7\u00e3o\",\"@id\":\"https:\\\/\\\/motorista.com.br\\\/noticias\\\/#\\\/schema\\\/person\\\/dc93afc2981c0e3ce6bc3c053fd847be\"},\"headline\":\"Restri\u00e7\u00f5es de tr\u00e1fego para caminh\u00f5es come\u00e7am hoje na Virada de Ano.\",\"datePublished\":\"2025-12-31T19:27:51+00:00\",\"mainEntityOfPage\":{\"@id\":\"https:\\\/\\\/motorista.com.br\\\/noticias\\\/2025\\\/12\\\/31\\\/restricoes-de-trafego-para-caminhoes-comecam-hoje-na-virada-de-ano\\\/\"},\"wordCount\":419,\"publisher\":{\"@id\":\"https:\\\/\\\/motorista.com.br\\\/noticias\\\/#organization\"},\"image\":{\"@id\":\"https:\\\/\\\/motorista.com.br\\\/noticias\\\/2025\\\/12\\\/31\\\/restricoes-de-trafego-para-caminhoes-comecam-hoje-na-virada-de-ano\\\/#primaryimage\"},\"thumbnailUrl\":\"https:\\\/\\\/motorista.com.br\\\/noticias\\\/wp-content\\\/uploads\\\/2025\\\/12\\\/PRF-fiscalizacao-estrada-caminhao.jpeg\",\"articleSection\":[\"Carreteiro\",\"Motorista\"],\"inLanguage\":\"pt-BR\"},{\"@type\":\"WebPage\",\"@id\":\"https:\\\/\\\/motorista.com.br\\\/noticias\\\/2025\\\/12\\\/31\\\/restricoes-de-trafego-para-caminhoes-comecam-hoje-na-virada-de-ano\\\/\",\"url\":\"https:\\\/\\\/motorista.com.br\\\/noticias\\\/2025\\\/12\\\/31\\\/restricoes-de-trafego-para-caminhoes-comecam-hoje-na-virada-de-ano\\\/\",\"name\":\"Restri\u00e7\u00f5es de tr\u00e1fego para caminh\u00f5es come\u00e7am hoje na Virada de Ano. - Motorista.com.br\",\"isPartOf\":{\"@id\":\"https:\\\/\\\/motorista.com.br\\\/noticias\\\/#website\"},\"primaryImageOfPage\":{\"@id\":\"https:\\\/\\\/motorista.com.br\\\/noticias\\\/2025\\\/12\\\/31\\\/restricoes-de-trafego-para-caminhoes-comecam-hoje-na-virada-de-ano\\\/#primaryimage\"},\"image\":{\"@id\":\"https:\\\/\\\/motorista.com.br\\\/noticias\\\/2025\\\/12\\\/31\\\/restricoes-de-trafego-para-caminhoes-comecam-hoje-na-virada-de-ano\\\/#primaryimage\"},\"thumbnailUrl\":\"https:\\\/\\\/motorista.com.br\\\/noticias\\\/wp-content\\\/uploads\\\/2025\\\/12\\\/PRF-fiscalizacao-estrada-caminhao.jpeg\",\"datePublished\":\"2025-12-31T19:27:51+00:00\",\"breadcrumb\":{\"@id\":\"https:\\\/\\\/motorista.com.br\\\/noticias\\\/2025\\\/12\\\/31\\\/restricoes-de-trafego-para-caminhoes-comecam-hoje-na-virada-de-ano\\\/#breadcrumb\"},\"inLanguage\":\"pt-BR\",\"potentialAction\":[{\"@type\":\"ReadAction\",\"target\":[\"https:\\\/\\\/motorista.com.br\\\/noticias\\\/2025\\\/12\\\/31\\\/restricoes-de-trafego-para-caminhoes-comecam-hoje-na-virada-de-ano\\\/\"]}]},{\"@type\":\"ImageObject\",\"inLanguage\":\"pt-BR\",\"@id\":\"https:\\\/\\\/motorista.com.br\\\/noticias\\\/2025\\\/12\\\/31\\\/restricoes-de-trafego-para-caminhoes-comecam-hoje-na-virada-de-ano\\\/#primaryimage\",\"url\":\"https:\\\/\\\/motorista.com.br\\\/noticias\\\/wp-content\\\/uploads\\\/2025\\\/12\\\/PRF-fiscalizacao-estrada-caminhao.jpeg\",\"contentUrl\":\"https:\\\/\\\/motorista.com.br\\\/noticias\\\/wp-content\\\/uploads\\\/2025\\\/12\\\/PRF-fiscalizacao-estrada-caminhao.jpeg\",\"width\":1600,\"height\":1066},{\"@type\":\"BreadcrumbList\",\"@id\":\"https:\\\/\\\/motorista.com.br\\\/noticias\\\/2025\\\/12\\\/31\\\/restricoes-de-trafego-para-caminhoes-comecam-hoje-na-virada-de-ano\\\/#breadcrumb\",\"itemListElement\":[{\"@type\":\"ListItem\",\"position\":1,\"name\":\"In\u00edcio\",\"item\":\"https:\\\/\\\/motorista.com.br\\\/noticias\\\/\"},{\"@type\":\"ListItem\",\"position\":2,\"name\":\"Restri\u00e7\u00f5es de tr\u00e1fego para caminh\u00f5es come\u00e7am hoje na Virada de Ano.\"}]},{\"@type\":\"WebSite\",\"@id\":\"https:\\\/\\\/motorista.com.br\\\/noticias\\\/#website\",\"url\":\"https:\\\/\\\/motorista.com.br\\\/noticias\\\/\",\"name\":\"Motorista.com.br\",\"description\":\"Not\u00edcia do Motorista\",\"publisher\":{\"@id\":\"https:\\\/\\\/motorista.com.br\\\/noticias\\\/#organization\"},\"potentialAction\":[{\"@type\":\"SearchAction\",\"target\":{\"@type\":\"EntryPoint\",\"urlTemplate\":\"https:\\\/\\\/motorista.com.br\\\/noticias\\\/?s={search_term_string}\"},\"query-input\":{\"@type\":\"PropertyValueSpecification\",\"valueRequired\":true,\"valueName\":\"search_term_string\"}}],\"inLanguage\":\"pt-BR\"},{\"@type\":\"Organization\",\"@id\":\"https:\\\/\\\/motorista.com.br\\\/noticias\\\/#organization\",\"name\":\"Motorista.com.br\",\"url\":\"https:\\\/\\\/motorista.com.br\\\/noticias\\\/\",\"logo\":{\"@type\":\"ImageObject\",\"inLanguage\":\"pt-BR\",\"@id\":\"https:\\\/\\\/motorista.com.br\\\/noticias\\\/#\\\/schema\\\/logo\\\/image\\\/\",\"url\":\"https:\\\/\\\/motorista.com.br\\\/noticias\\\/wp-content\\\/uploads\\\/2025\\\/06\\\/Design-sem-nome-9.png\",\"contentUrl\":\"https:\\\/\\\/motorista.com.br\\\/noticias\\\/wp-content\\\/uploads\\\/2025\\\/06\\\/Design-sem-nome-9.png\",\"width\":150,\"height\":85,\"caption\":\"Motorista.com.br\"},\"image\":{\"@id\":\"https:\\\/\\\/motorista.com.br\\\/noticias\\\/#\\\/schema\\\/logo\\\/image\\\/\"}},{\"@type\":\"Person\",\"@id\":\"https:\\\/\\\/motorista.com.br\\\/noticias\\\/#\\\/schema\\\/person\\\/dc93afc2981c0e3ce6bc3c053fd847be\",\"name\":\"Equipe Reda\u00e7\u00e3o\",\"image\":{\"@type\":\"ImageObject\",\"inLanguage\":\"pt-BR\",\"@id\":\"https:\\\/\\\/secure.gravatar.com\\\/avatar\\\/4f525efbf18dd2bb300ccad28bfb99d95a9465a5ba268407c8c37b37e1f28d2d?s=96&d=mm&r=g9e099043a0c61e9ae27e293b9fa75ffc\",\"url\":\"https:\\\/\\\/secure.gravatar.com\\\/avatar\\\/4f525efbf18dd2bb300ccad28bfb99d95a9465a5ba268407c8c37b37e1f28d2d?s=96&d=mm&r=g\",\"contentUrl\":\"https:\\\/\\\/secure.gravatar.com\\\/avatar\\\/4f525efbf18dd2bb300ccad28bfb99d95a9465a5ba268407c8c37b37e1f28d2d?s=96&d=mm&r=g\",\"caption\":\"Equipe Reda\u00e7\u00e3o\"},\"description\":\"Equipe de reda\u00e7\u00e3o \u00e9 um grupo de profissionais que trabalham juntos para criar conte\u00fado escrito para Motorista.com.br\",\"url\":\"https:\\\/\\\/motorista.com.br\\\/noticias\\\/author\\\/equiperedacao\\\/\"}]}<\/script>\n<!-- \/ Yoast SEO Premium plugin. -->","yoast_head_json":{"title":"Restri\u00e7\u00f5es de tr\u00e1fego para caminh\u00f5es come\u00e7am hoje na Virada de Ano. - Motorista.com.br","robots":{"index":"index","follow":"follow","max-snippet":"max-snippet:-1","max-image-preview":"max-image-preview:large","max-video-preview":"max-video-preview:-1"},"canonical":"https:\/\/motorista.com.br\/noticias\/2025\/12\/31\/restricoes-de-trafego-para-caminhoes-comecam-hoje-na-virada-de-ano\/","og_locale":"pt_BR","og_type":"article","og_title":"Restri\u00e7\u00f5es de tr\u00e1fego para caminh\u00f5es come\u00e7am hoje na Virada de Ano.","og_description":"A partir de hoje, 31 de dezembro, caminh\u00f5es com caracter\u00edsticas espec\u00edficas enfrentar\u00e3o restri\u00e7\u00f5es de tr\u00e1fego em rodovias federais de pista simples devido \u00e0 Opera\u00e7\u00e3o de Final de Ano. Essa opera\u00e7\u00e3o, conduzida pela Pol\u00edcia Rodovi\u00e1ria Federal (PRF), visa melhorar a fluidez e a seguran\u00e7a nas estradas durante um dos per\u00edodos de maior movimento do ano. As &hellip;","og_url":"https:\/\/motorista.com.br\/noticias\/2025\/12\/31\/restricoes-de-trafego-para-caminhoes-comecam-hoje-na-virada-de-ano\/","og_site_name":"Motorista.com.br","article_published_time":"2025-12-31T19:27:51+00:00","author":"Equipe Reda\u00e7\u00e3o","twitter_card":"summary_large_image","twitter_misc":{"Escrito por":"Equipe Reda\u00e7\u00e3o","Est. tempo de leitura":"2 minutos","Written by":"Equipe Reda\u00e7\u00e3o"},"schema":{"@context":"https:\/\/schema.org","@graph":[{"@type":"Article","@id":"https:\/\/motorista.com.br\/noticias\/2025\/12\/31\/restricoes-de-trafego-para-caminhoes-comecam-hoje-na-virada-de-ano\/#article","isPartOf":{"@id":"https:\/\/motorista.com.br\/noticias\/2025\/12\/31\/restricoes-de-trafego-para-caminhoes-comecam-hoje-na-virada-de-ano\/"},"author":{"name":"Equipe Reda\u00e7\u00e3o","@id":"https:\/\/motorista.com.br\/noticias\/#\/schema\/person\/dc93afc2981c0e3ce6bc3c053fd847be"},"headline":"Restri\u00e7\u00f5es de tr\u00e1fego para caminh\u00f5es come\u00e7am hoje na Virada de Ano.","datePublished":"2025-12-31T19:27:51+00:00","mainEntityOfPage":{"@id":"https:\/\/motorista.com.br\/noticias\/2025\/12\/31\/restricoes-de-trafego-para-caminhoes-comecam-hoje-na-virada-de-ano\/"},"wordCount":419,"publisher":{"@id":"https:\/\/motorista.com.br\/noticias\/#organization"},"image":{"@id":"https:\/\/motorista.com.br\/noticias\/2025\/12\/31\/restricoes-de-trafego-para-caminhoes-comecam-hoje-na-virada-de-ano\/#primaryimage"},"thumbnailUrl":"https:\/\/motorista.com.br\/noticias\/wp-content\/uploads\/2025\/12\/PRF-fiscalizacao-estrada-caminhao.jpeg","articleSection":["Carreteiro","Motorista"],"inLanguage":"pt-BR"},{"@type":"WebPage","@id":"https:\/\/motorista.com.br\/noticias\/2025\/12\/31\/restricoes-de-trafego-para-caminhoes-comecam-hoje-na-virada-de-ano\/","url":"https:\/\/motorista.com.br\/noticias\/2025\/12\/31\/restricoes-de-trafego-para-caminhoes-comecam-hoje-na-virada-de-ano\/","name":"Restri\u00e7\u00f5es de tr\u00e1fego para caminh\u00f5es come\u00e7am hoje na Virada de Ano. - Motorista.com.br","isPartOf":{"@id":"https:\/\/motorista.com.br\/noticias\/#website"},"primaryImageOfPage":{"@id":"https:\/\/motorista.com.br\/noticias\/2025\/12\/31\/restricoes-de-trafego-para-caminhoes-comecam-hoje-na-virada-de-ano\/#primaryimage"},"image":{"@id":"https:\/\/motorista.com.br\/noticias\/2025\/12\/31\/restricoes-de-trafego-para-caminhoes-comecam-hoje-na-virada-de-ano\/#primaryimage"},"thumbnailUrl":"https:\/\/motorista.com.br\/noticias\/wp-content\/uploads\/2025\/12\/PRF-fiscalizacao-estrada-caminhao.jpeg","datePublished":"2025-12-31T19:27:51+00:00","breadcrumb":{"@id":"https:\/\/motorista.com.br\/noticias\/2025\/12\/31\/restricoes-de-trafego-para-caminhoes-comecam-hoje-na-virada-de-ano\/#breadcrumb"},"inLanguage":"pt-BR","potentialAction":[{"@type":"ReadAction","target":["https:\/\/motorista.com.br\/noticias\/2025\/12\/31\/restricoes-de-trafego-para-caminhoes-comecam-hoje-na-virada-de-ano\/"]}]},{"@type":"ImageObject","inLanguage":"pt-BR","@id":"https:\/\/motorista.com.br\/noticias\/2025\/12\/31\/restricoes-de-trafego-para-caminhoes-comecam-hoje-na-virada-de-ano\/#primaryimage","url":"https:\/\/motorista.com.br\/noticias\/wp-content\/uploads\/2025\/12\/PRF-fiscalizacao-estrada-caminhao.jpeg","contentUrl":"https:\/\/motorista.com.br\/noticias\/wp-content\/uploads\/2025\/12\/PRF-fiscalizacao-estrada-caminhao.jpeg","width":1600,"height":1066},{"@type":"BreadcrumbList","@id":"https:\/\/motorista.com.br\/noticias\/2025\/12\/31\/restricoes-de-trafego-para-caminhoes-comecam-hoje-na-virada-de-ano\/#breadcrumb","itemListElement":[{"@type":"ListItem","position":1,"name":"In\u00edcio","item":"https:\/\/motorista.com.br\/noticias\/"},{"@type":"ListItem","position":2,"name":"Restri\u00e7\u00f5es de tr\u00e1fego para caminh\u00f5es come\u00e7am hoje na Virada de Ano."}]},{"@type":"WebSite","@id":"https:\/\/motorista.com.br\/noticias\/#website","url":"https:\/\/motorista.com.br\/noticias\/","name":"Motorista.com.br","description":"Not\u00edcia do Motorista","publisher":{"@id":"https:\/\/motorista.com.br\/noticias\/#organization"},"potentialAction":[{"@type":"SearchAction","target":{"@type":"EntryPoint","urlTemplate":"https:\/\/motorista.com.br\/noticias\/?s={search_term_string}"},"query-input":{"@type":"PropertyValueSpecification","valueRequired":true,"valueName":"search_term_string"}}],"inLanguage":"pt-BR"},{"@type":"Organization","@id":"https:\/\/motorista.com.br\/noticias\/#organization","name":"Motorista.com.br","url":"https:\/\/motorista.com.br\/noticias\/","logo":{"@type":"ImageObject","inLanguage":"pt-BR","@id":"https:\/\/motorista.com.br\/noticias\/#\/schema\/logo\/image\/","url":"https:\/\/motorista.com.br\/noticias\/wp-content\/uploads\/2025\/06\/Design-sem-nome-9.png","contentUrl":"https:\/\/motorista.com.br\/noticias\/wp-content\/uploads\/2025\/06\/Design-sem-nome-9.png","width":150,"height":85,"caption":"Motorista.com.br"},"image":{"@id":"https:\/\/motorista.com.br\/noticias\/#\/schema\/logo\/image\/"}},{"@type":"Person","@id":"https:\/\/motorista.com.br\/noticias\/#\/schema\/person\/dc93afc2981c0e3ce6bc3c053fd847be","name":"Equipe Reda\u00e7\u00e3o","image":{"@type":"ImageObject","inLanguage":"pt-BR","@id":"https:\/\/secure.gravatar.com\/avatar\/4f525efbf18dd2bb300ccad28bfb99d95a9465a5ba268407c8c37b37e1f28d2d?s=96&d=mm&r=g9e099043a0c61e9ae27e293b9fa75ffc","url":"https:\/\/secure.gravatar.com\/avatar\/4f525efbf18dd2bb300ccad28bfb99d95a9465a5ba268407c8c37b37e1f28d2d?s=96&d=mm&r=g","contentUrl":"https:\/\/secure.gravatar.com\/avatar\/4f525efbf18dd2bb300ccad28bfb99d95a9465a5ba268407c8c37b37e1f28d2d?s=96&d=mm&r=g","caption":"Equipe Reda\u00e7\u00e3o"},"description":"Equipe de reda\u00e7\u00e3o \u00e9 um grupo de profissionais que trabalham juntos para criar conte\u00fado escrito para Motorista.com.br","url":"https:\/\/motorista.com.br\/noticias\/author\/equiperedacao\/"}]}},"_links":{"self":[{"href":"https:\/\/motorista.com.br\/noticias\/wp-json\/wp\/v2\/posts\/5498","targetHints":{"allow":["GET"]}}],"collection":[{"href":"https:\/\/motorista.com.br\/noticias\/wp-json\/wp\/v2\/posts"}],"about":[{"href":"https:\/\/motorista.com.br\/noticias\/wp-json\/wp\/v2\/types\/post"}],"author":[{"embeddable":true,"href":"https:\/\/motorista.com.br\/noticias\/wp-json\/wp\/v2\/users\/4"}],"replies":[{"embeddable":true,"href":"https:\/\/motorista.com.br\/noticias\/wp-json\/wp\/v2\/comments?post=5498"}],"version-history":[{"count":0,"href":"https:\/\/motorista.com.br\/noticias\/wp-json\/wp\/v2\/posts\/5498\/revisions"}],"wp:featuredmedia":[{"embeddable":true,"href":"https:\/\/motorista.com.br\/noticias\/wp-json\/wp\/v2\/media\/5499"}],"wp:attachment":[{"href":"https:\/\/motorista.com.br\/noticias\/wp-json\/wp\/v2\/media?parent=5498"}],"wp:term":[{"taxonomy":"category","embeddable":true,"href":"https:\/\/motorista.com.br\/noticias\/wp-json\/wp\/v2\/categories?post=5498"},{"taxonomy":"post_tag","embeddable":true,"href":"https:\/\/motorista.com.br\/noticias\/wp-json\/wp\/v2\/tags?post=5498"},{"taxonomy":"author","embeddable":true,"href":"https:\/\/motorista.com.br\/noticias\/wp-json\/wp\/v2\/coauthors?post=5498"}],"curies":[{"name":"wp","href":"https:\/\/api.w.org\/{rel}","templated":true}]}}