{"id":5490,"date":"2025-12-31T08:24:56","date_gmt":"2025-12-31T11:24:56","guid":{"rendered":"https:\/\/motorista.com.br\/noticias\/2025\/12\/31\/caminhao-eletrico-windrose-global-e700-recebe-aprovacao-na-europa\/"},"modified":"2025-12-31T08:24:56","modified_gmt":"2025-12-31T11:24:56","slug":"caminhao-eletrico-windrose-global-e700-recebe-aprovacao-na-europa","status":"publish","type":"post","link":"https:\/\/motorista.com.br\/noticias\/2025\/12\/31\/caminhao-eletrico-windrose-global-e700-recebe-aprovacao-na-europa\/","title":{"rendered":"Caminh\u00e3o el\u00e9trico Windrose Global E700 recebe aprova\u00e7\u00e3o na Europa"},"content":{"rendered":"<p><\/p>\n<h3>Caminh\u00e3o el\u00e9trico Windrose Global E700 \u00e9 homologado na Europa<\/h3>\n<p>A Windrose est\u00e1 determinada a expandir sua presen\u00e7a no mercado global com seu caminh\u00e3o el\u00e9trico pesado, o Global E700. Recentemente, a empresa obteve a homologa\u00e7\u00e3o necess\u00e1ria da Comiss\u00e3o de Transportes da Uni\u00e3o Europeia, permitindo que seu modelo seja comercializado na Europa. Essa conquista marca um passo significativo para a Windrose, que j\u00e1 realiza testes em diversos pa\u00edses, como Alemanha, Fran\u00e7a e na regi\u00e3o norte da Europa.<\/p>\n<p>Com um pre\u00e7o estimado em \u20ac 250 mil (cerca de R$ 1,63 milh\u00e3o), o Global E700 n\u00e3o apresenta um custo muito superior ao de modelos a diesel convencionais, apresentando, no entanto, um design inovador e tecnologia de ponta. A cabine com formato de cunha, que lembra o Tesla Semi, oferece uma posi\u00e7\u00e3o de dire\u00e7\u00e3o centralizada, proporcionando ao motorista uma vis\u00e3o mais ampla do entorno.<\/p>\n<p>A autonomia do caminh\u00e3o \u00e9 not\u00e1vel, alcan\u00e7ando 420 milhas (aproximadamente 675 km), gra\u00e7as \u00e0s baterias de 705 kWh. Os motores el\u00e9tricos possuem uma pot\u00eancia cont\u00ednua de 510 kW (693 cv), com um pico impressionante de 780 kW (1.060 cv). Essa performance n\u00e3o s\u00f3 torna o caminh\u00e3o eficiente em longas dist\u00e2ncias, mas tamb\u00e9m contribui para a redu\u00e7\u00e3o da emiss\u00e3o de poluentes, um fator crucial em um cen\u00e1rio global que prioriza a sustentabilidade.<\/p>\n<p>Os benef\u00edcios da introdu\u00e7\u00e3o do Windrose Global E700 v\u00e3o al\u00e9m do impacto ambiental. A crescente ado\u00e7\u00e3o de caminh\u00f5es el\u00e9tricos pode revolucionar a mobilidade urbana, reduzindo congestionamentos e melhorando a qualidade do ar nas cidades. Al\u00e9m disso, a transi\u00e7\u00e3o para ve\u00edculos el\u00e9tricos pode resultar em menor custo operacional para os motoristas a longo prazo, uma vez que a eletricidade tende a ser mais barata do que o diesel, al\u00e9m de requerer menos manuten\u00e7\u00e3o.<\/p>\n<p>Portanto, a homologa\u00e7\u00e3o do Windrose Global E700 na Europa n\u00e3o apenas representa um avan\u00e7o para a pr\u00f3pria empresa, mas tamb\u00e9m pode ser vista como um marco positivo para a mobilidade geral, indicando um futuro onde caminh\u00f5es el\u00e9tricos se tornam cada vez mais comuns nas estradas.<\/p>\n<p>Fonte: blogdocaminhoneiro<\/p>\n","protected":false},"excerpt":{"rendered":"<p>Caminh\u00e3o el\u00e9trico Windrose Global E700 \u00e9 homologado na Europa A Windrose est\u00e1 determinada a expandir sua presen\u00e7a no mercado global com seu caminh\u00e3o el\u00e9trico pesado, o Global E700. Recentemente, a empresa obteve a homologa\u00e7\u00e3o necess\u00e1ria da Comiss\u00e3o de Transportes da Uni\u00e3o Europeia, permitindo que seu modelo seja comercializado na Europa. Essa conquista marca um passo &hellip;<\/p>\n","protected":false},"author":4,"featured_media":5491,"comment_status":"","ping_status":"open","sticky":false,"template":"","format":"standard","meta":{"footnotes":""},"categories":[78,77],"tags":[],"coauthors":[42],"class_list":["post-5490","post","type-post","status-publish","format-standard","has-post-thumbnail","hentry","category-carreteiro","category-motorista"],"yoast_head":"<!-- This site is optimized with the Yoast SEO Premium plugin v25.5 (Yoast SEO v27.4) - https:\/\/yoast.com\/product\/yoast-seo-premium-wordpress\/ -->\n<title>Caminh\u00e3o el\u00e9trico Windrose Global E700 recebe aprova\u00e7\u00e3o na Europa - Motorista.com.br<\/title>\n<meta name=\"robots\" content=\"index, follow, max-snippet:-1, max-image-preview:large, max-video-preview:-1\" \/>\n<link rel=\"canonical\" href=\"https:\/\/motorista.com.br\/noticias\/2025\/12\/31\/caminhao-eletrico-windrose-global-e700-recebe-aprovacao-na-europa\/\" \/>\n<meta property=\"og:locale\" content=\"pt_BR\" \/>\n<meta property=\"og:type\" content=\"article\" \/>\n<meta property=\"og:title\" content=\"Caminh\u00e3o el\u00e9trico Windrose Global E700 recebe aprova\u00e7\u00e3o na Europa\" \/>\n<meta property=\"og:description\" content=\"Caminh\u00e3o el\u00e9trico Windrose Global E700 \u00e9 homologado na Europa A Windrose est\u00e1 determinada a expandir sua presen\u00e7a no mercado global com seu caminh\u00e3o el\u00e9trico pesado, o Global E700. Recentemente, a empresa obteve a homologa\u00e7\u00e3o necess\u00e1ria da Comiss\u00e3o de Transportes da Uni\u00e3o Europeia, permitindo que seu modelo seja comercializado na Europa. Essa conquista marca um passo &hellip;\" \/>\n<meta property=\"og:url\" content=\"https:\/\/motorista.com.br\/noticias\/2025\/12\/31\/caminhao-eletrico-windrose-global-e700-recebe-aprovacao-na-europa\/\" \/>\n<meta property=\"og:site_name\" content=\"Motorista.com.br\" \/>\n<meta property=\"article:published_time\" content=\"2025-12-31T11:24:56+00:00\" \/>\n<meta name=\"author\" content=\"Equipe Reda\u00e7\u00e3o\" \/>\n<meta name=\"twitter:card\" content=\"summary_large_image\" \/>\n<meta name=\"twitter:label1\" content=\"Escrito por\" \/>\n\t<meta name=\"twitter:data1\" content=\"Equipe Reda\u00e7\u00e3o\" \/>\n\t<meta name=\"twitter:label2\" content=\"Est. tempo de leitura\" \/>\n\t<meta name=\"twitter:data2\" content=\"2 minutos\" \/>\n\t<meta name=\"twitter:label3\" content=\"Written by\" \/>\n\t<meta name=\"twitter:data3\" content=\"Equipe Reda\u00e7\u00e3o\" \/>\n<script type=\"application\/ld+json\" class=\"yoast-schema-graph\">{\"@context\":\"https:\\\/\\\/schema.org\",\"@graph\":[{\"@type\":\"Article\",\"@id\":\"https:\\\/\\\/motorista.com.br\\\/noticias\\\/2025\\\/12\\\/31\\\/caminhao-eletrico-windrose-global-e700-recebe-aprovacao-na-europa\\\/#article\",\"isPartOf\":{\"@id\":\"https:\\\/\\\/motorista.com.br\\\/noticias\\\/2025\\\/12\\\/31\\\/caminhao-eletrico-windrose-global-e700-recebe-aprovacao-na-europa\\\/\"},\"author\":{\"name\":\"Equipe Reda\u00e7\u00e3o\",\"@id\":\"https:\\\/\\\/motorista.com.br\\\/noticias\\\/#\\\/schema\\\/person\\\/dc93afc2981c0e3ce6bc3c053fd847be\"},\"headline\":\"Caminh\u00e3o el\u00e9trico Windrose Global E700 recebe aprova\u00e7\u00e3o na Europa\",\"datePublished\":\"2025-12-31T11:24:56+00:00\",\"mainEntityOfPage\":{\"@id\":\"https:\\\/\\\/motorista.com.br\\\/noticias\\\/2025\\\/12\\\/31\\\/caminhao-eletrico-windrose-global-e700-recebe-aprovacao-na-europa\\\/\"},\"wordCount\":381,\"publisher\":{\"@id\":\"https:\\\/\\\/motorista.com.br\\\/noticias\\\/#organization\"},\"image\":{\"@id\":\"https:\\\/\\\/motorista.com.br\\\/noticias\\\/2025\\\/12\\\/31\\\/caminhao-eletrico-windrose-global-e700-recebe-aprovacao-na-europa\\\/#primaryimage\"},\"thumbnailUrl\":\"https:\\\/\\\/motorista.com.br\\\/noticias\\\/wp-content\\\/uploads\\\/2025\\\/12\\\/Windrose-Global-E700-1.jpg\",\"articleSection\":[\"Carreteiro\",\"Motorista\"],\"inLanguage\":\"pt-BR\"},{\"@type\":\"WebPage\",\"@id\":\"https:\\\/\\\/motorista.com.br\\\/noticias\\\/2025\\\/12\\\/31\\\/caminhao-eletrico-windrose-global-e700-recebe-aprovacao-na-europa\\\/\",\"url\":\"https:\\\/\\\/motorista.com.br\\\/noticias\\\/2025\\\/12\\\/31\\\/caminhao-eletrico-windrose-global-e700-recebe-aprovacao-na-europa\\\/\",\"name\":\"Caminh\u00e3o el\u00e9trico Windrose Global E700 recebe aprova\u00e7\u00e3o na Europa - Motorista.com.br\",\"isPartOf\":{\"@id\":\"https:\\\/\\\/motorista.com.br\\\/noticias\\\/#website\"},\"primaryImageOfPage\":{\"@id\":\"https:\\\/\\\/motorista.com.br\\\/noticias\\\/2025\\\/12\\\/31\\\/caminhao-eletrico-windrose-global-e700-recebe-aprovacao-na-europa\\\/#primaryimage\"},\"image\":{\"@id\":\"https:\\\/\\\/motorista.com.br\\\/noticias\\\/2025\\\/12\\\/31\\\/caminhao-eletrico-windrose-global-e700-recebe-aprovacao-na-europa\\\/#primaryimage\"},\"thumbnailUrl\":\"https:\\\/\\\/motorista.com.br\\\/noticias\\\/wp-content\\\/uploads\\\/2025\\\/12\\\/Windrose-Global-E700-1.jpg\",\"datePublished\":\"2025-12-31T11:24:56+00:00\",\"breadcrumb\":{\"@id\":\"https:\\\/\\\/motorista.com.br\\\/noticias\\\/2025\\\/12\\\/31\\\/caminhao-eletrico-windrose-global-e700-recebe-aprovacao-na-europa\\\/#breadcrumb\"},\"inLanguage\":\"pt-BR\",\"potentialAction\":[{\"@type\":\"ReadAction\",\"target\":[\"https:\\\/\\\/motorista.com.br\\\/noticias\\\/2025\\\/12\\\/31\\\/caminhao-eletrico-windrose-global-e700-recebe-aprovacao-na-europa\\\/\"]}]},{\"@type\":\"ImageObject\",\"inLanguage\":\"pt-BR\",\"@id\":\"https:\\\/\\\/motorista.com.br\\\/noticias\\\/2025\\\/12\\\/31\\\/caminhao-eletrico-windrose-global-e700-recebe-aprovacao-na-europa\\\/#primaryimage\",\"url\":\"https:\\\/\\\/motorista.com.br\\\/noticias\\\/wp-content\\\/uploads\\\/2025\\\/12\\\/Windrose-Global-E700-1.jpg\",\"contentUrl\":\"https:\\\/\\\/motorista.com.br\\\/noticias\\\/wp-content\\\/uploads\\\/2025\\\/12\\\/Windrose-Global-E700-1.jpg\",\"width\":1204,\"height\":804},{\"@type\":\"BreadcrumbList\",\"@id\":\"https:\\\/\\\/motorista.com.br\\\/noticias\\\/2025\\\/12\\\/31\\\/caminhao-eletrico-windrose-global-e700-recebe-aprovacao-na-europa\\\/#breadcrumb\",\"itemListElement\":[{\"@type\":\"ListItem\",\"position\":1,\"name\":\"In\u00edcio\",\"item\":\"https:\\\/\\\/motorista.com.br\\\/noticias\\\/\"},{\"@type\":\"ListItem\",\"position\":2,\"name\":\"Caminh\u00e3o el\u00e9trico Windrose Global E700 recebe aprova\u00e7\u00e3o na Europa\"}]},{\"@type\":\"WebSite\",\"@id\":\"https:\\\/\\\/motorista.com.br\\\/noticias\\\/#website\",\"url\":\"https:\\\/\\\/motorista.com.br\\\/noticias\\\/\",\"name\":\"Motorista.com.br\",\"description\":\"Not\u00edcia do Motorista\",\"publisher\":{\"@id\":\"https:\\\/\\\/motorista.com.br\\\/noticias\\\/#organization\"},\"potentialAction\":[{\"@type\":\"SearchAction\",\"target\":{\"@type\":\"EntryPoint\",\"urlTemplate\":\"https:\\\/\\\/motorista.com.br\\\/noticias\\\/?s={search_term_string}\"},\"query-input\":{\"@type\":\"PropertyValueSpecification\",\"valueRequired\":true,\"valueName\":\"search_term_string\"}}],\"inLanguage\":\"pt-BR\"},{\"@type\":\"Organization\",\"@id\":\"https:\\\/\\\/motorista.com.br\\\/noticias\\\/#organization\",\"name\":\"Motorista.com.br\",\"url\":\"https:\\\/\\\/motorista.com.br\\\/noticias\\\/\",\"logo\":{\"@type\":\"ImageObject\",\"inLanguage\":\"pt-BR\",\"@id\":\"https:\\\/\\\/motorista.com.br\\\/noticias\\\/#\\\/schema\\\/logo\\\/image\\\/\",\"url\":\"https:\\\/\\\/motorista.com.br\\\/noticias\\\/wp-content\\\/uploads\\\/2025\\\/06\\\/Design-sem-nome-9.png\",\"contentUrl\":\"https:\\\/\\\/motorista.com.br\\\/noticias\\\/wp-content\\\/uploads\\\/2025\\\/06\\\/Design-sem-nome-9.png\",\"width\":150,\"height\":85,\"caption\":\"Motorista.com.br\"},\"image\":{\"@id\":\"https:\\\/\\\/motorista.com.br\\\/noticias\\\/#\\\/schema\\\/logo\\\/image\\\/\"}},{\"@type\":\"Person\",\"@id\":\"https:\\\/\\\/motorista.com.br\\\/noticias\\\/#\\\/schema\\\/person\\\/dc93afc2981c0e3ce6bc3c053fd847be\",\"name\":\"Equipe Reda\u00e7\u00e3o\",\"image\":{\"@type\":\"ImageObject\",\"inLanguage\":\"pt-BR\",\"@id\":\"https:\\\/\\\/secure.gravatar.com\\\/avatar\\\/4f525efbf18dd2bb300ccad28bfb99d95a9465a5ba268407c8c37b37e1f28d2d?s=96&d=mm&r=g9e099043a0c61e9ae27e293b9fa75ffc\",\"url\":\"https:\\\/\\\/secure.gravatar.com\\\/avatar\\\/4f525efbf18dd2bb300ccad28bfb99d95a9465a5ba268407c8c37b37e1f28d2d?s=96&d=mm&r=g\",\"contentUrl\":\"https:\\\/\\\/secure.gravatar.com\\\/avatar\\\/4f525efbf18dd2bb300ccad28bfb99d95a9465a5ba268407c8c37b37e1f28d2d?s=96&d=mm&r=g\",\"caption\":\"Equipe Reda\u00e7\u00e3o\"},\"description\":\"Equipe de reda\u00e7\u00e3o \u00e9 um grupo de profissionais que trabalham juntos para criar conte\u00fado escrito para Motorista.com.br\",\"url\":\"https:\\\/\\\/motorista.com.br\\\/noticias\\\/author\\\/equiperedacao\\\/\"}]}<\/script>\n<!-- \/ Yoast SEO Premium plugin. -->","yoast_head_json":{"title":"Caminh\u00e3o el\u00e9trico Windrose Global E700 recebe aprova\u00e7\u00e3o na Europa - Motorista.com.br","robots":{"index":"index","follow":"follow","max-snippet":"max-snippet:-1","max-image-preview":"max-image-preview:large","max-video-preview":"max-video-preview:-1"},"canonical":"https:\/\/motorista.com.br\/noticias\/2025\/12\/31\/caminhao-eletrico-windrose-global-e700-recebe-aprovacao-na-europa\/","og_locale":"pt_BR","og_type":"article","og_title":"Caminh\u00e3o el\u00e9trico Windrose Global E700 recebe aprova\u00e7\u00e3o na Europa","og_description":"Caminh\u00e3o el\u00e9trico Windrose Global E700 \u00e9 homologado na Europa A Windrose est\u00e1 determinada a expandir sua presen\u00e7a no mercado global com seu caminh\u00e3o el\u00e9trico pesado, o Global E700. Recentemente, a empresa obteve a homologa\u00e7\u00e3o necess\u00e1ria da Comiss\u00e3o de Transportes da Uni\u00e3o Europeia, permitindo que seu modelo seja comercializado na Europa. Essa conquista marca um passo &hellip;","og_url":"https:\/\/motorista.com.br\/noticias\/2025\/12\/31\/caminhao-eletrico-windrose-global-e700-recebe-aprovacao-na-europa\/","og_site_name":"Motorista.com.br","article_published_time":"2025-12-31T11:24:56+00:00","author":"Equipe Reda\u00e7\u00e3o","twitter_card":"summary_large_image","twitter_misc":{"Escrito por":"Equipe Reda\u00e7\u00e3o","Est. tempo de leitura":"2 minutos","Written by":"Equipe Reda\u00e7\u00e3o"},"schema":{"@context":"https:\/\/schema.org","@graph":[{"@type":"Article","@id":"https:\/\/motorista.com.br\/noticias\/2025\/12\/31\/caminhao-eletrico-windrose-global-e700-recebe-aprovacao-na-europa\/#article","isPartOf":{"@id":"https:\/\/motorista.com.br\/noticias\/2025\/12\/31\/caminhao-eletrico-windrose-global-e700-recebe-aprovacao-na-europa\/"},"author":{"name":"Equipe Reda\u00e7\u00e3o","@id":"https:\/\/motorista.com.br\/noticias\/#\/schema\/person\/dc93afc2981c0e3ce6bc3c053fd847be"},"headline":"Caminh\u00e3o el\u00e9trico Windrose Global E700 recebe aprova\u00e7\u00e3o na Europa","datePublished":"2025-12-31T11:24:56+00:00","mainEntityOfPage":{"@id":"https:\/\/motorista.com.br\/noticias\/2025\/12\/31\/caminhao-eletrico-windrose-global-e700-recebe-aprovacao-na-europa\/"},"wordCount":381,"publisher":{"@id":"https:\/\/motorista.com.br\/noticias\/#organization"},"image":{"@id":"https:\/\/motorista.com.br\/noticias\/2025\/12\/31\/caminhao-eletrico-windrose-global-e700-recebe-aprovacao-na-europa\/#primaryimage"},"thumbnailUrl":"https:\/\/motorista.com.br\/noticias\/wp-content\/uploads\/2025\/12\/Windrose-Global-E700-1.jpg","articleSection":["Carreteiro","Motorista"],"inLanguage":"pt-BR"},{"@type":"WebPage","@id":"https:\/\/motorista.com.br\/noticias\/2025\/12\/31\/caminhao-eletrico-windrose-global-e700-recebe-aprovacao-na-europa\/","url":"https:\/\/motorista.com.br\/noticias\/2025\/12\/31\/caminhao-eletrico-windrose-global-e700-recebe-aprovacao-na-europa\/","name":"Caminh\u00e3o el\u00e9trico Windrose Global E700 recebe aprova\u00e7\u00e3o na Europa - Motorista.com.br","isPartOf":{"@id":"https:\/\/motorista.com.br\/noticias\/#website"},"primaryImageOfPage":{"@id":"https:\/\/motorista.com.br\/noticias\/2025\/12\/31\/caminhao-eletrico-windrose-global-e700-recebe-aprovacao-na-europa\/#primaryimage"},"image":{"@id":"https:\/\/motorista.com.br\/noticias\/2025\/12\/31\/caminhao-eletrico-windrose-global-e700-recebe-aprovacao-na-europa\/#primaryimage"},"thumbnailUrl":"https:\/\/motorista.com.br\/noticias\/wp-content\/uploads\/2025\/12\/Windrose-Global-E700-1.jpg","datePublished":"2025-12-31T11:24:56+00:00","breadcrumb":{"@id":"https:\/\/motorista.com.br\/noticias\/2025\/12\/31\/caminhao-eletrico-windrose-global-e700-recebe-aprovacao-na-europa\/#breadcrumb"},"inLanguage":"pt-BR","potentialAction":[{"@type":"ReadAction","target":["https:\/\/motorista.com.br\/noticias\/2025\/12\/31\/caminhao-eletrico-windrose-global-e700-recebe-aprovacao-na-europa\/"]}]},{"@type":"ImageObject","inLanguage":"pt-BR","@id":"https:\/\/motorista.com.br\/noticias\/2025\/12\/31\/caminhao-eletrico-windrose-global-e700-recebe-aprovacao-na-europa\/#primaryimage","url":"https:\/\/motorista.com.br\/noticias\/wp-content\/uploads\/2025\/12\/Windrose-Global-E700-1.jpg","contentUrl":"https:\/\/motorista.com.br\/noticias\/wp-content\/uploads\/2025\/12\/Windrose-Global-E700-1.jpg","width":1204,"height":804},{"@type":"BreadcrumbList","@id":"https:\/\/motorista.com.br\/noticias\/2025\/12\/31\/caminhao-eletrico-windrose-global-e700-recebe-aprovacao-na-europa\/#breadcrumb","itemListElement":[{"@type":"ListItem","position":1,"name":"In\u00edcio","item":"https:\/\/motorista.com.br\/noticias\/"},{"@type":"ListItem","position":2,"name":"Caminh\u00e3o el\u00e9trico Windrose Global E700 recebe aprova\u00e7\u00e3o na Europa"}]},{"@type":"WebSite","@id":"https:\/\/motorista.com.br\/noticias\/#website","url":"https:\/\/motorista.com.br\/noticias\/","name":"Motorista.com.br","description":"Not\u00edcia do Motorista","publisher":{"@id":"https:\/\/motorista.com.br\/noticias\/#organization"},"potentialAction":[{"@type":"SearchAction","target":{"@type":"EntryPoint","urlTemplate":"https:\/\/motorista.com.br\/noticias\/?s={search_term_string}"},"query-input":{"@type":"PropertyValueSpecification","valueRequired":true,"valueName":"search_term_string"}}],"inLanguage":"pt-BR"},{"@type":"Organization","@id":"https:\/\/motorista.com.br\/noticias\/#organization","name":"Motorista.com.br","url":"https:\/\/motorista.com.br\/noticias\/","logo":{"@type":"ImageObject","inLanguage":"pt-BR","@id":"https:\/\/motorista.com.br\/noticias\/#\/schema\/logo\/image\/","url":"https:\/\/motorista.com.br\/noticias\/wp-content\/uploads\/2025\/06\/Design-sem-nome-9.png","contentUrl":"https:\/\/motorista.com.br\/noticias\/wp-content\/uploads\/2025\/06\/Design-sem-nome-9.png","width":150,"height":85,"caption":"Motorista.com.br"},"image":{"@id":"https:\/\/motorista.com.br\/noticias\/#\/schema\/logo\/image\/"}},{"@type":"Person","@id":"https:\/\/motorista.com.br\/noticias\/#\/schema\/person\/dc93afc2981c0e3ce6bc3c053fd847be","name":"Equipe Reda\u00e7\u00e3o","image":{"@type":"ImageObject","inLanguage":"pt-BR","@id":"https:\/\/secure.gravatar.com\/avatar\/4f525efbf18dd2bb300ccad28bfb99d95a9465a5ba268407c8c37b37e1f28d2d?s=96&d=mm&r=g9e099043a0c61e9ae27e293b9fa75ffc","url":"https:\/\/secure.gravatar.com\/avatar\/4f525efbf18dd2bb300ccad28bfb99d95a9465a5ba268407c8c37b37e1f28d2d?s=96&d=mm&r=g","contentUrl":"https:\/\/secure.gravatar.com\/avatar\/4f525efbf18dd2bb300ccad28bfb99d95a9465a5ba268407c8c37b37e1f28d2d?s=96&d=mm&r=g","caption":"Equipe Reda\u00e7\u00e3o"},"description":"Equipe de reda\u00e7\u00e3o \u00e9 um grupo de profissionais que trabalham juntos para criar conte\u00fado escrito para Motorista.com.br","url":"https:\/\/motorista.com.br\/noticias\/author\/equiperedacao\/"}]}},"_links":{"self":[{"href":"https:\/\/motorista.com.br\/noticias\/wp-json\/wp\/v2\/posts\/5490","targetHints":{"allow":["GET"]}}],"collection":[{"href":"https:\/\/motorista.com.br\/noticias\/wp-json\/wp\/v2\/posts"}],"about":[{"href":"https:\/\/motorista.com.br\/noticias\/wp-json\/wp\/v2\/types\/post"}],"author":[{"embeddable":true,"href":"https:\/\/motorista.com.br\/noticias\/wp-json\/wp\/v2\/users\/4"}],"replies":[{"embeddable":true,"href":"https:\/\/motorista.com.br\/noticias\/wp-json\/wp\/v2\/comments?post=5490"}],"version-history":[{"count":0,"href":"https:\/\/motorista.com.br\/noticias\/wp-json\/wp\/v2\/posts\/5490\/revisions"}],"wp:featuredmedia":[{"embeddable":true,"href":"https:\/\/motorista.com.br\/noticias\/wp-json\/wp\/v2\/media\/5491"}],"wp:attachment":[{"href":"https:\/\/motorista.com.br\/noticias\/wp-json\/wp\/v2\/media?parent=5490"}],"wp:term":[{"taxonomy":"category","embeddable":true,"href":"https:\/\/motorista.com.br\/noticias\/wp-json\/wp\/v2\/categories?post=5490"},{"taxonomy":"post_tag","embeddable":true,"href":"https:\/\/motorista.com.br\/noticias\/wp-json\/wp\/v2\/tags?post=5490"},{"taxonomy":"author","embeddable":true,"href":"https:\/\/motorista.com.br\/noticias\/wp-json\/wp\/v2\/coauthors?post=5490"}],"curies":[{"name":"wp","href":"https:\/\/api.w.org\/{rel}","templated":true}]}}