{"id":5484,"date":"2025-12-31T00:20:57","date_gmt":"2025-12-31T03:20:57","guid":{"rendered":"https:\/\/motorista.com.br\/noticias\/2025\/12\/31\/justica-de-sp-mantem-pena-para-ladrao-de-carga\/"},"modified":"2025-12-31T00:20:57","modified_gmt":"2025-12-31T03:20:57","slug":"justica-de-sp-mantem-pena-para-ladrao-de-carga","status":"publish","type":"post","link":"https:\/\/motorista.com.br\/noticias\/2025\/12\/31\/justica-de-sp-mantem-pena-para-ladrao-de-carga\/","title":{"rendered":"Justi\u00e7a de SP mant\u00e9m pena para ladr\u00e3o de carga."},"content":{"rendered":"<p><\/p>\n<p><strong>Ladr\u00e3o de carga tem pena mantida pela Justi\u00e7a de S\u00e3o Paulo: Implica\u00e7\u00f5es para motoristas e mobilidade urbana<\/strong><\/p>\n<p>Um recente caso julgado pela 4\u00aa C\u00e2mara de Direito Criminal do Tribunal de Justi\u00e7a de S\u00e3o Paulo destaca a seriedade do crime de roubo de cargas e seu impacto no setor de transporte. Um homem que assaltou um caminh\u00e3o frigor\u00edfico, levando uma carga de carnes \u00e0 m\u00e3o armada, teve sua condena\u00e7\u00e3o confirmada, resultando em uma pena de sete anos e quatro meses de reclus\u00e3o.<\/p>\n<p>Esse tipo de crime n\u00e3o \u00e9 apenas um problema para o motorista diretamente afetado; suas repercuss\u00f5es se estendem ao setor de transporte e \u00e0 mobilidade urbana como um todo. A inseguran\u00e7a nas estradas, especialmente em rotas conhecidas por incid\u00eancias de roubo, aumenta os custos operacionais das empresas, que muitas vezes optam por contratar servi\u00e7os de seguran\u00e7a privada ou sistemas de rastreamento em suas frotas. Esses investimentos, embora necess\u00e1rios, acabam sendo repassados ao consumidor, elevando o pre\u00e7o final dos produtos.<\/p>\n<p>Al\u00e9m disso, a sensa\u00e7\u00e3o de inseguran\u00e7a desencoraja novos motoristas a se aventurarem nas rotas mais vulner\u00e1veis. Isso gera um efeito em cadeia que pode incluir a redu\u00e7\u00e3o no n\u00famero de entregas, atrasos na log\u00edstica e um aumento na carga de trabalho para os motoristas j\u00e1 presentes no mercado. A confian\u00e7a nas vias e no sistema de transporte fica comprometida, o que pode afetar a efici\u00eancia de toda a cadeia log\u00edstica.<\/p>\n<p>\u00c9 essencial que as autoridades promovam medidas eficazes de seguran\u00e7a, que n\u00e3o apenas fortale\u00e7am a prote\u00e7\u00e3o dos motoristas e das mercadorias, mas que tamb\u00e9m assegurem um tr\u00e2nsito mais seguro para todos, contribuindo para a fluidez do tr\u00e1fego. A implementa\u00e7\u00e3o de tecnologia e a vigil\u00e2ncia mais intensa em \u00e1reas cr\u00edticas s\u00e3o algumas das estrat\u00e9gias que podem ajudar a mitigar essa problem\u00e1tica.<\/p>\n<p>Assim, o caso destaca n\u00e3o apenas a puni\u00e7\u00e3o necess\u00e1ria para os crimes cometidos, mas tamb\u00e9m a import\u00e2ncia de um ambiente mais seguro para os motoristas e para a mobilidade urbana. Ao reduzir a criminalidade nas estradas, se promove n\u00e3o s\u00f3 o bem-estar dos profissionais do transporte, mas tamb\u00e9m a efici\u00eancia e a sa\u00fade econ\u00f4mica do setor como um todo.<\/p>\n<p><strong>Fonte: blogdocaminhoneiro<\/strong><\/p>\n","protected":false},"excerpt":{"rendered":"<p>Ladr\u00e3o de carga tem pena mantida pela Justi\u00e7a de S\u00e3o Paulo: Implica\u00e7\u00f5es para motoristas e mobilidade urbana Um recente caso julgado pela 4\u00aa C\u00e2mara de Direito Criminal do Tribunal de Justi\u00e7a de S\u00e3o Paulo destaca a seriedade do crime de roubo de cargas e seu impacto no setor de transporte. Um homem que assaltou um &hellip;<\/p>\n","protected":false},"author":4,"featured_media":5485,"comment_status":"","ping_status":"open","sticky":false,"template":"","format":"standard","meta":{"footnotes":""},"categories":[78,77],"tags":[],"coauthors":[42],"class_list":["post-5484","post","type-post","status-publish","format-standard","has-post-thumbnail","hentry","category-carreteiro","category-motorista"],"yoast_head":"<!-- This site is optimized with the Yoast SEO Premium plugin v25.5 (Yoast SEO v27.4) - https:\/\/yoast.com\/product\/yoast-seo-premium-wordpress\/ -->\n<title>Justi\u00e7a de SP mant\u00e9m pena para ladr\u00e3o de carga. - Motorista.com.br<\/title>\n<meta name=\"robots\" content=\"index, follow, max-snippet:-1, max-image-preview:large, max-video-preview:-1\" \/>\n<link rel=\"canonical\" href=\"https:\/\/motorista.com.br\/noticias\/2025\/12\/31\/justica-de-sp-mantem-pena-para-ladrao-de-carga\/\" \/>\n<meta property=\"og:locale\" content=\"pt_BR\" \/>\n<meta property=\"og:type\" content=\"article\" \/>\n<meta property=\"og:title\" content=\"Justi\u00e7a de SP mant\u00e9m pena para ladr\u00e3o de carga.\" \/>\n<meta property=\"og:description\" content=\"Ladr\u00e3o de carga tem pena mantida pela Justi\u00e7a de S\u00e3o Paulo: Implica\u00e7\u00f5es para motoristas e mobilidade urbana Um recente caso julgado pela 4\u00aa C\u00e2mara de Direito Criminal do Tribunal de Justi\u00e7a de S\u00e3o Paulo destaca a seriedade do crime de roubo de cargas e seu impacto no setor de transporte. Um homem que assaltou um &hellip;\" \/>\n<meta property=\"og:url\" content=\"https:\/\/motorista.com.br\/noticias\/2025\/12\/31\/justica-de-sp-mantem-pena-para-ladrao-de-carga\/\" \/>\n<meta property=\"og:site_name\" content=\"Motorista.com.br\" \/>\n<meta property=\"article:published_time\" content=\"2025-12-31T03:20:57+00:00\" \/>\n<meta name=\"author\" content=\"Equipe Reda\u00e7\u00e3o\" \/>\n<meta name=\"twitter:card\" content=\"summary_large_image\" \/>\n<meta name=\"twitter:label1\" content=\"Escrito por\" \/>\n\t<meta name=\"twitter:data1\" content=\"Equipe Reda\u00e7\u00e3o\" \/>\n\t<meta name=\"twitter:label2\" content=\"Est. tempo de leitura\" \/>\n\t<meta name=\"twitter:data2\" content=\"2 minutos\" \/>\n\t<meta name=\"twitter:label3\" content=\"Written by\" \/>\n\t<meta name=\"twitter:data3\" content=\"Equipe Reda\u00e7\u00e3o\" \/>\n<script type=\"application\/ld+json\" class=\"yoast-schema-graph\">{\"@context\":\"https:\\\/\\\/schema.org\",\"@graph\":[{\"@type\":\"Article\",\"@id\":\"https:\\\/\\\/motorista.com.br\\\/noticias\\\/2025\\\/12\\\/31\\\/justica-de-sp-mantem-pena-para-ladrao-de-carga\\\/#article\",\"isPartOf\":{\"@id\":\"https:\\\/\\\/motorista.com.br\\\/noticias\\\/2025\\\/12\\\/31\\\/justica-de-sp-mantem-pena-para-ladrao-de-carga\\\/\"},\"author\":{\"name\":\"Equipe Reda\u00e7\u00e3o\",\"@id\":\"https:\\\/\\\/motorista.com.br\\\/noticias\\\/#\\\/schema\\\/person\\\/dc93afc2981c0e3ce6bc3c053fd847be\"},\"headline\":\"Justi\u00e7a de SP mant\u00e9m pena para ladr\u00e3o de carga.\",\"datePublished\":\"2025-12-31T03:20:57+00:00\",\"mainEntityOfPage\":{\"@id\":\"https:\\\/\\\/motorista.com.br\\\/noticias\\\/2025\\\/12\\\/31\\\/justica-de-sp-mantem-pena-para-ladrao-de-carga\\\/\"},\"wordCount\":411,\"publisher\":{\"@id\":\"https:\\\/\\\/motorista.com.br\\\/noticias\\\/#organization\"},\"image\":{\"@id\":\"https:\\\/\\\/motorista.com.br\\\/noticias\\\/2025\\\/12\\\/31\\\/justica-de-sp-mantem-pena-para-ladrao-de-carga\\\/#primaryimage\"},\"thumbnailUrl\":\"https:\\\/\\\/motorista.com.br\\\/noticias\\\/wp-content\\\/uploads\\\/2025\\\/12\\\/arma-de-fogo.jpg\",\"articleSection\":[\"Carreteiro\",\"Motorista\"],\"inLanguage\":\"pt-BR\"},{\"@type\":\"WebPage\",\"@id\":\"https:\\\/\\\/motorista.com.br\\\/noticias\\\/2025\\\/12\\\/31\\\/justica-de-sp-mantem-pena-para-ladrao-de-carga\\\/\",\"url\":\"https:\\\/\\\/motorista.com.br\\\/noticias\\\/2025\\\/12\\\/31\\\/justica-de-sp-mantem-pena-para-ladrao-de-carga\\\/\",\"name\":\"Justi\u00e7a de SP mant\u00e9m pena para ladr\u00e3o de carga. - Motorista.com.br\",\"isPartOf\":{\"@id\":\"https:\\\/\\\/motorista.com.br\\\/noticias\\\/#website\"},\"primaryImageOfPage\":{\"@id\":\"https:\\\/\\\/motorista.com.br\\\/noticias\\\/2025\\\/12\\\/31\\\/justica-de-sp-mantem-pena-para-ladrao-de-carga\\\/#primaryimage\"},\"image\":{\"@id\":\"https:\\\/\\\/motorista.com.br\\\/noticias\\\/2025\\\/12\\\/31\\\/justica-de-sp-mantem-pena-para-ladrao-de-carga\\\/#primaryimage\"},\"thumbnailUrl\":\"https:\\\/\\\/motorista.com.br\\\/noticias\\\/wp-content\\\/uploads\\\/2025\\\/12\\\/arma-de-fogo.jpg\",\"datePublished\":\"2025-12-31T03:20:57+00:00\",\"breadcrumb\":{\"@id\":\"https:\\\/\\\/motorista.com.br\\\/noticias\\\/2025\\\/12\\\/31\\\/justica-de-sp-mantem-pena-para-ladrao-de-carga\\\/#breadcrumb\"},\"inLanguage\":\"pt-BR\",\"potentialAction\":[{\"@type\":\"ReadAction\",\"target\":[\"https:\\\/\\\/motorista.com.br\\\/noticias\\\/2025\\\/12\\\/31\\\/justica-de-sp-mantem-pena-para-ladrao-de-carga\\\/\"]}]},{\"@type\":\"ImageObject\",\"inLanguage\":\"pt-BR\",\"@id\":\"https:\\\/\\\/motorista.com.br\\\/noticias\\\/2025\\\/12\\\/31\\\/justica-de-sp-mantem-pena-para-ladrao-de-carga\\\/#primaryimage\",\"url\":\"https:\\\/\\\/motorista.com.br\\\/noticias\\\/wp-content\\\/uploads\\\/2025\\\/12\\\/arma-de-fogo.jpg\",\"contentUrl\":\"https:\\\/\\\/motorista.com.br\\\/noticias\\\/wp-content\\\/uploads\\\/2025\\\/12\\\/arma-de-fogo.jpg\",\"width\":1200,\"height\":800},{\"@type\":\"BreadcrumbList\",\"@id\":\"https:\\\/\\\/motorista.com.br\\\/noticias\\\/2025\\\/12\\\/31\\\/justica-de-sp-mantem-pena-para-ladrao-de-carga\\\/#breadcrumb\",\"itemListElement\":[{\"@type\":\"ListItem\",\"position\":1,\"name\":\"In\u00edcio\",\"item\":\"https:\\\/\\\/motorista.com.br\\\/noticias\\\/\"},{\"@type\":\"ListItem\",\"position\":2,\"name\":\"Justi\u00e7a de SP mant\u00e9m pena para ladr\u00e3o de carga.\"}]},{\"@type\":\"WebSite\",\"@id\":\"https:\\\/\\\/motorista.com.br\\\/noticias\\\/#website\",\"url\":\"https:\\\/\\\/motorista.com.br\\\/noticias\\\/\",\"name\":\"Motorista.com.br\",\"description\":\"Not\u00edcia do Motorista\",\"publisher\":{\"@id\":\"https:\\\/\\\/motorista.com.br\\\/noticias\\\/#organization\"},\"potentialAction\":[{\"@type\":\"SearchAction\",\"target\":{\"@type\":\"EntryPoint\",\"urlTemplate\":\"https:\\\/\\\/motorista.com.br\\\/noticias\\\/?s={search_term_string}\"},\"query-input\":{\"@type\":\"PropertyValueSpecification\",\"valueRequired\":true,\"valueName\":\"search_term_string\"}}],\"inLanguage\":\"pt-BR\"},{\"@type\":\"Organization\",\"@id\":\"https:\\\/\\\/motorista.com.br\\\/noticias\\\/#organization\",\"name\":\"Motorista.com.br\",\"url\":\"https:\\\/\\\/motorista.com.br\\\/noticias\\\/\",\"logo\":{\"@type\":\"ImageObject\",\"inLanguage\":\"pt-BR\",\"@id\":\"https:\\\/\\\/motorista.com.br\\\/noticias\\\/#\\\/schema\\\/logo\\\/image\\\/\",\"url\":\"https:\\\/\\\/motorista.com.br\\\/noticias\\\/wp-content\\\/uploads\\\/2025\\\/06\\\/Design-sem-nome-9.png\",\"contentUrl\":\"https:\\\/\\\/motorista.com.br\\\/noticias\\\/wp-content\\\/uploads\\\/2025\\\/06\\\/Design-sem-nome-9.png\",\"width\":150,\"height\":85,\"caption\":\"Motorista.com.br\"},\"image\":{\"@id\":\"https:\\\/\\\/motorista.com.br\\\/noticias\\\/#\\\/schema\\\/logo\\\/image\\\/\"}},{\"@type\":\"Person\",\"@id\":\"https:\\\/\\\/motorista.com.br\\\/noticias\\\/#\\\/schema\\\/person\\\/dc93afc2981c0e3ce6bc3c053fd847be\",\"name\":\"Equipe Reda\u00e7\u00e3o\",\"image\":{\"@type\":\"ImageObject\",\"inLanguage\":\"pt-BR\",\"@id\":\"https:\\\/\\\/secure.gravatar.com\\\/avatar\\\/4f525efbf18dd2bb300ccad28bfb99d95a9465a5ba268407c8c37b37e1f28d2d?s=96&d=mm&r=g9e099043a0c61e9ae27e293b9fa75ffc\",\"url\":\"https:\\\/\\\/secure.gravatar.com\\\/avatar\\\/4f525efbf18dd2bb300ccad28bfb99d95a9465a5ba268407c8c37b37e1f28d2d?s=96&d=mm&r=g\",\"contentUrl\":\"https:\\\/\\\/secure.gravatar.com\\\/avatar\\\/4f525efbf18dd2bb300ccad28bfb99d95a9465a5ba268407c8c37b37e1f28d2d?s=96&d=mm&r=g\",\"caption\":\"Equipe Reda\u00e7\u00e3o\"},\"description\":\"Equipe de reda\u00e7\u00e3o \u00e9 um grupo de profissionais que trabalham juntos para criar conte\u00fado escrito para Motorista.com.br\",\"url\":\"https:\\\/\\\/motorista.com.br\\\/noticias\\\/author\\\/equiperedacao\\\/\"}]}<\/script>\n<!-- \/ Yoast SEO Premium plugin. -->","yoast_head_json":{"title":"Justi\u00e7a de SP mant\u00e9m pena para ladr\u00e3o de carga. - Motorista.com.br","robots":{"index":"index","follow":"follow","max-snippet":"max-snippet:-1","max-image-preview":"max-image-preview:large","max-video-preview":"max-video-preview:-1"},"canonical":"https:\/\/motorista.com.br\/noticias\/2025\/12\/31\/justica-de-sp-mantem-pena-para-ladrao-de-carga\/","og_locale":"pt_BR","og_type":"article","og_title":"Justi\u00e7a de SP mant\u00e9m pena para ladr\u00e3o de carga.","og_description":"Ladr\u00e3o de carga tem pena mantida pela Justi\u00e7a de S\u00e3o Paulo: Implica\u00e7\u00f5es para motoristas e mobilidade urbana Um recente caso julgado pela 4\u00aa C\u00e2mara de Direito Criminal do Tribunal de Justi\u00e7a de S\u00e3o Paulo destaca a seriedade do crime de roubo de cargas e seu impacto no setor de transporte. Um homem que assaltou um &hellip;","og_url":"https:\/\/motorista.com.br\/noticias\/2025\/12\/31\/justica-de-sp-mantem-pena-para-ladrao-de-carga\/","og_site_name":"Motorista.com.br","article_published_time":"2025-12-31T03:20:57+00:00","author":"Equipe Reda\u00e7\u00e3o","twitter_card":"summary_large_image","twitter_misc":{"Escrito por":"Equipe Reda\u00e7\u00e3o","Est. tempo de leitura":"2 minutos","Written by":"Equipe Reda\u00e7\u00e3o"},"schema":{"@context":"https:\/\/schema.org","@graph":[{"@type":"Article","@id":"https:\/\/motorista.com.br\/noticias\/2025\/12\/31\/justica-de-sp-mantem-pena-para-ladrao-de-carga\/#article","isPartOf":{"@id":"https:\/\/motorista.com.br\/noticias\/2025\/12\/31\/justica-de-sp-mantem-pena-para-ladrao-de-carga\/"},"author":{"name":"Equipe Reda\u00e7\u00e3o","@id":"https:\/\/motorista.com.br\/noticias\/#\/schema\/person\/dc93afc2981c0e3ce6bc3c053fd847be"},"headline":"Justi\u00e7a de SP mant\u00e9m pena para ladr\u00e3o de carga.","datePublished":"2025-12-31T03:20:57+00:00","mainEntityOfPage":{"@id":"https:\/\/motorista.com.br\/noticias\/2025\/12\/31\/justica-de-sp-mantem-pena-para-ladrao-de-carga\/"},"wordCount":411,"publisher":{"@id":"https:\/\/motorista.com.br\/noticias\/#organization"},"image":{"@id":"https:\/\/motorista.com.br\/noticias\/2025\/12\/31\/justica-de-sp-mantem-pena-para-ladrao-de-carga\/#primaryimage"},"thumbnailUrl":"https:\/\/motorista.com.br\/noticias\/wp-content\/uploads\/2025\/12\/arma-de-fogo.jpg","articleSection":["Carreteiro","Motorista"],"inLanguage":"pt-BR"},{"@type":"WebPage","@id":"https:\/\/motorista.com.br\/noticias\/2025\/12\/31\/justica-de-sp-mantem-pena-para-ladrao-de-carga\/","url":"https:\/\/motorista.com.br\/noticias\/2025\/12\/31\/justica-de-sp-mantem-pena-para-ladrao-de-carga\/","name":"Justi\u00e7a de SP mant\u00e9m pena para ladr\u00e3o de carga. - Motorista.com.br","isPartOf":{"@id":"https:\/\/motorista.com.br\/noticias\/#website"},"primaryImageOfPage":{"@id":"https:\/\/motorista.com.br\/noticias\/2025\/12\/31\/justica-de-sp-mantem-pena-para-ladrao-de-carga\/#primaryimage"},"image":{"@id":"https:\/\/motorista.com.br\/noticias\/2025\/12\/31\/justica-de-sp-mantem-pena-para-ladrao-de-carga\/#primaryimage"},"thumbnailUrl":"https:\/\/motorista.com.br\/noticias\/wp-content\/uploads\/2025\/12\/arma-de-fogo.jpg","datePublished":"2025-12-31T03:20:57+00:00","breadcrumb":{"@id":"https:\/\/motorista.com.br\/noticias\/2025\/12\/31\/justica-de-sp-mantem-pena-para-ladrao-de-carga\/#breadcrumb"},"inLanguage":"pt-BR","potentialAction":[{"@type":"ReadAction","target":["https:\/\/motorista.com.br\/noticias\/2025\/12\/31\/justica-de-sp-mantem-pena-para-ladrao-de-carga\/"]}]},{"@type":"ImageObject","inLanguage":"pt-BR","@id":"https:\/\/motorista.com.br\/noticias\/2025\/12\/31\/justica-de-sp-mantem-pena-para-ladrao-de-carga\/#primaryimage","url":"https:\/\/motorista.com.br\/noticias\/wp-content\/uploads\/2025\/12\/arma-de-fogo.jpg","contentUrl":"https:\/\/motorista.com.br\/noticias\/wp-content\/uploads\/2025\/12\/arma-de-fogo.jpg","width":1200,"height":800},{"@type":"BreadcrumbList","@id":"https:\/\/motorista.com.br\/noticias\/2025\/12\/31\/justica-de-sp-mantem-pena-para-ladrao-de-carga\/#breadcrumb","itemListElement":[{"@type":"ListItem","position":1,"name":"In\u00edcio","item":"https:\/\/motorista.com.br\/noticias\/"},{"@type":"ListItem","position":2,"name":"Justi\u00e7a de SP mant\u00e9m pena para ladr\u00e3o de carga."}]},{"@type":"WebSite","@id":"https:\/\/motorista.com.br\/noticias\/#website","url":"https:\/\/motorista.com.br\/noticias\/","name":"Motorista.com.br","description":"Not\u00edcia do Motorista","publisher":{"@id":"https:\/\/motorista.com.br\/noticias\/#organization"},"potentialAction":[{"@type":"SearchAction","target":{"@type":"EntryPoint","urlTemplate":"https:\/\/motorista.com.br\/noticias\/?s={search_term_string}"},"query-input":{"@type":"PropertyValueSpecification","valueRequired":true,"valueName":"search_term_string"}}],"inLanguage":"pt-BR"},{"@type":"Organization","@id":"https:\/\/motorista.com.br\/noticias\/#organization","name":"Motorista.com.br","url":"https:\/\/motorista.com.br\/noticias\/","logo":{"@type":"ImageObject","inLanguage":"pt-BR","@id":"https:\/\/motorista.com.br\/noticias\/#\/schema\/logo\/image\/","url":"https:\/\/motorista.com.br\/noticias\/wp-content\/uploads\/2025\/06\/Design-sem-nome-9.png","contentUrl":"https:\/\/motorista.com.br\/noticias\/wp-content\/uploads\/2025\/06\/Design-sem-nome-9.png","width":150,"height":85,"caption":"Motorista.com.br"},"image":{"@id":"https:\/\/motorista.com.br\/noticias\/#\/schema\/logo\/image\/"}},{"@type":"Person","@id":"https:\/\/motorista.com.br\/noticias\/#\/schema\/person\/dc93afc2981c0e3ce6bc3c053fd847be","name":"Equipe Reda\u00e7\u00e3o","image":{"@type":"ImageObject","inLanguage":"pt-BR","@id":"https:\/\/secure.gravatar.com\/avatar\/4f525efbf18dd2bb300ccad28bfb99d95a9465a5ba268407c8c37b37e1f28d2d?s=96&d=mm&r=g9e099043a0c61e9ae27e293b9fa75ffc","url":"https:\/\/secure.gravatar.com\/avatar\/4f525efbf18dd2bb300ccad28bfb99d95a9465a5ba268407c8c37b37e1f28d2d?s=96&d=mm&r=g","contentUrl":"https:\/\/secure.gravatar.com\/avatar\/4f525efbf18dd2bb300ccad28bfb99d95a9465a5ba268407c8c37b37e1f28d2d?s=96&d=mm&r=g","caption":"Equipe Reda\u00e7\u00e3o"},"description":"Equipe de reda\u00e7\u00e3o \u00e9 um grupo de profissionais que trabalham juntos para criar conte\u00fado escrito para Motorista.com.br","url":"https:\/\/motorista.com.br\/noticias\/author\/equiperedacao\/"}]}},"_links":{"self":[{"href":"https:\/\/motorista.com.br\/noticias\/wp-json\/wp\/v2\/posts\/5484","targetHints":{"allow":["GET"]}}],"collection":[{"href":"https:\/\/motorista.com.br\/noticias\/wp-json\/wp\/v2\/posts"}],"about":[{"href":"https:\/\/motorista.com.br\/noticias\/wp-json\/wp\/v2\/types\/post"}],"author":[{"embeddable":true,"href":"https:\/\/motorista.com.br\/noticias\/wp-json\/wp\/v2\/users\/4"}],"replies":[{"embeddable":true,"href":"https:\/\/motorista.com.br\/noticias\/wp-json\/wp\/v2\/comments?post=5484"}],"version-history":[{"count":0,"href":"https:\/\/motorista.com.br\/noticias\/wp-json\/wp\/v2\/posts\/5484\/revisions"}],"wp:featuredmedia":[{"embeddable":true,"href":"https:\/\/motorista.com.br\/noticias\/wp-json\/wp\/v2\/media\/5485"}],"wp:attachment":[{"href":"https:\/\/motorista.com.br\/noticias\/wp-json\/wp\/v2\/media?parent=5484"}],"wp:term":[{"taxonomy":"category","embeddable":true,"href":"https:\/\/motorista.com.br\/noticias\/wp-json\/wp\/v2\/categories?post=5484"},{"taxonomy":"post_tag","embeddable":true,"href":"https:\/\/motorista.com.br\/noticias\/wp-json\/wp\/v2\/tags?post=5484"},{"taxonomy":"author","embeddable":true,"href":"https:\/\/motorista.com.br\/noticias\/wp-json\/wp\/v2\/coauthors?post=5484"}],"curies":[{"name":"wp","href":"https:\/\/api.w.org\/{rel}","templated":true}]}}