{"id":5477,"date":"2025-12-30T16:07:41","date_gmt":"2025-12-30T19:07:41","guid":{"rendered":"https:\/\/motorista.com.br\/noticias\/2025\/12\/30\/comissao-aprova-penas-mais-severas-para-roubo-e-receptacao-de-cargas\/"},"modified":"2025-12-30T16:07:41","modified_gmt":"2025-12-30T19:07:41","slug":"comissao-aprova-penas-mais-severas-para-roubo-e-receptacao-de-cargas","status":"publish","type":"post","link":"https:\/\/motorista.com.br\/noticias\/2025\/12\/30\/comissao-aprova-penas-mais-severas-para-roubo-e-receptacao-de-cargas\/","title":{"rendered":"Comiss\u00e3o aprova penas mais severas para roubo e recepta\u00e7\u00e3o de cargas."},"content":{"rendered":"<p><\/p>\n<h2>Comiss\u00e3o Aprova Aumento de Penas Contra Roubo e Recepta\u00e7\u00e3o de Cargas<\/h2>\n<p>A recente aprova\u00e7\u00e3o pela Comiss\u00e3o de Constitui\u00e7\u00e3o e Justi\u00e7a e de Cidadania da C\u00e2mara dos Deputados para aumentar as penas relacionadas ao roubo e recepta\u00e7\u00e3o de cargas \u00e9 uma medida significativa em um cen\u00e1rio onde a criminalidade no transporte de cargas vem crescendo de forma alarmante. Com isso, espera-se n\u00e3o apenas a prote\u00e7\u00e3o f\u00edsica dos motoristas, mas tamb\u00e9m um impacto positivo na mobilidade e na estabilidade econ\u00f4mica do setor.<\/p>\n<h3>Aumento das Penas<\/h3>\n<p>O novo texto, liderado pelo deputado Marangoni, modifica o C\u00f3digo Penal, estabelecendo penas mais severas para o furto de cargas, que pode resultar em reclus\u00e3o de 3 a 8 anos, al\u00e9m de multas. A penalidade para o roubo varia agora de 4 a 10 anos, e chega a 15 anos em situa\u00e7\u00f5es espec\u00edficas, como quando a v\u00edtima est\u00e1 em servi\u00e7o. Essa mudan\u00e7a tem o potencial de coibir o aumento dessas ocorr\u00eancias, que geram preju\u00edzos bilion\u00e1rios \u00e0s transportadoras e afetam diretamente os pre\u00e7os que os consumidores pagam por bens essenciais.<\/p>\n<h3>Impacto na Mobilidade<\/h3>\n<p>Com o endurecimento das penas, a prote\u00e7\u00e3o dos caminhoneiros e demais profissionais do setor \u00e9 ampliada. A criminalidade no transporte n\u00e3o s\u00f3 prejudica os trabalhadores, mas tamb\u00e9m afeta a mobilidade geral nas rodovias, onde o medo de assaltos pode levar a mudan\u00e7as nas rotas e atrasos nas entregas. Com motoristas mais seguros, a efici\u00eancia no transporte de produtos tende a aumentar, resultando em uma cadeia de suprimentos mais robusta e eficiente.<\/p>\n<h3>Consequ\u00eancias para Recepta\u00e7\u00e3o<\/h3>\n<p>A proposta tamb\u00e9m traz altera\u00e7\u00f5es significativas no que diz respeito \u00e0 recepta\u00e7\u00e3o. A pena para receptadores que agem comercialmente ser\u00e1 aumentada, o que pode desestimular a pr\u00e1tica criminosa. A suspens\u00e3o do Cadastro Nacional de Pessoa Jur\u00eddica (CNPJ) de empresas envolvidas em atividades ilegais, aliada \u00e0 proibi\u00e7\u00e3o de seus administradores de atuarem no com\u00e9rcio, representa uma barreira adicional contra o crescimento desse tipo de crime. Essa filosofia de atacar a base econ\u00f4mica da criminalidade pode gerar um ambiente mais seguro e menos suscet\u00edvel a furtos e roubos.<\/p>\n<h3>Considera\u00e7\u00f5es Finais<\/h3>\n<p>A medida n\u00e3o apenas visa fortalecer a seguran\u00e7a dos motoristas, mas tamb\u00e9m est\u00e1 alinhada com a necessidade de uma mobilidade mais eficiente e segura nas estradas. A aprova\u00e7\u00e3o deste projeto exemplifica uma resposta firme \u00e0s organiza\u00e7\u00f5es criminosas e manifesta um compromisso significativo com a integridade do setor de transporte de cargas, refletindo diretamente na economia e na vida cotidiana dos cidad\u00e3os.<\/p>\n<h3>Fonte<\/h3>\n<p>blogdocaminhoneiro<\/p>\n","protected":false},"excerpt":{"rendered":"<p>Comiss\u00e3o Aprova Aumento de Penas Contra Roubo e Recepta\u00e7\u00e3o de Cargas A recente aprova\u00e7\u00e3o pela Comiss\u00e3o de Constitui\u00e7\u00e3o e Justi\u00e7a e de Cidadania da C\u00e2mara dos Deputados para aumentar as penas relacionadas ao roubo e recepta\u00e7\u00e3o de cargas \u00e9 uma medida significativa em um cen\u00e1rio onde a criminalidade no transporte de cargas vem crescendo de &hellip;<\/p>\n","protected":false},"author":4,"featured_media":4294,"comment_status":"","ping_status":"open","sticky":false,"template":"","format":"standard","meta":{"footnotes":""},"categories":[78,77],"tags":[],"coauthors":[42],"class_list":["post-5477","post","type-post","status-publish","format-standard","has-post-thumbnail","hentry","category-carreteiro","category-motorista"],"yoast_head":"<!-- This site is optimized with the Yoast SEO Premium plugin v25.5 (Yoast SEO v27.4) - https:\/\/yoast.com\/product\/yoast-seo-premium-wordpress\/ -->\n<title>Comiss\u00e3o aprova penas mais severas para roubo e recepta\u00e7\u00e3o de cargas. - Motorista.com.br<\/title>\n<meta name=\"robots\" content=\"index, follow, max-snippet:-1, max-image-preview:large, max-video-preview:-1\" \/>\n<link rel=\"canonical\" href=\"https:\/\/motorista.com.br\/noticias\/2025\/12\/30\/comissao-aprova-penas-mais-severas-para-roubo-e-receptacao-de-cargas\/\" \/>\n<meta property=\"og:locale\" content=\"pt_BR\" \/>\n<meta property=\"og:type\" content=\"article\" \/>\n<meta property=\"og:title\" content=\"Comiss\u00e3o aprova penas mais severas para roubo e recepta\u00e7\u00e3o de cargas.\" \/>\n<meta property=\"og:description\" content=\"Comiss\u00e3o Aprova Aumento de Penas Contra Roubo e Recepta\u00e7\u00e3o de Cargas A recente aprova\u00e7\u00e3o pela Comiss\u00e3o de Constitui\u00e7\u00e3o e Justi\u00e7a e de Cidadania da C\u00e2mara dos Deputados para aumentar as penas relacionadas ao roubo e recepta\u00e7\u00e3o de cargas \u00e9 uma medida significativa em um cen\u00e1rio onde a criminalidade no transporte de cargas vem crescendo de &hellip;\" \/>\n<meta property=\"og:url\" content=\"https:\/\/motorista.com.br\/noticias\/2025\/12\/30\/comissao-aprova-penas-mais-severas-para-roubo-e-receptacao-de-cargas\/\" \/>\n<meta property=\"og:site_name\" content=\"Motorista.com.br\" \/>\n<meta property=\"article:published_time\" content=\"2025-12-30T19:07:41+00:00\" \/>\n<meta name=\"author\" content=\"Equipe Reda\u00e7\u00e3o\" \/>\n<meta name=\"twitter:card\" content=\"summary_large_image\" \/>\n<meta name=\"twitter:label1\" content=\"Escrito por\" \/>\n\t<meta name=\"twitter:data1\" content=\"Equipe Reda\u00e7\u00e3o\" \/>\n\t<meta name=\"twitter:label2\" content=\"Est. tempo de leitura\" \/>\n\t<meta name=\"twitter:data2\" content=\"2 minutos\" \/>\n\t<meta name=\"twitter:label3\" content=\"Written by\" \/>\n\t<meta name=\"twitter:data3\" content=\"Equipe Reda\u00e7\u00e3o\" \/>\n<script type=\"application\/ld+json\" class=\"yoast-schema-graph\">{\"@context\":\"https:\\\/\\\/schema.org\",\"@graph\":[{\"@type\":\"Article\",\"@id\":\"https:\\\/\\\/motorista.com.br\\\/noticias\\\/2025\\\/12\\\/30\\\/comissao-aprova-penas-mais-severas-para-roubo-e-receptacao-de-cargas\\\/#article\",\"isPartOf\":{\"@id\":\"https:\\\/\\\/motorista.com.br\\\/noticias\\\/2025\\\/12\\\/30\\\/comissao-aprova-penas-mais-severas-para-roubo-e-receptacao-de-cargas\\\/\"},\"author\":{\"name\":\"Equipe Reda\u00e7\u00e3o\",\"@id\":\"https:\\\/\\\/motorista.com.br\\\/noticias\\\/#\\\/schema\\\/person\\\/dc93afc2981c0e3ce6bc3c053fd847be\"},\"headline\":\"Comiss\u00e3o aprova penas mais severas para roubo e recepta\u00e7\u00e3o de cargas.\",\"datePublished\":\"2025-12-30T19:07:41+00:00\",\"mainEntityOfPage\":{\"@id\":\"https:\\\/\\\/motorista.com.br\\\/noticias\\\/2025\\\/12\\\/30\\\/comissao-aprova-penas-mais-severas-para-roubo-e-receptacao-de-cargas\\\/\"},\"wordCount\":454,\"publisher\":{\"@id\":\"https:\\\/\\\/motorista.com.br\\\/noticias\\\/#organization\"},\"image\":{\"@id\":\"https:\\\/\\\/motorista.com.br\\\/noticias\\\/2025\\\/12\\\/30\\\/comissao-aprova-penas-mais-severas-para-roubo-e-receptacao-de-cargas\\\/#primaryimage\"},\"thumbnailUrl\":\"https:\\\/\\\/motorista.com.br\\\/noticias\\\/wp-content\\\/uploads\\\/2025\\\/09\\\/arma-roubo-caminhao.png\",\"articleSection\":[\"Carreteiro\",\"Motorista\"],\"inLanguage\":\"pt-BR\"},{\"@type\":\"WebPage\",\"@id\":\"https:\\\/\\\/motorista.com.br\\\/noticias\\\/2025\\\/12\\\/30\\\/comissao-aprova-penas-mais-severas-para-roubo-e-receptacao-de-cargas\\\/\",\"url\":\"https:\\\/\\\/motorista.com.br\\\/noticias\\\/2025\\\/12\\\/30\\\/comissao-aprova-penas-mais-severas-para-roubo-e-receptacao-de-cargas\\\/\",\"name\":\"Comiss\u00e3o aprova penas mais severas para roubo e recepta\u00e7\u00e3o de cargas. - Motorista.com.br\",\"isPartOf\":{\"@id\":\"https:\\\/\\\/motorista.com.br\\\/noticias\\\/#website\"},\"primaryImageOfPage\":{\"@id\":\"https:\\\/\\\/motorista.com.br\\\/noticias\\\/2025\\\/12\\\/30\\\/comissao-aprova-penas-mais-severas-para-roubo-e-receptacao-de-cargas\\\/#primaryimage\"},\"image\":{\"@id\":\"https:\\\/\\\/motorista.com.br\\\/noticias\\\/2025\\\/12\\\/30\\\/comissao-aprova-penas-mais-severas-para-roubo-e-receptacao-de-cargas\\\/#primaryimage\"},\"thumbnailUrl\":\"https:\\\/\\\/motorista.com.br\\\/noticias\\\/wp-content\\\/uploads\\\/2025\\\/09\\\/arma-roubo-caminhao.png\",\"datePublished\":\"2025-12-30T19:07:41+00:00\",\"breadcrumb\":{\"@id\":\"https:\\\/\\\/motorista.com.br\\\/noticias\\\/2025\\\/12\\\/30\\\/comissao-aprova-penas-mais-severas-para-roubo-e-receptacao-de-cargas\\\/#breadcrumb\"},\"inLanguage\":\"pt-BR\",\"potentialAction\":[{\"@type\":\"ReadAction\",\"target\":[\"https:\\\/\\\/motorista.com.br\\\/noticias\\\/2025\\\/12\\\/30\\\/comissao-aprova-penas-mais-severas-para-roubo-e-receptacao-de-cargas\\\/\"]}]},{\"@type\":\"ImageObject\",\"inLanguage\":\"pt-BR\",\"@id\":\"https:\\\/\\\/motorista.com.br\\\/noticias\\\/2025\\\/12\\\/30\\\/comissao-aprova-penas-mais-severas-para-roubo-e-receptacao-de-cargas\\\/#primaryimage\",\"url\":\"https:\\\/\\\/motorista.com.br\\\/noticias\\\/wp-content\\\/uploads\\\/2025\\\/09\\\/arma-roubo-caminhao.png\",\"contentUrl\":\"https:\\\/\\\/motorista.com.br\\\/noticias\\\/wp-content\\\/uploads\\\/2025\\\/09\\\/arma-roubo-caminhao.png\",\"width\":1300,\"height\":900},{\"@type\":\"BreadcrumbList\",\"@id\":\"https:\\\/\\\/motorista.com.br\\\/noticias\\\/2025\\\/12\\\/30\\\/comissao-aprova-penas-mais-severas-para-roubo-e-receptacao-de-cargas\\\/#breadcrumb\",\"itemListElement\":[{\"@type\":\"ListItem\",\"position\":1,\"name\":\"In\u00edcio\",\"item\":\"https:\\\/\\\/motorista.com.br\\\/noticias\\\/\"},{\"@type\":\"ListItem\",\"position\":2,\"name\":\"Comiss\u00e3o aprova penas mais severas para roubo e recepta\u00e7\u00e3o de cargas.\"}]},{\"@type\":\"WebSite\",\"@id\":\"https:\\\/\\\/motorista.com.br\\\/noticias\\\/#website\",\"url\":\"https:\\\/\\\/motorista.com.br\\\/noticias\\\/\",\"name\":\"Motorista.com.br\",\"description\":\"Not\u00edcia do Motorista\",\"publisher\":{\"@id\":\"https:\\\/\\\/motorista.com.br\\\/noticias\\\/#organization\"},\"potentialAction\":[{\"@type\":\"SearchAction\",\"target\":{\"@type\":\"EntryPoint\",\"urlTemplate\":\"https:\\\/\\\/motorista.com.br\\\/noticias\\\/?s={search_term_string}\"},\"query-input\":{\"@type\":\"PropertyValueSpecification\",\"valueRequired\":true,\"valueName\":\"search_term_string\"}}],\"inLanguage\":\"pt-BR\"},{\"@type\":\"Organization\",\"@id\":\"https:\\\/\\\/motorista.com.br\\\/noticias\\\/#organization\",\"name\":\"Motorista.com.br\",\"url\":\"https:\\\/\\\/motorista.com.br\\\/noticias\\\/\",\"logo\":{\"@type\":\"ImageObject\",\"inLanguage\":\"pt-BR\",\"@id\":\"https:\\\/\\\/motorista.com.br\\\/noticias\\\/#\\\/schema\\\/logo\\\/image\\\/\",\"url\":\"https:\\\/\\\/motorista.com.br\\\/noticias\\\/wp-content\\\/uploads\\\/2025\\\/06\\\/Design-sem-nome-9.png\",\"contentUrl\":\"https:\\\/\\\/motorista.com.br\\\/noticias\\\/wp-content\\\/uploads\\\/2025\\\/06\\\/Design-sem-nome-9.png\",\"width\":150,\"height\":85,\"caption\":\"Motorista.com.br\"},\"image\":{\"@id\":\"https:\\\/\\\/motorista.com.br\\\/noticias\\\/#\\\/schema\\\/logo\\\/image\\\/\"}},{\"@type\":\"Person\",\"@id\":\"https:\\\/\\\/motorista.com.br\\\/noticias\\\/#\\\/schema\\\/person\\\/dc93afc2981c0e3ce6bc3c053fd847be\",\"name\":\"Equipe Reda\u00e7\u00e3o\",\"image\":{\"@type\":\"ImageObject\",\"inLanguage\":\"pt-BR\",\"@id\":\"https:\\\/\\\/secure.gravatar.com\\\/avatar\\\/4f525efbf18dd2bb300ccad28bfb99d95a9465a5ba268407c8c37b37e1f28d2d?s=96&d=mm&r=g9e099043a0c61e9ae27e293b9fa75ffc\",\"url\":\"https:\\\/\\\/secure.gravatar.com\\\/avatar\\\/4f525efbf18dd2bb300ccad28bfb99d95a9465a5ba268407c8c37b37e1f28d2d?s=96&d=mm&r=g\",\"contentUrl\":\"https:\\\/\\\/secure.gravatar.com\\\/avatar\\\/4f525efbf18dd2bb300ccad28bfb99d95a9465a5ba268407c8c37b37e1f28d2d?s=96&d=mm&r=g\",\"caption\":\"Equipe Reda\u00e7\u00e3o\"},\"description\":\"Equipe de reda\u00e7\u00e3o \u00e9 um grupo de profissionais que trabalham juntos para criar conte\u00fado escrito para Motorista.com.br\",\"url\":\"https:\\\/\\\/motorista.com.br\\\/noticias\\\/author\\\/equiperedacao\\\/\"}]}<\/script>\n<!-- \/ Yoast SEO Premium plugin. -->","yoast_head_json":{"title":"Comiss\u00e3o aprova penas mais severas para roubo e recepta\u00e7\u00e3o de cargas. - Motorista.com.br","robots":{"index":"index","follow":"follow","max-snippet":"max-snippet:-1","max-image-preview":"max-image-preview:large","max-video-preview":"max-video-preview:-1"},"canonical":"https:\/\/motorista.com.br\/noticias\/2025\/12\/30\/comissao-aprova-penas-mais-severas-para-roubo-e-receptacao-de-cargas\/","og_locale":"pt_BR","og_type":"article","og_title":"Comiss\u00e3o aprova penas mais severas para roubo e recepta\u00e7\u00e3o de cargas.","og_description":"Comiss\u00e3o Aprova Aumento de Penas Contra Roubo e Recepta\u00e7\u00e3o de Cargas A recente aprova\u00e7\u00e3o pela Comiss\u00e3o de Constitui\u00e7\u00e3o e Justi\u00e7a e de Cidadania da C\u00e2mara dos Deputados para aumentar as penas relacionadas ao roubo e recepta\u00e7\u00e3o de cargas \u00e9 uma medida significativa em um cen\u00e1rio onde a criminalidade no transporte de cargas vem crescendo de &hellip;","og_url":"https:\/\/motorista.com.br\/noticias\/2025\/12\/30\/comissao-aprova-penas-mais-severas-para-roubo-e-receptacao-de-cargas\/","og_site_name":"Motorista.com.br","article_published_time":"2025-12-30T19:07:41+00:00","author":"Equipe Reda\u00e7\u00e3o","twitter_card":"summary_large_image","twitter_misc":{"Escrito por":"Equipe Reda\u00e7\u00e3o","Est. tempo de leitura":"2 minutos","Written by":"Equipe Reda\u00e7\u00e3o"},"schema":{"@context":"https:\/\/schema.org","@graph":[{"@type":"Article","@id":"https:\/\/motorista.com.br\/noticias\/2025\/12\/30\/comissao-aprova-penas-mais-severas-para-roubo-e-receptacao-de-cargas\/#article","isPartOf":{"@id":"https:\/\/motorista.com.br\/noticias\/2025\/12\/30\/comissao-aprova-penas-mais-severas-para-roubo-e-receptacao-de-cargas\/"},"author":{"name":"Equipe Reda\u00e7\u00e3o","@id":"https:\/\/motorista.com.br\/noticias\/#\/schema\/person\/dc93afc2981c0e3ce6bc3c053fd847be"},"headline":"Comiss\u00e3o aprova penas mais severas para roubo e recepta\u00e7\u00e3o de cargas.","datePublished":"2025-12-30T19:07:41+00:00","mainEntityOfPage":{"@id":"https:\/\/motorista.com.br\/noticias\/2025\/12\/30\/comissao-aprova-penas-mais-severas-para-roubo-e-receptacao-de-cargas\/"},"wordCount":454,"publisher":{"@id":"https:\/\/motorista.com.br\/noticias\/#organization"},"image":{"@id":"https:\/\/motorista.com.br\/noticias\/2025\/12\/30\/comissao-aprova-penas-mais-severas-para-roubo-e-receptacao-de-cargas\/#primaryimage"},"thumbnailUrl":"https:\/\/motorista.com.br\/noticias\/wp-content\/uploads\/2025\/09\/arma-roubo-caminhao.png","articleSection":["Carreteiro","Motorista"],"inLanguage":"pt-BR"},{"@type":"WebPage","@id":"https:\/\/motorista.com.br\/noticias\/2025\/12\/30\/comissao-aprova-penas-mais-severas-para-roubo-e-receptacao-de-cargas\/","url":"https:\/\/motorista.com.br\/noticias\/2025\/12\/30\/comissao-aprova-penas-mais-severas-para-roubo-e-receptacao-de-cargas\/","name":"Comiss\u00e3o aprova penas mais severas para roubo e recepta\u00e7\u00e3o de cargas. - Motorista.com.br","isPartOf":{"@id":"https:\/\/motorista.com.br\/noticias\/#website"},"primaryImageOfPage":{"@id":"https:\/\/motorista.com.br\/noticias\/2025\/12\/30\/comissao-aprova-penas-mais-severas-para-roubo-e-receptacao-de-cargas\/#primaryimage"},"image":{"@id":"https:\/\/motorista.com.br\/noticias\/2025\/12\/30\/comissao-aprova-penas-mais-severas-para-roubo-e-receptacao-de-cargas\/#primaryimage"},"thumbnailUrl":"https:\/\/motorista.com.br\/noticias\/wp-content\/uploads\/2025\/09\/arma-roubo-caminhao.png","datePublished":"2025-12-30T19:07:41+00:00","breadcrumb":{"@id":"https:\/\/motorista.com.br\/noticias\/2025\/12\/30\/comissao-aprova-penas-mais-severas-para-roubo-e-receptacao-de-cargas\/#breadcrumb"},"inLanguage":"pt-BR","potentialAction":[{"@type":"ReadAction","target":["https:\/\/motorista.com.br\/noticias\/2025\/12\/30\/comissao-aprova-penas-mais-severas-para-roubo-e-receptacao-de-cargas\/"]}]},{"@type":"ImageObject","inLanguage":"pt-BR","@id":"https:\/\/motorista.com.br\/noticias\/2025\/12\/30\/comissao-aprova-penas-mais-severas-para-roubo-e-receptacao-de-cargas\/#primaryimage","url":"https:\/\/motorista.com.br\/noticias\/wp-content\/uploads\/2025\/09\/arma-roubo-caminhao.png","contentUrl":"https:\/\/motorista.com.br\/noticias\/wp-content\/uploads\/2025\/09\/arma-roubo-caminhao.png","width":1300,"height":900},{"@type":"BreadcrumbList","@id":"https:\/\/motorista.com.br\/noticias\/2025\/12\/30\/comissao-aprova-penas-mais-severas-para-roubo-e-receptacao-de-cargas\/#breadcrumb","itemListElement":[{"@type":"ListItem","position":1,"name":"In\u00edcio","item":"https:\/\/motorista.com.br\/noticias\/"},{"@type":"ListItem","position":2,"name":"Comiss\u00e3o aprova penas mais severas para roubo e recepta\u00e7\u00e3o de cargas."}]},{"@type":"WebSite","@id":"https:\/\/motorista.com.br\/noticias\/#website","url":"https:\/\/motorista.com.br\/noticias\/","name":"Motorista.com.br","description":"Not\u00edcia do Motorista","publisher":{"@id":"https:\/\/motorista.com.br\/noticias\/#organization"},"potentialAction":[{"@type":"SearchAction","target":{"@type":"EntryPoint","urlTemplate":"https:\/\/motorista.com.br\/noticias\/?s={search_term_string}"},"query-input":{"@type":"PropertyValueSpecification","valueRequired":true,"valueName":"search_term_string"}}],"inLanguage":"pt-BR"},{"@type":"Organization","@id":"https:\/\/motorista.com.br\/noticias\/#organization","name":"Motorista.com.br","url":"https:\/\/motorista.com.br\/noticias\/","logo":{"@type":"ImageObject","inLanguage":"pt-BR","@id":"https:\/\/motorista.com.br\/noticias\/#\/schema\/logo\/image\/","url":"https:\/\/motorista.com.br\/noticias\/wp-content\/uploads\/2025\/06\/Design-sem-nome-9.png","contentUrl":"https:\/\/motorista.com.br\/noticias\/wp-content\/uploads\/2025\/06\/Design-sem-nome-9.png","width":150,"height":85,"caption":"Motorista.com.br"},"image":{"@id":"https:\/\/motorista.com.br\/noticias\/#\/schema\/logo\/image\/"}},{"@type":"Person","@id":"https:\/\/motorista.com.br\/noticias\/#\/schema\/person\/dc93afc2981c0e3ce6bc3c053fd847be","name":"Equipe Reda\u00e7\u00e3o","image":{"@type":"ImageObject","inLanguage":"pt-BR","@id":"https:\/\/secure.gravatar.com\/avatar\/4f525efbf18dd2bb300ccad28bfb99d95a9465a5ba268407c8c37b37e1f28d2d?s=96&d=mm&r=g9e099043a0c61e9ae27e293b9fa75ffc","url":"https:\/\/secure.gravatar.com\/avatar\/4f525efbf18dd2bb300ccad28bfb99d95a9465a5ba268407c8c37b37e1f28d2d?s=96&d=mm&r=g","contentUrl":"https:\/\/secure.gravatar.com\/avatar\/4f525efbf18dd2bb300ccad28bfb99d95a9465a5ba268407c8c37b37e1f28d2d?s=96&d=mm&r=g","caption":"Equipe Reda\u00e7\u00e3o"},"description":"Equipe de reda\u00e7\u00e3o \u00e9 um grupo de profissionais que trabalham juntos para criar conte\u00fado escrito para Motorista.com.br","url":"https:\/\/motorista.com.br\/noticias\/author\/equiperedacao\/"}]}},"_links":{"self":[{"href":"https:\/\/motorista.com.br\/noticias\/wp-json\/wp\/v2\/posts\/5477","targetHints":{"allow":["GET"]}}],"collection":[{"href":"https:\/\/motorista.com.br\/noticias\/wp-json\/wp\/v2\/posts"}],"about":[{"href":"https:\/\/motorista.com.br\/noticias\/wp-json\/wp\/v2\/types\/post"}],"author":[{"embeddable":true,"href":"https:\/\/motorista.com.br\/noticias\/wp-json\/wp\/v2\/users\/4"}],"replies":[{"embeddable":true,"href":"https:\/\/motorista.com.br\/noticias\/wp-json\/wp\/v2\/comments?post=5477"}],"version-history":[{"count":0,"href":"https:\/\/motorista.com.br\/noticias\/wp-json\/wp\/v2\/posts\/5477\/revisions"}],"wp:featuredmedia":[{"embeddable":true,"href":"https:\/\/motorista.com.br\/noticias\/wp-json\/wp\/v2\/media\/4294"}],"wp:attachment":[{"href":"https:\/\/motorista.com.br\/noticias\/wp-json\/wp\/v2\/media?parent=5477"}],"wp:term":[{"taxonomy":"category","embeddable":true,"href":"https:\/\/motorista.com.br\/noticias\/wp-json\/wp\/v2\/categories?post=5477"},{"taxonomy":"post_tag","embeddable":true,"href":"https:\/\/motorista.com.br\/noticias\/wp-json\/wp\/v2\/tags?post=5477"},{"taxonomy":"author","embeddable":true,"href":"https:\/\/motorista.com.br\/noticias\/wp-json\/wp\/v2\/coauthors?post=5477"}],"curies":[{"name":"wp","href":"https:\/\/api.w.org\/{rel}","templated":true}]}}