{"id":5475,"date":"2025-12-30T16:00:54","date_gmt":"2025-12-30T19:00:54","guid":{"rendered":"https:\/\/motorista.com.br\/noticias\/2025\/12\/30\/10-veiculos-ideais-para-motoristas-de-aplicativos-como-uber\/"},"modified":"2025-12-30T16:00:54","modified_gmt":"2025-12-30T19:00:54","slug":"10-veiculos-ideais-para-motoristas-de-aplicativos-como-uber","status":"publish","type":"post","link":"https:\/\/motorista.com.br\/noticias\/2025\/12\/30\/10-veiculos-ideais-para-motoristas-de-aplicativos-como-uber\/","title":{"rendered":"10 ve\u00edculos ideais para motoristas de aplicativos como Uber"},"content":{"rendered":"<p><\/p>\n<h1>10 Carros Ideais para Motoristas de Aplicativo tipo Uber<\/h1>\n<p>Um levantamento recente analisou cerca de 70 milh\u00f5es de corridas realizadas entre janeiro e setembro de 2025, revelando os 10 carros mais utilizados por motoristas de aplicativo no Brasil. Essa an\u00e1lise \u00e9 instrumental para motoristas interessados em otimizar sua atividade, considerando tanto a economia quanto a satisfa\u00e7\u00e3o dos clientes. <\/p>\n<p>A escolha do carro certo n\u00e3o s\u00f3 reflete no ganho do motorista, mas tamb\u00e9m impacta a experi\u00eancia do passageiro e a mobilidade urbana de forma geral.<\/p>\n<h3>10\u00b0 \u2013 Volkswagen Polo<\/h3>\n<ul>\n<li><strong>Caracter\u00edsticas<\/strong>: Controle de tra\u00e7\u00e3o, retrovisores el\u00e9tricos, sensor de estacionamento.<\/li>\n<li><strong>Valor m\u00e9dio<\/strong>: R$ 75.000 (usados semovos).<\/li>\n<\/ul>\n<p>O Polo \u00e9 uma escolha popular por seu conforto e seguran\u00e7a, caracter\u00edsticas que agradam aos clientes e favorecem uma mobilidade urbana mais organizada.<\/p>\n<h3>9\u00b0 \u2013 Chevrolet Prisma<\/h3>\n<ul>\n<li><strong>Caracter\u00edsticas<\/strong>: Ar condicionado, rodas de liga leve, vidro el\u00e9trico.<\/li>\n<li><strong>Valor m\u00e9dio<\/strong>: R$ 45.000 &#8211; R$ 55.000.<\/li>\n<\/ul>\n<p>O Prisma destaca-se pela economia de combust\u00edvel, o que \u00e9 um ponto positivo para motoristas que precisam equilibrar custos e lucro.<\/p>\n<h3>8\u00b0 \u2013 Renault Kwid<\/h3>\n<ul>\n<li><strong>Caracter\u00edsticas<\/strong>: Freio ABS, ar condicionado, tranquilidade em manobras urbanas.<\/li>\n<li><strong>Valor m\u00e9dio<\/strong>: R$ 40.000.<\/li>\n<\/ul>\n<p>Esse modelo \u00e9 uma excelente op\u00e7\u00e3o para motoristas que atuam em \u00e1reas urbanas congestionadas, oferecendo agilidade e efici\u00eancia.<\/p>\n<h3>7\u00b0 \u2013 Fiat Mobi<\/h3>\n<ul>\n<li><strong>Caracter\u00edsticas<\/strong>: Dire\u00e7\u00e3o hidr\u00e1ulica, ar quente, vidros el\u00e9tricos.<\/li>\n<li><strong>Valor m\u00e9dio<\/strong>: R$ 56.000.<\/li>\n<\/ul>\n<p>Compacto e econ\u00f4mico, o Mobi permite aos motoristas encontrar facilmente espa\u00e7os para estacionar em cidades cheias, promovendo uma melhor mobilidade.<\/p>\n<h3>6\u00b0 \u2013 Volkswagen Voyage<\/h3>\n<ul>\n<li><strong>Caracter\u00edsticas<\/strong>: Ar condicionado, dire\u00e7\u00e3o hidr\u00e1ulica, regulagem de altura dos bancos.<\/li>\n<li><strong>Valor m\u00e9dio<\/strong>: R$ 60.000.<\/li>\n<\/ul>\n<p>O Voyage \u00e9 reconhecido por sua robustez e confiabilidade, o que pode contribuir para a seguran\u00e7a e a confian\u00e7a dos passageiros.<\/p>\n<h3>5\u00b0 \u2013 Fiat Argo<\/h3>\n<ul>\n<li><strong>Caracter\u00edsticas<\/strong>: Computador de bordo, volante com regulagem de altura, airbags.<\/li>\n<li><strong>Valor m\u00e9dio<\/strong>: R$ 69.000.<\/li>\n<\/ul>\n<p>A tecnologia embarcada no Argo proporciona uma experi\u00eancia de corrida mais tranquila, elevando o padr\u00e3o de satisfa\u00e7\u00e3o do usu\u00e1rio.<\/p>\n<h3>4\u00b0 \u2013 Ford Ka<\/h3>\n<ul>\n<li><strong>Caracter\u00edsticas<\/strong>: GPS, ar condicionado, retrovisores el\u00e9tricos.<\/li>\n<li><strong>Valor m\u00e9dio<\/strong>: R$ 49.000.<\/li>\n<\/ul>\n<p>Com recursos modernos, o Ford Ka facilita o trabalho do motorista e melhora a experi\u00eancia do passageiro atrav\u00e9s de servi\u00e7os mais eficientes.<\/p>\n<h3>3\u00b0 \u2013 Hyundai HB20<\/h3>\n<ul>\n<li><strong>Caracter\u00edsticas<\/strong>: Controle de tra\u00e7\u00e3o, sensor de estacionamento, vidros el\u00e9tricos.<\/li>\n<li><strong>Valor m\u00e9dio<\/strong>: R$ 65.000.<\/li>\n<\/ul>\n<p>O HB20 \u00e9 amplamente aceito pelos passageiros, que apreciam o seu conforto e est\u00e9tica. Isso pode resultar em avalia\u00e7\u00f5es mais altas para o motorista.<\/p>\n<h3>2\u00b0 \u2013 Volkswagen Gol<\/h3>\n<ul>\n<li><strong>Caracter\u00edsticas<\/strong>: Dire\u00e7\u00e3o hidr\u00e1ulica, vidros el\u00e9tricos, ar condicionado.<\/li>\n<li><strong>Valor m\u00e9dio<\/strong>: R$ 55.000.<\/li>\n<\/ul>\n<p>O Gol \u00e9 um cl\u00e1ssico no Brasil e sua confiabilidade torna-o uma op\u00e7\u00e3o s\u00f3lida para motoristas de aplicativo.<\/p>\n<h3>1\u00b0 \u2013 Chevrolet \u00d4nix<\/h3>\n<ul>\n<li><strong>Caracter\u00edsticas<\/strong>: Sensor de estacionamento, ar condicionado, bluetooth.<\/li>\n<li><strong>Valor m\u00e9dio<\/strong>: R$ 70.000.<\/li>\n<\/ul>\n<p>N\u00e3o \u00e9 surpresa que o \u00d4nix esteja no topo da lista. Ele combina conforto, tecnologia e economia, fatores que ajudam a maximizar os ganhos do motorista e a satisfa\u00e7\u00e3o dos passageiros.<\/p>\n<h3>Conclus\u00e3o<\/h3>\n<p>Escolher o carro certo pode ter um impacto significativo na efici\u00eancia de um motorista de aplicativo. Um ve\u00edculo que equilibra conforto, economia e tecnologia n\u00e3o s\u00f3 melhora a experi\u00eancia do passageiro, mas tamb\u00e9m contribui para uma mobilidade urbana mais fluida. Dessa forma, motoristas e passageiros se beneficiam de uma circula\u00e7\u00e3o mais organizada, refletindo em uma cidade mais eficiente e acess\u00edvel. <\/p>\n<p>Fonte: 55content<\/p>\n","protected":false},"excerpt":{"rendered":"<p>10 Carros Ideais para Motoristas de Aplicativo tipo Uber Um levantamento recente analisou cerca de 70 milh\u00f5es de corridas realizadas entre janeiro e setembro de 2025, revelando os 10 carros mais utilizados por motoristas de aplicativo no Brasil. Essa an\u00e1lise \u00e9 instrumental para motoristas interessados em otimizar sua atividade, considerando tanto a economia quanto a &hellip;<\/p>\n","protected":false},"author":4,"featured_media":0,"comment_status":"","ping_status":"open","sticky":false,"template":"","format":"standard","meta":{"footnotes":""},"categories":[49,77],"tags":[],"coauthors":[42],"class_list":["post-5475","post","type-post","status-publish","format-standard","hentry","category-aplicativos","category-motorista"],"yoast_head":"<!-- This site is optimized with the Yoast SEO Premium plugin v25.5 (Yoast SEO v27.4) - https:\/\/yoast.com\/product\/yoast-seo-premium-wordpress\/ -->\n<title>10 ve\u00edculos ideais para motoristas de aplicativos como Uber - Motorista.com.br<\/title>\n<meta name=\"robots\" content=\"index, follow, max-snippet:-1, max-image-preview:large, max-video-preview:-1\" \/>\n<link rel=\"canonical\" href=\"https:\/\/motorista.com.br\/noticias\/2025\/12\/30\/10-veiculos-ideais-para-motoristas-de-aplicativos-como-uber\/\" \/>\n<meta property=\"og:locale\" content=\"pt_BR\" \/>\n<meta property=\"og:type\" content=\"article\" \/>\n<meta property=\"og:title\" content=\"10 ve\u00edculos ideais para motoristas de aplicativos como Uber\" \/>\n<meta property=\"og:description\" content=\"10 Carros Ideais para Motoristas de Aplicativo tipo Uber Um levantamento recente analisou cerca de 70 milh\u00f5es de corridas realizadas entre janeiro e setembro de 2025, revelando os 10 carros mais utilizados por motoristas de aplicativo no Brasil. Essa an\u00e1lise \u00e9 instrumental para motoristas interessados em otimizar sua atividade, considerando tanto a economia quanto a &hellip;\" \/>\n<meta property=\"og:url\" content=\"https:\/\/motorista.com.br\/noticias\/2025\/12\/30\/10-veiculos-ideais-para-motoristas-de-aplicativos-como-uber\/\" \/>\n<meta property=\"og:site_name\" content=\"Motorista.com.br\" \/>\n<meta property=\"article:published_time\" content=\"2025-12-30T19:00:54+00:00\" \/>\n<meta name=\"author\" content=\"Equipe Reda\u00e7\u00e3o\" \/>\n<meta name=\"twitter:card\" content=\"summary_large_image\" \/>\n<meta name=\"twitter:label1\" content=\"Escrito por\" \/>\n\t<meta name=\"twitter:data1\" content=\"Equipe Reda\u00e7\u00e3o\" \/>\n\t<meta name=\"twitter:label2\" content=\"Est. tempo de leitura\" \/>\n\t<meta name=\"twitter:data2\" content=\"3 minutos\" \/>\n\t<meta name=\"twitter:label3\" content=\"Written by\" \/>\n\t<meta name=\"twitter:data3\" content=\"Equipe Reda\u00e7\u00e3o\" \/>\n<script type=\"application\/ld+json\" class=\"yoast-schema-graph\">{\"@context\":\"https:\\\/\\\/schema.org\",\"@graph\":[{\"@type\":\"Article\",\"@id\":\"https:\\\/\\\/motorista.com.br\\\/noticias\\\/2025\\\/12\\\/30\\\/10-veiculos-ideais-para-motoristas-de-aplicativos-como-uber\\\/#article\",\"isPartOf\":{\"@id\":\"https:\\\/\\\/motorista.com.br\\\/noticias\\\/2025\\\/12\\\/30\\\/10-veiculos-ideais-para-motoristas-de-aplicativos-como-uber\\\/\"},\"author\":{\"name\":\"Equipe Reda\u00e7\u00e3o\",\"@id\":\"https:\\\/\\\/motorista.com.br\\\/noticias\\\/#\\\/schema\\\/person\\\/dc93afc2981c0e3ce6bc3c053fd847be\"},\"headline\":\"10 ve\u00edculos ideais para motoristas de aplicativos como Uber\",\"datePublished\":\"2025-12-30T19:00:54+00:00\",\"mainEntityOfPage\":{\"@id\":\"https:\\\/\\\/motorista.com.br\\\/noticias\\\/2025\\\/12\\\/30\\\/10-veiculos-ideais-para-motoristas-de-aplicativos-como-uber\\\/\"},\"wordCount\":569,\"publisher\":{\"@id\":\"https:\\\/\\\/motorista.com.br\\\/noticias\\\/#organization\"},\"articleSection\":[\"Aplicativos\",\"Motorista\"],\"inLanguage\":\"pt-BR\"},{\"@type\":\"WebPage\",\"@id\":\"https:\\\/\\\/motorista.com.br\\\/noticias\\\/2025\\\/12\\\/30\\\/10-veiculos-ideais-para-motoristas-de-aplicativos-como-uber\\\/\",\"url\":\"https:\\\/\\\/motorista.com.br\\\/noticias\\\/2025\\\/12\\\/30\\\/10-veiculos-ideais-para-motoristas-de-aplicativos-como-uber\\\/\",\"name\":\"10 ve\u00edculos ideais para motoristas de aplicativos como Uber - Motorista.com.br\",\"isPartOf\":{\"@id\":\"https:\\\/\\\/motorista.com.br\\\/noticias\\\/#website\"},\"datePublished\":\"2025-12-30T19:00:54+00:00\",\"breadcrumb\":{\"@id\":\"https:\\\/\\\/motorista.com.br\\\/noticias\\\/2025\\\/12\\\/30\\\/10-veiculos-ideais-para-motoristas-de-aplicativos-como-uber\\\/#breadcrumb\"},\"inLanguage\":\"pt-BR\",\"potentialAction\":[{\"@type\":\"ReadAction\",\"target\":[\"https:\\\/\\\/motorista.com.br\\\/noticias\\\/2025\\\/12\\\/30\\\/10-veiculos-ideais-para-motoristas-de-aplicativos-como-uber\\\/\"]}]},{\"@type\":\"BreadcrumbList\",\"@id\":\"https:\\\/\\\/motorista.com.br\\\/noticias\\\/2025\\\/12\\\/30\\\/10-veiculos-ideais-para-motoristas-de-aplicativos-como-uber\\\/#breadcrumb\",\"itemListElement\":[{\"@type\":\"ListItem\",\"position\":1,\"name\":\"In\u00edcio\",\"item\":\"https:\\\/\\\/motorista.com.br\\\/noticias\\\/\"},{\"@type\":\"ListItem\",\"position\":2,\"name\":\"10 ve\u00edculos ideais para motoristas de aplicativos como Uber\"}]},{\"@type\":\"WebSite\",\"@id\":\"https:\\\/\\\/motorista.com.br\\\/noticias\\\/#website\",\"url\":\"https:\\\/\\\/motorista.com.br\\\/noticias\\\/\",\"name\":\"Motorista.com.br\",\"description\":\"Not\u00edcia do Motorista\",\"publisher\":{\"@id\":\"https:\\\/\\\/motorista.com.br\\\/noticias\\\/#organization\"},\"potentialAction\":[{\"@type\":\"SearchAction\",\"target\":{\"@type\":\"EntryPoint\",\"urlTemplate\":\"https:\\\/\\\/motorista.com.br\\\/noticias\\\/?s={search_term_string}\"},\"query-input\":{\"@type\":\"PropertyValueSpecification\",\"valueRequired\":true,\"valueName\":\"search_term_string\"}}],\"inLanguage\":\"pt-BR\"},{\"@type\":\"Organization\",\"@id\":\"https:\\\/\\\/motorista.com.br\\\/noticias\\\/#organization\",\"name\":\"Motorista.com.br\",\"url\":\"https:\\\/\\\/motorista.com.br\\\/noticias\\\/\",\"logo\":{\"@type\":\"ImageObject\",\"inLanguage\":\"pt-BR\",\"@id\":\"https:\\\/\\\/motorista.com.br\\\/noticias\\\/#\\\/schema\\\/logo\\\/image\\\/\",\"url\":\"https:\\\/\\\/motorista.com.br\\\/noticias\\\/wp-content\\\/uploads\\\/2025\\\/06\\\/Design-sem-nome-9.png\",\"contentUrl\":\"https:\\\/\\\/motorista.com.br\\\/noticias\\\/wp-content\\\/uploads\\\/2025\\\/06\\\/Design-sem-nome-9.png\",\"width\":150,\"height\":85,\"caption\":\"Motorista.com.br\"},\"image\":{\"@id\":\"https:\\\/\\\/motorista.com.br\\\/noticias\\\/#\\\/schema\\\/logo\\\/image\\\/\"}},{\"@type\":\"Person\",\"@id\":\"https:\\\/\\\/motorista.com.br\\\/noticias\\\/#\\\/schema\\\/person\\\/dc93afc2981c0e3ce6bc3c053fd847be\",\"name\":\"Equipe Reda\u00e7\u00e3o\",\"image\":{\"@type\":\"ImageObject\",\"inLanguage\":\"pt-BR\",\"@id\":\"https:\\\/\\\/secure.gravatar.com\\\/avatar\\\/4f525efbf18dd2bb300ccad28bfb99d95a9465a5ba268407c8c37b37e1f28d2d?s=96&d=mm&r=g9e099043a0c61e9ae27e293b9fa75ffc\",\"url\":\"https:\\\/\\\/secure.gravatar.com\\\/avatar\\\/4f525efbf18dd2bb300ccad28bfb99d95a9465a5ba268407c8c37b37e1f28d2d?s=96&d=mm&r=g\",\"contentUrl\":\"https:\\\/\\\/secure.gravatar.com\\\/avatar\\\/4f525efbf18dd2bb300ccad28bfb99d95a9465a5ba268407c8c37b37e1f28d2d?s=96&d=mm&r=g\",\"caption\":\"Equipe Reda\u00e7\u00e3o\"},\"description\":\"Equipe de reda\u00e7\u00e3o \u00e9 um grupo de profissionais que trabalham juntos para criar conte\u00fado escrito para Motorista.com.br\",\"url\":\"https:\\\/\\\/motorista.com.br\\\/noticias\\\/author\\\/equiperedacao\\\/\"}]}<\/script>\n<!-- \/ Yoast SEO Premium plugin. -->","yoast_head_json":{"title":"10 ve\u00edculos ideais para motoristas de aplicativos como Uber - Motorista.com.br","robots":{"index":"index","follow":"follow","max-snippet":"max-snippet:-1","max-image-preview":"max-image-preview:large","max-video-preview":"max-video-preview:-1"},"canonical":"https:\/\/motorista.com.br\/noticias\/2025\/12\/30\/10-veiculos-ideais-para-motoristas-de-aplicativos-como-uber\/","og_locale":"pt_BR","og_type":"article","og_title":"10 ve\u00edculos ideais para motoristas de aplicativos como Uber","og_description":"10 Carros Ideais para Motoristas de Aplicativo tipo Uber Um levantamento recente analisou cerca de 70 milh\u00f5es de corridas realizadas entre janeiro e setembro de 2025, revelando os 10 carros mais utilizados por motoristas de aplicativo no Brasil. Essa an\u00e1lise \u00e9 instrumental para motoristas interessados em otimizar sua atividade, considerando tanto a economia quanto a &hellip;","og_url":"https:\/\/motorista.com.br\/noticias\/2025\/12\/30\/10-veiculos-ideais-para-motoristas-de-aplicativos-como-uber\/","og_site_name":"Motorista.com.br","article_published_time":"2025-12-30T19:00:54+00:00","author":"Equipe Reda\u00e7\u00e3o","twitter_card":"summary_large_image","twitter_misc":{"Escrito por":"Equipe Reda\u00e7\u00e3o","Est. tempo de leitura":"3 minutos","Written by":"Equipe Reda\u00e7\u00e3o"},"schema":{"@context":"https:\/\/schema.org","@graph":[{"@type":"Article","@id":"https:\/\/motorista.com.br\/noticias\/2025\/12\/30\/10-veiculos-ideais-para-motoristas-de-aplicativos-como-uber\/#article","isPartOf":{"@id":"https:\/\/motorista.com.br\/noticias\/2025\/12\/30\/10-veiculos-ideais-para-motoristas-de-aplicativos-como-uber\/"},"author":{"name":"Equipe Reda\u00e7\u00e3o","@id":"https:\/\/motorista.com.br\/noticias\/#\/schema\/person\/dc93afc2981c0e3ce6bc3c053fd847be"},"headline":"10 ve\u00edculos ideais para motoristas de aplicativos como Uber","datePublished":"2025-12-30T19:00:54+00:00","mainEntityOfPage":{"@id":"https:\/\/motorista.com.br\/noticias\/2025\/12\/30\/10-veiculos-ideais-para-motoristas-de-aplicativos-como-uber\/"},"wordCount":569,"publisher":{"@id":"https:\/\/motorista.com.br\/noticias\/#organization"},"articleSection":["Aplicativos","Motorista"],"inLanguage":"pt-BR"},{"@type":"WebPage","@id":"https:\/\/motorista.com.br\/noticias\/2025\/12\/30\/10-veiculos-ideais-para-motoristas-de-aplicativos-como-uber\/","url":"https:\/\/motorista.com.br\/noticias\/2025\/12\/30\/10-veiculos-ideais-para-motoristas-de-aplicativos-como-uber\/","name":"10 ve\u00edculos ideais para motoristas de aplicativos como Uber - Motorista.com.br","isPartOf":{"@id":"https:\/\/motorista.com.br\/noticias\/#website"},"datePublished":"2025-12-30T19:00:54+00:00","breadcrumb":{"@id":"https:\/\/motorista.com.br\/noticias\/2025\/12\/30\/10-veiculos-ideais-para-motoristas-de-aplicativos-como-uber\/#breadcrumb"},"inLanguage":"pt-BR","potentialAction":[{"@type":"ReadAction","target":["https:\/\/motorista.com.br\/noticias\/2025\/12\/30\/10-veiculos-ideais-para-motoristas-de-aplicativos-como-uber\/"]}]},{"@type":"BreadcrumbList","@id":"https:\/\/motorista.com.br\/noticias\/2025\/12\/30\/10-veiculos-ideais-para-motoristas-de-aplicativos-como-uber\/#breadcrumb","itemListElement":[{"@type":"ListItem","position":1,"name":"In\u00edcio","item":"https:\/\/motorista.com.br\/noticias\/"},{"@type":"ListItem","position":2,"name":"10 ve\u00edculos ideais para motoristas de aplicativos como Uber"}]},{"@type":"WebSite","@id":"https:\/\/motorista.com.br\/noticias\/#website","url":"https:\/\/motorista.com.br\/noticias\/","name":"Motorista.com.br","description":"Not\u00edcia do Motorista","publisher":{"@id":"https:\/\/motorista.com.br\/noticias\/#organization"},"potentialAction":[{"@type":"SearchAction","target":{"@type":"EntryPoint","urlTemplate":"https:\/\/motorista.com.br\/noticias\/?s={search_term_string}"},"query-input":{"@type":"PropertyValueSpecification","valueRequired":true,"valueName":"search_term_string"}}],"inLanguage":"pt-BR"},{"@type":"Organization","@id":"https:\/\/motorista.com.br\/noticias\/#organization","name":"Motorista.com.br","url":"https:\/\/motorista.com.br\/noticias\/","logo":{"@type":"ImageObject","inLanguage":"pt-BR","@id":"https:\/\/motorista.com.br\/noticias\/#\/schema\/logo\/image\/","url":"https:\/\/motorista.com.br\/noticias\/wp-content\/uploads\/2025\/06\/Design-sem-nome-9.png","contentUrl":"https:\/\/motorista.com.br\/noticias\/wp-content\/uploads\/2025\/06\/Design-sem-nome-9.png","width":150,"height":85,"caption":"Motorista.com.br"},"image":{"@id":"https:\/\/motorista.com.br\/noticias\/#\/schema\/logo\/image\/"}},{"@type":"Person","@id":"https:\/\/motorista.com.br\/noticias\/#\/schema\/person\/dc93afc2981c0e3ce6bc3c053fd847be","name":"Equipe Reda\u00e7\u00e3o","image":{"@type":"ImageObject","inLanguage":"pt-BR","@id":"https:\/\/secure.gravatar.com\/avatar\/4f525efbf18dd2bb300ccad28bfb99d95a9465a5ba268407c8c37b37e1f28d2d?s=96&d=mm&r=g9e099043a0c61e9ae27e293b9fa75ffc","url":"https:\/\/secure.gravatar.com\/avatar\/4f525efbf18dd2bb300ccad28bfb99d95a9465a5ba268407c8c37b37e1f28d2d?s=96&d=mm&r=g","contentUrl":"https:\/\/secure.gravatar.com\/avatar\/4f525efbf18dd2bb300ccad28bfb99d95a9465a5ba268407c8c37b37e1f28d2d?s=96&d=mm&r=g","caption":"Equipe Reda\u00e7\u00e3o"},"description":"Equipe de reda\u00e7\u00e3o \u00e9 um grupo de profissionais que trabalham juntos para criar conte\u00fado escrito para Motorista.com.br","url":"https:\/\/motorista.com.br\/noticias\/author\/equiperedacao\/"}]}},"_links":{"self":[{"href":"https:\/\/motorista.com.br\/noticias\/wp-json\/wp\/v2\/posts\/5475","targetHints":{"allow":["GET"]}}],"collection":[{"href":"https:\/\/motorista.com.br\/noticias\/wp-json\/wp\/v2\/posts"}],"about":[{"href":"https:\/\/motorista.com.br\/noticias\/wp-json\/wp\/v2\/types\/post"}],"author":[{"embeddable":true,"href":"https:\/\/motorista.com.br\/noticias\/wp-json\/wp\/v2\/users\/4"}],"replies":[{"embeddable":true,"href":"https:\/\/motorista.com.br\/noticias\/wp-json\/wp\/v2\/comments?post=5475"}],"version-history":[{"count":0,"href":"https:\/\/motorista.com.br\/noticias\/wp-json\/wp\/v2\/posts\/5475\/revisions"}],"wp:attachment":[{"href":"https:\/\/motorista.com.br\/noticias\/wp-json\/wp\/v2\/media?parent=5475"}],"wp:term":[{"taxonomy":"category","embeddable":true,"href":"https:\/\/motorista.com.br\/noticias\/wp-json\/wp\/v2\/categories?post=5475"},{"taxonomy":"post_tag","embeddable":true,"href":"https:\/\/motorista.com.br\/noticias\/wp-json\/wp\/v2\/tags?post=5475"},{"taxonomy":"author","embeddable":true,"href":"https:\/\/motorista.com.br\/noticias\/wp-json\/wp\/v2\/coauthors?post=5475"}],"curies":[{"name":"wp","href":"https:\/\/api.w.org\/{rel}","templated":true}]}}