{"id":5457,"date":"2025-12-29T22:10:04","date_gmt":"2025-12-30T01:10:04","guid":{"rendered":"https:\/\/motorista.com.br\/noticias\/2025\/12\/29\/salario-minimo-aumentara-em-breve-mas-deveria-ser-maior-segundo-dieese\/"},"modified":"2025-12-29T22:10:04","modified_gmt":"2025-12-30T01:10:04","slug":"salario-minimo-aumentara-em-breve-mas-deveria-ser-maior-segundo-dieese","status":"publish","type":"post","link":"https:\/\/motorista.com.br\/noticias\/2025\/12\/29\/salario-minimo-aumentara-em-breve-mas-deveria-ser-maior-segundo-dieese\/","title":{"rendered":"Sal\u00e1rio m\u00ednimo aumentar\u00e1 em breve, mas deveria ser maior, segundo Dieese."},"content":{"rendered":"<p><\/p>\n<h1>Novo Sal\u00e1rio M\u00ednimo: Perspectivas e Impactos na Mobilidade e Economia<\/h1>\n<p>A partir de janeiro de 2026, o sal\u00e1rio m\u00ednimo no Brasil dever\u00e1 passar a ser de R$ 1.621, um aumento de 6,79% em rela\u00e7\u00e3o ao valor atual. Embora este reajuste represente um al\u00edvio para muitos, a quantia ainda est\u00e1 aqu\u00e9m do necess\u00e1rio para sustentar uma fam\u00edlia dignamente, estimado em R$ 7.067,18 pelo Departamento Intersindical de Estat\u00edstica e Estudos Socioecon\u00f4micos (Dieese).<\/p>\n<h3>A Realidade do Sal\u00e1rio M\u00ednimo<\/h3>\n<p>As despesas para garantir uma vida digna incluem alimenta\u00e7\u00e3o, moradia, sa\u00fade, educa\u00e7\u00e3o, transporte, vestu\u00e1rio, e outras necessidades b\u00e1sicas. O novo sal\u00e1rio m\u00ednimo cobre apenas uma fra\u00e7\u00e3o desses custos, for\u00e7ando muitos trabalhadores a escolher entre pagar aluguel e fazer compras no supermercado.<\/p>\n<h3>Diferen\u00e7as Hist\u00f3ricas<\/h3>\n<p>Historicamente, o sal\u00e1rio m\u00ednimo necess\u00e1rio sempre foi mais do que o dobro do valor estipulado pelo governo. O atual reajuste, embora considere a infla\u00e7\u00e3o e o crescimento do PIB, ainda n\u00e3o atende \u00e0s demandas reais da popula\u00e7\u00e3o. Com um aumento nominal de 6,79%, muitos trabalhadores em \u00e1reas diversas, como transportes e servi\u00e7os, encontram dificuldade em equilibrar suas finan\u00e7as di\u00e1rias.<\/p>\n<h3>Impacto na Economia e Mobilidade<\/h3>\n<p>Apesar de o aumento do sal\u00e1rio m\u00ednimo ainda ser insuficiente, ele ter\u00e1 um impacto significativo na economia brasileira. O Dieese estima que esse novo valor injetar\u00e1 R$ 81,7 bilh\u00f5es na economia em 2026, promovendo maior consumo e arrecada\u00e7\u00e3o. Para motoristas, que muitas vezes est\u00e3o atrelados ao sal\u00e1rio m\u00ednimo, essa inje\u00e7\u00e3o de capital pode impulsionar a demanda por servi\u00e7os de transporte, afetando diretamente seus ganhos e a mobilidade geral.<\/p>\n<p>Quando os trabalhadores t\u00eam mais renda, eles podem gastar mais em transporte, seja em combust\u00edvel, manuten\u00e7\u00e3o de ve\u00edculos ou mesmo em servi\u00e7os de transporte compartilhado. Isso significa que, mesmo um aumento modesto no sal\u00e1rio m\u00ednimo, pode levar a um ciclo positivo: mais renda gera mais consumo, o que, por sua vez, pode resultar em melhor infraestrutura de transporte e, consequentemente, uma mobilidade geral mais eficiente.<\/p>\n<h3>Considera\u00e7\u00f5es Finais<\/h3>\n<p>Embora o novo sal\u00e1rio m\u00ednimo ainda esteja distante do ideal, seu impacto na economia e na mobilidade n\u00e3o deve ser subestimado. Melhores condi\u00e7\u00f5es financeiras para os trabalhadores podem contribuir para um ambiente mais din\u00e2mico e acess\u00edvel no mercado de transporte, promovendo uma rede de mobilidade mais integrada e eficiente.<\/p>\n<p><strong>Fonte:<\/strong> www.moneytimes.com.br<\/p>\n","protected":false},"excerpt":{"rendered":"<p>Novo Sal\u00e1rio M\u00ednimo: Perspectivas e Impactos na Mobilidade e Economia A partir de janeiro de 2026, o sal\u00e1rio m\u00ednimo no Brasil dever\u00e1 passar a ser de R$ 1.621, um aumento de 6,79% em rela\u00e7\u00e3o ao valor atual. Embora este reajuste represente um al\u00edvio para muitos, a quantia ainda est\u00e1 aqu\u00e9m do necess\u00e1rio para sustentar uma &hellip;<\/p>\n","protected":false},"author":4,"featured_media":0,"comment_status":"","ping_status":"open","sticky":false,"template":"","format":"standard","meta":{"footnotes":""},"categories":[61],"tags":[],"coauthors":[42],"class_list":["post-5457","post","type-post","status-publish","format-standard","hentry","category-mercado-financeiro"],"yoast_head":"<!-- This site is optimized with the Yoast SEO Premium plugin v25.5 (Yoast SEO v27.4) - https:\/\/yoast.com\/product\/yoast-seo-premium-wordpress\/ -->\n<title>Sal\u00e1rio m\u00ednimo aumentar\u00e1 em breve, mas deveria ser maior, segundo Dieese. - Motorista.com.br<\/title>\n<meta name=\"robots\" content=\"index, follow, max-snippet:-1, max-image-preview:large, max-video-preview:-1\" \/>\n<link rel=\"canonical\" href=\"https:\/\/motorista.com.br\/noticias\/2025\/12\/29\/salario-minimo-aumentara-em-breve-mas-deveria-ser-maior-segundo-dieese\/\" \/>\n<meta property=\"og:locale\" content=\"pt_BR\" \/>\n<meta property=\"og:type\" content=\"article\" \/>\n<meta property=\"og:title\" content=\"Sal\u00e1rio m\u00ednimo aumentar\u00e1 em breve, mas deveria ser maior, segundo Dieese.\" \/>\n<meta property=\"og:description\" content=\"Novo Sal\u00e1rio M\u00ednimo: Perspectivas e Impactos na Mobilidade e Economia A partir de janeiro de 2026, o sal\u00e1rio m\u00ednimo no Brasil dever\u00e1 passar a ser de R$ 1.621, um aumento de 6,79% em rela\u00e7\u00e3o ao valor atual. Embora este reajuste represente um al\u00edvio para muitos, a quantia ainda est\u00e1 aqu\u00e9m do necess\u00e1rio para sustentar uma &hellip;\" \/>\n<meta property=\"og:url\" content=\"https:\/\/motorista.com.br\/noticias\/2025\/12\/29\/salario-minimo-aumentara-em-breve-mas-deveria-ser-maior-segundo-dieese\/\" \/>\n<meta property=\"og:site_name\" content=\"Motorista.com.br\" \/>\n<meta property=\"article:published_time\" content=\"2025-12-30T01:10:04+00:00\" \/>\n<meta name=\"author\" content=\"Equipe Reda\u00e7\u00e3o\" \/>\n<meta name=\"twitter:card\" content=\"summary_large_image\" \/>\n<meta name=\"twitter:label1\" content=\"Escrito por\" \/>\n\t<meta name=\"twitter:data1\" content=\"Equipe Reda\u00e7\u00e3o\" \/>\n\t<meta name=\"twitter:label2\" content=\"Est. tempo de leitura\" \/>\n\t<meta name=\"twitter:data2\" content=\"2 minutos\" \/>\n\t<meta name=\"twitter:label3\" content=\"Written by\" \/>\n\t<meta name=\"twitter:data3\" content=\"Equipe Reda\u00e7\u00e3o\" \/>\n<script type=\"application\/ld+json\" class=\"yoast-schema-graph\">{\"@context\":\"https:\\\/\\\/schema.org\",\"@graph\":[{\"@type\":\"Article\",\"@id\":\"https:\\\/\\\/motorista.com.br\\\/noticias\\\/2025\\\/12\\\/29\\\/salario-minimo-aumentara-em-breve-mas-deveria-ser-maior-segundo-dieese\\\/#article\",\"isPartOf\":{\"@id\":\"https:\\\/\\\/motorista.com.br\\\/noticias\\\/2025\\\/12\\\/29\\\/salario-minimo-aumentara-em-breve-mas-deveria-ser-maior-segundo-dieese\\\/\"},\"author\":{\"name\":\"Equipe Reda\u00e7\u00e3o\",\"@id\":\"https:\\\/\\\/motorista.com.br\\\/noticias\\\/#\\\/schema\\\/person\\\/dc93afc2981c0e3ce6bc3c053fd847be\"},\"headline\":\"Sal\u00e1rio m\u00ednimo aumentar\u00e1 em breve, mas deveria ser maior, segundo Dieese.\",\"datePublished\":\"2025-12-30T01:10:04+00:00\",\"mainEntityOfPage\":{\"@id\":\"https:\\\/\\\/motorista.com.br\\\/noticias\\\/2025\\\/12\\\/29\\\/salario-minimo-aumentara-em-breve-mas-deveria-ser-maior-segundo-dieese\\\/\"},\"wordCount\":433,\"publisher\":{\"@id\":\"https:\\\/\\\/motorista.com.br\\\/noticias\\\/#organization\"},\"articleSection\":[\"Mercado Financeiro\"],\"inLanguage\":\"pt-BR\"},{\"@type\":\"WebPage\",\"@id\":\"https:\\\/\\\/motorista.com.br\\\/noticias\\\/2025\\\/12\\\/29\\\/salario-minimo-aumentara-em-breve-mas-deveria-ser-maior-segundo-dieese\\\/\",\"url\":\"https:\\\/\\\/motorista.com.br\\\/noticias\\\/2025\\\/12\\\/29\\\/salario-minimo-aumentara-em-breve-mas-deveria-ser-maior-segundo-dieese\\\/\",\"name\":\"Sal\u00e1rio m\u00ednimo aumentar\u00e1 em breve, mas deveria ser maior, segundo Dieese. - Motorista.com.br\",\"isPartOf\":{\"@id\":\"https:\\\/\\\/motorista.com.br\\\/noticias\\\/#website\"},\"datePublished\":\"2025-12-30T01:10:04+00:00\",\"breadcrumb\":{\"@id\":\"https:\\\/\\\/motorista.com.br\\\/noticias\\\/2025\\\/12\\\/29\\\/salario-minimo-aumentara-em-breve-mas-deveria-ser-maior-segundo-dieese\\\/#breadcrumb\"},\"inLanguage\":\"pt-BR\",\"potentialAction\":[{\"@type\":\"ReadAction\",\"target\":[\"https:\\\/\\\/motorista.com.br\\\/noticias\\\/2025\\\/12\\\/29\\\/salario-minimo-aumentara-em-breve-mas-deveria-ser-maior-segundo-dieese\\\/\"]}]},{\"@type\":\"BreadcrumbList\",\"@id\":\"https:\\\/\\\/motorista.com.br\\\/noticias\\\/2025\\\/12\\\/29\\\/salario-minimo-aumentara-em-breve-mas-deveria-ser-maior-segundo-dieese\\\/#breadcrumb\",\"itemListElement\":[{\"@type\":\"ListItem\",\"position\":1,\"name\":\"In\u00edcio\",\"item\":\"https:\\\/\\\/motorista.com.br\\\/noticias\\\/\"},{\"@type\":\"ListItem\",\"position\":2,\"name\":\"Sal\u00e1rio m\u00ednimo aumentar\u00e1 em breve, mas deveria ser maior, segundo Dieese.\"}]},{\"@type\":\"WebSite\",\"@id\":\"https:\\\/\\\/motorista.com.br\\\/noticias\\\/#website\",\"url\":\"https:\\\/\\\/motorista.com.br\\\/noticias\\\/\",\"name\":\"Motorista.com.br\",\"description\":\"Not\u00edcia do Motorista\",\"publisher\":{\"@id\":\"https:\\\/\\\/motorista.com.br\\\/noticias\\\/#organization\"},\"potentialAction\":[{\"@type\":\"SearchAction\",\"target\":{\"@type\":\"EntryPoint\",\"urlTemplate\":\"https:\\\/\\\/motorista.com.br\\\/noticias\\\/?s={search_term_string}\"},\"query-input\":{\"@type\":\"PropertyValueSpecification\",\"valueRequired\":true,\"valueName\":\"search_term_string\"}}],\"inLanguage\":\"pt-BR\"},{\"@type\":\"Organization\",\"@id\":\"https:\\\/\\\/motorista.com.br\\\/noticias\\\/#organization\",\"name\":\"Motorista.com.br\",\"url\":\"https:\\\/\\\/motorista.com.br\\\/noticias\\\/\",\"logo\":{\"@type\":\"ImageObject\",\"inLanguage\":\"pt-BR\",\"@id\":\"https:\\\/\\\/motorista.com.br\\\/noticias\\\/#\\\/schema\\\/logo\\\/image\\\/\",\"url\":\"https:\\\/\\\/motorista.com.br\\\/noticias\\\/wp-content\\\/uploads\\\/2025\\\/06\\\/Design-sem-nome-9.png\",\"contentUrl\":\"https:\\\/\\\/motorista.com.br\\\/noticias\\\/wp-content\\\/uploads\\\/2025\\\/06\\\/Design-sem-nome-9.png\",\"width\":150,\"height\":85,\"caption\":\"Motorista.com.br\"},\"image\":{\"@id\":\"https:\\\/\\\/motorista.com.br\\\/noticias\\\/#\\\/schema\\\/logo\\\/image\\\/\"}},{\"@type\":\"Person\",\"@id\":\"https:\\\/\\\/motorista.com.br\\\/noticias\\\/#\\\/schema\\\/person\\\/dc93afc2981c0e3ce6bc3c053fd847be\",\"name\":\"Equipe Reda\u00e7\u00e3o\",\"image\":{\"@type\":\"ImageObject\",\"inLanguage\":\"pt-BR\",\"@id\":\"https:\\\/\\\/secure.gravatar.com\\\/avatar\\\/4f525efbf18dd2bb300ccad28bfb99d95a9465a5ba268407c8c37b37e1f28d2d?s=96&d=mm&r=g9e099043a0c61e9ae27e293b9fa75ffc\",\"url\":\"https:\\\/\\\/secure.gravatar.com\\\/avatar\\\/4f525efbf18dd2bb300ccad28bfb99d95a9465a5ba268407c8c37b37e1f28d2d?s=96&d=mm&r=g\",\"contentUrl\":\"https:\\\/\\\/secure.gravatar.com\\\/avatar\\\/4f525efbf18dd2bb300ccad28bfb99d95a9465a5ba268407c8c37b37e1f28d2d?s=96&d=mm&r=g\",\"caption\":\"Equipe Reda\u00e7\u00e3o\"},\"description\":\"Equipe de reda\u00e7\u00e3o \u00e9 um grupo de profissionais que trabalham juntos para criar conte\u00fado escrito para Motorista.com.br\",\"url\":\"https:\\\/\\\/motorista.com.br\\\/noticias\\\/author\\\/equiperedacao\\\/\"}]}<\/script>\n<!-- \/ Yoast SEO Premium plugin. -->","yoast_head_json":{"title":"Sal\u00e1rio m\u00ednimo aumentar\u00e1 em breve, mas deveria ser maior, segundo Dieese. - Motorista.com.br","robots":{"index":"index","follow":"follow","max-snippet":"max-snippet:-1","max-image-preview":"max-image-preview:large","max-video-preview":"max-video-preview:-1"},"canonical":"https:\/\/motorista.com.br\/noticias\/2025\/12\/29\/salario-minimo-aumentara-em-breve-mas-deveria-ser-maior-segundo-dieese\/","og_locale":"pt_BR","og_type":"article","og_title":"Sal\u00e1rio m\u00ednimo aumentar\u00e1 em breve, mas deveria ser maior, segundo Dieese.","og_description":"Novo Sal\u00e1rio M\u00ednimo: Perspectivas e Impactos na Mobilidade e Economia A partir de janeiro de 2026, o sal\u00e1rio m\u00ednimo no Brasil dever\u00e1 passar a ser de R$ 1.621, um aumento de 6,79% em rela\u00e7\u00e3o ao valor atual. Embora este reajuste represente um al\u00edvio para muitos, a quantia ainda est\u00e1 aqu\u00e9m do necess\u00e1rio para sustentar uma &hellip;","og_url":"https:\/\/motorista.com.br\/noticias\/2025\/12\/29\/salario-minimo-aumentara-em-breve-mas-deveria-ser-maior-segundo-dieese\/","og_site_name":"Motorista.com.br","article_published_time":"2025-12-30T01:10:04+00:00","author":"Equipe Reda\u00e7\u00e3o","twitter_card":"summary_large_image","twitter_misc":{"Escrito por":"Equipe Reda\u00e7\u00e3o","Est. tempo de leitura":"2 minutos","Written by":"Equipe Reda\u00e7\u00e3o"},"schema":{"@context":"https:\/\/schema.org","@graph":[{"@type":"Article","@id":"https:\/\/motorista.com.br\/noticias\/2025\/12\/29\/salario-minimo-aumentara-em-breve-mas-deveria-ser-maior-segundo-dieese\/#article","isPartOf":{"@id":"https:\/\/motorista.com.br\/noticias\/2025\/12\/29\/salario-minimo-aumentara-em-breve-mas-deveria-ser-maior-segundo-dieese\/"},"author":{"name":"Equipe Reda\u00e7\u00e3o","@id":"https:\/\/motorista.com.br\/noticias\/#\/schema\/person\/dc93afc2981c0e3ce6bc3c053fd847be"},"headline":"Sal\u00e1rio m\u00ednimo aumentar\u00e1 em breve, mas deveria ser maior, segundo Dieese.","datePublished":"2025-12-30T01:10:04+00:00","mainEntityOfPage":{"@id":"https:\/\/motorista.com.br\/noticias\/2025\/12\/29\/salario-minimo-aumentara-em-breve-mas-deveria-ser-maior-segundo-dieese\/"},"wordCount":433,"publisher":{"@id":"https:\/\/motorista.com.br\/noticias\/#organization"},"articleSection":["Mercado Financeiro"],"inLanguage":"pt-BR"},{"@type":"WebPage","@id":"https:\/\/motorista.com.br\/noticias\/2025\/12\/29\/salario-minimo-aumentara-em-breve-mas-deveria-ser-maior-segundo-dieese\/","url":"https:\/\/motorista.com.br\/noticias\/2025\/12\/29\/salario-minimo-aumentara-em-breve-mas-deveria-ser-maior-segundo-dieese\/","name":"Sal\u00e1rio m\u00ednimo aumentar\u00e1 em breve, mas deveria ser maior, segundo Dieese. - Motorista.com.br","isPartOf":{"@id":"https:\/\/motorista.com.br\/noticias\/#website"},"datePublished":"2025-12-30T01:10:04+00:00","breadcrumb":{"@id":"https:\/\/motorista.com.br\/noticias\/2025\/12\/29\/salario-minimo-aumentara-em-breve-mas-deveria-ser-maior-segundo-dieese\/#breadcrumb"},"inLanguage":"pt-BR","potentialAction":[{"@type":"ReadAction","target":["https:\/\/motorista.com.br\/noticias\/2025\/12\/29\/salario-minimo-aumentara-em-breve-mas-deveria-ser-maior-segundo-dieese\/"]}]},{"@type":"BreadcrumbList","@id":"https:\/\/motorista.com.br\/noticias\/2025\/12\/29\/salario-minimo-aumentara-em-breve-mas-deveria-ser-maior-segundo-dieese\/#breadcrumb","itemListElement":[{"@type":"ListItem","position":1,"name":"In\u00edcio","item":"https:\/\/motorista.com.br\/noticias\/"},{"@type":"ListItem","position":2,"name":"Sal\u00e1rio m\u00ednimo aumentar\u00e1 em breve, mas deveria ser maior, segundo Dieese."}]},{"@type":"WebSite","@id":"https:\/\/motorista.com.br\/noticias\/#website","url":"https:\/\/motorista.com.br\/noticias\/","name":"Motorista.com.br","description":"Not\u00edcia do Motorista","publisher":{"@id":"https:\/\/motorista.com.br\/noticias\/#organization"},"potentialAction":[{"@type":"SearchAction","target":{"@type":"EntryPoint","urlTemplate":"https:\/\/motorista.com.br\/noticias\/?s={search_term_string}"},"query-input":{"@type":"PropertyValueSpecification","valueRequired":true,"valueName":"search_term_string"}}],"inLanguage":"pt-BR"},{"@type":"Organization","@id":"https:\/\/motorista.com.br\/noticias\/#organization","name":"Motorista.com.br","url":"https:\/\/motorista.com.br\/noticias\/","logo":{"@type":"ImageObject","inLanguage":"pt-BR","@id":"https:\/\/motorista.com.br\/noticias\/#\/schema\/logo\/image\/","url":"https:\/\/motorista.com.br\/noticias\/wp-content\/uploads\/2025\/06\/Design-sem-nome-9.png","contentUrl":"https:\/\/motorista.com.br\/noticias\/wp-content\/uploads\/2025\/06\/Design-sem-nome-9.png","width":150,"height":85,"caption":"Motorista.com.br"},"image":{"@id":"https:\/\/motorista.com.br\/noticias\/#\/schema\/logo\/image\/"}},{"@type":"Person","@id":"https:\/\/motorista.com.br\/noticias\/#\/schema\/person\/dc93afc2981c0e3ce6bc3c053fd847be","name":"Equipe Reda\u00e7\u00e3o","image":{"@type":"ImageObject","inLanguage":"pt-BR","@id":"https:\/\/secure.gravatar.com\/avatar\/4f525efbf18dd2bb300ccad28bfb99d95a9465a5ba268407c8c37b37e1f28d2d?s=96&d=mm&r=g9e099043a0c61e9ae27e293b9fa75ffc","url":"https:\/\/secure.gravatar.com\/avatar\/4f525efbf18dd2bb300ccad28bfb99d95a9465a5ba268407c8c37b37e1f28d2d?s=96&d=mm&r=g","contentUrl":"https:\/\/secure.gravatar.com\/avatar\/4f525efbf18dd2bb300ccad28bfb99d95a9465a5ba268407c8c37b37e1f28d2d?s=96&d=mm&r=g","caption":"Equipe Reda\u00e7\u00e3o"},"description":"Equipe de reda\u00e7\u00e3o \u00e9 um grupo de profissionais que trabalham juntos para criar conte\u00fado escrito para Motorista.com.br","url":"https:\/\/motorista.com.br\/noticias\/author\/equiperedacao\/"}]}},"_links":{"self":[{"href":"https:\/\/motorista.com.br\/noticias\/wp-json\/wp\/v2\/posts\/5457","targetHints":{"allow":["GET"]}}],"collection":[{"href":"https:\/\/motorista.com.br\/noticias\/wp-json\/wp\/v2\/posts"}],"about":[{"href":"https:\/\/motorista.com.br\/noticias\/wp-json\/wp\/v2\/types\/post"}],"author":[{"embeddable":true,"href":"https:\/\/motorista.com.br\/noticias\/wp-json\/wp\/v2\/users\/4"}],"replies":[{"embeddable":true,"href":"https:\/\/motorista.com.br\/noticias\/wp-json\/wp\/v2\/comments?post=5457"}],"version-history":[{"count":0,"href":"https:\/\/motorista.com.br\/noticias\/wp-json\/wp\/v2\/posts\/5457\/revisions"}],"wp:attachment":[{"href":"https:\/\/motorista.com.br\/noticias\/wp-json\/wp\/v2\/media?parent=5457"}],"wp:term":[{"taxonomy":"category","embeddable":true,"href":"https:\/\/motorista.com.br\/noticias\/wp-json\/wp\/v2\/categories?post=5457"},{"taxonomy":"post_tag","embeddable":true,"href":"https:\/\/motorista.com.br\/noticias\/wp-json\/wp\/v2\/tags?post=5457"},{"taxonomy":"author","embeddable":true,"href":"https:\/\/motorista.com.br\/noticias\/wp-json\/wp\/v2\/coauthors?post=5457"}],"curies":[{"name":"wp","href":"https:\/\/api.w.org\/{rel}","templated":true}]}}