{"id":5455,"date":"2025-12-29T15:57:50","date_gmt":"2025-12-29T18:57:50","guid":{"rendered":"https:\/\/motorista.com.br\/noticias\/2025\/12\/29\/especialistas-criticam-iniciativa-de-renovacao-de-frota-do-governo\/"},"modified":"2025-12-29T15:57:50","modified_gmt":"2025-12-29T18:57:50","slug":"especialistas-criticam-iniciativa-de-renovacao-de-frota-do-governo","status":"publish","type":"post","link":"https:\/\/motorista.com.br\/noticias\/2025\/12\/29\/especialistas-criticam-iniciativa-de-renovacao-de-frota-do-governo\/","title":{"rendered":"Especialistas criticam iniciativa de renova\u00e7\u00e3o de frota do governo."},"content":{"rendered":"<p><\/p>\n<p><strong>Analistas Criticam Programa de Renova\u00e7\u00e3o de Frota do Governo Federal<\/strong><\/p>\n<p>Recentemente, o programa de renova\u00e7\u00e3o de frota, anunciado pelo Governo Federal e que se estender\u00e1 at\u00e9 junho de 2026, tem gerado intensos debates entre especialistas. Com um montante de R$ 10 bilh\u00f5es \u2014 sendo R$ 6 bilh\u00f5es do Governo e R$ 4 bilh\u00f5es do BNDES \u2014 a proposta visa facilitar a compra de caminh\u00f5es novos e seminovos fabricados a partir de 2012, permitindo a troca de ve\u00edculos antigos para sucateamento.<\/p>\n<p>Entretanto, as cr\u00edticas n\u00e3o tardaram a surgir, n\u00e3o apenas pela proximidade do per\u00edodo eleitoral, mas tamb\u00e9m pela dificuldade do governo em equilibrar suas contas. Em an\u00e1lises anteriores, o programa foi comparado ao Pr\u00f3-Caminhoneiro, que vigorou entre 2009 e 2016 e, embora tenha impulsionado as vendas de caminh\u00f5es, levou a uma satura\u00e7\u00e3o do mercado e uma subsequente crise nos pre\u00e7os de frete, resultando na greve de 2018.<\/p>\n<p>Outro ponto frequentemente mencionado \u00e9 a destina\u00e7\u00e3o de apenas 10% do or\u00e7amento do programa para pequenos transportadores, como caminhoneiros aut\u00f4nomos e cooperativas. Essa concentra\u00e7\u00e3o de recursos pode prejudicar esse p\u00fablico, favorecendo grandes transportadoras em detrimento dos pequenos operadores, que enfrentam maiores dificuldades financeiras.<\/p>\n<p>Especialistas alertam que o elevado valor destinado \u00e0 compra de novos ve\u00edculos, se n\u00e3o estiver aliado a uma demanda real, pode trazer consequ\u00eancias negativas. Para Milad Kalume, especialista em automotivo, o aumento na oferta de caminh\u00f5es pode n\u00e3o se acompanhar na mesma propor\u00e7\u00e3o pela demanda, o que comprometeria os pre\u00e7os dos fretes e impactaria diretamente os caminhoneiros, especialmente os aut\u00f4nomos.<\/p>\n<p>A situa\u00e7\u00e3o da frota brasileira, que possui uma idade m\u00e9dia de 14,1 anos, clama por uma renova\u00e7\u00e3o estruturada. Muitos caminh\u00f5es, especialmente aqueles operados por aut\u00f4nomos, est\u00e3o pr\u00f3ximos do fim de sua vida \u00fatil. Investir em um programa bem estruturado de renova\u00e7\u00e3o n\u00e3o apenas modernizaria a frota, mas tamb\u00e9m poderia melhorar a efici\u00eancia do transporte e, consequentemente, a mobilidade no pa\u00eds.<\/p>\n<p>Considerando o atual contexto econ\u00f4mico e as variadas necessidades do setor de transporte, \u00e9 essencial discutir e avaliar de forma cr\u00edtica a melhor forma de investir esses recursos, priorizando um equil\u00edbrio que beneficie tanto os grandes quanto os pequenos transportadores.<\/p>\n<p><strong>Fonte:<\/strong> blogdocaminhoneiro<\/p>\n","protected":false},"excerpt":{"rendered":"<p>Analistas Criticam Programa de Renova\u00e7\u00e3o de Frota do Governo Federal Recentemente, o programa de renova\u00e7\u00e3o de frota, anunciado pelo Governo Federal e que se estender\u00e1 at\u00e9 junho de 2026, tem gerado intensos debates entre especialistas. Com um montante de R$ 10 bilh\u00f5es \u2014 sendo R$ 6 bilh\u00f5es do Governo e R$ 4 bilh\u00f5es do BNDES &hellip;<\/p>\n","protected":false},"author":4,"featured_media":5367,"comment_status":"","ping_status":"open","sticky":false,"template":"","format":"standard","meta":{"footnotes":""},"categories":[78,77],"tags":[],"coauthors":[42],"class_list":["post-5455","post","type-post","status-publish","format-standard","has-post-thumbnail","hentry","category-carreteiro","category-motorista"],"yoast_head":"<!-- This site is optimized with the Yoast SEO Premium plugin v25.5 (Yoast SEO v27.4) - https:\/\/yoast.com\/product\/yoast-seo-premium-wordpress\/ -->\n<title>Especialistas criticam iniciativa de renova\u00e7\u00e3o de frota do governo. - Motorista.com.br<\/title>\n<meta name=\"robots\" content=\"index, follow, max-snippet:-1, max-image-preview:large, max-video-preview:-1\" \/>\n<link rel=\"canonical\" href=\"https:\/\/motorista.com.br\/noticias\/2025\/12\/29\/especialistas-criticam-iniciativa-de-renovacao-de-frota-do-governo\/\" \/>\n<meta property=\"og:locale\" content=\"pt_BR\" \/>\n<meta property=\"og:type\" content=\"article\" \/>\n<meta property=\"og:title\" content=\"Especialistas criticam iniciativa de renova\u00e7\u00e3o de frota do governo.\" \/>\n<meta property=\"og:description\" content=\"Analistas Criticam Programa de Renova\u00e7\u00e3o de Frota do Governo Federal Recentemente, o programa de renova\u00e7\u00e3o de frota, anunciado pelo Governo Federal e que se estender\u00e1 at\u00e9 junho de 2026, tem gerado intensos debates entre especialistas. Com um montante de R$ 10 bilh\u00f5es \u2014 sendo R$ 6 bilh\u00f5es do Governo e R$ 4 bilh\u00f5es do BNDES &hellip;\" \/>\n<meta property=\"og:url\" content=\"https:\/\/motorista.com.br\/noticias\/2025\/12\/29\/especialistas-criticam-iniciativa-de-renovacao-de-frota-do-governo\/\" \/>\n<meta property=\"og:site_name\" content=\"Motorista.com.br\" \/>\n<meta property=\"article:published_time\" content=\"2025-12-29T18:57:50+00:00\" \/>\n<meta name=\"author\" content=\"Equipe Reda\u00e7\u00e3o\" \/>\n<meta name=\"twitter:card\" content=\"summary_large_image\" \/>\n<meta name=\"twitter:label1\" content=\"Escrito por\" \/>\n\t<meta name=\"twitter:data1\" content=\"Equipe Reda\u00e7\u00e3o\" \/>\n\t<meta name=\"twitter:label2\" content=\"Est. tempo de leitura\" \/>\n\t<meta name=\"twitter:data2\" content=\"2 minutos\" \/>\n\t<meta name=\"twitter:label3\" content=\"Written by\" \/>\n\t<meta name=\"twitter:data3\" content=\"Equipe Reda\u00e7\u00e3o\" \/>\n<script type=\"application\/ld+json\" class=\"yoast-schema-graph\">{\"@context\":\"https:\\\/\\\/schema.org\",\"@graph\":[{\"@type\":\"Article\",\"@id\":\"https:\\\/\\\/motorista.com.br\\\/noticias\\\/2025\\\/12\\\/29\\\/especialistas-criticam-iniciativa-de-renovacao-de-frota-do-governo\\\/#article\",\"isPartOf\":{\"@id\":\"https:\\\/\\\/motorista.com.br\\\/noticias\\\/2025\\\/12\\\/29\\\/especialistas-criticam-iniciativa-de-renovacao-de-frota-do-governo\\\/\"},\"author\":{\"name\":\"Equipe Reda\u00e7\u00e3o\",\"@id\":\"https:\\\/\\\/motorista.com.br\\\/noticias\\\/#\\\/schema\\\/person\\\/dc93afc2981c0e3ce6bc3c053fd847be\"},\"headline\":\"Especialistas criticam iniciativa de renova\u00e7\u00e3o de frota do governo.\",\"datePublished\":\"2025-12-29T18:57:50+00:00\",\"mainEntityOfPage\":{\"@id\":\"https:\\\/\\\/motorista.com.br\\\/noticias\\\/2025\\\/12\\\/29\\\/especialistas-criticam-iniciativa-de-renovacao-de-frota-do-governo\\\/\"},\"wordCount\":391,\"publisher\":{\"@id\":\"https:\\\/\\\/motorista.com.br\\\/noticias\\\/#organization\"},\"image\":{\"@id\":\"https:\\\/\\\/motorista.com.br\\\/noticias\\\/2025\\\/12\\\/29\\\/especialistas-criticam-iniciativa-de-renovacao-de-frota-do-governo\\\/#primaryimage\"},\"thumbnailUrl\":\"https:\\\/\\\/motorista.com.br\\\/noticias\\\/wp-content\\\/uploads\\\/2025\\\/12\\\/lula-alckmin.jpg\",\"articleSection\":[\"Carreteiro\",\"Motorista\"],\"inLanguage\":\"pt-BR\"},{\"@type\":\"WebPage\",\"@id\":\"https:\\\/\\\/motorista.com.br\\\/noticias\\\/2025\\\/12\\\/29\\\/especialistas-criticam-iniciativa-de-renovacao-de-frota-do-governo\\\/\",\"url\":\"https:\\\/\\\/motorista.com.br\\\/noticias\\\/2025\\\/12\\\/29\\\/especialistas-criticam-iniciativa-de-renovacao-de-frota-do-governo\\\/\",\"name\":\"Especialistas criticam iniciativa de renova\u00e7\u00e3o de frota do governo. - Motorista.com.br\",\"isPartOf\":{\"@id\":\"https:\\\/\\\/motorista.com.br\\\/noticias\\\/#website\"},\"primaryImageOfPage\":{\"@id\":\"https:\\\/\\\/motorista.com.br\\\/noticias\\\/2025\\\/12\\\/29\\\/especialistas-criticam-iniciativa-de-renovacao-de-frota-do-governo\\\/#primaryimage\"},\"image\":{\"@id\":\"https:\\\/\\\/motorista.com.br\\\/noticias\\\/2025\\\/12\\\/29\\\/especialistas-criticam-iniciativa-de-renovacao-de-frota-do-governo\\\/#primaryimage\"},\"thumbnailUrl\":\"https:\\\/\\\/motorista.com.br\\\/noticias\\\/wp-content\\\/uploads\\\/2025\\\/12\\\/lula-alckmin.jpg\",\"datePublished\":\"2025-12-29T18:57:50+00:00\",\"breadcrumb\":{\"@id\":\"https:\\\/\\\/motorista.com.br\\\/noticias\\\/2025\\\/12\\\/29\\\/especialistas-criticam-iniciativa-de-renovacao-de-frota-do-governo\\\/#breadcrumb\"},\"inLanguage\":\"pt-BR\",\"potentialAction\":[{\"@type\":\"ReadAction\",\"target\":[\"https:\\\/\\\/motorista.com.br\\\/noticias\\\/2025\\\/12\\\/29\\\/especialistas-criticam-iniciativa-de-renovacao-de-frota-do-governo\\\/\"]}]},{\"@type\":\"ImageObject\",\"inLanguage\":\"pt-BR\",\"@id\":\"https:\\\/\\\/motorista.com.br\\\/noticias\\\/2025\\\/12\\\/29\\\/especialistas-criticam-iniciativa-de-renovacao-de-frota-do-governo\\\/#primaryimage\",\"url\":\"https:\\\/\\\/motorista.com.br\\\/noticias\\\/wp-content\\\/uploads\\\/2025\\\/12\\\/lula-alckmin.jpg\",\"contentUrl\":\"https:\\\/\\\/motorista.com.br\\\/noticias\\\/wp-content\\\/uploads\\\/2025\\\/12\\\/lula-alckmin.jpg\",\"width\":1200,\"height\":800},{\"@type\":\"BreadcrumbList\",\"@id\":\"https:\\\/\\\/motorista.com.br\\\/noticias\\\/2025\\\/12\\\/29\\\/especialistas-criticam-iniciativa-de-renovacao-de-frota-do-governo\\\/#breadcrumb\",\"itemListElement\":[{\"@type\":\"ListItem\",\"position\":1,\"name\":\"In\u00edcio\",\"item\":\"https:\\\/\\\/motorista.com.br\\\/noticias\\\/\"},{\"@type\":\"ListItem\",\"position\":2,\"name\":\"Especialistas criticam iniciativa de renova\u00e7\u00e3o de frota do governo.\"}]},{\"@type\":\"WebSite\",\"@id\":\"https:\\\/\\\/motorista.com.br\\\/noticias\\\/#website\",\"url\":\"https:\\\/\\\/motorista.com.br\\\/noticias\\\/\",\"name\":\"Motorista.com.br\",\"description\":\"Not\u00edcia do Motorista\",\"publisher\":{\"@id\":\"https:\\\/\\\/motorista.com.br\\\/noticias\\\/#organization\"},\"potentialAction\":[{\"@type\":\"SearchAction\",\"target\":{\"@type\":\"EntryPoint\",\"urlTemplate\":\"https:\\\/\\\/motorista.com.br\\\/noticias\\\/?s={search_term_string}\"},\"query-input\":{\"@type\":\"PropertyValueSpecification\",\"valueRequired\":true,\"valueName\":\"search_term_string\"}}],\"inLanguage\":\"pt-BR\"},{\"@type\":\"Organization\",\"@id\":\"https:\\\/\\\/motorista.com.br\\\/noticias\\\/#organization\",\"name\":\"Motorista.com.br\",\"url\":\"https:\\\/\\\/motorista.com.br\\\/noticias\\\/\",\"logo\":{\"@type\":\"ImageObject\",\"inLanguage\":\"pt-BR\",\"@id\":\"https:\\\/\\\/motorista.com.br\\\/noticias\\\/#\\\/schema\\\/logo\\\/image\\\/\",\"url\":\"https:\\\/\\\/motorista.com.br\\\/noticias\\\/wp-content\\\/uploads\\\/2025\\\/06\\\/Design-sem-nome-9.png\",\"contentUrl\":\"https:\\\/\\\/motorista.com.br\\\/noticias\\\/wp-content\\\/uploads\\\/2025\\\/06\\\/Design-sem-nome-9.png\",\"width\":150,\"height\":85,\"caption\":\"Motorista.com.br\"},\"image\":{\"@id\":\"https:\\\/\\\/motorista.com.br\\\/noticias\\\/#\\\/schema\\\/logo\\\/image\\\/\"}},{\"@type\":\"Person\",\"@id\":\"https:\\\/\\\/motorista.com.br\\\/noticias\\\/#\\\/schema\\\/person\\\/dc93afc2981c0e3ce6bc3c053fd847be\",\"name\":\"Equipe Reda\u00e7\u00e3o\",\"image\":{\"@type\":\"ImageObject\",\"inLanguage\":\"pt-BR\",\"@id\":\"https:\\\/\\\/secure.gravatar.com\\\/avatar\\\/4f525efbf18dd2bb300ccad28bfb99d95a9465a5ba268407c8c37b37e1f28d2d?s=96&d=mm&r=g9e099043a0c61e9ae27e293b9fa75ffc\",\"url\":\"https:\\\/\\\/secure.gravatar.com\\\/avatar\\\/4f525efbf18dd2bb300ccad28bfb99d95a9465a5ba268407c8c37b37e1f28d2d?s=96&d=mm&r=g\",\"contentUrl\":\"https:\\\/\\\/secure.gravatar.com\\\/avatar\\\/4f525efbf18dd2bb300ccad28bfb99d95a9465a5ba268407c8c37b37e1f28d2d?s=96&d=mm&r=g\",\"caption\":\"Equipe Reda\u00e7\u00e3o\"},\"description\":\"Equipe de reda\u00e7\u00e3o \u00e9 um grupo de profissionais que trabalham juntos para criar conte\u00fado escrito para Motorista.com.br\",\"url\":\"https:\\\/\\\/motorista.com.br\\\/noticias\\\/author\\\/equiperedacao\\\/\"}]}<\/script>\n<!-- \/ Yoast SEO Premium plugin. -->","yoast_head_json":{"title":"Especialistas criticam iniciativa de renova\u00e7\u00e3o de frota do governo. - Motorista.com.br","robots":{"index":"index","follow":"follow","max-snippet":"max-snippet:-1","max-image-preview":"max-image-preview:large","max-video-preview":"max-video-preview:-1"},"canonical":"https:\/\/motorista.com.br\/noticias\/2025\/12\/29\/especialistas-criticam-iniciativa-de-renovacao-de-frota-do-governo\/","og_locale":"pt_BR","og_type":"article","og_title":"Especialistas criticam iniciativa de renova\u00e7\u00e3o de frota do governo.","og_description":"Analistas Criticam Programa de Renova\u00e7\u00e3o de Frota do Governo Federal Recentemente, o programa de renova\u00e7\u00e3o de frota, anunciado pelo Governo Federal e que se estender\u00e1 at\u00e9 junho de 2026, tem gerado intensos debates entre especialistas. Com um montante de R$ 10 bilh\u00f5es \u2014 sendo R$ 6 bilh\u00f5es do Governo e R$ 4 bilh\u00f5es do BNDES &hellip;","og_url":"https:\/\/motorista.com.br\/noticias\/2025\/12\/29\/especialistas-criticam-iniciativa-de-renovacao-de-frota-do-governo\/","og_site_name":"Motorista.com.br","article_published_time":"2025-12-29T18:57:50+00:00","author":"Equipe Reda\u00e7\u00e3o","twitter_card":"summary_large_image","twitter_misc":{"Escrito por":"Equipe Reda\u00e7\u00e3o","Est. tempo de leitura":"2 minutos","Written by":"Equipe Reda\u00e7\u00e3o"},"schema":{"@context":"https:\/\/schema.org","@graph":[{"@type":"Article","@id":"https:\/\/motorista.com.br\/noticias\/2025\/12\/29\/especialistas-criticam-iniciativa-de-renovacao-de-frota-do-governo\/#article","isPartOf":{"@id":"https:\/\/motorista.com.br\/noticias\/2025\/12\/29\/especialistas-criticam-iniciativa-de-renovacao-de-frota-do-governo\/"},"author":{"name":"Equipe Reda\u00e7\u00e3o","@id":"https:\/\/motorista.com.br\/noticias\/#\/schema\/person\/dc93afc2981c0e3ce6bc3c053fd847be"},"headline":"Especialistas criticam iniciativa de renova\u00e7\u00e3o de frota do governo.","datePublished":"2025-12-29T18:57:50+00:00","mainEntityOfPage":{"@id":"https:\/\/motorista.com.br\/noticias\/2025\/12\/29\/especialistas-criticam-iniciativa-de-renovacao-de-frota-do-governo\/"},"wordCount":391,"publisher":{"@id":"https:\/\/motorista.com.br\/noticias\/#organization"},"image":{"@id":"https:\/\/motorista.com.br\/noticias\/2025\/12\/29\/especialistas-criticam-iniciativa-de-renovacao-de-frota-do-governo\/#primaryimage"},"thumbnailUrl":"https:\/\/motorista.com.br\/noticias\/wp-content\/uploads\/2025\/12\/lula-alckmin.jpg","articleSection":["Carreteiro","Motorista"],"inLanguage":"pt-BR"},{"@type":"WebPage","@id":"https:\/\/motorista.com.br\/noticias\/2025\/12\/29\/especialistas-criticam-iniciativa-de-renovacao-de-frota-do-governo\/","url":"https:\/\/motorista.com.br\/noticias\/2025\/12\/29\/especialistas-criticam-iniciativa-de-renovacao-de-frota-do-governo\/","name":"Especialistas criticam iniciativa de renova\u00e7\u00e3o de frota do governo. - Motorista.com.br","isPartOf":{"@id":"https:\/\/motorista.com.br\/noticias\/#website"},"primaryImageOfPage":{"@id":"https:\/\/motorista.com.br\/noticias\/2025\/12\/29\/especialistas-criticam-iniciativa-de-renovacao-de-frota-do-governo\/#primaryimage"},"image":{"@id":"https:\/\/motorista.com.br\/noticias\/2025\/12\/29\/especialistas-criticam-iniciativa-de-renovacao-de-frota-do-governo\/#primaryimage"},"thumbnailUrl":"https:\/\/motorista.com.br\/noticias\/wp-content\/uploads\/2025\/12\/lula-alckmin.jpg","datePublished":"2025-12-29T18:57:50+00:00","breadcrumb":{"@id":"https:\/\/motorista.com.br\/noticias\/2025\/12\/29\/especialistas-criticam-iniciativa-de-renovacao-de-frota-do-governo\/#breadcrumb"},"inLanguage":"pt-BR","potentialAction":[{"@type":"ReadAction","target":["https:\/\/motorista.com.br\/noticias\/2025\/12\/29\/especialistas-criticam-iniciativa-de-renovacao-de-frota-do-governo\/"]}]},{"@type":"ImageObject","inLanguage":"pt-BR","@id":"https:\/\/motorista.com.br\/noticias\/2025\/12\/29\/especialistas-criticam-iniciativa-de-renovacao-de-frota-do-governo\/#primaryimage","url":"https:\/\/motorista.com.br\/noticias\/wp-content\/uploads\/2025\/12\/lula-alckmin.jpg","contentUrl":"https:\/\/motorista.com.br\/noticias\/wp-content\/uploads\/2025\/12\/lula-alckmin.jpg","width":1200,"height":800},{"@type":"BreadcrumbList","@id":"https:\/\/motorista.com.br\/noticias\/2025\/12\/29\/especialistas-criticam-iniciativa-de-renovacao-de-frota-do-governo\/#breadcrumb","itemListElement":[{"@type":"ListItem","position":1,"name":"In\u00edcio","item":"https:\/\/motorista.com.br\/noticias\/"},{"@type":"ListItem","position":2,"name":"Especialistas criticam iniciativa de renova\u00e7\u00e3o de frota do governo."}]},{"@type":"WebSite","@id":"https:\/\/motorista.com.br\/noticias\/#website","url":"https:\/\/motorista.com.br\/noticias\/","name":"Motorista.com.br","description":"Not\u00edcia do Motorista","publisher":{"@id":"https:\/\/motorista.com.br\/noticias\/#organization"},"potentialAction":[{"@type":"SearchAction","target":{"@type":"EntryPoint","urlTemplate":"https:\/\/motorista.com.br\/noticias\/?s={search_term_string}"},"query-input":{"@type":"PropertyValueSpecification","valueRequired":true,"valueName":"search_term_string"}}],"inLanguage":"pt-BR"},{"@type":"Organization","@id":"https:\/\/motorista.com.br\/noticias\/#organization","name":"Motorista.com.br","url":"https:\/\/motorista.com.br\/noticias\/","logo":{"@type":"ImageObject","inLanguage":"pt-BR","@id":"https:\/\/motorista.com.br\/noticias\/#\/schema\/logo\/image\/","url":"https:\/\/motorista.com.br\/noticias\/wp-content\/uploads\/2025\/06\/Design-sem-nome-9.png","contentUrl":"https:\/\/motorista.com.br\/noticias\/wp-content\/uploads\/2025\/06\/Design-sem-nome-9.png","width":150,"height":85,"caption":"Motorista.com.br"},"image":{"@id":"https:\/\/motorista.com.br\/noticias\/#\/schema\/logo\/image\/"}},{"@type":"Person","@id":"https:\/\/motorista.com.br\/noticias\/#\/schema\/person\/dc93afc2981c0e3ce6bc3c053fd847be","name":"Equipe Reda\u00e7\u00e3o","image":{"@type":"ImageObject","inLanguage":"pt-BR","@id":"https:\/\/secure.gravatar.com\/avatar\/4f525efbf18dd2bb300ccad28bfb99d95a9465a5ba268407c8c37b37e1f28d2d?s=96&d=mm&r=g9e099043a0c61e9ae27e293b9fa75ffc","url":"https:\/\/secure.gravatar.com\/avatar\/4f525efbf18dd2bb300ccad28bfb99d95a9465a5ba268407c8c37b37e1f28d2d?s=96&d=mm&r=g","contentUrl":"https:\/\/secure.gravatar.com\/avatar\/4f525efbf18dd2bb300ccad28bfb99d95a9465a5ba268407c8c37b37e1f28d2d?s=96&d=mm&r=g","caption":"Equipe Reda\u00e7\u00e3o"},"description":"Equipe de reda\u00e7\u00e3o \u00e9 um grupo de profissionais que trabalham juntos para criar conte\u00fado escrito para Motorista.com.br","url":"https:\/\/motorista.com.br\/noticias\/author\/equiperedacao\/"}]}},"_links":{"self":[{"href":"https:\/\/motorista.com.br\/noticias\/wp-json\/wp\/v2\/posts\/5455","targetHints":{"allow":["GET"]}}],"collection":[{"href":"https:\/\/motorista.com.br\/noticias\/wp-json\/wp\/v2\/posts"}],"about":[{"href":"https:\/\/motorista.com.br\/noticias\/wp-json\/wp\/v2\/types\/post"}],"author":[{"embeddable":true,"href":"https:\/\/motorista.com.br\/noticias\/wp-json\/wp\/v2\/users\/4"}],"replies":[{"embeddable":true,"href":"https:\/\/motorista.com.br\/noticias\/wp-json\/wp\/v2\/comments?post=5455"}],"version-history":[{"count":0,"href":"https:\/\/motorista.com.br\/noticias\/wp-json\/wp\/v2\/posts\/5455\/revisions"}],"wp:featuredmedia":[{"embeddable":true,"href":"https:\/\/motorista.com.br\/noticias\/wp-json\/wp\/v2\/media\/5367"}],"wp:attachment":[{"href":"https:\/\/motorista.com.br\/noticias\/wp-json\/wp\/v2\/media?parent=5455"}],"wp:term":[{"taxonomy":"category","embeddable":true,"href":"https:\/\/motorista.com.br\/noticias\/wp-json\/wp\/v2\/categories?post=5455"},{"taxonomy":"post_tag","embeddable":true,"href":"https:\/\/motorista.com.br\/noticias\/wp-json\/wp\/v2\/tags?post=5455"},{"taxonomy":"author","embeddable":true,"href":"https:\/\/motorista.com.br\/noticias\/wp-json\/wp\/v2\/coauthors?post=5455"}],"curies":[{"name":"wp","href":"https:\/\/api.w.org\/{rel}","templated":true}]}}