{"id":5448,"date":"2025-12-29T07:24:59","date_gmt":"2025-12-29T10:24:59","guid":{"rendered":"https:\/\/motorista.com.br\/noticias\/2025\/12\/29\/gestora-de-app-catarinense-maioria-vai-para-investimentos\/"},"modified":"2025-12-29T07:24:59","modified_gmt":"2025-12-29T10:24:59","slug":"gestora-de-app-catarinense-maioria-vai-para-investimentos","status":"publish","type":"post","link":"https:\/\/motorista.com.br\/noticias\/2025\/12\/29\/gestora-de-app-catarinense-maioria-vai-para-investimentos\/","title":{"rendered":"Gestora de app catarinense: &#8216;Maioria vai para investimentos&#8217;"},"content":{"rendered":"<p><\/p>\n<p><strong>Quase tudo volta para investimento, afirma gestora de app catarinense que movimenta R$200 mil por m\u00eas<\/strong><\/p>\n<p>O Pop Up, um inovador aplicativo de mobilidade que atua no Sul do Brasil, nasceu da vontade de oferecer uma op\u00e7\u00e3o mais equitativa para motoristas e passageiros, frente aos desafios impostos por grandes plataformas do setor.<\/p>\n<p>Richard Guemmael, cofundador da plataforma, ingressou no transporte por aplicativo ap\u00f3s a chegada da Uber a Joinville. Sua experi\u00eancia nas ruas, marcada por conflitos com taxistas e a intera\u00e7\u00e3o com motoristas, moldou a vis\u00e3o que deu origem ao Pop Up. \u00c0 sua complementa\u00e7\u00e3o, Scheila Kouda Helf trouxe uma perspectiva diferente, passando de costureira a gestora do app devido a uma necessidade por hor\u00e1rios de trabalho mais flex\u00edveis, adaptando-se \u00e0s suas necessidades de sa\u00fade.<\/p>\n<p>\u201cNosso aplicativo surgiu da indigna\u00e7\u00e3o com as taxas elevadas da Uber e da 99. Somos seis s\u00f3cios, todos motoristas, cada um cuidando de uma parte da empresa\u201d, explica Richard. A ideia foi formada em conjunto, com a colabora\u00e7\u00e3o dos envolvidos, e o app come\u00e7ou a operar em Joinville, onde Scheila se uniu inicialmente como motorista.<\/p>\n<h3>Nossa Maior Propaganda Sempre Foi o Pr\u00f3prio Motorista<\/h3>\n<p>O crescimento da Pop Up tem se dado de forma org\u00e2nica, principalmente atrav\u00e9s de indica\u00e7\u00f5es entre motoristas e campanhas interativas, como grupos de WhatsApp e encontros regulares. \u201cA nossa maior propaganda s\u00e3o os pr\u00f3prios motoristas\u201d, afirma Richard. Com o aumento da demanda, estrat\u00e9gias de marketing mais estruturadas, como publicidade na TV e outdoors, t\u00eam mostrado resultados significativos na capta\u00e7\u00e3o de usu\u00e1rios.<\/p>\n<p>Uma das inova\u00e7\u00f5es da plataforma \u00e9 promover um &quot;caf\u00e9 com o motorista&quot; mensalmente, onde os gestores tiram d\u00favidas e escutam as demandas dos motoristas. Isso n\u00e3o apenas fortalece a comunidade, mas tamb\u00e9m melhora a qualidade do servi\u00e7o oferecido, contribuindo para uma mobilidade urbana mais eficiente.<\/p>\n<h3>Tarifa M\u00ednima e Varia\u00e7\u00e3o por Demanda<\/h3>\n<p>A aplica\u00e7\u00e3o de uma tarifa m\u00ednima de R$ 9,90, com possibilidade de varia\u00e7\u00e3o conforme a demanda, reflete um compromisso em equilibrar os ganhos do motorista e o custo para o passageiro. Durante hor\u00e1rios de pico, que frequentemente s\u00e3o um desafio em Joinville, a plataforma se esfor\u00e7a para manter as tarifas justas, evitando preju\u00edzos tanto para motoristas quanto para usu\u00e1rios.<\/p>\n<p>A estrutura de taxas da Pop Up \u00e9 atraente: 10% por corrida, que pode cair para 5% com a\u00e7\u00f5es de divulga\u00e7\u00e3o. Essas cl\u00e1usulas ajudam a incentivar os motoristas a se envolverem mais e, consequentemente, melhorar o servi\u00e7o ao consumidor.<\/p>\n<h3>Categorias e Experi\u00eancia do Passageiro<\/h3>\n<p>A diversidade nas categorias de servi\u00e7o \u2014 Econ\u00f4mica, Comfort e Mercado \u2014 atende a diferentes necessidades dos usu\u00e1rios, ampliando o alcance do aplicativo. Essa segmenta\u00e7\u00e3o ajuda a garantir que cada passageiro receba um atendimento adequado, elevando a experi\u00eancia e fidelizando clientes, o que \u00e9 vital para a sustentabilidade da mobilidade urbana.<\/p>\n<h3>Plataforma N\u00e3o Penaliza Rejei\u00e7\u00e3o de Corridas<\/h3>\n<p>Um diferencial importante \u00e9 a pol\u00edtica que evita penaliza\u00e7\u00f5es por rejei\u00e7\u00e3o de corridas, dando mais liberdade aos motoristas e ajudando na sua satisfa\u00e7\u00e3o, o que, por sua vez, reflete diretamente na qualidade do servi\u00e7o prestado.<\/p>\n<h3>N\u00fameros Revelam Crescimento<\/h3>\n<p>Com cerca de 1.800 motoristas cadastrados e mais de 20 mil passageiros, a Pop Up realiza em m\u00e9dia 15 mil corridas mensais, com ganhos que podem variar bastante. Esses n\u00fameros demonstram como a plataforma est\u00e1 contribuindo para a economia local, refletindo na mobilidade geral da regi\u00e3o.<\/p>\n<p>A movimenta\u00e7\u00e3o financeira da Pop Up atinge R$200 mil mensalmente, e a declara\u00e7\u00e3o de Scheila de que &quot;quase tudo volta para investimento&quot; evidencia o compromisso com a melhoria cont\u00ednua da plataforma. Esses investimentos trazem benef\u00edcios diretos tanto para motoristas quanto para passageiros, criando um ciclo positivo que fortalece a mobilidade na regi\u00e3o.<\/p>\n<h3>Gest\u00e3o Compartilhada e Vis\u00e3o Regional<\/h3>\n<p>A gest\u00e3o do aplicativo \u00e9 compartilhada entre os s\u00f3cios, que, al\u00e9m de administrativo, continuam ativos como motoristas. Essa lideran\u00e7a pr\u00e1tica n\u00e3o s\u00f3 promove um entendimento profundo das necessidades do setor, mas tamb\u00e9m refor\u00e7a a confian\u00e7a entre a plataforma e seus usu\u00e1rios, essencial para um modelo de neg\u00f3cio sustent\u00e1vel.<\/p>\n<p>Para os fundadores, a relev\u00e2ncia das plataformas regionais cresce \u00e0 medida que abrem espa\u00e7o para alternativas locais em um mercado dominado por grandes nomes, oferecendo uma op\u00e7\u00e3o mais justa e adequada \u00e0 realidade dos motoristas e passageiros. Em suma, o fortalecimento de iniciativas como a Pop Up n\u00e3o apenas inova a mobilidade urbana, mas tamb\u00e9m pode ser um motor significativo para a economia e a comunidade local.<\/p>\n<p><strong>Fonte: motorista<\/strong><\/p>\n","protected":false},"excerpt":{"rendered":"<p>Quase tudo volta para investimento, afirma gestora de app catarinense que movimenta R$200 mil por m\u00eas O Pop Up, um inovador aplicativo de mobilidade que atua no Sul do Brasil, nasceu da vontade de oferecer uma op\u00e7\u00e3o mais equitativa para motoristas e passageiros, frente aos desafios impostos por grandes plataformas do setor. Richard Guemmael, cofundador &hellip;<\/p>\n","protected":false},"author":4,"featured_media":0,"comment_status":"","ping_status":"open","sticky":false,"template":"","format":"standard","meta":{"footnotes":""},"categories":[49,77],"tags":[],"coauthors":[42],"class_list":["post-5448","post","type-post","status-publish","format-standard","hentry","category-aplicativos","category-motorista"],"yoast_head":"<!-- This site is optimized with the Yoast SEO Premium plugin v25.5 (Yoast SEO v27.4) - https:\/\/yoast.com\/product\/yoast-seo-premium-wordpress\/ -->\n<title>Gestora de app catarinense: &#039;Maioria vai para investimentos&#039; - Motorista.com.br<\/title>\n<meta name=\"robots\" content=\"index, follow, max-snippet:-1, max-image-preview:large, max-video-preview:-1\" \/>\n<link rel=\"canonical\" href=\"https:\/\/motorista.com.br\/noticias\/2025\/12\/29\/gestora-de-app-catarinense-maioria-vai-para-investimentos\/\" \/>\n<meta property=\"og:locale\" content=\"pt_BR\" \/>\n<meta property=\"og:type\" content=\"article\" \/>\n<meta property=\"og:title\" content=\"Gestora de app catarinense: &#039;Maioria vai para investimentos&#039;\" \/>\n<meta property=\"og:description\" content=\"Quase tudo volta para investimento, afirma gestora de app catarinense que movimenta R$200 mil por m\u00eas O Pop Up, um inovador aplicativo de mobilidade que atua no Sul do Brasil, nasceu da vontade de oferecer uma op\u00e7\u00e3o mais equitativa para motoristas e passageiros, frente aos desafios impostos por grandes plataformas do setor. Richard Guemmael, cofundador &hellip;\" \/>\n<meta property=\"og:url\" content=\"https:\/\/motorista.com.br\/noticias\/2025\/12\/29\/gestora-de-app-catarinense-maioria-vai-para-investimentos\/\" \/>\n<meta property=\"og:site_name\" content=\"Motorista.com.br\" \/>\n<meta property=\"article:published_time\" content=\"2025-12-29T10:24:59+00:00\" \/>\n<meta name=\"author\" content=\"Equipe Reda\u00e7\u00e3o\" \/>\n<meta name=\"twitter:card\" content=\"summary_large_image\" \/>\n<meta name=\"twitter:label1\" content=\"Escrito por\" \/>\n\t<meta name=\"twitter:data1\" content=\"Equipe Reda\u00e7\u00e3o\" \/>\n\t<meta name=\"twitter:label2\" content=\"Est. tempo de leitura\" \/>\n\t<meta name=\"twitter:data2\" content=\"4 minutos\" \/>\n\t<meta name=\"twitter:label3\" content=\"Written by\" \/>\n\t<meta name=\"twitter:data3\" content=\"Equipe Reda\u00e7\u00e3o\" \/>\n<script type=\"application\/ld+json\" class=\"yoast-schema-graph\">{\"@context\":\"https:\\\/\\\/schema.org\",\"@graph\":[{\"@type\":\"Article\",\"@id\":\"https:\\\/\\\/motorista.com.br\\\/noticias\\\/2025\\\/12\\\/29\\\/gestora-de-app-catarinense-maioria-vai-para-investimentos\\\/#article\",\"isPartOf\":{\"@id\":\"https:\\\/\\\/motorista.com.br\\\/noticias\\\/2025\\\/12\\\/29\\\/gestora-de-app-catarinense-maioria-vai-para-investimentos\\\/\"},\"author\":{\"name\":\"Equipe Reda\u00e7\u00e3o\",\"@id\":\"https:\\\/\\\/motorista.com.br\\\/noticias\\\/#\\\/schema\\\/person\\\/dc93afc2981c0e3ce6bc3c053fd847be\"},\"headline\":\"Gestora de app catarinense: &#8216;Maioria vai para investimentos&#8217;\",\"datePublished\":\"2025-12-29T10:24:59+00:00\",\"mainEntityOfPage\":{\"@id\":\"https:\\\/\\\/motorista.com.br\\\/noticias\\\/2025\\\/12\\\/29\\\/gestora-de-app-catarinense-maioria-vai-para-investimentos\\\/\"},\"wordCount\":797,\"publisher\":{\"@id\":\"https:\\\/\\\/motorista.com.br\\\/noticias\\\/#organization\"},\"articleSection\":[\"Aplicativos\",\"Motorista\"],\"inLanguage\":\"pt-BR\"},{\"@type\":\"WebPage\",\"@id\":\"https:\\\/\\\/motorista.com.br\\\/noticias\\\/2025\\\/12\\\/29\\\/gestora-de-app-catarinense-maioria-vai-para-investimentos\\\/\",\"url\":\"https:\\\/\\\/motorista.com.br\\\/noticias\\\/2025\\\/12\\\/29\\\/gestora-de-app-catarinense-maioria-vai-para-investimentos\\\/\",\"name\":\"Gestora de app catarinense: 'Maioria vai para investimentos' - Motorista.com.br\",\"isPartOf\":{\"@id\":\"https:\\\/\\\/motorista.com.br\\\/noticias\\\/#website\"},\"datePublished\":\"2025-12-29T10:24:59+00:00\",\"breadcrumb\":{\"@id\":\"https:\\\/\\\/motorista.com.br\\\/noticias\\\/2025\\\/12\\\/29\\\/gestora-de-app-catarinense-maioria-vai-para-investimentos\\\/#breadcrumb\"},\"inLanguage\":\"pt-BR\",\"potentialAction\":[{\"@type\":\"ReadAction\",\"target\":[\"https:\\\/\\\/motorista.com.br\\\/noticias\\\/2025\\\/12\\\/29\\\/gestora-de-app-catarinense-maioria-vai-para-investimentos\\\/\"]}]},{\"@type\":\"BreadcrumbList\",\"@id\":\"https:\\\/\\\/motorista.com.br\\\/noticias\\\/2025\\\/12\\\/29\\\/gestora-de-app-catarinense-maioria-vai-para-investimentos\\\/#breadcrumb\",\"itemListElement\":[{\"@type\":\"ListItem\",\"position\":1,\"name\":\"In\u00edcio\",\"item\":\"https:\\\/\\\/motorista.com.br\\\/noticias\\\/\"},{\"@type\":\"ListItem\",\"position\":2,\"name\":\"Gestora de app catarinense: &#8216;Maioria vai para investimentos&#8217;\"}]},{\"@type\":\"WebSite\",\"@id\":\"https:\\\/\\\/motorista.com.br\\\/noticias\\\/#website\",\"url\":\"https:\\\/\\\/motorista.com.br\\\/noticias\\\/\",\"name\":\"Motorista.com.br\",\"description\":\"Not\u00edcia do Motorista\",\"publisher\":{\"@id\":\"https:\\\/\\\/motorista.com.br\\\/noticias\\\/#organization\"},\"potentialAction\":[{\"@type\":\"SearchAction\",\"target\":{\"@type\":\"EntryPoint\",\"urlTemplate\":\"https:\\\/\\\/motorista.com.br\\\/noticias\\\/?s={search_term_string}\"},\"query-input\":{\"@type\":\"PropertyValueSpecification\",\"valueRequired\":true,\"valueName\":\"search_term_string\"}}],\"inLanguage\":\"pt-BR\"},{\"@type\":\"Organization\",\"@id\":\"https:\\\/\\\/motorista.com.br\\\/noticias\\\/#organization\",\"name\":\"Motorista.com.br\",\"url\":\"https:\\\/\\\/motorista.com.br\\\/noticias\\\/\",\"logo\":{\"@type\":\"ImageObject\",\"inLanguage\":\"pt-BR\",\"@id\":\"https:\\\/\\\/motorista.com.br\\\/noticias\\\/#\\\/schema\\\/logo\\\/image\\\/\",\"url\":\"https:\\\/\\\/motorista.com.br\\\/noticias\\\/wp-content\\\/uploads\\\/2025\\\/06\\\/Design-sem-nome-9.png\",\"contentUrl\":\"https:\\\/\\\/motorista.com.br\\\/noticias\\\/wp-content\\\/uploads\\\/2025\\\/06\\\/Design-sem-nome-9.png\",\"width\":150,\"height\":85,\"caption\":\"Motorista.com.br\"},\"image\":{\"@id\":\"https:\\\/\\\/motorista.com.br\\\/noticias\\\/#\\\/schema\\\/logo\\\/image\\\/\"}},{\"@type\":\"Person\",\"@id\":\"https:\\\/\\\/motorista.com.br\\\/noticias\\\/#\\\/schema\\\/person\\\/dc93afc2981c0e3ce6bc3c053fd847be\",\"name\":\"Equipe Reda\u00e7\u00e3o\",\"image\":{\"@type\":\"ImageObject\",\"inLanguage\":\"pt-BR\",\"@id\":\"https:\\\/\\\/secure.gravatar.com\\\/avatar\\\/4f525efbf18dd2bb300ccad28bfb99d95a9465a5ba268407c8c37b37e1f28d2d?s=96&d=mm&r=g9e099043a0c61e9ae27e293b9fa75ffc\",\"url\":\"https:\\\/\\\/secure.gravatar.com\\\/avatar\\\/4f525efbf18dd2bb300ccad28bfb99d95a9465a5ba268407c8c37b37e1f28d2d?s=96&d=mm&r=g\",\"contentUrl\":\"https:\\\/\\\/secure.gravatar.com\\\/avatar\\\/4f525efbf18dd2bb300ccad28bfb99d95a9465a5ba268407c8c37b37e1f28d2d?s=96&d=mm&r=g\",\"caption\":\"Equipe Reda\u00e7\u00e3o\"},\"description\":\"Equipe de reda\u00e7\u00e3o \u00e9 um grupo de profissionais que trabalham juntos para criar conte\u00fado escrito para Motorista.com.br\",\"url\":\"https:\\\/\\\/motorista.com.br\\\/noticias\\\/author\\\/equiperedacao\\\/\"}]}<\/script>\n<!-- \/ Yoast SEO Premium plugin. -->","yoast_head_json":{"title":"Gestora de app catarinense: 'Maioria vai para investimentos' - Motorista.com.br","robots":{"index":"index","follow":"follow","max-snippet":"max-snippet:-1","max-image-preview":"max-image-preview:large","max-video-preview":"max-video-preview:-1"},"canonical":"https:\/\/motorista.com.br\/noticias\/2025\/12\/29\/gestora-de-app-catarinense-maioria-vai-para-investimentos\/","og_locale":"pt_BR","og_type":"article","og_title":"Gestora de app catarinense: 'Maioria vai para investimentos'","og_description":"Quase tudo volta para investimento, afirma gestora de app catarinense que movimenta R$200 mil por m\u00eas O Pop Up, um inovador aplicativo de mobilidade que atua no Sul do Brasil, nasceu da vontade de oferecer uma op\u00e7\u00e3o mais equitativa para motoristas e passageiros, frente aos desafios impostos por grandes plataformas do setor. Richard Guemmael, cofundador &hellip;","og_url":"https:\/\/motorista.com.br\/noticias\/2025\/12\/29\/gestora-de-app-catarinense-maioria-vai-para-investimentos\/","og_site_name":"Motorista.com.br","article_published_time":"2025-12-29T10:24:59+00:00","author":"Equipe Reda\u00e7\u00e3o","twitter_card":"summary_large_image","twitter_misc":{"Escrito por":"Equipe Reda\u00e7\u00e3o","Est. tempo de leitura":"4 minutos","Written by":"Equipe Reda\u00e7\u00e3o"},"schema":{"@context":"https:\/\/schema.org","@graph":[{"@type":"Article","@id":"https:\/\/motorista.com.br\/noticias\/2025\/12\/29\/gestora-de-app-catarinense-maioria-vai-para-investimentos\/#article","isPartOf":{"@id":"https:\/\/motorista.com.br\/noticias\/2025\/12\/29\/gestora-de-app-catarinense-maioria-vai-para-investimentos\/"},"author":{"name":"Equipe Reda\u00e7\u00e3o","@id":"https:\/\/motorista.com.br\/noticias\/#\/schema\/person\/dc93afc2981c0e3ce6bc3c053fd847be"},"headline":"Gestora de app catarinense: &#8216;Maioria vai para investimentos&#8217;","datePublished":"2025-12-29T10:24:59+00:00","mainEntityOfPage":{"@id":"https:\/\/motorista.com.br\/noticias\/2025\/12\/29\/gestora-de-app-catarinense-maioria-vai-para-investimentos\/"},"wordCount":797,"publisher":{"@id":"https:\/\/motorista.com.br\/noticias\/#organization"},"articleSection":["Aplicativos","Motorista"],"inLanguage":"pt-BR"},{"@type":"WebPage","@id":"https:\/\/motorista.com.br\/noticias\/2025\/12\/29\/gestora-de-app-catarinense-maioria-vai-para-investimentos\/","url":"https:\/\/motorista.com.br\/noticias\/2025\/12\/29\/gestora-de-app-catarinense-maioria-vai-para-investimentos\/","name":"Gestora de app catarinense: 'Maioria vai para investimentos' - Motorista.com.br","isPartOf":{"@id":"https:\/\/motorista.com.br\/noticias\/#website"},"datePublished":"2025-12-29T10:24:59+00:00","breadcrumb":{"@id":"https:\/\/motorista.com.br\/noticias\/2025\/12\/29\/gestora-de-app-catarinense-maioria-vai-para-investimentos\/#breadcrumb"},"inLanguage":"pt-BR","potentialAction":[{"@type":"ReadAction","target":["https:\/\/motorista.com.br\/noticias\/2025\/12\/29\/gestora-de-app-catarinense-maioria-vai-para-investimentos\/"]}]},{"@type":"BreadcrumbList","@id":"https:\/\/motorista.com.br\/noticias\/2025\/12\/29\/gestora-de-app-catarinense-maioria-vai-para-investimentos\/#breadcrumb","itemListElement":[{"@type":"ListItem","position":1,"name":"In\u00edcio","item":"https:\/\/motorista.com.br\/noticias\/"},{"@type":"ListItem","position":2,"name":"Gestora de app catarinense: &#8216;Maioria vai para investimentos&#8217;"}]},{"@type":"WebSite","@id":"https:\/\/motorista.com.br\/noticias\/#website","url":"https:\/\/motorista.com.br\/noticias\/","name":"Motorista.com.br","description":"Not\u00edcia do Motorista","publisher":{"@id":"https:\/\/motorista.com.br\/noticias\/#organization"},"potentialAction":[{"@type":"SearchAction","target":{"@type":"EntryPoint","urlTemplate":"https:\/\/motorista.com.br\/noticias\/?s={search_term_string}"},"query-input":{"@type":"PropertyValueSpecification","valueRequired":true,"valueName":"search_term_string"}}],"inLanguage":"pt-BR"},{"@type":"Organization","@id":"https:\/\/motorista.com.br\/noticias\/#organization","name":"Motorista.com.br","url":"https:\/\/motorista.com.br\/noticias\/","logo":{"@type":"ImageObject","inLanguage":"pt-BR","@id":"https:\/\/motorista.com.br\/noticias\/#\/schema\/logo\/image\/","url":"https:\/\/motorista.com.br\/noticias\/wp-content\/uploads\/2025\/06\/Design-sem-nome-9.png","contentUrl":"https:\/\/motorista.com.br\/noticias\/wp-content\/uploads\/2025\/06\/Design-sem-nome-9.png","width":150,"height":85,"caption":"Motorista.com.br"},"image":{"@id":"https:\/\/motorista.com.br\/noticias\/#\/schema\/logo\/image\/"}},{"@type":"Person","@id":"https:\/\/motorista.com.br\/noticias\/#\/schema\/person\/dc93afc2981c0e3ce6bc3c053fd847be","name":"Equipe Reda\u00e7\u00e3o","image":{"@type":"ImageObject","inLanguage":"pt-BR","@id":"https:\/\/secure.gravatar.com\/avatar\/4f525efbf18dd2bb300ccad28bfb99d95a9465a5ba268407c8c37b37e1f28d2d?s=96&d=mm&r=g9e099043a0c61e9ae27e293b9fa75ffc","url":"https:\/\/secure.gravatar.com\/avatar\/4f525efbf18dd2bb300ccad28bfb99d95a9465a5ba268407c8c37b37e1f28d2d?s=96&d=mm&r=g","contentUrl":"https:\/\/secure.gravatar.com\/avatar\/4f525efbf18dd2bb300ccad28bfb99d95a9465a5ba268407c8c37b37e1f28d2d?s=96&d=mm&r=g","caption":"Equipe Reda\u00e7\u00e3o"},"description":"Equipe de reda\u00e7\u00e3o \u00e9 um grupo de profissionais que trabalham juntos para criar conte\u00fado escrito para Motorista.com.br","url":"https:\/\/motorista.com.br\/noticias\/author\/equiperedacao\/"}]}},"_links":{"self":[{"href":"https:\/\/motorista.com.br\/noticias\/wp-json\/wp\/v2\/posts\/5448","targetHints":{"allow":["GET"]}}],"collection":[{"href":"https:\/\/motorista.com.br\/noticias\/wp-json\/wp\/v2\/posts"}],"about":[{"href":"https:\/\/motorista.com.br\/noticias\/wp-json\/wp\/v2\/types\/post"}],"author":[{"embeddable":true,"href":"https:\/\/motorista.com.br\/noticias\/wp-json\/wp\/v2\/users\/4"}],"replies":[{"embeddable":true,"href":"https:\/\/motorista.com.br\/noticias\/wp-json\/wp\/v2\/comments?post=5448"}],"version-history":[{"count":0,"href":"https:\/\/motorista.com.br\/noticias\/wp-json\/wp\/v2\/posts\/5448\/revisions"}],"wp:attachment":[{"href":"https:\/\/motorista.com.br\/noticias\/wp-json\/wp\/v2\/media?parent=5448"}],"wp:term":[{"taxonomy":"category","embeddable":true,"href":"https:\/\/motorista.com.br\/noticias\/wp-json\/wp\/v2\/categories?post=5448"},{"taxonomy":"post_tag","embeddable":true,"href":"https:\/\/motorista.com.br\/noticias\/wp-json\/wp\/v2\/tags?post=5448"},{"taxonomy":"author","embeddable":true,"href":"https:\/\/motorista.com.br\/noticias\/wp-json\/wp\/v2\/coauthors?post=5448"}],"curies":[{"name":"wp","href":"https:\/\/api.w.org\/{rel}","templated":true}]}}