{"id":5437,"date":"2025-12-28T22:02:40","date_gmt":"2025-12-29T01:02:40","guid":{"rendered":"https:\/\/motorista.com.br\/noticias\/2025\/12\/28\/foco-no-igp-m-ata-do-fed-e-pmis-analise-financeira\/"},"modified":"2025-12-28T22:02:40","modified_gmt":"2025-12-29T01:02:40","slug":"foco-no-igp-m-ata-do-fed-e-pmis-analise-financeira","status":"publish","type":"post","link":"https:\/\/motorista.com.br\/noticias\/2025\/12\/28\/foco-no-igp-m-ata-do-fed-e-pmis-analise-financeira\/","title":{"rendered":"Foco no IGP-M, ata do Fed e PMIs \u2013 An\u00e1lise Financeira"},"content":{"rendered":"<p><\/p>\n<h3>IGP-M, Ata do Fed e PMIs em Foco<\/h3>\n<p>Na \u00faltima semana do ano de 2025, o cen\u00e1rio econ\u00f4mico trouxe uma agenda mais leve, mas com indicadores que merecem aten\u00e7\u00e3o, especialmente para motoristas e a mobilidade urbana.<\/p>\n<h4>Principais Indicadores Econ\u00f4micos<\/h4>\n<p>Os destaques no Brasil foram o IGP-M e o Relat\u00f3rio Focus, al\u00e9m da divulga\u00e7\u00e3o do CAGED, que aponta dados sobre a gera\u00e7\u00e3o de empregos formais. Esses indicadores refletem o pulso da economia, influenciando n\u00e3o apenas o mercado, mas tamb\u00e9m a mobilidade urbana. Um IGP-M elevado pode onerar ainda mais os custos de transporte, impactando diretamente os motoristas que dependem de ve\u00edculos para trabalhar.<\/p>\n<p>Em rela\u00e7\u00e3o ao mercado de trabalho, a divulga\u00e7\u00e3o da taxa de desemprego \u00e9 crucial. Um cen\u00e1rio de empregos em crescimento pode sugerir maior poder aquisitivo para a popula\u00e7\u00e3o, aumentando a demanda por servi\u00e7os de transporte e, consequentemente, o movimento nas ruas.<\/p>\n<p>Nos EUA, a ata do Federal Reserve e os pedidos de seguro-desemprego tamb\u00e9m s\u00e3o observados com aten\u00e7\u00e3o. O comportamento da economia americana tende a afetar o Brasil, dado o cen\u00e1rio global de interconex\u00e3o. Uma economia est\u00e1vel nos EUA pode sinalizar um ambiente prop\u00edcio para investimentos, o que pode se traduzir em melhorias nas infraestruturas de transporte e na mobilidade.<\/p>\n<h4>PMIs e Atividade Global<\/h4>\n<p>As divulga\u00e7\u00f5es de PMIs em diversas economias, incluindo China, Zona do Euro e Reino Unido, oferecem uma vis\u00e3o sobre a atividade econ\u00f4mica global. Indica\u00e7\u00f5es de um aumento na atividade industrial podem gerar efeitos positivos nas cadeias de suprimento, influenciando diretamente a disponibilidade e o custo de produtos e servi\u00e7os, incluindo combust\u00edveis e pe\u00e7as para ve\u00edculos.<\/p>\n<p>Com a volta gradual dos mercados ap\u00f3s o feriado, os \u00edndices de gerentes de compras (PMI) na ind\u00fastria se tornam uma leitura fundamental para avaliar o in\u00edcio do novo ano. Se a atividade aumentar, motoristas podem esperar uma movimenta\u00e7\u00e3o mais intensa nas ruas, refletindo um aquecimento da economia.<\/p>\n<h4>Conex\u00e3o com a Mobilidade<\/h4>\n<p>Entender esses indicadores \u00e9 vital para motoristas, pois eles n\u00e3o apenas afetam as economias individuais, mas tamb\u00e9m influenciam a mobilidade urbana. A melhoria na economia tende a resultar em mais investimentos em transporte p\u00fablico e infraestrutura, que s\u00e3o essenciais para um tr\u00e2nsito mais eficiente. A expans\u00e3o de op\u00e7\u00f5es de transporte pode oferecer al\u00edvio para motoristas e passageiros, reduzindo congestionamentos e aumentando a qualidade de vida nas cidades.<\/p>\n<h3>Conclus\u00e3o<\/h3>\n<p>Diante desse cen\u00e1rio, \u00e9 fundamental que motoristas e respons\u00e1veis por pol\u00edticas de mobilidade urbana estejam atentos aos indicadores econ\u00f4micos, pois suas flutua\u00e7\u00f5es impactam diretamente n\u00e3o apenas nas finan\u00e7as pessoais, mas na qualidade e na fluidez da mobilidade urbana.<\/p>\n<p><em>Fonte: Money Times<\/em><\/p>\n","protected":false},"excerpt":{"rendered":"<p>IGP-M, Ata do Fed e PMIs em Foco Na \u00faltima semana do ano de 2025, o cen\u00e1rio econ\u00f4mico trouxe uma agenda mais leve, mas com indicadores que merecem aten\u00e7\u00e3o, especialmente para motoristas e a mobilidade urbana. Principais Indicadores Econ\u00f4micos Os destaques no Brasil foram o IGP-M e o Relat\u00f3rio Focus, al\u00e9m da divulga\u00e7\u00e3o do CAGED, &hellip;<\/p>\n","protected":false},"author":4,"featured_media":5438,"comment_status":"","ping_status":"open","sticky":false,"template":"","format":"standard","meta":{"footnotes":""},"categories":[61],"tags":[],"coauthors":[42],"class_list":["post-5437","post","type-post","status-publish","format-standard","has-post-thumbnail","hentry","category-mercado-financeiro"],"yoast_head":"<!-- This site is optimized with the Yoast SEO Premium plugin v25.5 (Yoast SEO v27.4) - https:\/\/yoast.com\/product\/yoast-seo-premium-wordpress\/ -->\n<title>Foco no IGP-M, ata do Fed e PMIs \u2013 An\u00e1lise Financeira - Motorista.com.br<\/title>\n<meta name=\"robots\" content=\"index, follow, max-snippet:-1, max-image-preview:large, max-video-preview:-1\" \/>\n<link rel=\"canonical\" href=\"https:\/\/motorista.com.br\/noticias\/2025\/12\/28\/foco-no-igp-m-ata-do-fed-e-pmis-analise-financeira\/\" \/>\n<meta property=\"og:locale\" content=\"pt_BR\" \/>\n<meta property=\"og:type\" content=\"article\" \/>\n<meta property=\"og:title\" content=\"Foco no IGP-M, ata do Fed e PMIs \u2013 An\u00e1lise Financeira\" \/>\n<meta property=\"og:description\" content=\"IGP-M, Ata do Fed e PMIs em Foco Na \u00faltima semana do ano de 2025, o cen\u00e1rio econ\u00f4mico trouxe uma agenda mais leve, mas com indicadores que merecem aten\u00e7\u00e3o, especialmente para motoristas e a mobilidade urbana. Principais Indicadores Econ\u00f4micos Os destaques no Brasil foram o IGP-M e o Relat\u00f3rio Focus, al\u00e9m da divulga\u00e7\u00e3o do CAGED, &hellip;\" \/>\n<meta property=\"og:url\" content=\"https:\/\/motorista.com.br\/noticias\/2025\/12\/28\/foco-no-igp-m-ata-do-fed-e-pmis-analise-financeira\/\" \/>\n<meta property=\"og:site_name\" content=\"Motorista.com.br\" \/>\n<meta property=\"article:published_time\" content=\"2025-12-29T01:02:40+00:00\" \/>\n<meta name=\"author\" content=\"Equipe Reda\u00e7\u00e3o\" \/>\n<meta name=\"twitter:card\" content=\"summary_large_image\" \/>\n<meta name=\"twitter:label1\" content=\"Escrito por\" \/>\n\t<meta name=\"twitter:data1\" content=\"Equipe Reda\u00e7\u00e3o\" \/>\n\t<meta name=\"twitter:label2\" content=\"Est. tempo de leitura\" \/>\n\t<meta name=\"twitter:data2\" content=\"2 minutos\" \/>\n\t<meta name=\"twitter:label3\" content=\"Written by\" \/>\n\t<meta name=\"twitter:data3\" content=\"Equipe Reda\u00e7\u00e3o\" \/>\n<script type=\"application\/ld+json\" class=\"yoast-schema-graph\">{\"@context\":\"https:\\\/\\\/schema.org\",\"@graph\":[{\"@type\":\"Article\",\"@id\":\"https:\\\/\\\/motorista.com.br\\\/noticias\\\/2025\\\/12\\\/28\\\/foco-no-igp-m-ata-do-fed-e-pmis-analise-financeira\\\/#article\",\"isPartOf\":{\"@id\":\"https:\\\/\\\/motorista.com.br\\\/noticias\\\/2025\\\/12\\\/28\\\/foco-no-igp-m-ata-do-fed-e-pmis-analise-financeira\\\/\"},\"author\":{\"name\":\"Equipe Reda\u00e7\u00e3o\",\"@id\":\"https:\\\/\\\/motorista.com.br\\\/noticias\\\/#\\\/schema\\\/person\\\/dc93afc2981c0e3ce6bc3c053fd847be\"},\"headline\":\"Foco no IGP-M, ata do Fed e PMIs \u2013 An\u00e1lise Financeira\",\"datePublished\":\"2025-12-29T01:02:40+00:00\",\"mainEntityOfPage\":{\"@id\":\"https:\\\/\\\/motorista.com.br\\\/noticias\\\/2025\\\/12\\\/28\\\/foco-no-igp-m-ata-do-fed-e-pmis-analise-financeira\\\/\"},\"wordCount\":481,\"publisher\":{\"@id\":\"https:\\\/\\\/motorista.com.br\\\/noticias\\\/#organization\"},\"image\":{\"@id\":\"https:\\\/\\\/motorista.com.br\\\/noticias\\\/2025\\\/12\\\/28\\\/foco-no-igp-m-ata-do-fed-e-pmis-analise-financeira\\\/#primaryimage\"},\"thumbnailUrl\":\"https:\\\/\\\/motorista.com.br\\\/noticias\\\/wp-content\\\/uploads\\\/2025\\\/12\\\/ano-novo.jpg\",\"articleSection\":[\"Mercado Financeiro\"],\"inLanguage\":\"pt-BR\"},{\"@type\":\"WebPage\",\"@id\":\"https:\\\/\\\/motorista.com.br\\\/noticias\\\/2025\\\/12\\\/28\\\/foco-no-igp-m-ata-do-fed-e-pmis-analise-financeira\\\/\",\"url\":\"https:\\\/\\\/motorista.com.br\\\/noticias\\\/2025\\\/12\\\/28\\\/foco-no-igp-m-ata-do-fed-e-pmis-analise-financeira\\\/\",\"name\":\"Foco no IGP-M, ata do Fed e PMIs \u2013 An\u00e1lise Financeira - Motorista.com.br\",\"isPartOf\":{\"@id\":\"https:\\\/\\\/motorista.com.br\\\/noticias\\\/#website\"},\"primaryImageOfPage\":{\"@id\":\"https:\\\/\\\/motorista.com.br\\\/noticias\\\/2025\\\/12\\\/28\\\/foco-no-igp-m-ata-do-fed-e-pmis-analise-financeira\\\/#primaryimage\"},\"image\":{\"@id\":\"https:\\\/\\\/motorista.com.br\\\/noticias\\\/2025\\\/12\\\/28\\\/foco-no-igp-m-ata-do-fed-e-pmis-analise-financeira\\\/#primaryimage\"},\"thumbnailUrl\":\"https:\\\/\\\/motorista.com.br\\\/noticias\\\/wp-content\\\/uploads\\\/2025\\\/12\\\/ano-novo.jpg\",\"datePublished\":\"2025-12-29T01:02:40+00:00\",\"breadcrumb\":{\"@id\":\"https:\\\/\\\/motorista.com.br\\\/noticias\\\/2025\\\/12\\\/28\\\/foco-no-igp-m-ata-do-fed-e-pmis-analise-financeira\\\/#breadcrumb\"},\"inLanguage\":\"pt-BR\",\"potentialAction\":[{\"@type\":\"ReadAction\",\"target\":[\"https:\\\/\\\/motorista.com.br\\\/noticias\\\/2025\\\/12\\\/28\\\/foco-no-igp-m-ata-do-fed-e-pmis-analise-financeira\\\/\"]}]},{\"@type\":\"ImageObject\",\"inLanguage\":\"pt-BR\",\"@id\":\"https:\\\/\\\/motorista.com.br\\\/noticias\\\/2025\\\/12\\\/28\\\/foco-no-igp-m-ata-do-fed-e-pmis-analise-financeira\\\/#primaryimage\",\"url\":\"https:\\\/\\\/motorista.com.br\\\/noticias\\\/wp-content\\\/uploads\\\/2025\\\/12\\\/ano-novo.jpg\",\"contentUrl\":\"https:\\\/\\\/motorista.com.br\\\/noticias\\\/wp-content\\\/uploads\\\/2025\\\/12\\\/ano-novo.jpg\",\"width\":1280,\"height\":680},{\"@type\":\"BreadcrumbList\",\"@id\":\"https:\\\/\\\/motorista.com.br\\\/noticias\\\/2025\\\/12\\\/28\\\/foco-no-igp-m-ata-do-fed-e-pmis-analise-financeira\\\/#breadcrumb\",\"itemListElement\":[{\"@type\":\"ListItem\",\"position\":1,\"name\":\"In\u00edcio\",\"item\":\"https:\\\/\\\/motorista.com.br\\\/noticias\\\/\"},{\"@type\":\"ListItem\",\"position\":2,\"name\":\"Foco no IGP-M, ata do Fed e PMIs \u2013 An\u00e1lise Financeira\"}]},{\"@type\":\"WebSite\",\"@id\":\"https:\\\/\\\/motorista.com.br\\\/noticias\\\/#website\",\"url\":\"https:\\\/\\\/motorista.com.br\\\/noticias\\\/\",\"name\":\"Motorista.com.br\",\"description\":\"Not\u00edcia do Motorista\",\"publisher\":{\"@id\":\"https:\\\/\\\/motorista.com.br\\\/noticias\\\/#organization\"},\"potentialAction\":[{\"@type\":\"SearchAction\",\"target\":{\"@type\":\"EntryPoint\",\"urlTemplate\":\"https:\\\/\\\/motorista.com.br\\\/noticias\\\/?s={search_term_string}\"},\"query-input\":{\"@type\":\"PropertyValueSpecification\",\"valueRequired\":true,\"valueName\":\"search_term_string\"}}],\"inLanguage\":\"pt-BR\"},{\"@type\":\"Organization\",\"@id\":\"https:\\\/\\\/motorista.com.br\\\/noticias\\\/#organization\",\"name\":\"Motorista.com.br\",\"url\":\"https:\\\/\\\/motorista.com.br\\\/noticias\\\/\",\"logo\":{\"@type\":\"ImageObject\",\"inLanguage\":\"pt-BR\",\"@id\":\"https:\\\/\\\/motorista.com.br\\\/noticias\\\/#\\\/schema\\\/logo\\\/image\\\/\",\"url\":\"https:\\\/\\\/motorista.com.br\\\/noticias\\\/wp-content\\\/uploads\\\/2025\\\/06\\\/Design-sem-nome-9.png\",\"contentUrl\":\"https:\\\/\\\/motorista.com.br\\\/noticias\\\/wp-content\\\/uploads\\\/2025\\\/06\\\/Design-sem-nome-9.png\",\"width\":150,\"height\":85,\"caption\":\"Motorista.com.br\"},\"image\":{\"@id\":\"https:\\\/\\\/motorista.com.br\\\/noticias\\\/#\\\/schema\\\/logo\\\/image\\\/\"}},{\"@type\":\"Person\",\"@id\":\"https:\\\/\\\/motorista.com.br\\\/noticias\\\/#\\\/schema\\\/person\\\/dc93afc2981c0e3ce6bc3c053fd847be\",\"name\":\"Equipe Reda\u00e7\u00e3o\",\"image\":{\"@type\":\"ImageObject\",\"inLanguage\":\"pt-BR\",\"@id\":\"https:\\\/\\\/secure.gravatar.com\\\/avatar\\\/4f525efbf18dd2bb300ccad28bfb99d95a9465a5ba268407c8c37b37e1f28d2d?s=96&d=mm&r=g9e099043a0c61e9ae27e293b9fa75ffc\",\"url\":\"https:\\\/\\\/secure.gravatar.com\\\/avatar\\\/4f525efbf18dd2bb300ccad28bfb99d95a9465a5ba268407c8c37b37e1f28d2d?s=96&d=mm&r=g\",\"contentUrl\":\"https:\\\/\\\/secure.gravatar.com\\\/avatar\\\/4f525efbf18dd2bb300ccad28bfb99d95a9465a5ba268407c8c37b37e1f28d2d?s=96&d=mm&r=g\",\"caption\":\"Equipe Reda\u00e7\u00e3o\"},\"description\":\"Equipe de reda\u00e7\u00e3o \u00e9 um grupo de profissionais que trabalham juntos para criar conte\u00fado escrito para Motorista.com.br\",\"url\":\"https:\\\/\\\/motorista.com.br\\\/noticias\\\/author\\\/equiperedacao\\\/\"}]}<\/script>\n<!-- \/ Yoast SEO Premium plugin. -->","yoast_head_json":{"title":"Foco no IGP-M, ata do Fed e PMIs \u2013 An\u00e1lise Financeira - Motorista.com.br","robots":{"index":"index","follow":"follow","max-snippet":"max-snippet:-1","max-image-preview":"max-image-preview:large","max-video-preview":"max-video-preview:-1"},"canonical":"https:\/\/motorista.com.br\/noticias\/2025\/12\/28\/foco-no-igp-m-ata-do-fed-e-pmis-analise-financeira\/","og_locale":"pt_BR","og_type":"article","og_title":"Foco no IGP-M, ata do Fed e PMIs \u2013 An\u00e1lise Financeira","og_description":"IGP-M, Ata do Fed e PMIs em Foco Na \u00faltima semana do ano de 2025, o cen\u00e1rio econ\u00f4mico trouxe uma agenda mais leve, mas com indicadores que merecem aten\u00e7\u00e3o, especialmente para motoristas e a mobilidade urbana. Principais Indicadores Econ\u00f4micos Os destaques no Brasil foram o IGP-M e o Relat\u00f3rio Focus, al\u00e9m da divulga\u00e7\u00e3o do CAGED, &hellip;","og_url":"https:\/\/motorista.com.br\/noticias\/2025\/12\/28\/foco-no-igp-m-ata-do-fed-e-pmis-analise-financeira\/","og_site_name":"Motorista.com.br","article_published_time":"2025-12-29T01:02:40+00:00","author":"Equipe Reda\u00e7\u00e3o","twitter_card":"summary_large_image","twitter_misc":{"Escrito por":"Equipe Reda\u00e7\u00e3o","Est. tempo de leitura":"2 minutos","Written by":"Equipe Reda\u00e7\u00e3o"},"schema":{"@context":"https:\/\/schema.org","@graph":[{"@type":"Article","@id":"https:\/\/motorista.com.br\/noticias\/2025\/12\/28\/foco-no-igp-m-ata-do-fed-e-pmis-analise-financeira\/#article","isPartOf":{"@id":"https:\/\/motorista.com.br\/noticias\/2025\/12\/28\/foco-no-igp-m-ata-do-fed-e-pmis-analise-financeira\/"},"author":{"name":"Equipe Reda\u00e7\u00e3o","@id":"https:\/\/motorista.com.br\/noticias\/#\/schema\/person\/dc93afc2981c0e3ce6bc3c053fd847be"},"headline":"Foco no IGP-M, ata do Fed e PMIs \u2013 An\u00e1lise Financeira","datePublished":"2025-12-29T01:02:40+00:00","mainEntityOfPage":{"@id":"https:\/\/motorista.com.br\/noticias\/2025\/12\/28\/foco-no-igp-m-ata-do-fed-e-pmis-analise-financeira\/"},"wordCount":481,"publisher":{"@id":"https:\/\/motorista.com.br\/noticias\/#organization"},"image":{"@id":"https:\/\/motorista.com.br\/noticias\/2025\/12\/28\/foco-no-igp-m-ata-do-fed-e-pmis-analise-financeira\/#primaryimage"},"thumbnailUrl":"https:\/\/motorista.com.br\/noticias\/wp-content\/uploads\/2025\/12\/ano-novo.jpg","articleSection":["Mercado Financeiro"],"inLanguage":"pt-BR"},{"@type":"WebPage","@id":"https:\/\/motorista.com.br\/noticias\/2025\/12\/28\/foco-no-igp-m-ata-do-fed-e-pmis-analise-financeira\/","url":"https:\/\/motorista.com.br\/noticias\/2025\/12\/28\/foco-no-igp-m-ata-do-fed-e-pmis-analise-financeira\/","name":"Foco no IGP-M, ata do Fed e PMIs \u2013 An\u00e1lise Financeira - Motorista.com.br","isPartOf":{"@id":"https:\/\/motorista.com.br\/noticias\/#website"},"primaryImageOfPage":{"@id":"https:\/\/motorista.com.br\/noticias\/2025\/12\/28\/foco-no-igp-m-ata-do-fed-e-pmis-analise-financeira\/#primaryimage"},"image":{"@id":"https:\/\/motorista.com.br\/noticias\/2025\/12\/28\/foco-no-igp-m-ata-do-fed-e-pmis-analise-financeira\/#primaryimage"},"thumbnailUrl":"https:\/\/motorista.com.br\/noticias\/wp-content\/uploads\/2025\/12\/ano-novo.jpg","datePublished":"2025-12-29T01:02:40+00:00","breadcrumb":{"@id":"https:\/\/motorista.com.br\/noticias\/2025\/12\/28\/foco-no-igp-m-ata-do-fed-e-pmis-analise-financeira\/#breadcrumb"},"inLanguage":"pt-BR","potentialAction":[{"@type":"ReadAction","target":["https:\/\/motorista.com.br\/noticias\/2025\/12\/28\/foco-no-igp-m-ata-do-fed-e-pmis-analise-financeira\/"]}]},{"@type":"ImageObject","inLanguage":"pt-BR","@id":"https:\/\/motorista.com.br\/noticias\/2025\/12\/28\/foco-no-igp-m-ata-do-fed-e-pmis-analise-financeira\/#primaryimage","url":"https:\/\/motorista.com.br\/noticias\/wp-content\/uploads\/2025\/12\/ano-novo.jpg","contentUrl":"https:\/\/motorista.com.br\/noticias\/wp-content\/uploads\/2025\/12\/ano-novo.jpg","width":1280,"height":680},{"@type":"BreadcrumbList","@id":"https:\/\/motorista.com.br\/noticias\/2025\/12\/28\/foco-no-igp-m-ata-do-fed-e-pmis-analise-financeira\/#breadcrumb","itemListElement":[{"@type":"ListItem","position":1,"name":"In\u00edcio","item":"https:\/\/motorista.com.br\/noticias\/"},{"@type":"ListItem","position":2,"name":"Foco no IGP-M, ata do Fed e PMIs \u2013 An\u00e1lise Financeira"}]},{"@type":"WebSite","@id":"https:\/\/motorista.com.br\/noticias\/#website","url":"https:\/\/motorista.com.br\/noticias\/","name":"Motorista.com.br","description":"Not\u00edcia do Motorista","publisher":{"@id":"https:\/\/motorista.com.br\/noticias\/#organization"},"potentialAction":[{"@type":"SearchAction","target":{"@type":"EntryPoint","urlTemplate":"https:\/\/motorista.com.br\/noticias\/?s={search_term_string}"},"query-input":{"@type":"PropertyValueSpecification","valueRequired":true,"valueName":"search_term_string"}}],"inLanguage":"pt-BR"},{"@type":"Organization","@id":"https:\/\/motorista.com.br\/noticias\/#organization","name":"Motorista.com.br","url":"https:\/\/motorista.com.br\/noticias\/","logo":{"@type":"ImageObject","inLanguage":"pt-BR","@id":"https:\/\/motorista.com.br\/noticias\/#\/schema\/logo\/image\/","url":"https:\/\/motorista.com.br\/noticias\/wp-content\/uploads\/2025\/06\/Design-sem-nome-9.png","contentUrl":"https:\/\/motorista.com.br\/noticias\/wp-content\/uploads\/2025\/06\/Design-sem-nome-9.png","width":150,"height":85,"caption":"Motorista.com.br"},"image":{"@id":"https:\/\/motorista.com.br\/noticias\/#\/schema\/logo\/image\/"}},{"@type":"Person","@id":"https:\/\/motorista.com.br\/noticias\/#\/schema\/person\/dc93afc2981c0e3ce6bc3c053fd847be","name":"Equipe Reda\u00e7\u00e3o","image":{"@type":"ImageObject","inLanguage":"pt-BR","@id":"https:\/\/secure.gravatar.com\/avatar\/4f525efbf18dd2bb300ccad28bfb99d95a9465a5ba268407c8c37b37e1f28d2d?s=96&d=mm&r=g9e099043a0c61e9ae27e293b9fa75ffc","url":"https:\/\/secure.gravatar.com\/avatar\/4f525efbf18dd2bb300ccad28bfb99d95a9465a5ba268407c8c37b37e1f28d2d?s=96&d=mm&r=g","contentUrl":"https:\/\/secure.gravatar.com\/avatar\/4f525efbf18dd2bb300ccad28bfb99d95a9465a5ba268407c8c37b37e1f28d2d?s=96&d=mm&r=g","caption":"Equipe Reda\u00e7\u00e3o"},"description":"Equipe de reda\u00e7\u00e3o \u00e9 um grupo de profissionais que trabalham juntos para criar conte\u00fado escrito para Motorista.com.br","url":"https:\/\/motorista.com.br\/noticias\/author\/equiperedacao\/"}]}},"_links":{"self":[{"href":"https:\/\/motorista.com.br\/noticias\/wp-json\/wp\/v2\/posts\/5437","targetHints":{"allow":["GET"]}}],"collection":[{"href":"https:\/\/motorista.com.br\/noticias\/wp-json\/wp\/v2\/posts"}],"about":[{"href":"https:\/\/motorista.com.br\/noticias\/wp-json\/wp\/v2\/types\/post"}],"author":[{"embeddable":true,"href":"https:\/\/motorista.com.br\/noticias\/wp-json\/wp\/v2\/users\/4"}],"replies":[{"embeddable":true,"href":"https:\/\/motorista.com.br\/noticias\/wp-json\/wp\/v2\/comments?post=5437"}],"version-history":[{"count":0,"href":"https:\/\/motorista.com.br\/noticias\/wp-json\/wp\/v2\/posts\/5437\/revisions"}],"wp:featuredmedia":[{"embeddable":true,"href":"https:\/\/motorista.com.br\/noticias\/wp-json\/wp\/v2\/media\/5438"}],"wp:attachment":[{"href":"https:\/\/motorista.com.br\/noticias\/wp-json\/wp\/v2\/media?parent=5437"}],"wp:term":[{"taxonomy":"category","embeddable":true,"href":"https:\/\/motorista.com.br\/noticias\/wp-json\/wp\/v2\/categories?post=5437"},{"taxonomy":"post_tag","embeddable":true,"href":"https:\/\/motorista.com.br\/noticias\/wp-json\/wp\/v2\/tags?post=5437"},{"taxonomy":"author","embeddable":true,"href":"https:\/\/motorista.com.br\/noticias\/wp-json\/wp\/v2\/coauthors?post=5437"}],"curies":[{"name":"wp","href":"https:\/\/api.w.org\/{rel}","templated":true}]}}