{"id":5358,"date":"2025-12-22T13:46:34","date_gmt":"2025-12-22T16:46:34","guid":{"rendered":"https:\/\/motorista.com.br\/noticias\/2025\/12\/22\/demarest-advogados-torna-se-parceiro-oficial-do-portal-da-reforma-tributaria\/"},"modified":"2025-12-22T13:46:34","modified_gmt":"2025-12-22T16:46:34","slug":"demarest-advogados-torna-se-parceiro-oficial-do-portal-da-reforma-tributaria","status":"publish","type":"post","link":"https:\/\/motorista.com.br\/noticias\/2025\/12\/22\/demarest-advogados-torna-se-parceiro-oficial-do-portal-da-reforma-tributaria\/","title":{"rendered":"Demarest Advogados torna-se parceiro oficial do Portal da Reforma Tribut\u00e1ria."},"content":{"rendered":"<p><\/p>\n<h1>Demarest Advogados Agora \u00e9 Apoio Oficial do Portal da Reforma Tribut\u00e1ria<\/h1>\n<p>O Demarest Advogados, com mais de 75 anos de reputa\u00e7\u00e3o s\u00f3lida no Brasil e na Am\u00e9rica Latina, se torna mais um apoiador do Portal da Reforma Tribut\u00e1ria. Essa parceria evidencia um comprometimento em viabilizar um debate t\u00e9cnico e qualificado sobre as implica\u00e7\u00f5es e os desdobramentos da reforma do sistema tribut\u00e1rio brasileiro.<\/p>\n<p>Reconhecido pela sua expertise em direito empresarial e pela vis\u00e3o inovadora, o Demarest se destaca pela habilidade em lidar com quest\u00f5es complexas e transa\u00e7\u00f5es de grande relev\u00e2ncia, especialmente em temas tribut\u00e1rios. Em um contexto onde a transforma\u00e7\u00e3o fiscal \u00e9 essencial, a atua\u00e7\u00e3o desse escrit\u00f3rio pode beneficiar motoristas e a mobilidade geral, garantindo um sistema tribut\u00e1rio mais eficiente e justo.<\/p>\n<p>Thiago Amaral, s\u00f3cio da \u00e1rea Tribut\u00e1ria do Demarest, ressalta a import\u00e2ncia de um di\u00e1logo cont\u00ednuo entre os setores p\u00fablico e privado. Ao apoiar o Portal da Reforma Tribut\u00e1ria, o escrit\u00f3rio busca amplificar a dissemina\u00e7\u00e3o de informa\u00e7\u00f5es de qualidade, contribuindo para a cria\u00e7\u00e3o de um ambiente com mais seguran\u00e7a jur\u00eddica. Isso tem o potencial de impactar diretamente a mobilidade, ao possibilitar um sistema que suporte investimentos em infraestrutura e reduz a carga tribut\u00e1ria sobre ve\u00edculos e servi\u00e7os de transporte.<\/p>\n<p>A adi\u00e7\u00e3o do Demarest no Portal propicia uma nova dimens\u00e3o ao projeto editorial, fortalecendo sua capacidade de oferecer an\u00e1lises t\u00e9cnicas e relevantes sobre a reforma tribut\u00e1ria. A presen\u00e7a desse escrit\u00f3rio, que figura entre os melhores rankings jur\u00eddicos, n\u00e3o apenas amplia o alcance institucional do Portal, mas tamb\u00e9m fundamenta um debate cr\u00edtico sobre um dos temas mais estrat\u00e9gicos para a economia do pa\u00eds.<\/p>\n<p>Com mais de 30 milh\u00f5es de visualiza\u00e7\u00f5es e 100 mil assinantes, o Portal da Reforma Tribut\u00e1ria se firma como um ambiente de troca de ideias, onde debates qualificados podem influenciar positivamente a mobilidade urbana. O fortalecimento desse canal de comunica\u00e7\u00e3o promete um futuro mais harmonioso, com benef\u00edcios diretos para motoristas e para toda a sociedade.<\/p>\n<p><strong>Fonte:<\/strong> Portal da Reforma Tribut\u00e1ria<\/p>\n","protected":false},"excerpt":{"rendered":"<p>Demarest Advogados Agora \u00e9 Apoio Oficial do Portal da Reforma Tribut\u00e1ria O Demarest Advogados, com mais de 75 anos de reputa\u00e7\u00e3o s\u00f3lida no Brasil e na Am\u00e9rica Latina, se torna mais um apoiador do Portal da Reforma Tribut\u00e1ria. Essa parceria evidencia um comprometimento em viabilizar um debate t\u00e9cnico e qualificado sobre as implica\u00e7\u00f5es e os &hellip;<\/p>\n","protected":false},"author":4,"featured_media":5359,"comment_status":"","ping_status":"open","sticky":false,"template":"","format":"standard","meta":{"footnotes":""},"categories":[35],"tags":[],"coauthors":[42],"class_list":["post-5358","post","type-post","status-publish","format-standard","has-post-thumbnail","hentry","category-legislacao"],"yoast_head":"<!-- This site is optimized with the Yoast SEO Premium plugin v25.5 (Yoast SEO v27.4) - https:\/\/yoast.com\/product\/yoast-seo-premium-wordpress\/ -->\n<title>Demarest Advogados torna-se parceiro oficial do Portal da Reforma Tribut\u00e1ria. - Motorista.com.br<\/title>\n<meta name=\"robots\" content=\"index, follow, max-snippet:-1, max-image-preview:large, max-video-preview:-1\" \/>\n<link rel=\"canonical\" href=\"https:\/\/motorista.com.br\/noticias\/2025\/12\/22\/demarest-advogados-torna-se-parceiro-oficial-do-portal-da-reforma-tributaria\/\" \/>\n<meta property=\"og:locale\" content=\"pt_BR\" \/>\n<meta property=\"og:type\" content=\"article\" \/>\n<meta property=\"og:title\" content=\"Demarest Advogados torna-se parceiro oficial do Portal da Reforma Tribut\u00e1ria.\" \/>\n<meta property=\"og:description\" content=\"Demarest Advogados Agora \u00e9 Apoio Oficial do Portal da Reforma Tribut\u00e1ria O Demarest Advogados, com mais de 75 anos de reputa\u00e7\u00e3o s\u00f3lida no Brasil e na Am\u00e9rica Latina, se torna mais um apoiador do Portal da Reforma Tribut\u00e1ria. Essa parceria evidencia um comprometimento em viabilizar um debate t\u00e9cnico e qualificado sobre as implica\u00e7\u00f5es e os &hellip;\" \/>\n<meta property=\"og:url\" content=\"https:\/\/motorista.com.br\/noticias\/2025\/12\/22\/demarest-advogados-torna-se-parceiro-oficial-do-portal-da-reforma-tributaria\/\" \/>\n<meta property=\"og:site_name\" content=\"Motorista.com.br\" \/>\n<meta property=\"article:published_time\" content=\"2025-12-22T16:46:34+00:00\" \/>\n<meta name=\"author\" content=\"Equipe Reda\u00e7\u00e3o\" \/>\n<meta name=\"twitter:card\" content=\"summary_large_image\" \/>\n<meta name=\"twitter:label1\" content=\"Escrito por\" \/>\n\t<meta name=\"twitter:data1\" content=\"Equipe Reda\u00e7\u00e3o\" \/>\n\t<meta name=\"twitter:label2\" content=\"Est. tempo de leitura\" \/>\n\t<meta name=\"twitter:data2\" content=\"2 minutos\" \/>\n\t<meta name=\"twitter:label3\" content=\"Written by\" \/>\n\t<meta name=\"twitter:data3\" content=\"Equipe Reda\u00e7\u00e3o\" \/>\n<script type=\"application\/ld+json\" class=\"yoast-schema-graph\">{\"@context\":\"https:\\\/\\\/schema.org\",\"@graph\":[{\"@type\":\"Article\",\"@id\":\"https:\\\/\\\/motorista.com.br\\\/noticias\\\/2025\\\/12\\\/22\\\/demarest-advogados-torna-se-parceiro-oficial-do-portal-da-reforma-tributaria\\\/#article\",\"isPartOf\":{\"@id\":\"https:\\\/\\\/motorista.com.br\\\/noticias\\\/2025\\\/12\\\/22\\\/demarest-advogados-torna-se-parceiro-oficial-do-portal-da-reforma-tributaria\\\/\"},\"author\":{\"name\":\"Equipe Reda\u00e7\u00e3o\",\"@id\":\"https:\\\/\\\/motorista.com.br\\\/noticias\\\/#\\\/schema\\\/person\\\/dc93afc2981c0e3ce6bc3c053fd847be\"},\"headline\":\"Demarest Advogados torna-se parceiro oficial do Portal da Reforma Tribut\u00e1ria.\",\"datePublished\":\"2025-12-22T16:46:34+00:00\",\"mainEntityOfPage\":{\"@id\":\"https:\\\/\\\/motorista.com.br\\\/noticias\\\/2025\\\/12\\\/22\\\/demarest-advogados-torna-se-parceiro-oficial-do-portal-da-reforma-tributaria\\\/\"},\"wordCount\":379,\"publisher\":{\"@id\":\"https:\\\/\\\/motorista.com.br\\\/noticias\\\/#organization\"},\"image\":{\"@id\":\"https:\\\/\\\/motorista.com.br\\\/noticias\\\/2025\\\/12\\\/22\\\/demarest-advogados-torna-se-parceiro-oficial-do-portal-da-reforma-tributaria\\\/#primaryimage\"},\"thumbnailUrl\":\"https:\\\/\\\/motorista.com.br\\\/noticias\\\/wp-content\\\/uploads\\\/2025\\\/12\\\/demarest-portal-rt.png\",\"articleSection\":[\"Legisla\u00e7\u00e3o\"],\"inLanguage\":\"pt-BR\"},{\"@type\":\"WebPage\",\"@id\":\"https:\\\/\\\/motorista.com.br\\\/noticias\\\/2025\\\/12\\\/22\\\/demarest-advogados-torna-se-parceiro-oficial-do-portal-da-reforma-tributaria\\\/\",\"url\":\"https:\\\/\\\/motorista.com.br\\\/noticias\\\/2025\\\/12\\\/22\\\/demarest-advogados-torna-se-parceiro-oficial-do-portal-da-reforma-tributaria\\\/\",\"name\":\"Demarest Advogados torna-se parceiro oficial do Portal da Reforma Tribut\u00e1ria. - Motorista.com.br\",\"isPartOf\":{\"@id\":\"https:\\\/\\\/motorista.com.br\\\/noticias\\\/#website\"},\"primaryImageOfPage\":{\"@id\":\"https:\\\/\\\/motorista.com.br\\\/noticias\\\/2025\\\/12\\\/22\\\/demarest-advogados-torna-se-parceiro-oficial-do-portal-da-reforma-tributaria\\\/#primaryimage\"},\"image\":{\"@id\":\"https:\\\/\\\/motorista.com.br\\\/noticias\\\/2025\\\/12\\\/22\\\/demarest-advogados-torna-se-parceiro-oficial-do-portal-da-reforma-tributaria\\\/#primaryimage\"},\"thumbnailUrl\":\"https:\\\/\\\/motorista.com.br\\\/noticias\\\/wp-content\\\/uploads\\\/2025\\\/12\\\/demarest-portal-rt.png\",\"datePublished\":\"2025-12-22T16:46:34+00:00\",\"breadcrumb\":{\"@id\":\"https:\\\/\\\/motorista.com.br\\\/noticias\\\/2025\\\/12\\\/22\\\/demarest-advogados-torna-se-parceiro-oficial-do-portal-da-reforma-tributaria\\\/#breadcrumb\"},\"inLanguage\":\"pt-BR\",\"potentialAction\":[{\"@type\":\"ReadAction\",\"target\":[\"https:\\\/\\\/motorista.com.br\\\/noticias\\\/2025\\\/12\\\/22\\\/demarest-advogados-torna-se-parceiro-oficial-do-portal-da-reforma-tributaria\\\/\"]}]},{\"@type\":\"ImageObject\",\"inLanguage\":\"pt-BR\",\"@id\":\"https:\\\/\\\/motorista.com.br\\\/noticias\\\/2025\\\/12\\\/22\\\/demarest-advogados-torna-se-parceiro-oficial-do-portal-da-reforma-tributaria\\\/#primaryimage\",\"url\":\"https:\\\/\\\/motorista.com.br\\\/noticias\\\/wp-content\\\/uploads\\\/2025\\\/12\\\/demarest-portal-rt.png\",\"contentUrl\":\"https:\\\/\\\/motorista.com.br\\\/noticias\\\/wp-content\\\/uploads\\\/2025\\\/12\\\/demarest-portal-rt.png\",\"width\":1382,\"height\":854},{\"@type\":\"BreadcrumbList\",\"@id\":\"https:\\\/\\\/motorista.com.br\\\/noticias\\\/2025\\\/12\\\/22\\\/demarest-advogados-torna-se-parceiro-oficial-do-portal-da-reforma-tributaria\\\/#breadcrumb\",\"itemListElement\":[{\"@type\":\"ListItem\",\"position\":1,\"name\":\"In\u00edcio\",\"item\":\"https:\\\/\\\/motorista.com.br\\\/noticias\\\/\"},{\"@type\":\"ListItem\",\"position\":2,\"name\":\"Demarest Advogados torna-se parceiro oficial do Portal da Reforma Tribut\u00e1ria.\"}]},{\"@type\":\"WebSite\",\"@id\":\"https:\\\/\\\/motorista.com.br\\\/noticias\\\/#website\",\"url\":\"https:\\\/\\\/motorista.com.br\\\/noticias\\\/\",\"name\":\"Motorista.com.br\",\"description\":\"Not\u00edcia do Motorista\",\"publisher\":{\"@id\":\"https:\\\/\\\/motorista.com.br\\\/noticias\\\/#organization\"},\"potentialAction\":[{\"@type\":\"SearchAction\",\"target\":{\"@type\":\"EntryPoint\",\"urlTemplate\":\"https:\\\/\\\/motorista.com.br\\\/noticias\\\/?s={search_term_string}\"},\"query-input\":{\"@type\":\"PropertyValueSpecification\",\"valueRequired\":true,\"valueName\":\"search_term_string\"}}],\"inLanguage\":\"pt-BR\"},{\"@type\":\"Organization\",\"@id\":\"https:\\\/\\\/motorista.com.br\\\/noticias\\\/#organization\",\"name\":\"Motorista.com.br\",\"url\":\"https:\\\/\\\/motorista.com.br\\\/noticias\\\/\",\"logo\":{\"@type\":\"ImageObject\",\"inLanguage\":\"pt-BR\",\"@id\":\"https:\\\/\\\/motorista.com.br\\\/noticias\\\/#\\\/schema\\\/logo\\\/image\\\/\",\"url\":\"https:\\\/\\\/motorista.com.br\\\/noticias\\\/wp-content\\\/uploads\\\/2025\\\/06\\\/Design-sem-nome-9.png\",\"contentUrl\":\"https:\\\/\\\/motorista.com.br\\\/noticias\\\/wp-content\\\/uploads\\\/2025\\\/06\\\/Design-sem-nome-9.png\",\"width\":150,\"height\":85,\"caption\":\"Motorista.com.br\"},\"image\":{\"@id\":\"https:\\\/\\\/motorista.com.br\\\/noticias\\\/#\\\/schema\\\/logo\\\/image\\\/\"}},{\"@type\":\"Person\",\"@id\":\"https:\\\/\\\/motorista.com.br\\\/noticias\\\/#\\\/schema\\\/person\\\/dc93afc2981c0e3ce6bc3c053fd847be\",\"name\":\"Equipe Reda\u00e7\u00e3o\",\"image\":{\"@type\":\"ImageObject\",\"inLanguage\":\"pt-BR\",\"@id\":\"https:\\\/\\\/secure.gravatar.com\\\/avatar\\\/4f525efbf18dd2bb300ccad28bfb99d95a9465a5ba268407c8c37b37e1f28d2d?s=96&d=mm&r=g9e099043a0c61e9ae27e293b9fa75ffc\",\"url\":\"https:\\\/\\\/secure.gravatar.com\\\/avatar\\\/4f525efbf18dd2bb300ccad28bfb99d95a9465a5ba268407c8c37b37e1f28d2d?s=96&d=mm&r=g\",\"contentUrl\":\"https:\\\/\\\/secure.gravatar.com\\\/avatar\\\/4f525efbf18dd2bb300ccad28bfb99d95a9465a5ba268407c8c37b37e1f28d2d?s=96&d=mm&r=g\",\"caption\":\"Equipe Reda\u00e7\u00e3o\"},\"description\":\"Equipe de reda\u00e7\u00e3o \u00e9 um grupo de profissionais que trabalham juntos para criar conte\u00fado escrito para Motorista.com.br\",\"url\":\"https:\\\/\\\/motorista.com.br\\\/noticias\\\/author\\\/equiperedacao\\\/\"}]}<\/script>\n<!-- \/ Yoast SEO Premium plugin. -->","yoast_head_json":{"title":"Demarest Advogados torna-se parceiro oficial do Portal da Reforma Tribut\u00e1ria. - Motorista.com.br","robots":{"index":"index","follow":"follow","max-snippet":"max-snippet:-1","max-image-preview":"max-image-preview:large","max-video-preview":"max-video-preview:-1"},"canonical":"https:\/\/motorista.com.br\/noticias\/2025\/12\/22\/demarest-advogados-torna-se-parceiro-oficial-do-portal-da-reforma-tributaria\/","og_locale":"pt_BR","og_type":"article","og_title":"Demarest Advogados torna-se parceiro oficial do Portal da Reforma Tribut\u00e1ria.","og_description":"Demarest Advogados Agora \u00e9 Apoio Oficial do Portal da Reforma Tribut\u00e1ria O Demarest Advogados, com mais de 75 anos de reputa\u00e7\u00e3o s\u00f3lida no Brasil e na Am\u00e9rica Latina, se torna mais um apoiador do Portal da Reforma Tribut\u00e1ria. Essa parceria evidencia um comprometimento em viabilizar um debate t\u00e9cnico e qualificado sobre as implica\u00e7\u00f5es e os &hellip;","og_url":"https:\/\/motorista.com.br\/noticias\/2025\/12\/22\/demarest-advogados-torna-se-parceiro-oficial-do-portal-da-reforma-tributaria\/","og_site_name":"Motorista.com.br","article_published_time":"2025-12-22T16:46:34+00:00","author":"Equipe Reda\u00e7\u00e3o","twitter_card":"summary_large_image","twitter_misc":{"Escrito por":"Equipe Reda\u00e7\u00e3o","Est. tempo de leitura":"2 minutos","Written by":"Equipe Reda\u00e7\u00e3o"},"schema":{"@context":"https:\/\/schema.org","@graph":[{"@type":"Article","@id":"https:\/\/motorista.com.br\/noticias\/2025\/12\/22\/demarest-advogados-torna-se-parceiro-oficial-do-portal-da-reforma-tributaria\/#article","isPartOf":{"@id":"https:\/\/motorista.com.br\/noticias\/2025\/12\/22\/demarest-advogados-torna-se-parceiro-oficial-do-portal-da-reforma-tributaria\/"},"author":{"name":"Equipe Reda\u00e7\u00e3o","@id":"https:\/\/motorista.com.br\/noticias\/#\/schema\/person\/dc93afc2981c0e3ce6bc3c053fd847be"},"headline":"Demarest Advogados torna-se parceiro oficial do Portal da Reforma Tribut\u00e1ria.","datePublished":"2025-12-22T16:46:34+00:00","mainEntityOfPage":{"@id":"https:\/\/motorista.com.br\/noticias\/2025\/12\/22\/demarest-advogados-torna-se-parceiro-oficial-do-portal-da-reforma-tributaria\/"},"wordCount":379,"publisher":{"@id":"https:\/\/motorista.com.br\/noticias\/#organization"},"image":{"@id":"https:\/\/motorista.com.br\/noticias\/2025\/12\/22\/demarest-advogados-torna-se-parceiro-oficial-do-portal-da-reforma-tributaria\/#primaryimage"},"thumbnailUrl":"https:\/\/motorista.com.br\/noticias\/wp-content\/uploads\/2025\/12\/demarest-portal-rt.png","articleSection":["Legisla\u00e7\u00e3o"],"inLanguage":"pt-BR"},{"@type":"WebPage","@id":"https:\/\/motorista.com.br\/noticias\/2025\/12\/22\/demarest-advogados-torna-se-parceiro-oficial-do-portal-da-reforma-tributaria\/","url":"https:\/\/motorista.com.br\/noticias\/2025\/12\/22\/demarest-advogados-torna-se-parceiro-oficial-do-portal-da-reforma-tributaria\/","name":"Demarest Advogados torna-se parceiro oficial do Portal da Reforma Tribut\u00e1ria. - Motorista.com.br","isPartOf":{"@id":"https:\/\/motorista.com.br\/noticias\/#website"},"primaryImageOfPage":{"@id":"https:\/\/motorista.com.br\/noticias\/2025\/12\/22\/demarest-advogados-torna-se-parceiro-oficial-do-portal-da-reforma-tributaria\/#primaryimage"},"image":{"@id":"https:\/\/motorista.com.br\/noticias\/2025\/12\/22\/demarest-advogados-torna-se-parceiro-oficial-do-portal-da-reforma-tributaria\/#primaryimage"},"thumbnailUrl":"https:\/\/motorista.com.br\/noticias\/wp-content\/uploads\/2025\/12\/demarest-portal-rt.png","datePublished":"2025-12-22T16:46:34+00:00","breadcrumb":{"@id":"https:\/\/motorista.com.br\/noticias\/2025\/12\/22\/demarest-advogados-torna-se-parceiro-oficial-do-portal-da-reforma-tributaria\/#breadcrumb"},"inLanguage":"pt-BR","potentialAction":[{"@type":"ReadAction","target":["https:\/\/motorista.com.br\/noticias\/2025\/12\/22\/demarest-advogados-torna-se-parceiro-oficial-do-portal-da-reforma-tributaria\/"]}]},{"@type":"ImageObject","inLanguage":"pt-BR","@id":"https:\/\/motorista.com.br\/noticias\/2025\/12\/22\/demarest-advogados-torna-se-parceiro-oficial-do-portal-da-reforma-tributaria\/#primaryimage","url":"https:\/\/motorista.com.br\/noticias\/wp-content\/uploads\/2025\/12\/demarest-portal-rt.png","contentUrl":"https:\/\/motorista.com.br\/noticias\/wp-content\/uploads\/2025\/12\/demarest-portal-rt.png","width":1382,"height":854},{"@type":"BreadcrumbList","@id":"https:\/\/motorista.com.br\/noticias\/2025\/12\/22\/demarest-advogados-torna-se-parceiro-oficial-do-portal-da-reforma-tributaria\/#breadcrumb","itemListElement":[{"@type":"ListItem","position":1,"name":"In\u00edcio","item":"https:\/\/motorista.com.br\/noticias\/"},{"@type":"ListItem","position":2,"name":"Demarest Advogados torna-se parceiro oficial do Portal da Reforma Tribut\u00e1ria."}]},{"@type":"WebSite","@id":"https:\/\/motorista.com.br\/noticias\/#website","url":"https:\/\/motorista.com.br\/noticias\/","name":"Motorista.com.br","description":"Not\u00edcia do Motorista","publisher":{"@id":"https:\/\/motorista.com.br\/noticias\/#organization"},"potentialAction":[{"@type":"SearchAction","target":{"@type":"EntryPoint","urlTemplate":"https:\/\/motorista.com.br\/noticias\/?s={search_term_string}"},"query-input":{"@type":"PropertyValueSpecification","valueRequired":true,"valueName":"search_term_string"}}],"inLanguage":"pt-BR"},{"@type":"Organization","@id":"https:\/\/motorista.com.br\/noticias\/#organization","name":"Motorista.com.br","url":"https:\/\/motorista.com.br\/noticias\/","logo":{"@type":"ImageObject","inLanguage":"pt-BR","@id":"https:\/\/motorista.com.br\/noticias\/#\/schema\/logo\/image\/","url":"https:\/\/motorista.com.br\/noticias\/wp-content\/uploads\/2025\/06\/Design-sem-nome-9.png","contentUrl":"https:\/\/motorista.com.br\/noticias\/wp-content\/uploads\/2025\/06\/Design-sem-nome-9.png","width":150,"height":85,"caption":"Motorista.com.br"},"image":{"@id":"https:\/\/motorista.com.br\/noticias\/#\/schema\/logo\/image\/"}},{"@type":"Person","@id":"https:\/\/motorista.com.br\/noticias\/#\/schema\/person\/dc93afc2981c0e3ce6bc3c053fd847be","name":"Equipe Reda\u00e7\u00e3o","image":{"@type":"ImageObject","inLanguage":"pt-BR","@id":"https:\/\/secure.gravatar.com\/avatar\/4f525efbf18dd2bb300ccad28bfb99d95a9465a5ba268407c8c37b37e1f28d2d?s=96&d=mm&r=g9e099043a0c61e9ae27e293b9fa75ffc","url":"https:\/\/secure.gravatar.com\/avatar\/4f525efbf18dd2bb300ccad28bfb99d95a9465a5ba268407c8c37b37e1f28d2d?s=96&d=mm&r=g","contentUrl":"https:\/\/secure.gravatar.com\/avatar\/4f525efbf18dd2bb300ccad28bfb99d95a9465a5ba268407c8c37b37e1f28d2d?s=96&d=mm&r=g","caption":"Equipe Reda\u00e7\u00e3o"},"description":"Equipe de reda\u00e7\u00e3o \u00e9 um grupo de profissionais que trabalham juntos para criar conte\u00fado escrito para Motorista.com.br","url":"https:\/\/motorista.com.br\/noticias\/author\/equiperedacao\/"}]}},"_links":{"self":[{"href":"https:\/\/motorista.com.br\/noticias\/wp-json\/wp\/v2\/posts\/5358","targetHints":{"allow":["GET"]}}],"collection":[{"href":"https:\/\/motorista.com.br\/noticias\/wp-json\/wp\/v2\/posts"}],"about":[{"href":"https:\/\/motorista.com.br\/noticias\/wp-json\/wp\/v2\/types\/post"}],"author":[{"embeddable":true,"href":"https:\/\/motorista.com.br\/noticias\/wp-json\/wp\/v2\/users\/4"}],"replies":[{"embeddable":true,"href":"https:\/\/motorista.com.br\/noticias\/wp-json\/wp\/v2\/comments?post=5358"}],"version-history":[{"count":0,"href":"https:\/\/motorista.com.br\/noticias\/wp-json\/wp\/v2\/posts\/5358\/revisions"}],"wp:featuredmedia":[{"embeddable":true,"href":"https:\/\/motorista.com.br\/noticias\/wp-json\/wp\/v2\/media\/5359"}],"wp:attachment":[{"href":"https:\/\/motorista.com.br\/noticias\/wp-json\/wp\/v2\/media?parent=5358"}],"wp:term":[{"taxonomy":"category","embeddable":true,"href":"https:\/\/motorista.com.br\/noticias\/wp-json\/wp\/v2\/categories?post=5358"},{"taxonomy":"post_tag","embeddable":true,"href":"https:\/\/motorista.com.br\/noticias\/wp-json\/wp\/v2\/tags?post=5358"},{"taxonomy":"author","embeddable":true,"href":"https:\/\/motorista.com.br\/noticias\/wp-json\/wp\/v2\/coauthors?post=5358"}],"curies":[{"name":"wp","href":"https:\/\/api.w.org\/{rel}","templated":true}]}}