{"id":5356,"date":"2025-12-22T11:42:44","date_gmt":"2025-12-22T14:42:44","guid":{"rendered":"https:\/\/motorista.com.br\/noticias\/2025\/12\/22\/renault-lanca-nova-rota-eletrica-em-fabrica-na-franca\/"},"modified":"2025-12-22T11:42:44","modified_gmt":"2025-12-22T14:42:44","slug":"renault-lanca-nova-rota-eletrica-em-fabrica-na-franca","status":"publish","type":"post","link":"https:\/\/motorista.com.br\/noticias\/2025\/12\/22\/renault-lanca-nova-rota-eletrica-em-fabrica-na-franca\/","title":{"rendered":"Renault lan\u00e7a nova rota el\u00e9trica em f\u00e1brica na Fran\u00e7a"},"content":{"rendered":"<p><\/p>\n<p><strong>Renault Inicia Mais Uma Rota El\u00e9trica em F\u00e1brica na Fran\u00e7a<\/strong><\/p>\n<p>Os caminh\u00f5es el\u00e9tricos representam uma inova\u00e7\u00e3o significativa no setor de transportes, e as montadoras est\u00e3o cada vez mais empenhadas em demonstrar suas vantagens pr\u00e1ticas. A Renault Trucks \u00e9 um exemplo claro desse movimento, ao anunciar o lan\u00e7amento de uma nova rota de transporte com caminh\u00f5es el\u00e9tricos, estabelecendo um corredor entre suas f\u00e1bricas em Blainville, Bourg-en-Bresse e Lyon.<\/p>\n<p>Este corredor foi criado em parceria com a transportadora Malherbe, focando na efici\u00eancia da log\u00edstica interna da Renault. A opera\u00e7\u00e3o, baseada em ciclos &quot;just-in-time&quot;, \u00e9 desafiadora e exige que os componentes sejam entregues sem atrasos, garantindo uma linha de produ\u00e7\u00e3o cont\u00ednua. As cabines, motores e eixos s\u00e3o transportados entre as instala\u00e7\u00f5es, criando um fluxo log\u00edstico estrat\u00e9gico que, agora, \u00e9 coberto quase inteiramente por caminh\u00f5es 100% el\u00e9tricos.<\/p>\n<p>Utilizando 22 caminh\u00f5es el\u00e9tricos Renault E-Tech T, a empresa conseguiu implementar um sistema de revezamento que permite percorrer longas dist\u00e2ncias sem interrup\u00e7\u00f5es. Cada caminh\u00e3o cobre at\u00e9 810 km em um dos circuitos, com paradas de revezamento para atender \u00e0 demanda constante.<\/p>\n<p>Esse modelo de opera\u00e7\u00e3o n\u00e3o apenas otimiza a log\u00edstica da Renault, mas tamb\u00e9m traz uma s\u00e9rie de benef\u00edcios para os motoristas e para a mobilidade geral. Com uma infraestrutura de carregamento avan\u00e7ada, a Malherbe garantiu esta\u00e7\u00f5es em pontos estrat\u00e9gicos, permitindo que os motoristas tenham suas baterias recarregadas enquanto descansam. Essa abordagem n\u00e3o s\u00f3 eleva a efici\u00eancia, mas tamb\u00e9m mant\u00e9m os motoristas pr\u00f3ximos de suas resid\u00eancias, tornando as condi\u00e7\u00f5es de trabalho mais atrativas.<\/p>\n<p>Al\u00e9m disso, o uso de caminh\u00f5es el\u00e9tricos contribui para a redu\u00e7\u00e3o das emiss\u00f5es de carbono, um passo importante em dire\u00e7\u00e3o a um transporte mais sustent\u00e1vel. \u00c0 medida que essas iniciativas ganham for\u00e7a na ind\u00fastria, os motoristas se beneficiam diretamente de um ambiente de trabalho melhor e de um futuro mais limpo e eficiente.<\/p>\n<p>Essa evolu\u00e7\u00e3o \u00e9 um reflexo de um compromisso crescente com a mobilidade sustent\u00e1vel, e os impactos positivos v\u00e3o al\u00e9m da Renault, influenciando a transforma\u00e7\u00e3o do setor de transporte como um todo.<\/p>\n<p><strong>Fonte: blogdocaminhoneiro<\/strong><\/p>\n","protected":false},"excerpt":{"rendered":"<p>Renault Inicia Mais Uma Rota El\u00e9trica em F\u00e1brica na Fran\u00e7a Os caminh\u00f5es el\u00e9tricos representam uma inova\u00e7\u00e3o significativa no setor de transportes, e as montadoras est\u00e3o cada vez mais empenhadas em demonstrar suas vantagens pr\u00e1ticas. A Renault Trucks \u00e9 um exemplo claro desse movimento, ao anunciar o lan\u00e7amento de uma nova rota de transporte com caminh\u00f5es &hellip;<\/p>\n","protected":false},"author":4,"featured_media":5357,"comment_status":"","ping_status":"open","sticky":false,"template":"","format":"standard","meta":{"footnotes":""},"categories":[78,77],"tags":[],"coauthors":[42],"class_list":["post-5356","post","type-post","status-publish","format-standard","has-post-thumbnail","hentry","category-carreteiro","category-motorista"],"yoast_head":"<!-- This site is optimized with the Yoast SEO Premium plugin v25.5 (Yoast SEO v27.4) - https:\/\/yoast.com\/product\/yoast-seo-premium-wordpress\/ -->\n<title>Renault lan\u00e7a nova rota el\u00e9trica em f\u00e1brica na Fran\u00e7a - Motorista.com.br<\/title>\n<meta name=\"robots\" content=\"index, follow, max-snippet:-1, max-image-preview:large, max-video-preview:-1\" \/>\n<link rel=\"canonical\" href=\"https:\/\/motorista.com.br\/noticias\/2025\/12\/22\/renault-lanca-nova-rota-eletrica-em-fabrica-na-franca\/\" \/>\n<meta property=\"og:locale\" content=\"pt_BR\" \/>\n<meta property=\"og:type\" content=\"article\" \/>\n<meta property=\"og:title\" content=\"Renault lan\u00e7a nova rota el\u00e9trica em f\u00e1brica na Fran\u00e7a\" \/>\n<meta property=\"og:description\" content=\"Renault Inicia Mais Uma Rota El\u00e9trica em F\u00e1brica na Fran\u00e7a Os caminh\u00f5es el\u00e9tricos representam uma inova\u00e7\u00e3o significativa no setor de transportes, e as montadoras est\u00e3o cada vez mais empenhadas em demonstrar suas vantagens pr\u00e1ticas. A Renault Trucks \u00e9 um exemplo claro desse movimento, ao anunciar o lan\u00e7amento de uma nova rota de transporte com caminh\u00f5es &hellip;\" \/>\n<meta property=\"og:url\" content=\"https:\/\/motorista.com.br\/noticias\/2025\/12\/22\/renault-lanca-nova-rota-eletrica-em-fabrica-na-franca\/\" \/>\n<meta property=\"og:site_name\" content=\"Motorista.com.br\" \/>\n<meta property=\"article:published_time\" content=\"2025-12-22T14:42:44+00:00\" \/>\n<meta name=\"author\" content=\"Equipe Reda\u00e7\u00e3o\" \/>\n<meta name=\"twitter:card\" content=\"summary_large_image\" \/>\n<meta name=\"twitter:label1\" content=\"Escrito por\" \/>\n\t<meta name=\"twitter:data1\" content=\"Equipe Reda\u00e7\u00e3o\" \/>\n\t<meta name=\"twitter:label2\" content=\"Est. tempo de leitura\" \/>\n\t<meta name=\"twitter:data2\" content=\"2 minutos\" \/>\n\t<meta name=\"twitter:label3\" content=\"Written by\" \/>\n\t<meta name=\"twitter:data3\" content=\"Equipe Reda\u00e7\u00e3o\" \/>\n<script type=\"application\/ld+json\" class=\"yoast-schema-graph\">{\"@context\":\"https:\\\/\\\/schema.org\",\"@graph\":[{\"@type\":\"Article\",\"@id\":\"https:\\\/\\\/motorista.com.br\\\/noticias\\\/2025\\\/12\\\/22\\\/renault-lanca-nova-rota-eletrica-em-fabrica-na-franca\\\/#article\",\"isPartOf\":{\"@id\":\"https:\\\/\\\/motorista.com.br\\\/noticias\\\/2025\\\/12\\\/22\\\/renault-lanca-nova-rota-eletrica-em-fabrica-na-franca\\\/\"},\"author\":{\"name\":\"Equipe Reda\u00e7\u00e3o\",\"@id\":\"https:\\\/\\\/motorista.com.br\\\/noticias\\\/#\\\/schema\\\/person\\\/dc93afc2981c0e3ce6bc3c053fd847be\"},\"headline\":\"Renault lan\u00e7a nova rota el\u00e9trica em f\u00e1brica na Fran\u00e7a\",\"datePublished\":\"2025-12-22T14:42:44+00:00\",\"mainEntityOfPage\":{\"@id\":\"https:\\\/\\\/motorista.com.br\\\/noticias\\\/2025\\\/12\\\/22\\\/renault-lanca-nova-rota-eletrica-em-fabrica-na-franca\\\/\"},\"wordCount\":396,\"publisher\":{\"@id\":\"https:\\\/\\\/motorista.com.br\\\/noticias\\\/#organization\"},\"image\":{\"@id\":\"https:\\\/\\\/motorista.com.br\\\/noticias\\\/2025\\\/12\\\/22\\\/renault-lanca-nova-rota-eletrica-em-fabrica-na-franca\\\/#primaryimage\"},\"thumbnailUrl\":\"https:\\\/\\\/motorista.com.br\\\/noticias\\\/wp-content\\\/uploads\\\/2025\\\/12\\\/Renault-Trucks-Corridor-Blainville-Bour-Lyon-Wilfried-Desveaux-1.jpg\",\"articleSection\":[\"Carreteiro\",\"Motorista\"],\"inLanguage\":\"pt-BR\"},{\"@type\":\"WebPage\",\"@id\":\"https:\\\/\\\/motorista.com.br\\\/noticias\\\/2025\\\/12\\\/22\\\/renault-lanca-nova-rota-eletrica-em-fabrica-na-franca\\\/\",\"url\":\"https:\\\/\\\/motorista.com.br\\\/noticias\\\/2025\\\/12\\\/22\\\/renault-lanca-nova-rota-eletrica-em-fabrica-na-franca\\\/\",\"name\":\"Renault lan\u00e7a nova rota el\u00e9trica em f\u00e1brica na Fran\u00e7a - Motorista.com.br\",\"isPartOf\":{\"@id\":\"https:\\\/\\\/motorista.com.br\\\/noticias\\\/#website\"},\"primaryImageOfPage\":{\"@id\":\"https:\\\/\\\/motorista.com.br\\\/noticias\\\/2025\\\/12\\\/22\\\/renault-lanca-nova-rota-eletrica-em-fabrica-na-franca\\\/#primaryimage\"},\"image\":{\"@id\":\"https:\\\/\\\/motorista.com.br\\\/noticias\\\/2025\\\/12\\\/22\\\/renault-lanca-nova-rota-eletrica-em-fabrica-na-franca\\\/#primaryimage\"},\"thumbnailUrl\":\"https:\\\/\\\/motorista.com.br\\\/noticias\\\/wp-content\\\/uploads\\\/2025\\\/12\\\/Renault-Trucks-Corridor-Blainville-Bour-Lyon-Wilfried-Desveaux-1.jpg\",\"datePublished\":\"2025-12-22T14:42:44+00:00\",\"breadcrumb\":{\"@id\":\"https:\\\/\\\/motorista.com.br\\\/noticias\\\/2025\\\/12\\\/22\\\/renault-lanca-nova-rota-eletrica-em-fabrica-na-franca\\\/#breadcrumb\"},\"inLanguage\":\"pt-BR\",\"potentialAction\":[{\"@type\":\"ReadAction\",\"target\":[\"https:\\\/\\\/motorista.com.br\\\/noticias\\\/2025\\\/12\\\/22\\\/renault-lanca-nova-rota-eletrica-em-fabrica-na-franca\\\/\"]}]},{\"@type\":\"ImageObject\",\"inLanguage\":\"pt-BR\",\"@id\":\"https:\\\/\\\/motorista.com.br\\\/noticias\\\/2025\\\/12\\\/22\\\/renault-lanca-nova-rota-eletrica-em-fabrica-na-franca\\\/#primaryimage\",\"url\":\"https:\\\/\\\/motorista.com.br\\\/noticias\\\/wp-content\\\/uploads\\\/2025\\\/12\\\/Renault-Trucks-Corridor-Blainville-Bour-Lyon-Wilfried-Desveaux-1.jpg\",\"contentUrl\":\"https:\\\/\\\/motorista.com.br\\\/noticias\\\/wp-content\\\/uploads\\\/2025\\\/12\\\/Renault-Trucks-Corridor-Blainville-Bour-Lyon-Wilfried-Desveaux-1.jpg\",\"width\":1200,\"height\":801},{\"@type\":\"BreadcrumbList\",\"@id\":\"https:\\\/\\\/motorista.com.br\\\/noticias\\\/2025\\\/12\\\/22\\\/renault-lanca-nova-rota-eletrica-em-fabrica-na-franca\\\/#breadcrumb\",\"itemListElement\":[{\"@type\":\"ListItem\",\"position\":1,\"name\":\"In\u00edcio\",\"item\":\"https:\\\/\\\/motorista.com.br\\\/noticias\\\/\"},{\"@type\":\"ListItem\",\"position\":2,\"name\":\"Renault lan\u00e7a nova rota el\u00e9trica em f\u00e1brica na Fran\u00e7a\"}]},{\"@type\":\"WebSite\",\"@id\":\"https:\\\/\\\/motorista.com.br\\\/noticias\\\/#website\",\"url\":\"https:\\\/\\\/motorista.com.br\\\/noticias\\\/\",\"name\":\"Motorista.com.br\",\"description\":\"Not\u00edcia do Motorista\",\"publisher\":{\"@id\":\"https:\\\/\\\/motorista.com.br\\\/noticias\\\/#organization\"},\"potentialAction\":[{\"@type\":\"SearchAction\",\"target\":{\"@type\":\"EntryPoint\",\"urlTemplate\":\"https:\\\/\\\/motorista.com.br\\\/noticias\\\/?s={search_term_string}\"},\"query-input\":{\"@type\":\"PropertyValueSpecification\",\"valueRequired\":true,\"valueName\":\"search_term_string\"}}],\"inLanguage\":\"pt-BR\"},{\"@type\":\"Organization\",\"@id\":\"https:\\\/\\\/motorista.com.br\\\/noticias\\\/#organization\",\"name\":\"Motorista.com.br\",\"url\":\"https:\\\/\\\/motorista.com.br\\\/noticias\\\/\",\"logo\":{\"@type\":\"ImageObject\",\"inLanguage\":\"pt-BR\",\"@id\":\"https:\\\/\\\/motorista.com.br\\\/noticias\\\/#\\\/schema\\\/logo\\\/image\\\/\",\"url\":\"https:\\\/\\\/motorista.com.br\\\/noticias\\\/wp-content\\\/uploads\\\/2025\\\/06\\\/Design-sem-nome-9.png\",\"contentUrl\":\"https:\\\/\\\/motorista.com.br\\\/noticias\\\/wp-content\\\/uploads\\\/2025\\\/06\\\/Design-sem-nome-9.png\",\"width\":150,\"height\":85,\"caption\":\"Motorista.com.br\"},\"image\":{\"@id\":\"https:\\\/\\\/motorista.com.br\\\/noticias\\\/#\\\/schema\\\/logo\\\/image\\\/\"}},{\"@type\":\"Person\",\"@id\":\"https:\\\/\\\/motorista.com.br\\\/noticias\\\/#\\\/schema\\\/person\\\/dc93afc2981c0e3ce6bc3c053fd847be\",\"name\":\"Equipe Reda\u00e7\u00e3o\",\"image\":{\"@type\":\"ImageObject\",\"inLanguage\":\"pt-BR\",\"@id\":\"https:\\\/\\\/secure.gravatar.com\\\/avatar\\\/4f525efbf18dd2bb300ccad28bfb99d95a9465a5ba268407c8c37b37e1f28d2d?s=96&d=mm&r=g9e099043a0c61e9ae27e293b9fa75ffc\",\"url\":\"https:\\\/\\\/secure.gravatar.com\\\/avatar\\\/4f525efbf18dd2bb300ccad28bfb99d95a9465a5ba268407c8c37b37e1f28d2d?s=96&d=mm&r=g\",\"contentUrl\":\"https:\\\/\\\/secure.gravatar.com\\\/avatar\\\/4f525efbf18dd2bb300ccad28bfb99d95a9465a5ba268407c8c37b37e1f28d2d?s=96&d=mm&r=g\",\"caption\":\"Equipe Reda\u00e7\u00e3o\"},\"description\":\"Equipe de reda\u00e7\u00e3o \u00e9 um grupo de profissionais que trabalham juntos para criar conte\u00fado escrito para Motorista.com.br\",\"url\":\"https:\\\/\\\/motorista.com.br\\\/noticias\\\/author\\\/equiperedacao\\\/\"}]}<\/script>\n<!-- \/ Yoast SEO Premium plugin. -->","yoast_head_json":{"title":"Renault lan\u00e7a nova rota el\u00e9trica em f\u00e1brica na Fran\u00e7a - Motorista.com.br","robots":{"index":"index","follow":"follow","max-snippet":"max-snippet:-1","max-image-preview":"max-image-preview:large","max-video-preview":"max-video-preview:-1"},"canonical":"https:\/\/motorista.com.br\/noticias\/2025\/12\/22\/renault-lanca-nova-rota-eletrica-em-fabrica-na-franca\/","og_locale":"pt_BR","og_type":"article","og_title":"Renault lan\u00e7a nova rota el\u00e9trica em f\u00e1brica na Fran\u00e7a","og_description":"Renault Inicia Mais Uma Rota El\u00e9trica em F\u00e1brica na Fran\u00e7a Os caminh\u00f5es el\u00e9tricos representam uma inova\u00e7\u00e3o significativa no setor de transportes, e as montadoras est\u00e3o cada vez mais empenhadas em demonstrar suas vantagens pr\u00e1ticas. A Renault Trucks \u00e9 um exemplo claro desse movimento, ao anunciar o lan\u00e7amento de uma nova rota de transporte com caminh\u00f5es &hellip;","og_url":"https:\/\/motorista.com.br\/noticias\/2025\/12\/22\/renault-lanca-nova-rota-eletrica-em-fabrica-na-franca\/","og_site_name":"Motorista.com.br","article_published_time":"2025-12-22T14:42:44+00:00","author":"Equipe Reda\u00e7\u00e3o","twitter_card":"summary_large_image","twitter_misc":{"Escrito por":"Equipe Reda\u00e7\u00e3o","Est. tempo de leitura":"2 minutos","Written by":"Equipe Reda\u00e7\u00e3o"},"schema":{"@context":"https:\/\/schema.org","@graph":[{"@type":"Article","@id":"https:\/\/motorista.com.br\/noticias\/2025\/12\/22\/renault-lanca-nova-rota-eletrica-em-fabrica-na-franca\/#article","isPartOf":{"@id":"https:\/\/motorista.com.br\/noticias\/2025\/12\/22\/renault-lanca-nova-rota-eletrica-em-fabrica-na-franca\/"},"author":{"name":"Equipe Reda\u00e7\u00e3o","@id":"https:\/\/motorista.com.br\/noticias\/#\/schema\/person\/dc93afc2981c0e3ce6bc3c053fd847be"},"headline":"Renault lan\u00e7a nova rota el\u00e9trica em f\u00e1brica na Fran\u00e7a","datePublished":"2025-12-22T14:42:44+00:00","mainEntityOfPage":{"@id":"https:\/\/motorista.com.br\/noticias\/2025\/12\/22\/renault-lanca-nova-rota-eletrica-em-fabrica-na-franca\/"},"wordCount":396,"publisher":{"@id":"https:\/\/motorista.com.br\/noticias\/#organization"},"image":{"@id":"https:\/\/motorista.com.br\/noticias\/2025\/12\/22\/renault-lanca-nova-rota-eletrica-em-fabrica-na-franca\/#primaryimage"},"thumbnailUrl":"https:\/\/motorista.com.br\/noticias\/wp-content\/uploads\/2025\/12\/Renault-Trucks-Corridor-Blainville-Bour-Lyon-Wilfried-Desveaux-1.jpg","articleSection":["Carreteiro","Motorista"],"inLanguage":"pt-BR"},{"@type":"WebPage","@id":"https:\/\/motorista.com.br\/noticias\/2025\/12\/22\/renault-lanca-nova-rota-eletrica-em-fabrica-na-franca\/","url":"https:\/\/motorista.com.br\/noticias\/2025\/12\/22\/renault-lanca-nova-rota-eletrica-em-fabrica-na-franca\/","name":"Renault lan\u00e7a nova rota el\u00e9trica em f\u00e1brica na Fran\u00e7a - Motorista.com.br","isPartOf":{"@id":"https:\/\/motorista.com.br\/noticias\/#website"},"primaryImageOfPage":{"@id":"https:\/\/motorista.com.br\/noticias\/2025\/12\/22\/renault-lanca-nova-rota-eletrica-em-fabrica-na-franca\/#primaryimage"},"image":{"@id":"https:\/\/motorista.com.br\/noticias\/2025\/12\/22\/renault-lanca-nova-rota-eletrica-em-fabrica-na-franca\/#primaryimage"},"thumbnailUrl":"https:\/\/motorista.com.br\/noticias\/wp-content\/uploads\/2025\/12\/Renault-Trucks-Corridor-Blainville-Bour-Lyon-Wilfried-Desveaux-1.jpg","datePublished":"2025-12-22T14:42:44+00:00","breadcrumb":{"@id":"https:\/\/motorista.com.br\/noticias\/2025\/12\/22\/renault-lanca-nova-rota-eletrica-em-fabrica-na-franca\/#breadcrumb"},"inLanguage":"pt-BR","potentialAction":[{"@type":"ReadAction","target":["https:\/\/motorista.com.br\/noticias\/2025\/12\/22\/renault-lanca-nova-rota-eletrica-em-fabrica-na-franca\/"]}]},{"@type":"ImageObject","inLanguage":"pt-BR","@id":"https:\/\/motorista.com.br\/noticias\/2025\/12\/22\/renault-lanca-nova-rota-eletrica-em-fabrica-na-franca\/#primaryimage","url":"https:\/\/motorista.com.br\/noticias\/wp-content\/uploads\/2025\/12\/Renault-Trucks-Corridor-Blainville-Bour-Lyon-Wilfried-Desveaux-1.jpg","contentUrl":"https:\/\/motorista.com.br\/noticias\/wp-content\/uploads\/2025\/12\/Renault-Trucks-Corridor-Blainville-Bour-Lyon-Wilfried-Desveaux-1.jpg","width":1200,"height":801},{"@type":"BreadcrumbList","@id":"https:\/\/motorista.com.br\/noticias\/2025\/12\/22\/renault-lanca-nova-rota-eletrica-em-fabrica-na-franca\/#breadcrumb","itemListElement":[{"@type":"ListItem","position":1,"name":"In\u00edcio","item":"https:\/\/motorista.com.br\/noticias\/"},{"@type":"ListItem","position":2,"name":"Renault lan\u00e7a nova rota el\u00e9trica em f\u00e1brica na Fran\u00e7a"}]},{"@type":"WebSite","@id":"https:\/\/motorista.com.br\/noticias\/#website","url":"https:\/\/motorista.com.br\/noticias\/","name":"Motorista.com.br","description":"Not\u00edcia do Motorista","publisher":{"@id":"https:\/\/motorista.com.br\/noticias\/#organization"},"potentialAction":[{"@type":"SearchAction","target":{"@type":"EntryPoint","urlTemplate":"https:\/\/motorista.com.br\/noticias\/?s={search_term_string}"},"query-input":{"@type":"PropertyValueSpecification","valueRequired":true,"valueName":"search_term_string"}}],"inLanguage":"pt-BR"},{"@type":"Organization","@id":"https:\/\/motorista.com.br\/noticias\/#organization","name":"Motorista.com.br","url":"https:\/\/motorista.com.br\/noticias\/","logo":{"@type":"ImageObject","inLanguage":"pt-BR","@id":"https:\/\/motorista.com.br\/noticias\/#\/schema\/logo\/image\/","url":"https:\/\/motorista.com.br\/noticias\/wp-content\/uploads\/2025\/06\/Design-sem-nome-9.png","contentUrl":"https:\/\/motorista.com.br\/noticias\/wp-content\/uploads\/2025\/06\/Design-sem-nome-9.png","width":150,"height":85,"caption":"Motorista.com.br"},"image":{"@id":"https:\/\/motorista.com.br\/noticias\/#\/schema\/logo\/image\/"}},{"@type":"Person","@id":"https:\/\/motorista.com.br\/noticias\/#\/schema\/person\/dc93afc2981c0e3ce6bc3c053fd847be","name":"Equipe Reda\u00e7\u00e3o","image":{"@type":"ImageObject","inLanguage":"pt-BR","@id":"https:\/\/secure.gravatar.com\/avatar\/4f525efbf18dd2bb300ccad28bfb99d95a9465a5ba268407c8c37b37e1f28d2d?s=96&d=mm&r=g9e099043a0c61e9ae27e293b9fa75ffc","url":"https:\/\/secure.gravatar.com\/avatar\/4f525efbf18dd2bb300ccad28bfb99d95a9465a5ba268407c8c37b37e1f28d2d?s=96&d=mm&r=g","contentUrl":"https:\/\/secure.gravatar.com\/avatar\/4f525efbf18dd2bb300ccad28bfb99d95a9465a5ba268407c8c37b37e1f28d2d?s=96&d=mm&r=g","caption":"Equipe Reda\u00e7\u00e3o"},"description":"Equipe de reda\u00e7\u00e3o \u00e9 um grupo de profissionais que trabalham juntos para criar conte\u00fado escrito para Motorista.com.br","url":"https:\/\/motorista.com.br\/noticias\/author\/equiperedacao\/"}]}},"_links":{"self":[{"href":"https:\/\/motorista.com.br\/noticias\/wp-json\/wp\/v2\/posts\/5356","targetHints":{"allow":["GET"]}}],"collection":[{"href":"https:\/\/motorista.com.br\/noticias\/wp-json\/wp\/v2\/posts"}],"about":[{"href":"https:\/\/motorista.com.br\/noticias\/wp-json\/wp\/v2\/types\/post"}],"author":[{"embeddable":true,"href":"https:\/\/motorista.com.br\/noticias\/wp-json\/wp\/v2\/users\/4"}],"replies":[{"embeddable":true,"href":"https:\/\/motorista.com.br\/noticias\/wp-json\/wp\/v2\/comments?post=5356"}],"version-history":[{"count":0,"href":"https:\/\/motorista.com.br\/noticias\/wp-json\/wp\/v2\/posts\/5356\/revisions"}],"wp:featuredmedia":[{"embeddable":true,"href":"https:\/\/motorista.com.br\/noticias\/wp-json\/wp\/v2\/media\/5357"}],"wp:attachment":[{"href":"https:\/\/motorista.com.br\/noticias\/wp-json\/wp\/v2\/media?parent=5356"}],"wp:term":[{"taxonomy":"category","embeddable":true,"href":"https:\/\/motorista.com.br\/noticias\/wp-json\/wp\/v2\/categories?post=5356"},{"taxonomy":"post_tag","embeddable":true,"href":"https:\/\/motorista.com.br\/noticias\/wp-json\/wp\/v2\/tags?post=5356"},{"taxonomy":"author","embeddable":true,"href":"https:\/\/motorista.com.br\/noticias\/wp-json\/wp\/v2\/coauthors?post=5356"}],"curies":[{"name":"wp","href":"https:\/\/api.w.org\/{rel}","templated":true}]}}