{"id":5354,"date":"2025-12-22T11:08:40","date_gmt":"2025-12-22T14:08:40","guid":{"rendered":"https:\/\/motorista.com.br\/noticias\/2025\/12\/22\/ex-motorista-lanca-app-de-mobilidade-regional-com-tarifa-de-r-1\/"},"modified":"2025-12-22T11:08:40","modified_gmt":"2025-12-22T14:08:40","slug":"ex-motorista-lanca-app-de-mobilidade-regional-com-tarifa-de-r-1","status":"publish","type":"post","link":"https:\/\/motorista.com.br\/noticias\/2025\/12\/22\/ex-motorista-lanca-app-de-mobilidade-regional-com-tarifa-de-r-1\/","title":{"rendered":"Ex-motorista lan\u00e7a app de mobilidade regional com tarifa de R$ 1"},"content":{"rendered":"<p><\/p>\n<div>\n<p>A plataforma regional de mobilidade Arrivo Car foi concebida a partir da viv\u00eancia de seu fundador nas ruas. Douglas Oliveira, de 48 anos, afirma que sua decis\u00e3o de empreender no setor surgiu ap\u00f3s anos como motorista de aplicativo, onde observou de perto as tens\u00f5es entre passageiros, motoristas e as grandes plataformas existentes no mercado.<\/p>\n<p>\u201cFoi necess\u00e1rio viver essa realidade para entender o que realmente precisam os motoristas e como podemos inovar. A pr\u00e1tica \u00e9 essencial para criar algo que funcione\u201d, destaca Oliveira.<\/p>\n<h2 class=\"wp-block-heading\" id=\"h-da-experiencia-como-motorista-a-decisao-de-empreender\">Da experi\u00eancia como motorista \u00e0 decis\u00e3o de empreender<\/h2>\n<p>A trajet\u00f3ria do gestor abrange mais de duas d\u00e9cadas na \u00e1rea de Engenharia de Servi\u00e7os, al\u00e9m de oito anos atuando como motorista. Ele relata: \u201cTrabalhei em uma grande empresa por 27 anos, adquirindo conhecimento em gest\u00e3o que agora utilizo como l\u00edder da minha pr\u00f3pria plataforma.\u201d<\/p>\n<p>Oliveira come\u00e7ou sua jornada no setor atrav\u00e9s da InDrive, passando posteriormente pela 99 e Uber. A ideia de criar sua pr\u00f3pria plataforma come\u00e7ou a se formar ao diversificar os aplicativos que utilizava, identificando problemas significativos nas opera\u00e7\u00f5es existentes: \u201cO ajuste dos valores pagos aos motoristas, especialmente nas categorias superiores, era um reflexo da falta de alinhamento entre o que se faturava e o que se repassava a eles,\u201d observa.<\/p>\n<h2 class=\"wp-block-heading\" id=\"h-lancamento-burocracia-e-a-regulamentacao-local\">Lan\u00e7amento, burocracia e regulamenta\u00e7\u00e3o local<\/h2>\n<p>Ap\u00f3s o desenvolvimento da plataforma, seu lan\u00e7amento enfrentou barreiras burocr\u00e1ticas, exigindo autoriza\u00e7\u00f5es municipais e adequa\u00e7\u00f5es legais. \u201cEsse momento foi delicado, pois, ap\u00f3s o preparo t\u00e9cnico do aplicativo, busquei as regulamenta\u00e7\u00f5es necess\u00e1rias, num verdadeiro campo minado,\u201d conta.<\/p>\n<p>A Arrivo Car atua na Regi\u00e3o Metropolitana de Campinas (SP), onde teve que se adequar a exig\u00eancias espec\u00edficas para operar. \u201cA conversa com a Prefeitura e a Secretaria de Mobilidade foi crucial para obter as licen\u00e7as necess\u00e1rias,\u201d celebra.<\/p>\n<h2 class=\"wp-block-heading\" id=\"h-um-investimento-como-estrategia\">Um investimento como estrat\u00e9gia<\/h2>\n<p>Segundo Oliveira, os altos custos com publicidade tradicional podem ser um grande obst\u00e1culo para plataformas regionais. Para contornar isso, ele optou por investir em marketing local: \u201cNo primeiro m\u00eas, apliquei cerca de R$ 20 mil em panfletos e cart\u00f5es de visita, e o investimento total foi em torno de R$ 80 mil.\u201d<\/p>\n<p>O retorno financeiro foi r\u00e1pido, levando apenas seis meses para recuperar o investimento inicial.<\/p>\n<h2 class=\"wp-block-heading\" id=\"h-entre-a-expansao-territorial-e-a-consolidacao-regional\">Entre a expans\u00e3o territorial e a consolida\u00e7\u00e3o regional<\/h2>\n<p>Atualmente, o Arrivo Car j\u00e1 opera em v\u00e1rias cidades da regi\u00e3o, como Campinas, Hortol\u00e2ndia, e Sumar\u00e9, e planeja expandir ainda mais at\u00e9 2026, com o objetivo de somar 20 cidades no seu portf\u00f3lio.<\/p>\n<p>O nome \u201cArrivo\u201d foi escolhido com um significado especial, remetendo ao italiano: \u201csignifica \u2018me aguarde\u2019, \u2018estou indo\u2019.\u201d<\/p>\n<h2 class=\"wp-block-heading\" id=\"h-operacao-de-uma-plataforma-local\">Opera\u00e7\u00e3o de uma plataforma local<\/h2>\n<p>Com cerca de 1.200 motoristas ativos e 8 mil usu\u00e1rios, Oliveira considera que os resultados s\u00e3o significativos para apenas 8 meses de opera\u00e7\u00e3o. Apesar disso, ele admite que ainda \u00e9 necess\u00e1rio aumentar o volume mensal de corridas, que \u00e9 de aproximadamente 5 mil a 6 mil.<\/p>\n<p>Os motoristas t\u00eam a op\u00e7\u00e3o de receber pagamentos diretamente de passageiros em dinheiro ou via Pix, ou por meio do aplicativo. A plataforma mant\u00e9m uma estrutura que permite ao motorista sacar pagamentos ap\u00f3s algumas horas das corridas realizadas.<\/p>\n<h2 class=\"wp-block-heading\" id=\"h-taxa-fixa-de-r-1-por-corrida\">Taxa fixa de R$ 1 por corrida<\/h2>\n<p>A principal diferen\u00e7a do Arrivo Car reside na sua taxa de cobran\u00e7a, um valor fixo de R$ 1 por corrida na categoria Economy, mantendo essa estrutura em um mercado onde as taxas podem variar significativamente. \u201cEnquanto plataformas maiores ret\u00eam at\u00e9 30% em tarifas din\u00e2micas, aqui, o motorista mant\u00e9m a maior parte do faturamento,\u201d compara.<\/p>\n<p>Oliveira deixa claro que o foco n\u00e3o \u00e9 lucro imediato, mas sim aumentar o volume de corridas e a satisfa\u00e7\u00e3o dos motoristas.<\/p>\n<h2 class=\"wp-block-heading\" id=\"h-a-visao-do-futuro-no-setor-de-um-gestor-regional\">A vis\u00e3o do futuro no setor de um gestor regional<\/h2>\n<p>Para os pr\u00f3ximos anos, o gestor tem como objetivo firmar parcerias comerciais que viabilizem monetiza\u00e7\u00e3o atrav\u00e9s de publicidade interna, al\u00e9m de aprimorar o atendimento ao motorista. \u201cA central \u00e9 sempre atendida por humanos, o que garante um suporte mais pr\u00f3ximo e eficiente,\u201d ressalta.<\/p>\n<p>Al\u00e9m disso, para atender \u00e0s exig\u00eancias locais, a Arrivo Car fornece QR Codes que facilitam a regulamenta\u00e7\u00e3o dos ve\u00edculos, um diferencial significativo que demonstra um compromisso com a formalidade e seguran\u00e7a do servi\u00e7o.<\/p>\n<\/div>\n<p><strong>Fonte: motorista<\/strong><\/p>\n","protected":false},"excerpt":{"rendered":"<p>A plataforma regional de mobilidade Arrivo Car foi concebida a partir da viv\u00eancia de seu fundador nas ruas. Douglas Oliveira, de 48 anos, afirma que sua decis\u00e3o de empreender no setor surgiu ap\u00f3s anos como motorista de aplicativo, onde observou de perto as tens\u00f5es entre passageiros, motoristas e as grandes plataformas existentes no mercado. \u201cFoi &hellip;<\/p>\n","protected":false},"author":4,"featured_media":5355,"comment_status":"","ping_status":"open","sticky":false,"template":"","format":"standard","meta":{"footnotes":""},"categories":[49,77],"tags":[],"coauthors":[42],"class_list":["post-5354","post","type-post","status-publish","format-standard","has-post-thumbnail","hentry","category-aplicativos","category-motorista"],"yoast_head":"<!-- This site is optimized with the Yoast SEO Premium plugin v25.5 (Yoast SEO v27.4) - https:\/\/yoast.com\/product\/yoast-seo-premium-wordpress\/ -->\n<title>Ex-motorista lan\u00e7a app de mobilidade regional com tarifa de R$ 1 - Motorista.com.br<\/title>\n<meta name=\"robots\" content=\"index, follow, max-snippet:-1, max-image-preview:large, max-video-preview:-1\" \/>\n<link rel=\"canonical\" href=\"https:\/\/motorista.com.br\/noticias\/2025\/12\/22\/ex-motorista-lanca-app-de-mobilidade-regional-com-tarifa-de-r-1\/\" \/>\n<meta property=\"og:locale\" content=\"pt_BR\" \/>\n<meta property=\"og:type\" content=\"article\" \/>\n<meta property=\"og:title\" content=\"Ex-motorista lan\u00e7a app de mobilidade regional com tarifa de R$ 1\" \/>\n<meta property=\"og:description\" content=\"A plataforma regional de mobilidade Arrivo Car foi concebida a partir da viv\u00eancia de seu fundador nas ruas. Douglas Oliveira, de 48 anos, afirma que sua decis\u00e3o de empreender no setor surgiu ap\u00f3s anos como motorista de aplicativo, onde observou de perto as tens\u00f5es entre passageiros, motoristas e as grandes plataformas existentes no mercado. \u201cFoi &hellip;\" \/>\n<meta property=\"og:url\" content=\"https:\/\/motorista.com.br\/noticias\/2025\/12\/22\/ex-motorista-lanca-app-de-mobilidade-regional-com-tarifa-de-r-1\/\" \/>\n<meta property=\"og:site_name\" content=\"Motorista.com.br\" \/>\n<meta property=\"article:published_time\" content=\"2025-12-22T14:08:40+00:00\" \/>\n<meta name=\"author\" content=\"Equipe Reda\u00e7\u00e3o\" \/>\n<meta name=\"twitter:card\" content=\"summary_large_image\" \/>\n<meta name=\"twitter:label1\" content=\"Escrito por\" \/>\n\t<meta name=\"twitter:data1\" content=\"Equipe Reda\u00e7\u00e3o\" \/>\n\t<meta name=\"twitter:label2\" content=\"Est. tempo de leitura\" \/>\n\t<meta name=\"twitter:data2\" content=\"4 minutos\" \/>\n\t<meta name=\"twitter:label3\" content=\"Written by\" \/>\n\t<meta name=\"twitter:data3\" content=\"Equipe Reda\u00e7\u00e3o\" \/>\n<script type=\"application\/ld+json\" class=\"yoast-schema-graph\">{\"@context\":\"https:\\\/\\\/schema.org\",\"@graph\":[{\"@type\":\"Article\",\"@id\":\"https:\\\/\\\/motorista.com.br\\\/noticias\\\/2025\\\/12\\\/22\\\/ex-motorista-lanca-app-de-mobilidade-regional-com-tarifa-de-r-1\\\/#article\",\"isPartOf\":{\"@id\":\"https:\\\/\\\/motorista.com.br\\\/noticias\\\/2025\\\/12\\\/22\\\/ex-motorista-lanca-app-de-mobilidade-regional-com-tarifa-de-r-1\\\/\"},\"author\":{\"name\":\"Equipe Reda\u00e7\u00e3o\",\"@id\":\"https:\\\/\\\/motorista.com.br\\\/noticias\\\/#\\\/schema\\\/person\\\/dc93afc2981c0e3ce6bc3c053fd847be\"},\"headline\":\"Ex-motorista lan\u00e7a app de mobilidade regional com tarifa de R$ 1\",\"datePublished\":\"2025-12-22T14:08:40+00:00\",\"mainEntityOfPage\":{\"@id\":\"https:\\\/\\\/motorista.com.br\\\/noticias\\\/2025\\\/12\\\/22\\\/ex-motorista-lanca-app-de-mobilidade-regional-com-tarifa-de-r-1\\\/\"},\"wordCount\":736,\"publisher\":{\"@id\":\"https:\\\/\\\/motorista.com.br\\\/noticias\\\/#organization\"},\"image\":{\"@id\":\"https:\\\/\\\/motorista.com.br\\\/noticias\\\/2025\\\/12\\\/22\\\/ex-motorista-lanca-app-de-mobilidade-regional-com-tarifa-de-r-1\\\/#primaryimage\"},\"thumbnailUrl\":\"https:\\\/\\\/motorista.com.br\\\/noticias\\\/wp-content\\\/uploads\\\/2025\\\/12\\\/PHOTO-2025-12-18-11-58-15-e1766406106117.jpg\",\"articleSection\":[\"Aplicativos\",\"Motorista\"],\"inLanguage\":\"pt-BR\"},{\"@type\":\"WebPage\",\"@id\":\"https:\\\/\\\/motorista.com.br\\\/noticias\\\/2025\\\/12\\\/22\\\/ex-motorista-lanca-app-de-mobilidade-regional-com-tarifa-de-r-1\\\/\",\"url\":\"https:\\\/\\\/motorista.com.br\\\/noticias\\\/2025\\\/12\\\/22\\\/ex-motorista-lanca-app-de-mobilidade-regional-com-tarifa-de-r-1\\\/\",\"name\":\"Ex-motorista lan\u00e7a app de mobilidade regional com tarifa de R$ 1 - Motorista.com.br\",\"isPartOf\":{\"@id\":\"https:\\\/\\\/motorista.com.br\\\/noticias\\\/#website\"},\"primaryImageOfPage\":{\"@id\":\"https:\\\/\\\/motorista.com.br\\\/noticias\\\/2025\\\/12\\\/22\\\/ex-motorista-lanca-app-de-mobilidade-regional-com-tarifa-de-r-1\\\/#primaryimage\"},\"image\":{\"@id\":\"https:\\\/\\\/motorista.com.br\\\/noticias\\\/2025\\\/12\\\/22\\\/ex-motorista-lanca-app-de-mobilidade-regional-com-tarifa-de-r-1\\\/#primaryimage\"},\"thumbnailUrl\":\"https:\\\/\\\/motorista.com.br\\\/noticias\\\/wp-content\\\/uploads\\\/2025\\\/12\\\/PHOTO-2025-12-18-11-58-15-e1766406106117.jpg\",\"datePublished\":\"2025-12-22T14:08:40+00:00\",\"breadcrumb\":{\"@id\":\"https:\\\/\\\/motorista.com.br\\\/noticias\\\/2025\\\/12\\\/22\\\/ex-motorista-lanca-app-de-mobilidade-regional-com-tarifa-de-r-1\\\/#breadcrumb\"},\"inLanguage\":\"pt-BR\",\"potentialAction\":[{\"@type\":\"ReadAction\",\"target\":[\"https:\\\/\\\/motorista.com.br\\\/noticias\\\/2025\\\/12\\\/22\\\/ex-motorista-lanca-app-de-mobilidade-regional-com-tarifa-de-r-1\\\/\"]}]},{\"@type\":\"ImageObject\",\"inLanguage\":\"pt-BR\",\"@id\":\"https:\\\/\\\/motorista.com.br\\\/noticias\\\/2025\\\/12\\\/22\\\/ex-motorista-lanca-app-de-mobilidade-regional-com-tarifa-de-r-1\\\/#primaryimage\",\"url\":\"https:\\\/\\\/motorista.com.br\\\/noticias\\\/wp-content\\\/uploads\\\/2025\\\/12\\\/PHOTO-2025-12-18-11-58-15-e1766406106117.jpg\",\"contentUrl\":\"https:\\\/\\\/motorista.com.br\\\/noticias\\\/wp-content\\\/uploads\\\/2025\\\/12\\\/PHOTO-2025-12-18-11-58-15-e1766406106117.jpg\",\"width\":1080,\"height\":716},{\"@type\":\"BreadcrumbList\",\"@id\":\"https:\\\/\\\/motorista.com.br\\\/noticias\\\/2025\\\/12\\\/22\\\/ex-motorista-lanca-app-de-mobilidade-regional-com-tarifa-de-r-1\\\/#breadcrumb\",\"itemListElement\":[{\"@type\":\"ListItem\",\"position\":1,\"name\":\"In\u00edcio\",\"item\":\"https:\\\/\\\/motorista.com.br\\\/noticias\\\/\"},{\"@type\":\"ListItem\",\"position\":2,\"name\":\"Ex-motorista lan\u00e7a app de mobilidade regional com tarifa de R$ 1\"}]},{\"@type\":\"WebSite\",\"@id\":\"https:\\\/\\\/motorista.com.br\\\/noticias\\\/#website\",\"url\":\"https:\\\/\\\/motorista.com.br\\\/noticias\\\/\",\"name\":\"Motorista.com.br\",\"description\":\"Not\u00edcia do Motorista\",\"publisher\":{\"@id\":\"https:\\\/\\\/motorista.com.br\\\/noticias\\\/#organization\"},\"potentialAction\":[{\"@type\":\"SearchAction\",\"target\":{\"@type\":\"EntryPoint\",\"urlTemplate\":\"https:\\\/\\\/motorista.com.br\\\/noticias\\\/?s={search_term_string}\"},\"query-input\":{\"@type\":\"PropertyValueSpecification\",\"valueRequired\":true,\"valueName\":\"search_term_string\"}}],\"inLanguage\":\"pt-BR\"},{\"@type\":\"Organization\",\"@id\":\"https:\\\/\\\/motorista.com.br\\\/noticias\\\/#organization\",\"name\":\"Motorista.com.br\",\"url\":\"https:\\\/\\\/motorista.com.br\\\/noticias\\\/\",\"logo\":{\"@type\":\"ImageObject\",\"inLanguage\":\"pt-BR\",\"@id\":\"https:\\\/\\\/motorista.com.br\\\/noticias\\\/#\\\/schema\\\/logo\\\/image\\\/\",\"url\":\"https:\\\/\\\/motorista.com.br\\\/noticias\\\/wp-content\\\/uploads\\\/2025\\\/06\\\/Design-sem-nome-9.png\",\"contentUrl\":\"https:\\\/\\\/motorista.com.br\\\/noticias\\\/wp-content\\\/uploads\\\/2025\\\/06\\\/Design-sem-nome-9.png\",\"width\":150,\"height\":85,\"caption\":\"Motorista.com.br\"},\"image\":{\"@id\":\"https:\\\/\\\/motorista.com.br\\\/noticias\\\/#\\\/schema\\\/logo\\\/image\\\/\"}},{\"@type\":\"Person\",\"@id\":\"https:\\\/\\\/motorista.com.br\\\/noticias\\\/#\\\/schema\\\/person\\\/dc93afc2981c0e3ce6bc3c053fd847be\",\"name\":\"Equipe Reda\u00e7\u00e3o\",\"image\":{\"@type\":\"ImageObject\",\"inLanguage\":\"pt-BR\",\"@id\":\"https:\\\/\\\/secure.gravatar.com\\\/avatar\\\/4f525efbf18dd2bb300ccad28bfb99d95a9465a5ba268407c8c37b37e1f28d2d?s=96&d=mm&r=g9e099043a0c61e9ae27e293b9fa75ffc\",\"url\":\"https:\\\/\\\/secure.gravatar.com\\\/avatar\\\/4f525efbf18dd2bb300ccad28bfb99d95a9465a5ba268407c8c37b37e1f28d2d?s=96&d=mm&r=g\",\"contentUrl\":\"https:\\\/\\\/secure.gravatar.com\\\/avatar\\\/4f525efbf18dd2bb300ccad28bfb99d95a9465a5ba268407c8c37b37e1f28d2d?s=96&d=mm&r=g\",\"caption\":\"Equipe Reda\u00e7\u00e3o\"},\"description\":\"Equipe de reda\u00e7\u00e3o \u00e9 um grupo de profissionais que trabalham juntos para criar conte\u00fado escrito para Motorista.com.br\",\"url\":\"https:\\\/\\\/motorista.com.br\\\/noticias\\\/author\\\/equiperedacao\\\/\"}]}<\/script>\n<!-- \/ Yoast SEO Premium plugin. -->","yoast_head_json":{"title":"Ex-motorista lan\u00e7a app de mobilidade regional com tarifa de R$ 1 - Motorista.com.br","robots":{"index":"index","follow":"follow","max-snippet":"max-snippet:-1","max-image-preview":"max-image-preview:large","max-video-preview":"max-video-preview:-1"},"canonical":"https:\/\/motorista.com.br\/noticias\/2025\/12\/22\/ex-motorista-lanca-app-de-mobilidade-regional-com-tarifa-de-r-1\/","og_locale":"pt_BR","og_type":"article","og_title":"Ex-motorista lan\u00e7a app de mobilidade regional com tarifa de R$ 1","og_description":"A plataforma regional de mobilidade Arrivo Car foi concebida a partir da viv\u00eancia de seu fundador nas ruas. Douglas Oliveira, de 48 anos, afirma que sua decis\u00e3o de empreender no setor surgiu ap\u00f3s anos como motorista de aplicativo, onde observou de perto as tens\u00f5es entre passageiros, motoristas e as grandes plataformas existentes no mercado. \u201cFoi &hellip;","og_url":"https:\/\/motorista.com.br\/noticias\/2025\/12\/22\/ex-motorista-lanca-app-de-mobilidade-regional-com-tarifa-de-r-1\/","og_site_name":"Motorista.com.br","article_published_time":"2025-12-22T14:08:40+00:00","author":"Equipe Reda\u00e7\u00e3o","twitter_card":"summary_large_image","twitter_misc":{"Escrito por":"Equipe Reda\u00e7\u00e3o","Est. tempo de leitura":"4 minutos","Written by":"Equipe Reda\u00e7\u00e3o"},"schema":{"@context":"https:\/\/schema.org","@graph":[{"@type":"Article","@id":"https:\/\/motorista.com.br\/noticias\/2025\/12\/22\/ex-motorista-lanca-app-de-mobilidade-regional-com-tarifa-de-r-1\/#article","isPartOf":{"@id":"https:\/\/motorista.com.br\/noticias\/2025\/12\/22\/ex-motorista-lanca-app-de-mobilidade-regional-com-tarifa-de-r-1\/"},"author":{"name":"Equipe Reda\u00e7\u00e3o","@id":"https:\/\/motorista.com.br\/noticias\/#\/schema\/person\/dc93afc2981c0e3ce6bc3c053fd847be"},"headline":"Ex-motorista lan\u00e7a app de mobilidade regional com tarifa de R$ 1","datePublished":"2025-12-22T14:08:40+00:00","mainEntityOfPage":{"@id":"https:\/\/motorista.com.br\/noticias\/2025\/12\/22\/ex-motorista-lanca-app-de-mobilidade-regional-com-tarifa-de-r-1\/"},"wordCount":736,"publisher":{"@id":"https:\/\/motorista.com.br\/noticias\/#organization"},"image":{"@id":"https:\/\/motorista.com.br\/noticias\/2025\/12\/22\/ex-motorista-lanca-app-de-mobilidade-regional-com-tarifa-de-r-1\/#primaryimage"},"thumbnailUrl":"https:\/\/motorista.com.br\/noticias\/wp-content\/uploads\/2025\/12\/PHOTO-2025-12-18-11-58-15-e1766406106117.jpg","articleSection":["Aplicativos","Motorista"],"inLanguage":"pt-BR"},{"@type":"WebPage","@id":"https:\/\/motorista.com.br\/noticias\/2025\/12\/22\/ex-motorista-lanca-app-de-mobilidade-regional-com-tarifa-de-r-1\/","url":"https:\/\/motorista.com.br\/noticias\/2025\/12\/22\/ex-motorista-lanca-app-de-mobilidade-regional-com-tarifa-de-r-1\/","name":"Ex-motorista lan\u00e7a app de mobilidade regional com tarifa de R$ 1 - Motorista.com.br","isPartOf":{"@id":"https:\/\/motorista.com.br\/noticias\/#website"},"primaryImageOfPage":{"@id":"https:\/\/motorista.com.br\/noticias\/2025\/12\/22\/ex-motorista-lanca-app-de-mobilidade-regional-com-tarifa-de-r-1\/#primaryimage"},"image":{"@id":"https:\/\/motorista.com.br\/noticias\/2025\/12\/22\/ex-motorista-lanca-app-de-mobilidade-regional-com-tarifa-de-r-1\/#primaryimage"},"thumbnailUrl":"https:\/\/motorista.com.br\/noticias\/wp-content\/uploads\/2025\/12\/PHOTO-2025-12-18-11-58-15-e1766406106117.jpg","datePublished":"2025-12-22T14:08:40+00:00","breadcrumb":{"@id":"https:\/\/motorista.com.br\/noticias\/2025\/12\/22\/ex-motorista-lanca-app-de-mobilidade-regional-com-tarifa-de-r-1\/#breadcrumb"},"inLanguage":"pt-BR","potentialAction":[{"@type":"ReadAction","target":["https:\/\/motorista.com.br\/noticias\/2025\/12\/22\/ex-motorista-lanca-app-de-mobilidade-regional-com-tarifa-de-r-1\/"]}]},{"@type":"ImageObject","inLanguage":"pt-BR","@id":"https:\/\/motorista.com.br\/noticias\/2025\/12\/22\/ex-motorista-lanca-app-de-mobilidade-regional-com-tarifa-de-r-1\/#primaryimage","url":"https:\/\/motorista.com.br\/noticias\/wp-content\/uploads\/2025\/12\/PHOTO-2025-12-18-11-58-15-e1766406106117.jpg","contentUrl":"https:\/\/motorista.com.br\/noticias\/wp-content\/uploads\/2025\/12\/PHOTO-2025-12-18-11-58-15-e1766406106117.jpg","width":1080,"height":716},{"@type":"BreadcrumbList","@id":"https:\/\/motorista.com.br\/noticias\/2025\/12\/22\/ex-motorista-lanca-app-de-mobilidade-regional-com-tarifa-de-r-1\/#breadcrumb","itemListElement":[{"@type":"ListItem","position":1,"name":"In\u00edcio","item":"https:\/\/motorista.com.br\/noticias\/"},{"@type":"ListItem","position":2,"name":"Ex-motorista lan\u00e7a app de mobilidade regional com tarifa de R$ 1"}]},{"@type":"WebSite","@id":"https:\/\/motorista.com.br\/noticias\/#website","url":"https:\/\/motorista.com.br\/noticias\/","name":"Motorista.com.br","description":"Not\u00edcia do Motorista","publisher":{"@id":"https:\/\/motorista.com.br\/noticias\/#organization"},"potentialAction":[{"@type":"SearchAction","target":{"@type":"EntryPoint","urlTemplate":"https:\/\/motorista.com.br\/noticias\/?s={search_term_string}"},"query-input":{"@type":"PropertyValueSpecification","valueRequired":true,"valueName":"search_term_string"}}],"inLanguage":"pt-BR"},{"@type":"Organization","@id":"https:\/\/motorista.com.br\/noticias\/#organization","name":"Motorista.com.br","url":"https:\/\/motorista.com.br\/noticias\/","logo":{"@type":"ImageObject","inLanguage":"pt-BR","@id":"https:\/\/motorista.com.br\/noticias\/#\/schema\/logo\/image\/","url":"https:\/\/motorista.com.br\/noticias\/wp-content\/uploads\/2025\/06\/Design-sem-nome-9.png","contentUrl":"https:\/\/motorista.com.br\/noticias\/wp-content\/uploads\/2025\/06\/Design-sem-nome-9.png","width":150,"height":85,"caption":"Motorista.com.br"},"image":{"@id":"https:\/\/motorista.com.br\/noticias\/#\/schema\/logo\/image\/"}},{"@type":"Person","@id":"https:\/\/motorista.com.br\/noticias\/#\/schema\/person\/dc93afc2981c0e3ce6bc3c053fd847be","name":"Equipe Reda\u00e7\u00e3o","image":{"@type":"ImageObject","inLanguage":"pt-BR","@id":"https:\/\/secure.gravatar.com\/avatar\/4f525efbf18dd2bb300ccad28bfb99d95a9465a5ba268407c8c37b37e1f28d2d?s=96&d=mm&r=g9e099043a0c61e9ae27e293b9fa75ffc","url":"https:\/\/secure.gravatar.com\/avatar\/4f525efbf18dd2bb300ccad28bfb99d95a9465a5ba268407c8c37b37e1f28d2d?s=96&d=mm&r=g","contentUrl":"https:\/\/secure.gravatar.com\/avatar\/4f525efbf18dd2bb300ccad28bfb99d95a9465a5ba268407c8c37b37e1f28d2d?s=96&d=mm&r=g","caption":"Equipe Reda\u00e7\u00e3o"},"description":"Equipe de reda\u00e7\u00e3o \u00e9 um grupo de profissionais que trabalham juntos para criar conte\u00fado escrito para Motorista.com.br","url":"https:\/\/motorista.com.br\/noticias\/author\/equiperedacao\/"}]}},"_links":{"self":[{"href":"https:\/\/motorista.com.br\/noticias\/wp-json\/wp\/v2\/posts\/5354","targetHints":{"allow":["GET"]}}],"collection":[{"href":"https:\/\/motorista.com.br\/noticias\/wp-json\/wp\/v2\/posts"}],"about":[{"href":"https:\/\/motorista.com.br\/noticias\/wp-json\/wp\/v2\/types\/post"}],"author":[{"embeddable":true,"href":"https:\/\/motorista.com.br\/noticias\/wp-json\/wp\/v2\/users\/4"}],"replies":[{"embeddable":true,"href":"https:\/\/motorista.com.br\/noticias\/wp-json\/wp\/v2\/comments?post=5354"}],"version-history":[{"count":0,"href":"https:\/\/motorista.com.br\/noticias\/wp-json\/wp\/v2\/posts\/5354\/revisions"}],"wp:featuredmedia":[{"embeddable":true,"href":"https:\/\/motorista.com.br\/noticias\/wp-json\/wp\/v2\/media\/5355"}],"wp:attachment":[{"href":"https:\/\/motorista.com.br\/noticias\/wp-json\/wp\/v2\/media?parent=5354"}],"wp:term":[{"taxonomy":"category","embeddable":true,"href":"https:\/\/motorista.com.br\/noticias\/wp-json\/wp\/v2\/categories?post=5354"},{"taxonomy":"post_tag","embeddable":true,"href":"https:\/\/motorista.com.br\/noticias\/wp-json\/wp\/v2\/tags?post=5354"},{"taxonomy":"author","embeddable":true,"href":"https:\/\/motorista.com.br\/noticias\/wp-json\/wp\/v2\/coauthors?post=5354"}],"curies":[{"name":"wp","href":"https:\/\/api.w.org\/{rel}","templated":true}]}}