{"id":5343,"date":"2025-12-21T15:30:56","date_gmt":"2025-12-21T18:30:56","guid":{"rendered":"https:\/\/motorista.com.br\/noticias\/2025\/12\/21\/governo-busca-aumentar-receita-para-fortalecer-orcamento-de-2026\/"},"modified":"2025-12-21T15:30:56","modified_gmt":"2025-12-21T18:30:56","slug":"governo-busca-aumentar-receita-para-fortalecer-orcamento-de-2026","status":"publish","type":"post","link":"https:\/\/motorista.com.br\/noticias\/2025\/12\/21\/governo-busca-aumentar-receita-para-fortalecer-orcamento-de-2026\/","title":{"rendered":"Governo busca aumentar receita para fortalecer Or\u00e7amento de 2026."},"content":{"rendered":"<p><\/p>\n<p><strong>Governo aposta em receitas extras para refor\u00e7ar Or\u00e7amento em 2026<\/strong><\/p>\n<p>Aprovado nesta sexta-feira (19) pelo Congresso, o Or\u00e7amento Geral da Uni\u00e3o de 2026 traz medidas adicionais, ainda n\u00e3o inclu\u00eddas no texto, com o intuito de fortalecer o caixa do governo e garantir o cumprimento da meta fiscal de super\u00e1vit de R$ 34,3 bilh\u00f5es no pr\u00f3ximo ano. <\/p>\n<p>Entre as estrat\u00e9gias propostas est\u00e3o a aprova\u00e7\u00e3o do projeto sobre devedores contumazes, a aplica\u00e7\u00e3o de Imposto sobre Opera\u00e7\u00f5es Financeiras (IOF) sobre criptoativos e renegocia\u00e7\u00f5es com devedores da Uni\u00e3o. O ministro da Fazenda, Fernando Haddad, durante um encontro com jornalistas, ressaltou que essas medidas t\u00eam grande potencial de arrecada\u00e7\u00e3o e podem ajudar a equilibrar as contas p\u00fablicas.<\/p>\n<p>Embora a equipe econ\u00f4mica tenha planejado arrecadar cerca de R$ 30 bilh\u00f5es com cortes de benef\u00edcios fiscais e aumentos de tributos, as proje\u00e7\u00f5es indicam que o resultado final pode ficar em torno de R$ 22,4 bilh\u00f5es em 2026. Haddad, ao defender a viabilidade do or\u00e7amento, ressaltou que o novo arcabou\u00e7o fiscal permite ao governo atingir o super\u00e1vit ao considerar uma margem de toler\u00e2ncia.<\/p>\n<p>Um destaque importante \u00e9 a proposta de enfrentar os devedores contumazes, que utilizam a inadimpl\u00eancia tribut\u00e1ria como um modelo comercial. A expectativa \u00e9 que a arrecada\u00e7\u00e3o derivada dessa medida compense as frustra\u00e7\u00f5es de receita causadas por mudan\u00e7as nas propostas originais. A redu\u00e7\u00e3o de benef\u00edcios fiscais e o aumento de tributos em certas \u00e1reas s\u00e3o passos que podem afetar diretamente o dinamismo econ\u00f4mico e a mobilidade financeira, refletindo nas pr\u00e1ticas de investimento e contrata\u00e7\u00e3o de servi\u00e7os.<\/p>\n<p>Al\u00e9m das medidas sobre devedores, a regulamenta\u00e7\u00e3o da tributa\u00e7\u00e3o sobre criptoativos e o aumento do Imposto de Importa\u00e7\u00e3o tamb\u00e9m s\u00e3o alternativas que podem ter impacto significativo. Tais a\u00e7\u00f5es visam garantir uma base de receita mais s\u00f3lida e previs\u00edvel, essencial para a sa\u00fade financeira do pa\u00eds.<\/p>\n<p>O ministro ainda enfatizou a necessidade de um esfor\u00e7o concentrado para se reequilibrar as contas p\u00fablicas, destacando que o governo iria trabalhar com um \u201cmapa de possibilidades\u201d que vai al\u00e9m das medidas j\u00e1 discutidas. Cr\u00edticas ao passado foram rejeitadas pela equipe, que defendeu a inclus\u00e3o de propostas ainda n\u00e3o aprovadas como essenciais para o sucesso or\u00e7ament\u00e1rio.<\/p>\n<p>Essas iniciativas n\u00e3o apenas visam corrigir as contas do governo, mas tamb\u00e9m podem fortalecer a mobilidade econ\u00f4mica ao impulsionar investimentos e otimizar recursos. Para os motoristas, essas mudan\u00e7as podem refletir-se em maior efic\u00e1cia nos servi\u00e7os de transporte e melhor infraestrutura, proporcionando um ambiente mais favor\u00e1vel \u00e0 circula\u00e7\u00e3o e \u00e0 economia local.<\/p>\n<p>Observando as discuss\u00f5es em torno deste or\u00e7amento, \u00e9 poss\u00edvel identificar uma interconex\u00e3o entre a sa\u00fade fiscal do governo e o impacto direto nas opera\u00e7\u00f5es di\u00e1rias dos motoristas. Um or\u00e7amento equilibrado promove a estabilidade, que \u00e9 crucial para o desenvolvimento de pol\u00edticas p\u00fablicas a favor da mobilidade e da infraestrutura.<\/p>\n<p><em>Fonte: Money Times<\/em><\/p>\n","protected":false},"excerpt":{"rendered":"<p>Governo aposta em receitas extras para refor\u00e7ar Or\u00e7amento em 2026 Aprovado nesta sexta-feira (19) pelo Congresso, o Or\u00e7amento Geral da Uni\u00e3o de 2026 traz medidas adicionais, ainda n\u00e3o inclu\u00eddas no texto, com o intuito de fortalecer o caixa do governo e garantir o cumprimento da meta fiscal de super\u00e1vit de R$ 34,3 bilh\u00f5es no pr\u00f3ximo &hellip;<\/p>\n","protected":false},"author":4,"featured_media":5344,"comment_status":"","ping_status":"open","sticky":false,"template":"","format":"standard","meta":{"footnotes":""},"categories":[61],"tags":[],"coauthors":[42],"class_list":["post-5343","post","type-post","status-publish","format-standard","has-post-thumbnail","hentry","category-mercado-financeiro"],"yoast_head":"<!-- This site is optimized with the Yoast SEO Premium plugin v25.5 (Yoast SEO v27.4) - https:\/\/yoast.com\/product\/yoast-seo-premium-wordpress\/ -->\n<title>Governo busca aumentar receita para fortalecer Or\u00e7amento de 2026. - Motorista.com.br<\/title>\n<meta name=\"robots\" content=\"index, follow, max-snippet:-1, max-image-preview:large, max-video-preview:-1\" \/>\n<link rel=\"canonical\" href=\"https:\/\/motorista.com.br\/noticias\/2025\/12\/21\/governo-busca-aumentar-receita-para-fortalecer-orcamento-de-2026\/\" \/>\n<meta property=\"og:locale\" content=\"pt_BR\" \/>\n<meta property=\"og:type\" content=\"article\" \/>\n<meta property=\"og:title\" content=\"Governo busca aumentar receita para fortalecer Or\u00e7amento de 2026.\" \/>\n<meta property=\"og:description\" content=\"Governo aposta em receitas extras para refor\u00e7ar Or\u00e7amento em 2026 Aprovado nesta sexta-feira (19) pelo Congresso, o Or\u00e7amento Geral da Uni\u00e3o de 2026 traz medidas adicionais, ainda n\u00e3o inclu\u00eddas no texto, com o intuito de fortalecer o caixa do governo e garantir o cumprimento da meta fiscal de super\u00e1vit de R$ 34,3 bilh\u00f5es no pr\u00f3ximo &hellip;\" \/>\n<meta property=\"og:url\" content=\"https:\/\/motorista.com.br\/noticias\/2025\/12\/21\/governo-busca-aumentar-receita-para-fortalecer-orcamento-de-2026\/\" \/>\n<meta property=\"og:site_name\" content=\"Motorista.com.br\" \/>\n<meta property=\"article:published_time\" content=\"2025-12-21T18:30:56+00:00\" \/>\n<meta name=\"author\" content=\"Equipe Reda\u00e7\u00e3o\" \/>\n<meta name=\"twitter:card\" content=\"summary_large_image\" \/>\n<meta name=\"twitter:label1\" content=\"Escrito por\" \/>\n\t<meta name=\"twitter:data1\" content=\"Equipe Reda\u00e7\u00e3o\" \/>\n\t<meta name=\"twitter:label2\" content=\"Est. tempo de leitura\" \/>\n\t<meta name=\"twitter:data2\" content=\"3 minutos\" \/>\n\t<meta name=\"twitter:label3\" content=\"Written by\" \/>\n\t<meta name=\"twitter:data3\" content=\"Equipe Reda\u00e7\u00e3o\" \/>\n<script type=\"application\/ld+json\" class=\"yoast-schema-graph\">{\"@context\":\"https:\\\/\\\/schema.org\",\"@graph\":[{\"@type\":\"Article\",\"@id\":\"https:\\\/\\\/motorista.com.br\\\/noticias\\\/2025\\\/12\\\/21\\\/governo-busca-aumentar-receita-para-fortalecer-orcamento-de-2026\\\/#article\",\"isPartOf\":{\"@id\":\"https:\\\/\\\/motorista.com.br\\\/noticias\\\/2025\\\/12\\\/21\\\/governo-busca-aumentar-receita-para-fortalecer-orcamento-de-2026\\\/\"},\"author\":{\"name\":\"Equipe Reda\u00e7\u00e3o\",\"@id\":\"https:\\\/\\\/motorista.com.br\\\/noticias\\\/#\\\/schema\\\/person\\\/dc93afc2981c0e3ce6bc3c053fd847be\"},\"headline\":\"Governo busca aumentar receita para fortalecer Or\u00e7amento de 2026.\",\"datePublished\":\"2025-12-21T18:30:56+00:00\",\"mainEntityOfPage\":{\"@id\":\"https:\\\/\\\/motorista.com.br\\\/noticias\\\/2025\\\/12\\\/21\\\/governo-busca-aumentar-receita-para-fortalecer-orcamento-de-2026\\\/\"},\"wordCount\":527,\"publisher\":{\"@id\":\"https:\\\/\\\/motorista.com.br\\\/noticias\\\/#organization\"},\"image\":{\"@id\":\"https:\\\/\\\/motorista.com.br\\\/noticias\\\/2025\\\/12\\\/21\\\/governo-busca-aumentar-receita-para-fortalecer-orcamento-de-2026\\\/#primaryimage\"},\"thumbnailUrl\":\"https:\\\/\\\/motorista.com.br\\\/noticias\\\/wp-content\\\/uploads\\\/2025\\\/12\\\/governo-federal-.png\",\"articleSection\":[\"Mercado Financeiro\"],\"inLanguage\":\"pt-BR\"},{\"@type\":\"WebPage\",\"@id\":\"https:\\\/\\\/motorista.com.br\\\/noticias\\\/2025\\\/12\\\/21\\\/governo-busca-aumentar-receita-para-fortalecer-orcamento-de-2026\\\/\",\"url\":\"https:\\\/\\\/motorista.com.br\\\/noticias\\\/2025\\\/12\\\/21\\\/governo-busca-aumentar-receita-para-fortalecer-orcamento-de-2026\\\/\",\"name\":\"Governo busca aumentar receita para fortalecer Or\u00e7amento de 2026. - Motorista.com.br\",\"isPartOf\":{\"@id\":\"https:\\\/\\\/motorista.com.br\\\/noticias\\\/#website\"},\"primaryImageOfPage\":{\"@id\":\"https:\\\/\\\/motorista.com.br\\\/noticias\\\/2025\\\/12\\\/21\\\/governo-busca-aumentar-receita-para-fortalecer-orcamento-de-2026\\\/#primaryimage\"},\"image\":{\"@id\":\"https:\\\/\\\/motorista.com.br\\\/noticias\\\/2025\\\/12\\\/21\\\/governo-busca-aumentar-receita-para-fortalecer-orcamento-de-2026\\\/#primaryimage\"},\"thumbnailUrl\":\"https:\\\/\\\/motorista.com.br\\\/noticias\\\/wp-content\\\/uploads\\\/2025\\\/12\\\/governo-federal-.png\",\"datePublished\":\"2025-12-21T18:30:56+00:00\",\"breadcrumb\":{\"@id\":\"https:\\\/\\\/motorista.com.br\\\/noticias\\\/2025\\\/12\\\/21\\\/governo-busca-aumentar-receita-para-fortalecer-orcamento-de-2026\\\/#breadcrumb\"},\"inLanguage\":\"pt-BR\",\"potentialAction\":[{\"@type\":\"ReadAction\",\"target\":[\"https:\\\/\\\/motorista.com.br\\\/noticias\\\/2025\\\/12\\\/21\\\/governo-busca-aumentar-receita-para-fortalecer-orcamento-de-2026\\\/\"]}]},{\"@type\":\"ImageObject\",\"inLanguage\":\"pt-BR\",\"@id\":\"https:\\\/\\\/motorista.com.br\\\/noticias\\\/2025\\\/12\\\/21\\\/governo-busca-aumentar-receita-para-fortalecer-orcamento-de-2026\\\/#primaryimage\",\"url\":\"https:\\\/\\\/motorista.com.br\\\/noticias\\\/wp-content\\\/uploads\\\/2025\\\/12\\\/governo-federal-.png\",\"contentUrl\":\"https:\\\/\\\/motorista.com.br\\\/noticias\\\/wp-content\\\/uploads\\\/2025\\\/12\\\/governo-federal-.png\",\"width\":1280,\"height\":680},{\"@type\":\"BreadcrumbList\",\"@id\":\"https:\\\/\\\/motorista.com.br\\\/noticias\\\/2025\\\/12\\\/21\\\/governo-busca-aumentar-receita-para-fortalecer-orcamento-de-2026\\\/#breadcrumb\",\"itemListElement\":[{\"@type\":\"ListItem\",\"position\":1,\"name\":\"In\u00edcio\",\"item\":\"https:\\\/\\\/motorista.com.br\\\/noticias\\\/\"},{\"@type\":\"ListItem\",\"position\":2,\"name\":\"Governo busca aumentar receita para fortalecer Or\u00e7amento de 2026.\"}]},{\"@type\":\"WebSite\",\"@id\":\"https:\\\/\\\/motorista.com.br\\\/noticias\\\/#website\",\"url\":\"https:\\\/\\\/motorista.com.br\\\/noticias\\\/\",\"name\":\"Motorista.com.br\",\"description\":\"Not\u00edcia do Motorista\",\"publisher\":{\"@id\":\"https:\\\/\\\/motorista.com.br\\\/noticias\\\/#organization\"},\"potentialAction\":[{\"@type\":\"SearchAction\",\"target\":{\"@type\":\"EntryPoint\",\"urlTemplate\":\"https:\\\/\\\/motorista.com.br\\\/noticias\\\/?s={search_term_string}\"},\"query-input\":{\"@type\":\"PropertyValueSpecification\",\"valueRequired\":true,\"valueName\":\"search_term_string\"}}],\"inLanguage\":\"pt-BR\"},{\"@type\":\"Organization\",\"@id\":\"https:\\\/\\\/motorista.com.br\\\/noticias\\\/#organization\",\"name\":\"Motorista.com.br\",\"url\":\"https:\\\/\\\/motorista.com.br\\\/noticias\\\/\",\"logo\":{\"@type\":\"ImageObject\",\"inLanguage\":\"pt-BR\",\"@id\":\"https:\\\/\\\/motorista.com.br\\\/noticias\\\/#\\\/schema\\\/logo\\\/image\\\/\",\"url\":\"https:\\\/\\\/motorista.com.br\\\/noticias\\\/wp-content\\\/uploads\\\/2025\\\/06\\\/Design-sem-nome-9.png\",\"contentUrl\":\"https:\\\/\\\/motorista.com.br\\\/noticias\\\/wp-content\\\/uploads\\\/2025\\\/06\\\/Design-sem-nome-9.png\",\"width\":150,\"height\":85,\"caption\":\"Motorista.com.br\"},\"image\":{\"@id\":\"https:\\\/\\\/motorista.com.br\\\/noticias\\\/#\\\/schema\\\/logo\\\/image\\\/\"}},{\"@type\":\"Person\",\"@id\":\"https:\\\/\\\/motorista.com.br\\\/noticias\\\/#\\\/schema\\\/person\\\/dc93afc2981c0e3ce6bc3c053fd847be\",\"name\":\"Equipe Reda\u00e7\u00e3o\",\"image\":{\"@type\":\"ImageObject\",\"inLanguage\":\"pt-BR\",\"@id\":\"https:\\\/\\\/secure.gravatar.com\\\/avatar\\\/4f525efbf18dd2bb300ccad28bfb99d95a9465a5ba268407c8c37b37e1f28d2d?s=96&d=mm&r=g9e099043a0c61e9ae27e293b9fa75ffc\",\"url\":\"https:\\\/\\\/secure.gravatar.com\\\/avatar\\\/4f525efbf18dd2bb300ccad28bfb99d95a9465a5ba268407c8c37b37e1f28d2d?s=96&d=mm&r=g\",\"contentUrl\":\"https:\\\/\\\/secure.gravatar.com\\\/avatar\\\/4f525efbf18dd2bb300ccad28bfb99d95a9465a5ba268407c8c37b37e1f28d2d?s=96&d=mm&r=g\",\"caption\":\"Equipe Reda\u00e7\u00e3o\"},\"description\":\"Equipe de reda\u00e7\u00e3o \u00e9 um grupo de profissionais que trabalham juntos para criar conte\u00fado escrito para Motorista.com.br\",\"url\":\"https:\\\/\\\/motorista.com.br\\\/noticias\\\/author\\\/equiperedacao\\\/\"}]}<\/script>\n<!-- \/ Yoast SEO Premium plugin. -->","yoast_head_json":{"title":"Governo busca aumentar receita para fortalecer Or\u00e7amento de 2026. - Motorista.com.br","robots":{"index":"index","follow":"follow","max-snippet":"max-snippet:-1","max-image-preview":"max-image-preview:large","max-video-preview":"max-video-preview:-1"},"canonical":"https:\/\/motorista.com.br\/noticias\/2025\/12\/21\/governo-busca-aumentar-receita-para-fortalecer-orcamento-de-2026\/","og_locale":"pt_BR","og_type":"article","og_title":"Governo busca aumentar receita para fortalecer Or\u00e7amento de 2026.","og_description":"Governo aposta em receitas extras para refor\u00e7ar Or\u00e7amento em 2026 Aprovado nesta sexta-feira (19) pelo Congresso, o Or\u00e7amento Geral da Uni\u00e3o de 2026 traz medidas adicionais, ainda n\u00e3o inclu\u00eddas no texto, com o intuito de fortalecer o caixa do governo e garantir o cumprimento da meta fiscal de super\u00e1vit de R$ 34,3 bilh\u00f5es no pr\u00f3ximo &hellip;","og_url":"https:\/\/motorista.com.br\/noticias\/2025\/12\/21\/governo-busca-aumentar-receita-para-fortalecer-orcamento-de-2026\/","og_site_name":"Motorista.com.br","article_published_time":"2025-12-21T18:30:56+00:00","author":"Equipe Reda\u00e7\u00e3o","twitter_card":"summary_large_image","twitter_misc":{"Escrito por":"Equipe Reda\u00e7\u00e3o","Est. tempo de leitura":"3 minutos","Written by":"Equipe Reda\u00e7\u00e3o"},"schema":{"@context":"https:\/\/schema.org","@graph":[{"@type":"Article","@id":"https:\/\/motorista.com.br\/noticias\/2025\/12\/21\/governo-busca-aumentar-receita-para-fortalecer-orcamento-de-2026\/#article","isPartOf":{"@id":"https:\/\/motorista.com.br\/noticias\/2025\/12\/21\/governo-busca-aumentar-receita-para-fortalecer-orcamento-de-2026\/"},"author":{"name":"Equipe Reda\u00e7\u00e3o","@id":"https:\/\/motorista.com.br\/noticias\/#\/schema\/person\/dc93afc2981c0e3ce6bc3c053fd847be"},"headline":"Governo busca aumentar receita para fortalecer Or\u00e7amento de 2026.","datePublished":"2025-12-21T18:30:56+00:00","mainEntityOfPage":{"@id":"https:\/\/motorista.com.br\/noticias\/2025\/12\/21\/governo-busca-aumentar-receita-para-fortalecer-orcamento-de-2026\/"},"wordCount":527,"publisher":{"@id":"https:\/\/motorista.com.br\/noticias\/#organization"},"image":{"@id":"https:\/\/motorista.com.br\/noticias\/2025\/12\/21\/governo-busca-aumentar-receita-para-fortalecer-orcamento-de-2026\/#primaryimage"},"thumbnailUrl":"https:\/\/motorista.com.br\/noticias\/wp-content\/uploads\/2025\/12\/governo-federal-.png","articleSection":["Mercado Financeiro"],"inLanguage":"pt-BR"},{"@type":"WebPage","@id":"https:\/\/motorista.com.br\/noticias\/2025\/12\/21\/governo-busca-aumentar-receita-para-fortalecer-orcamento-de-2026\/","url":"https:\/\/motorista.com.br\/noticias\/2025\/12\/21\/governo-busca-aumentar-receita-para-fortalecer-orcamento-de-2026\/","name":"Governo busca aumentar receita para fortalecer Or\u00e7amento de 2026. - Motorista.com.br","isPartOf":{"@id":"https:\/\/motorista.com.br\/noticias\/#website"},"primaryImageOfPage":{"@id":"https:\/\/motorista.com.br\/noticias\/2025\/12\/21\/governo-busca-aumentar-receita-para-fortalecer-orcamento-de-2026\/#primaryimage"},"image":{"@id":"https:\/\/motorista.com.br\/noticias\/2025\/12\/21\/governo-busca-aumentar-receita-para-fortalecer-orcamento-de-2026\/#primaryimage"},"thumbnailUrl":"https:\/\/motorista.com.br\/noticias\/wp-content\/uploads\/2025\/12\/governo-federal-.png","datePublished":"2025-12-21T18:30:56+00:00","breadcrumb":{"@id":"https:\/\/motorista.com.br\/noticias\/2025\/12\/21\/governo-busca-aumentar-receita-para-fortalecer-orcamento-de-2026\/#breadcrumb"},"inLanguage":"pt-BR","potentialAction":[{"@type":"ReadAction","target":["https:\/\/motorista.com.br\/noticias\/2025\/12\/21\/governo-busca-aumentar-receita-para-fortalecer-orcamento-de-2026\/"]}]},{"@type":"ImageObject","inLanguage":"pt-BR","@id":"https:\/\/motorista.com.br\/noticias\/2025\/12\/21\/governo-busca-aumentar-receita-para-fortalecer-orcamento-de-2026\/#primaryimage","url":"https:\/\/motorista.com.br\/noticias\/wp-content\/uploads\/2025\/12\/governo-federal-.png","contentUrl":"https:\/\/motorista.com.br\/noticias\/wp-content\/uploads\/2025\/12\/governo-federal-.png","width":1280,"height":680},{"@type":"BreadcrumbList","@id":"https:\/\/motorista.com.br\/noticias\/2025\/12\/21\/governo-busca-aumentar-receita-para-fortalecer-orcamento-de-2026\/#breadcrumb","itemListElement":[{"@type":"ListItem","position":1,"name":"In\u00edcio","item":"https:\/\/motorista.com.br\/noticias\/"},{"@type":"ListItem","position":2,"name":"Governo busca aumentar receita para fortalecer Or\u00e7amento de 2026."}]},{"@type":"WebSite","@id":"https:\/\/motorista.com.br\/noticias\/#website","url":"https:\/\/motorista.com.br\/noticias\/","name":"Motorista.com.br","description":"Not\u00edcia do Motorista","publisher":{"@id":"https:\/\/motorista.com.br\/noticias\/#organization"},"potentialAction":[{"@type":"SearchAction","target":{"@type":"EntryPoint","urlTemplate":"https:\/\/motorista.com.br\/noticias\/?s={search_term_string}"},"query-input":{"@type":"PropertyValueSpecification","valueRequired":true,"valueName":"search_term_string"}}],"inLanguage":"pt-BR"},{"@type":"Organization","@id":"https:\/\/motorista.com.br\/noticias\/#organization","name":"Motorista.com.br","url":"https:\/\/motorista.com.br\/noticias\/","logo":{"@type":"ImageObject","inLanguage":"pt-BR","@id":"https:\/\/motorista.com.br\/noticias\/#\/schema\/logo\/image\/","url":"https:\/\/motorista.com.br\/noticias\/wp-content\/uploads\/2025\/06\/Design-sem-nome-9.png","contentUrl":"https:\/\/motorista.com.br\/noticias\/wp-content\/uploads\/2025\/06\/Design-sem-nome-9.png","width":150,"height":85,"caption":"Motorista.com.br"},"image":{"@id":"https:\/\/motorista.com.br\/noticias\/#\/schema\/logo\/image\/"}},{"@type":"Person","@id":"https:\/\/motorista.com.br\/noticias\/#\/schema\/person\/dc93afc2981c0e3ce6bc3c053fd847be","name":"Equipe Reda\u00e7\u00e3o","image":{"@type":"ImageObject","inLanguage":"pt-BR","@id":"https:\/\/secure.gravatar.com\/avatar\/4f525efbf18dd2bb300ccad28bfb99d95a9465a5ba268407c8c37b37e1f28d2d?s=96&d=mm&r=g9e099043a0c61e9ae27e293b9fa75ffc","url":"https:\/\/secure.gravatar.com\/avatar\/4f525efbf18dd2bb300ccad28bfb99d95a9465a5ba268407c8c37b37e1f28d2d?s=96&d=mm&r=g","contentUrl":"https:\/\/secure.gravatar.com\/avatar\/4f525efbf18dd2bb300ccad28bfb99d95a9465a5ba268407c8c37b37e1f28d2d?s=96&d=mm&r=g","caption":"Equipe Reda\u00e7\u00e3o"},"description":"Equipe de reda\u00e7\u00e3o \u00e9 um grupo de profissionais que trabalham juntos para criar conte\u00fado escrito para Motorista.com.br","url":"https:\/\/motorista.com.br\/noticias\/author\/equiperedacao\/"}]}},"_links":{"self":[{"href":"https:\/\/motorista.com.br\/noticias\/wp-json\/wp\/v2\/posts\/5343","targetHints":{"allow":["GET"]}}],"collection":[{"href":"https:\/\/motorista.com.br\/noticias\/wp-json\/wp\/v2\/posts"}],"about":[{"href":"https:\/\/motorista.com.br\/noticias\/wp-json\/wp\/v2\/types\/post"}],"author":[{"embeddable":true,"href":"https:\/\/motorista.com.br\/noticias\/wp-json\/wp\/v2\/users\/4"}],"replies":[{"embeddable":true,"href":"https:\/\/motorista.com.br\/noticias\/wp-json\/wp\/v2\/comments?post=5343"}],"version-history":[{"count":0,"href":"https:\/\/motorista.com.br\/noticias\/wp-json\/wp\/v2\/posts\/5343\/revisions"}],"wp:featuredmedia":[{"embeddable":true,"href":"https:\/\/motorista.com.br\/noticias\/wp-json\/wp\/v2\/media\/5344"}],"wp:attachment":[{"href":"https:\/\/motorista.com.br\/noticias\/wp-json\/wp\/v2\/media?parent=5343"}],"wp:term":[{"taxonomy":"category","embeddable":true,"href":"https:\/\/motorista.com.br\/noticias\/wp-json\/wp\/v2\/categories?post=5343"},{"taxonomy":"post_tag","embeddable":true,"href":"https:\/\/motorista.com.br\/noticias\/wp-json\/wp\/v2\/tags?post=5343"},{"taxonomy":"author","embeddable":true,"href":"https:\/\/motorista.com.br\/noticias\/wp-json\/wp\/v2\/coauthors?post=5343"}],"curies":[{"name":"wp","href":"https:\/\/api.w.org\/{rel}","templated":true}]}}