{"id":5339,"date":"2025-12-21T10:36:14","date_gmt":"2025-12-21T13:36:14","guid":{"rendered":"https:\/\/motorista.com.br\/noticias\/2025\/12\/21\/procon-sao-paulo-investiga-uber-e-99-por-tarifas-excessivas\/"},"modified":"2025-12-21T10:36:14","modified_gmt":"2025-12-21T13:36:14","slug":"procon-sao-paulo-investiga-uber-e-99-por-tarifas-excessivas","status":"publish","type":"post","link":"https:\/\/motorista.com.br\/noticias\/2025\/12\/21\/procon-sao-paulo-investiga-uber-e-99-por-tarifas-excessivas\/","title":{"rendered":"Procon S\u00e3o Paulo investiga Uber e 99 por tarifas excessivas."},"content":{"rendered":"<p><\/p>\n<p><strong>Procon Paulistano Notifica Uber e 99: Uma Quest\u00e3o de Pre\u00e7o e Mobilidade<\/strong><\/p>\n<p>Recentemente, o Procon Paulistano notificou as empresas Uber e 99 devido \u00e0 suspeita de aumento abusivo nas tarifas dos servi\u00e7os de transporte. Essa a\u00e7\u00e3o traz importantes implica\u00e7\u00f5es tanto para os motoristas quanto para a mobilidade urbana nos centros urbanos.<\/p>\n<p>Os motoristas que atuam nessas plataformas podem ser diretamente impactados por essas notifica\u00e7\u00f5es. A transpar\u00eancia no processo de precifica\u00e7\u00e3o \u00e9 fundamental para garantir uma concorr\u00eancia justa e um retorno proporcional ao trabalho realizado. Caso os motoristas percebam que os valores que recebem n\u00e3o refletem o que os passageiros pagam, isso pode gerar descontentamento e, consequentemente, at\u00e9 mesmo uma queda na disposi\u00e7\u00e3o dos motoristas em continuar utilizando as plataformas.<\/p>\n<p>Al\u00e9m disso, a mobilidade geral das cidades \u00e9 um aspecto que merece aten\u00e7\u00e3o. O aumento abusivo nos pre\u00e7os das corridas pode incentivar os cidad\u00e3os a buscarem alternativas de transporte, como o transporte p\u00fablico ou ve\u00edculos particulares. Isso pode criar um efeito cascata, aumentando a demanda por um sistema de transporte p\u00fablico que j\u00e1 enfrenta desafios em termos de capacidade e qualidade. Uma mobilidade urbana ca\u00f3tica e menos acess\u00edvel pode impactar a vida de todos os cidad\u00e3os, n\u00e3o apenas daqueles que utilizam aplicativos de transporte.<\/p>\n<p>Em um cen\u00e1rio onde a regulamenta\u00e7\u00e3o do setor busca priorizar a equidade, \u00e9 fundamental que motoristas e empresas de transporte trabalhem em conjunto. O di\u00e1logo e a transpar\u00eancia nas pr\u00e1ticas de pre\u00e7os s\u00e3o passos necess\u00e1rios para garantir n\u00e3o apenas a viabilidade dos motoristas, mas tamb\u00e9m a cria\u00e7\u00e3o de uma infraestrutura de transporte mais eficiente e acess\u00edvel para toda a popula\u00e7\u00e3o.<\/p>\n<p>Assim, a notifica\u00e7\u00e3o do Procon n\u00e3o deve ser vista apenas como uma medida punitiva, mas tamb\u00e9m como uma oportunidade para reflex\u00e3o sobre as pr\u00e1ticas de mercado e o real impacto delas na mobilidade urbana. A promo\u00e7\u00e3o de um servi\u00e7o justo e equilibrado pode ajudar a construir um sistema de transporte mais sustent\u00e1vel e satisfat\u00f3rio para todos. <\/p>\n<p><strong>Fonte: 55content<\/strong><\/p>\n","protected":false},"excerpt":{"rendered":"<p>Procon Paulistano Notifica Uber e 99: Uma Quest\u00e3o de Pre\u00e7o e Mobilidade Recentemente, o Procon Paulistano notificou as empresas Uber e 99 devido \u00e0 suspeita de aumento abusivo nas tarifas dos servi\u00e7os de transporte. Essa a\u00e7\u00e3o traz importantes implica\u00e7\u00f5es tanto para os motoristas quanto para a mobilidade urbana nos centros urbanos. Os motoristas que atuam &hellip;<\/p>\n","protected":false},"author":4,"featured_media":5340,"comment_status":"","ping_status":"open","sticky":false,"template":"","format":"standard","meta":{"footnotes":""},"categories":[49,77],"tags":[],"coauthors":[42],"class_list":["post-5339","post","type-post","status-publish","format-standard","has-post-thumbnail","hentry","category-aplicativos","category-motorista"],"yoast_head":"<!-- This site is optimized with the Yoast SEO Premium plugin v25.5 (Yoast SEO v27.4) - https:\/\/yoast.com\/product\/yoast-seo-premium-wordpress\/ -->\n<title>Procon S\u00e3o Paulo investiga Uber e 99 por tarifas excessivas. - Motorista.com.br<\/title>\n<meta name=\"robots\" content=\"index, follow, max-snippet:-1, max-image-preview:large, max-video-preview:-1\" \/>\n<link rel=\"canonical\" href=\"https:\/\/motorista.com.br\/noticias\/2025\/12\/21\/procon-sao-paulo-investiga-uber-e-99-por-tarifas-excessivas\/\" \/>\n<meta property=\"og:locale\" content=\"pt_BR\" \/>\n<meta property=\"og:type\" content=\"article\" \/>\n<meta property=\"og:title\" content=\"Procon S\u00e3o Paulo investiga Uber e 99 por tarifas excessivas.\" \/>\n<meta property=\"og:description\" content=\"Procon Paulistano Notifica Uber e 99: Uma Quest\u00e3o de Pre\u00e7o e Mobilidade Recentemente, o Procon Paulistano notificou as empresas Uber e 99 devido \u00e0 suspeita de aumento abusivo nas tarifas dos servi\u00e7os de transporte. Essa a\u00e7\u00e3o traz importantes implica\u00e7\u00f5es tanto para os motoristas quanto para a mobilidade urbana nos centros urbanos. Os motoristas que atuam &hellip;\" \/>\n<meta property=\"og:url\" content=\"https:\/\/motorista.com.br\/noticias\/2025\/12\/21\/procon-sao-paulo-investiga-uber-e-99-por-tarifas-excessivas\/\" \/>\n<meta property=\"og:site_name\" content=\"Motorista.com.br\" \/>\n<meta property=\"article:published_time\" content=\"2025-12-21T13:36:14+00:00\" \/>\n<meta name=\"author\" content=\"Equipe Reda\u00e7\u00e3o\" \/>\n<meta name=\"twitter:card\" content=\"summary_large_image\" \/>\n<meta name=\"twitter:label1\" content=\"Escrito por\" \/>\n\t<meta name=\"twitter:data1\" content=\"Equipe Reda\u00e7\u00e3o\" \/>\n\t<meta name=\"twitter:label2\" content=\"Est. tempo de leitura\" \/>\n\t<meta name=\"twitter:data2\" content=\"2 minutos\" \/>\n\t<meta name=\"twitter:label3\" content=\"Written by\" \/>\n\t<meta name=\"twitter:data3\" content=\"Equipe Reda\u00e7\u00e3o\" \/>\n<script type=\"application\/ld+json\" class=\"yoast-schema-graph\">{\"@context\":\"https:\\\/\\\/schema.org\",\"@graph\":[{\"@type\":\"Article\",\"@id\":\"https:\\\/\\\/motorista.com.br\\\/noticias\\\/2025\\\/12\\\/21\\\/procon-sao-paulo-investiga-uber-e-99-por-tarifas-excessivas\\\/#article\",\"isPartOf\":{\"@id\":\"https:\\\/\\\/motorista.com.br\\\/noticias\\\/2025\\\/12\\\/21\\\/procon-sao-paulo-investiga-uber-e-99-por-tarifas-excessivas\\\/\"},\"author\":{\"name\":\"Equipe Reda\u00e7\u00e3o\",\"@id\":\"https:\\\/\\\/motorista.com.br\\\/noticias\\\/#\\\/schema\\\/person\\\/dc93afc2981c0e3ce6bc3c053fd847be\"},\"headline\":\"Procon S\u00e3o Paulo investiga Uber e 99 por tarifas excessivas.\",\"datePublished\":\"2025-12-21T13:36:14+00:00\",\"mainEntityOfPage\":{\"@id\":\"https:\\\/\\\/motorista.com.br\\\/noticias\\\/2025\\\/12\\\/21\\\/procon-sao-paulo-investiga-uber-e-99-por-tarifas-excessivas\\\/\"},\"wordCount\":369,\"publisher\":{\"@id\":\"https:\\\/\\\/motorista.com.br\\\/noticias\\\/#organization\"},\"image\":{\"@id\":\"https:\\\/\\\/motorista.com.br\\\/noticias\\\/2025\\\/12\\\/21\\\/procon-sao-paulo-investiga-uber-e-99-por-tarifas-excessivas\\\/#primaryimage\"},\"thumbnailUrl\":\"https:\\\/\\\/motorista.com.br\\\/noticias\\\/wp-content\\\/uploads\\\/2025\\\/12\\\/Foto-DivulgacaoUber-3-e1761349039461.png\",\"articleSection\":[\"Aplicativos\",\"Motorista\"],\"inLanguage\":\"pt-BR\"},{\"@type\":\"WebPage\",\"@id\":\"https:\\\/\\\/motorista.com.br\\\/noticias\\\/2025\\\/12\\\/21\\\/procon-sao-paulo-investiga-uber-e-99-por-tarifas-excessivas\\\/\",\"url\":\"https:\\\/\\\/motorista.com.br\\\/noticias\\\/2025\\\/12\\\/21\\\/procon-sao-paulo-investiga-uber-e-99-por-tarifas-excessivas\\\/\",\"name\":\"Procon S\u00e3o Paulo investiga Uber e 99 por tarifas excessivas. - Motorista.com.br\",\"isPartOf\":{\"@id\":\"https:\\\/\\\/motorista.com.br\\\/noticias\\\/#website\"},\"primaryImageOfPage\":{\"@id\":\"https:\\\/\\\/motorista.com.br\\\/noticias\\\/2025\\\/12\\\/21\\\/procon-sao-paulo-investiga-uber-e-99-por-tarifas-excessivas\\\/#primaryimage\"},\"image\":{\"@id\":\"https:\\\/\\\/motorista.com.br\\\/noticias\\\/2025\\\/12\\\/21\\\/procon-sao-paulo-investiga-uber-e-99-por-tarifas-excessivas\\\/#primaryimage\"},\"thumbnailUrl\":\"https:\\\/\\\/motorista.com.br\\\/noticias\\\/wp-content\\\/uploads\\\/2025\\\/12\\\/Foto-DivulgacaoUber-3-e1761349039461.png\",\"datePublished\":\"2025-12-21T13:36:14+00:00\",\"breadcrumb\":{\"@id\":\"https:\\\/\\\/motorista.com.br\\\/noticias\\\/2025\\\/12\\\/21\\\/procon-sao-paulo-investiga-uber-e-99-por-tarifas-excessivas\\\/#breadcrumb\"},\"inLanguage\":\"pt-BR\",\"potentialAction\":[{\"@type\":\"ReadAction\",\"target\":[\"https:\\\/\\\/motorista.com.br\\\/noticias\\\/2025\\\/12\\\/21\\\/procon-sao-paulo-investiga-uber-e-99-por-tarifas-excessivas\\\/\"]}]},{\"@type\":\"ImageObject\",\"inLanguage\":\"pt-BR\",\"@id\":\"https:\\\/\\\/motorista.com.br\\\/noticias\\\/2025\\\/12\\\/21\\\/procon-sao-paulo-investiga-uber-e-99-por-tarifas-excessivas\\\/#primaryimage\",\"url\":\"https:\\\/\\\/motorista.com.br\\\/noticias\\\/wp-content\\\/uploads\\\/2025\\\/12\\\/Foto-DivulgacaoUber-3-e1761349039461.png\",\"contentUrl\":\"https:\\\/\\\/motorista.com.br\\\/noticias\\\/wp-content\\\/uploads\\\/2025\\\/12\\\/Foto-DivulgacaoUber-3-e1761349039461.png\",\"width\":596,\"height\":347},{\"@type\":\"BreadcrumbList\",\"@id\":\"https:\\\/\\\/motorista.com.br\\\/noticias\\\/2025\\\/12\\\/21\\\/procon-sao-paulo-investiga-uber-e-99-por-tarifas-excessivas\\\/#breadcrumb\",\"itemListElement\":[{\"@type\":\"ListItem\",\"position\":1,\"name\":\"In\u00edcio\",\"item\":\"https:\\\/\\\/motorista.com.br\\\/noticias\\\/\"},{\"@type\":\"ListItem\",\"position\":2,\"name\":\"Procon S\u00e3o Paulo investiga Uber e 99 por tarifas excessivas.\"}]},{\"@type\":\"WebSite\",\"@id\":\"https:\\\/\\\/motorista.com.br\\\/noticias\\\/#website\",\"url\":\"https:\\\/\\\/motorista.com.br\\\/noticias\\\/\",\"name\":\"Motorista.com.br\",\"description\":\"Not\u00edcia do Motorista\",\"publisher\":{\"@id\":\"https:\\\/\\\/motorista.com.br\\\/noticias\\\/#organization\"},\"potentialAction\":[{\"@type\":\"SearchAction\",\"target\":{\"@type\":\"EntryPoint\",\"urlTemplate\":\"https:\\\/\\\/motorista.com.br\\\/noticias\\\/?s={search_term_string}\"},\"query-input\":{\"@type\":\"PropertyValueSpecification\",\"valueRequired\":true,\"valueName\":\"search_term_string\"}}],\"inLanguage\":\"pt-BR\"},{\"@type\":\"Organization\",\"@id\":\"https:\\\/\\\/motorista.com.br\\\/noticias\\\/#organization\",\"name\":\"Motorista.com.br\",\"url\":\"https:\\\/\\\/motorista.com.br\\\/noticias\\\/\",\"logo\":{\"@type\":\"ImageObject\",\"inLanguage\":\"pt-BR\",\"@id\":\"https:\\\/\\\/motorista.com.br\\\/noticias\\\/#\\\/schema\\\/logo\\\/image\\\/\",\"url\":\"https:\\\/\\\/motorista.com.br\\\/noticias\\\/wp-content\\\/uploads\\\/2025\\\/06\\\/Design-sem-nome-9.png\",\"contentUrl\":\"https:\\\/\\\/motorista.com.br\\\/noticias\\\/wp-content\\\/uploads\\\/2025\\\/06\\\/Design-sem-nome-9.png\",\"width\":150,\"height\":85,\"caption\":\"Motorista.com.br\"},\"image\":{\"@id\":\"https:\\\/\\\/motorista.com.br\\\/noticias\\\/#\\\/schema\\\/logo\\\/image\\\/\"}},{\"@type\":\"Person\",\"@id\":\"https:\\\/\\\/motorista.com.br\\\/noticias\\\/#\\\/schema\\\/person\\\/dc93afc2981c0e3ce6bc3c053fd847be\",\"name\":\"Equipe Reda\u00e7\u00e3o\",\"image\":{\"@type\":\"ImageObject\",\"inLanguage\":\"pt-BR\",\"@id\":\"https:\\\/\\\/secure.gravatar.com\\\/avatar\\\/4f525efbf18dd2bb300ccad28bfb99d95a9465a5ba268407c8c37b37e1f28d2d?s=96&d=mm&r=g9e099043a0c61e9ae27e293b9fa75ffc\",\"url\":\"https:\\\/\\\/secure.gravatar.com\\\/avatar\\\/4f525efbf18dd2bb300ccad28bfb99d95a9465a5ba268407c8c37b37e1f28d2d?s=96&d=mm&r=g\",\"contentUrl\":\"https:\\\/\\\/secure.gravatar.com\\\/avatar\\\/4f525efbf18dd2bb300ccad28bfb99d95a9465a5ba268407c8c37b37e1f28d2d?s=96&d=mm&r=g\",\"caption\":\"Equipe Reda\u00e7\u00e3o\"},\"description\":\"Equipe de reda\u00e7\u00e3o \u00e9 um grupo de profissionais que trabalham juntos para criar conte\u00fado escrito para Motorista.com.br\",\"url\":\"https:\\\/\\\/motorista.com.br\\\/noticias\\\/author\\\/equiperedacao\\\/\"}]}<\/script>\n<!-- \/ Yoast SEO Premium plugin. -->","yoast_head_json":{"title":"Procon S\u00e3o Paulo investiga Uber e 99 por tarifas excessivas. - Motorista.com.br","robots":{"index":"index","follow":"follow","max-snippet":"max-snippet:-1","max-image-preview":"max-image-preview:large","max-video-preview":"max-video-preview:-1"},"canonical":"https:\/\/motorista.com.br\/noticias\/2025\/12\/21\/procon-sao-paulo-investiga-uber-e-99-por-tarifas-excessivas\/","og_locale":"pt_BR","og_type":"article","og_title":"Procon S\u00e3o Paulo investiga Uber e 99 por tarifas excessivas.","og_description":"Procon Paulistano Notifica Uber e 99: Uma Quest\u00e3o de Pre\u00e7o e Mobilidade Recentemente, o Procon Paulistano notificou as empresas Uber e 99 devido \u00e0 suspeita de aumento abusivo nas tarifas dos servi\u00e7os de transporte. Essa a\u00e7\u00e3o traz importantes implica\u00e7\u00f5es tanto para os motoristas quanto para a mobilidade urbana nos centros urbanos. Os motoristas que atuam &hellip;","og_url":"https:\/\/motorista.com.br\/noticias\/2025\/12\/21\/procon-sao-paulo-investiga-uber-e-99-por-tarifas-excessivas\/","og_site_name":"Motorista.com.br","article_published_time":"2025-12-21T13:36:14+00:00","author":"Equipe Reda\u00e7\u00e3o","twitter_card":"summary_large_image","twitter_misc":{"Escrito por":"Equipe Reda\u00e7\u00e3o","Est. tempo de leitura":"2 minutos","Written by":"Equipe Reda\u00e7\u00e3o"},"schema":{"@context":"https:\/\/schema.org","@graph":[{"@type":"Article","@id":"https:\/\/motorista.com.br\/noticias\/2025\/12\/21\/procon-sao-paulo-investiga-uber-e-99-por-tarifas-excessivas\/#article","isPartOf":{"@id":"https:\/\/motorista.com.br\/noticias\/2025\/12\/21\/procon-sao-paulo-investiga-uber-e-99-por-tarifas-excessivas\/"},"author":{"name":"Equipe Reda\u00e7\u00e3o","@id":"https:\/\/motorista.com.br\/noticias\/#\/schema\/person\/dc93afc2981c0e3ce6bc3c053fd847be"},"headline":"Procon S\u00e3o Paulo investiga Uber e 99 por tarifas excessivas.","datePublished":"2025-12-21T13:36:14+00:00","mainEntityOfPage":{"@id":"https:\/\/motorista.com.br\/noticias\/2025\/12\/21\/procon-sao-paulo-investiga-uber-e-99-por-tarifas-excessivas\/"},"wordCount":369,"publisher":{"@id":"https:\/\/motorista.com.br\/noticias\/#organization"},"image":{"@id":"https:\/\/motorista.com.br\/noticias\/2025\/12\/21\/procon-sao-paulo-investiga-uber-e-99-por-tarifas-excessivas\/#primaryimage"},"thumbnailUrl":"https:\/\/motorista.com.br\/noticias\/wp-content\/uploads\/2025\/12\/Foto-DivulgacaoUber-3-e1761349039461.png","articleSection":["Aplicativos","Motorista"],"inLanguage":"pt-BR"},{"@type":"WebPage","@id":"https:\/\/motorista.com.br\/noticias\/2025\/12\/21\/procon-sao-paulo-investiga-uber-e-99-por-tarifas-excessivas\/","url":"https:\/\/motorista.com.br\/noticias\/2025\/12\/21\/procon-sao-paulo-investiga-uber-e-99-por-tarifas-excessivas\/","name":"Procon S\u00e3o Paulo investiga Uber e 99 por tarifas excessivas. - Motorista.com.br","isPartOf":{"@id":"https:\/\/motorista.com.br\/noticias\/#website"},"primaryImageOfPage":{"@id":"https:\/\/motorista.com.br\/noticias\/2025\/12\/21\/procon-sao-paulo-investiga-uber-e-99-por-tarifas-excessivas\/#primaryimage"},"image":{"@id":"https:\/\/motorista.com.br\/noticias\/2025\/12\/21\/procon-sao-paulo-investiga-uber-e-99-por-tarifas-excessivas\/#primaryimage"},"thumbnailUrl":"https:\/\/motorista.com.br\/noticias\/wp-content\/uploads\/2025\/12\/Foto-DivulgacaoUber-3-e1761349039461.png","datePublished":"2025-12-21T13:36:14+00:00","breadcrumb":{"@id":"https:\/\/motorista.com.br\/noticias\/2025\/12\/21\/procon-sao-paulo-investiga-uber-e-99-por-tarifas-excessivas\/#breadcrumb"},"inLanguage":"pt-BR","potentialAction":[{"@type":"ReadAction","target":["https:\/\/motorista.com.br\/noticias\/2025\/12\/21\/procon-sao-paulo-investiga-uber-e-99-por-tarifas-excessivas\/"]}]},{"@type":"ImageObject","inLanguage":"pt-BR","@id":"https:\/\/motorista.com.br\/noticias\/2025\/12\/21\/procon-sao-paulo-investiga-uber-e-99-por-tarifas-excessivas\/#primaryimage","url":"https:\/\/motorista.com.br\/noticias\/wp-content\/uploads\/2025\/12\/Foto-DivulgacaoUber-3-e1761349039461.png","contentUrl":"https:\/\/motorista.com.br\/noticias\/wp-content\/uploads\/2025\/12\/Foto-DivulgacaoUber-3-e1761349039461.png","width":596,"height":347},{"@type":"BreadcrumbList","@id":"https:\/\/motorista.com.br\/noticias\/2025\/12\/21\/procon-sao-paulo-investiga-uber-e-99-por-tarifas-excessivas\/#breadcrumb","itemListElement":[{"@type":"ListItem","position":1,"name":"In\u00edcio","item":"https:\/\/motorista.com.br\/noticias\/"},{"@type":"ListItem","position":2,"name":"Procon S\u00e3o Paulo investiga Uber e 99 por tarifas excessivas."}]},{"@type":"WebSite","@id":"https:\/\/motorista.com.br\/noticias\/#website","url":"https:\/\/motorista.com.br\/noticias\/","name":"Motorista.com.br","description":"Not\u00edcia do Motorista","publisher":{"@id":"https:\/\/motorista.com.br\/noticias\/#organization"},"potentialAction":[{"@type":"SearchAction","target":{"@type":"EntryPoint","urlTemplate":"https:\/\/motorista.com.br\/noticias\/?s={search_term_string}"},"query-input":{"@type":"PropertyValueSpecification","valueRequired":true,"valueName":"search_term_string"}}],"inLanguage":"pt-BR"},{"@type":"Organization","@id":"https:\/\/motorista.com.br\/noticias\/#organization","name":"Motorista.com.br","url":"https:\/\/motorista.com.br\/noticias\/","logo":{"@type":"ImageObject","inLanguage":"pt-BR","@id":"https:\/\/motorista.com.br\/noticias\/#\/schema\/logo\/image\/","url":"https:\/\/motorista.com.br\/noticias\/wp-content\/uploads\/2025\/06\/Design-sem-nome-9.png","contentUrl":"https:\/\/motorista.com.br\/noticias\/wp-content\/uploads\/2025\/06\/Design-sem-nome-9.png","width":150,"height":85,"caption":"Motorista.com.br"},"image":{"@id":"https:\/\/motorista.com.br\/noticias\/#\/schema\/logo\/image\/"}},{"@type":"Person","@id":"https:\/\/motorista.com.br\/noticias\/#\/schema\/person\/dc93afc2981c0e3ce6bc3c053fd847be","name":"Equipe Reda\u00e7\u00e3o","image":{"@type":"ImageObject","inLanguage":"pt-BR","@id":"https:\/\/secure.gravatar.com\/avatar\/4f525efbf18dd2bb300ccad28bfb99d95a9465a5ba268407c8c37b37e1f28d2d?s=96&d=mm&r=g9e099043a0c61e9ae27e293b9fa75ffc","url":"https:\/\/secure.gravatar.com\/avatar\/4f525efbf18dd2bb300ccad28bfb99d95a9465a5ba268407c8c37b37e1f28d2d?s=96&d=mm&r=g","contentUrl":"https:\/\/secure.gravatar.com\/avatar\/4f525efbf18dd2bb300ccad28bfb99d95a9465a5ba268407c8c37b37e1f28d2d?s=96&d=mm&r=g","caption":"Equipe Reda\u00e7\u00e3o"},"description":"Equipe de reda\u00e7\u00e3o \u00e9 um grupo de profissionais que trabalham juntos para criar conte\u00fado escrito para Motorista.com.br","url":"https:\/\/motorista.com.br\/noticias\/author\/equiperedacao\/"}]}},"_links":{"self":[{"href":"https:\/\/motorista.com.br\/noticias\/wp-json\/wp\/v2\/posts\/5339","targetHints":{"allow":["GET"]}}],"collection":[{"href":"https:\/\/motorista.com.br\/noticias\/wp-json\/wp\/v2\/posts"}],"about":[{"href":"https:\/\/motorista.com.br\/noticias\/wp-json\/wp\/v2\/types\/post"}],"author":[{"embeddable":true,"href":"https:\/\/motorista.com.br\/noticias\/wp-json\/wp\/v2\/users\/4"}],"replies":[{"embeddable":true,"href":"https:\/\/motorista.com.br\/noticias\/wp-json\/wp\/v2\/comments?post=5339"}],"version-history":[{"count":0,"href":"https:\/\/motorista.com.br\/noticias\/wp-json\/wp\/v2\/posts\/5339\/revisions"}],"wp:featuredmedia":[{"embeddable":true,"href":"https:\/\/motorista.com.br\/noticias\/wp-json\/wp\/v2\/media\/5340"}],"wp:attachment":[{"href":"https:\/\/motorista.com.br\/noticias\/wp-json\/wp\/v2\/media?parent=5339"}],"wp:term":[{"taxonomy":"category","embeddable":true,"href":"https:\/\/motorista.com.br\/noticias\/wp-json\/wp\/v2\/categories?post=5339"},{"taxonomy":"post_tag","embeddable":true,"href":"https:\/\/motorista.com.br\/noticias\/wp-json\/wp\/v2\/tags?post=5339"},{"taxonomy":"author","embeddable":true,"href":"https:\/\/motorista.com.br\/noticias\/wp-json\/wp\/v2\/coauthors?post=5339"}],"curies":[{"name":"wp","href":"https:\/\/api.w.org\/{rel}","templated":true}]}}