{"id":5333,"date":"2025-12-21T03:20:54","date_gmt":"2025-12-21T06:20:54","guid":{"rendered":"https:\/\/motorista.com.br\/noticias\/2025\/12\/21\/haddad-reconhece-desafios-no-orcamento-de-2026-mas-acredita-em-viabilidade\/"},"modified":"2025-12-21T03:20:54","modified_gmt":"2025-12-21T06:20:54","slug":"haddad-reconhece-desafios-no-orcamento-de-2026-mas-acredita-em-viabilidade","status":"publish","type":"post","link":"https:\/\/motorista.com.br\/noticias\/2025\/12\/21\/haddad-reconhece-desafios-no-orcamento-de-2026-mas-acredita-em-viabilidade\/","title":{"rendered":"Haddad reconhece desafios no Or\u00e7amento de 2026, mas acredita em viabilidade."},"content":{"rendered":"<p><\/p>\n<p><strong>Haddad admite que Or\u00e7amento de 2026 tem desafios, mas defende que cumprimento \u00e9 cr\u00edvel<\/strong><\/p>\n<p>O ministro da Fazenda, Fernando Haddad, expressou confian\u00e7a na pe\u00e7a or\u00e7ament\u00e1ria de 2026, afirmando que, apesar dos desafios, sua credibilidade \u00e9 indiscut\u00edvel. Ele ressaltou que a equipe econ\u00f4mica est\u00e1 empenhada em restabelecer o equil\u00edbrio nas contas p\u00fablicas. O cumprimento da meta de d\u00e9ficit zero em 2024, com receitas ordin\u00e1rias superando as extraordin\u00e1rias, \u00e9 um exemplo do compromisso do governo.<\/p>\n<p>Al\u00e9m disso, Haddad incentivou um debate mais profundo sobre a reforma tribut\u00e1ria, uma medida que, segundo ele, pode transformar significativamente o cen\u00e1rio econ\u00f4mico do pa\u00eds. Essas reformas t\u00eam o potencial de impactar a mobilidade urbana, uma vez que tributa\u00e7\u00e3o mais justa pode liberar recursos para investimentos em infraestrutura, melhorando o transporte coletivo e facilitando a vida dos motoristas.<\/p>\n<p>Ao abordar os desafios or\u00e7ament\u00e1rios, Haddad reconheceu a necessidade de olhar para o legado deixado por administra\u00e7\u00f5es anteriores, destacando um d\u00e9ficit significativo que precisa ser superado. Essa circunst\u00e2ncia exige uma abordagem pragm\u00e1tica para assegurar um sistema de mobilidade mais eficiente, que atenda \u00e0s demandas crescentes das cidades e minimize o congestionamento.<\/p>\n<p>Haddad tamb\u00e9m mencionou o investimento necess\u00e1rio para implementar a reforma tribut\u00e1ria, questionando como seria poss\u00edvel avan\u00e7ar sem os recursos adequados. Investimentos em transporte e mobilidade s\u00e3o cruciais para reduzir custos e aumentar a efici\u00eancia, n\u00e3o apenas para os motoristas, mas para a sociedade como um todo. Em um contexto em que as discuss\u00f5es sobre fiscalidade e desenvolvimento s\u00e3o essenciais, a mobilidade se torna uma pe\u00e7a-chave na equa\u00e7\u00e3o do crescimento econ\u00f4mico.<\/p>\n<p>Por fim, a pol\u00edtica econ\u00f4mica planejada pelo governo, que considera o impacto de medidas pontuais como o Imposto de Importa\u00e7\u00e3o e o IOF sobre o IPI, pode direcionar mais recursos para \u00e1reas que afetam diretamente o dia a dia dos motoristas. A melhoria da infraestrutura rodovi\u00e1ria, a amplia\u00e7\u00e3o do transporte p\u00fablico e a sustentabilidade dos gastos p\u00fablicos s\u00e3o aspectos que, se bem geridos, poder\u00e3o resultar em um sistema de mobilidade mais eficiente e acess\u00edvel.<\/p>\n<p><strong>Fonte: Money Times<\/strong><\/p>\n","protected":false},"excerpt":{"rendered":"<p>Haddad admite que Or\u00e7amento de 2026 tem desafios, mas defende que cumprimento \u00e9 cr\u00edvel O ministro da Fazenda, Fernando Haddad, expressou confian\u00e7a na pe\u00e7a or\u00e7ament\u00e1ria de 2026, afirmando que, apesar dos desafios, sua credibilidade \u00e9 indiscut\u00edvel. Ele ressaltou que a equipe econ\u00f4mica est\u00e1 empenhada em restabelecer o equil\u00edbrio nas contas p\u00fablicas. O cumprimento da meta &hellip;<\/p>\n","protected":false},"author":4,"featured_media":0,"comment_status":"","ping_status":"open","sticky":false,"template":"","format":"standard","meta":{"footnotes":""},"categories":[61],"tags":[],"coauthors":[42],"class_list":["post-5333","post","type-post","status-publish","format-standard","hentry","category-mercado-financeiro"],"yoast_head":"<!-- This site is optimized with the Yoast SEO Premium plugin v25.5 (Yoast SEO v27.4) - https:\/\/yoast.com\/product\/yoast-seo-premium-wordpress\/ -->\n<title>Haddad reconhece desafios no Or\u00e7amento de 2026, mas acredita em viabilidade. - Motorista.com.br<\/title>\n<meta name=\"robots\" content=\"index, follow, max-snippet:-1, max-image-preview:large, max-video-preview:-1\" \/>\n<link rel=\"canonical\" href=\"https:\/\/motorista.com.br\/noticias\/2025\/12\/21\/haddad-reconhece-desafios-no-orcamento-de-2026-mas-acredita-em-viabilidade\/\" \/>\n<meta property=\"og:locale\" content=\"pt_BR\" \/>\n<meta property=\"og:type\" content=\"article\" \/>\n<meta property=\"og:title\" content=\"Haddad reconhece desafios no Or\u00e7amento de 2026, mas acredita em viabilidade.\" \/>\n<meta property=\"og:description\" content=\"Haddad admite que Or\u00e7amento de 2026 tem desafios, mas defende que cumprimento \u00e9 cr\u00edvel O ministro da Fazenda, Fernando Haddad, expressou confian\u00e7a na pe\u00e7a or\u00e7ament\u00e1ria de 2026, afirmando que, apesar dos desafios, sua credibilidade \u00e9 indiscut\u00edvel. Ele ressaltou que a equipe econ\u00f4mica est\u00e1 empenhada em restabelecer o equil\u00edbrio nas contas p\u00fablicas. O cumprimento da meta &hellip;\" \/>\n<meta property=\"og:url\" content=\"https:\/\/motorista.com.br\/noticias\/2025\/12\/21\/haddad-reconhece-desafios-no-orcamento-de-2026-mas-acredita-em-viabilidade\/\" \/>\n<meta property=\"og:site_name\" content=\"Motorista.com.br\" \/>\n<meta property=\"article:published_time\" content=\"2025-12-21T06:20:54+00:00\" \/>\n<meta name=\"author\" content=\"Equipe Reda\u00e7\u00e3o\" \/>\n<meta name=\"twitter:card\" content=\"summary_large_image\" \/>\n<meta name=\"twitter:label1\" content=\"Escrito por\" \/>\n\t<meta name=\"twitter:data1\" content=\"Equipe Reda\u00e7\u00e3o\" \/>\n\t<meta name=\"twitter:label2\" content=\"Est. tempo de leitura\" \/>\n\t<meta name=\"twitter:data2\" content=\"2 minutos\" \/>\n\t<meta name=\"twitter:label3\" content=\"Written by\" \/>\n\t<meta name=\"twitter:data3\" content=\"Equipe Reda\u00e7\u00e3o\" \/>\n<script type=\"application\/ld+json\" class=\"yoast-schema-graph\">{\"@context\":\"https:\\\/\\\/schema.org\",\"@graph\":[{\"@type\":\"Article\",\"@id\":\"https:\\\/\\\/motorista.com.br\\\/noticias\\\/2025\\\/12\\\/21\\\/haddad-reconhece-desafios-no-orcamento-de-2026-mas-acredita-em-viabilidade\\\/#article\",\"isPartOf\":{\"@id\":\"https:\\\/\\\/motorista.com.br\\\/noticias\\\/2025\\\/12\\\/21\\\/haddad-reconhece-desafios-no-orcamento-de-2026-mas-acredita-em-viabilidade\\\/\"},\"author\":{\"name\":\"Equipe Reda\u00e7\u00e3o\",\"@id\":\"https:\\\/\\\/motorista.com.br\\\/noticias\\\/#\\\/schema\\\/person\\\/dc93afc2981c0e3ce6bc3c053fd847be\"},\"headline\":\"Haddad reconhece desafios no Or\u00e7amento de 2026, mas acredita em viabilidade.\",\"datePublished\":\"2025-12-21T06:20:54+00:00\",\"mainEntityOfPage\":{\"@id\":\"https:\\\/\\\/motorista.com.br\\\/noticias\\\/2025\\\/12\\\/21\\\/haddad-reconhece-desafios-no-orcamento-de-2026-mas-acredita-em-viabilidade\\\/\"},\"wordCount\":383,\"publisher\":{\"@id\":\"https:\\\/\\\/motorista.com.br\\\/noticias\\\/#organization\"},\"articleSection\":[\"Mercado Financeiro\"],\"inLanguage\":\"pt-BR\"},{\"@type\":\"WebPage\",\"@id\":\"https:\\\/\\\/motorista.com.br\\\/noticias\\\/2025\\\/12\\\/21\\\/haddad-reconhece-desafios-no-orcamento-de-2026-mas-acredita-em-viabilidade\\\/\",\"url\":\"https:\\\/\\\/motorista.com.br\\\/noticias\\\/2025\\\/12\\\/21\\\/haddad-reconhece-desafios-no-orcamento-de-2026-mas-acredita-em-viabilidade\\\/\",\"name\":\"Haddad reconhece desafios no Or\u00e7amento de 2026, mas acredita em viabilidade. - Motorista.com.br\",\"isPartOf\":{\"@id\":\"https:\\\/\\\/motorista.com.br\\\/noticias\\\/#website\"},\"datePublished\":\"2025-12-21T06:20:54+00:00\",\"breadcrumb\":{\"@id\":\"https:\\\/\\\/motorista.com.br\\\/noticias\\\/2025\\\/12\\\/21\\\/haddad-reconhece-desafios-no-orcamento-de-2026-mas-acredita-em-viabilidade\\\/#breadcrumb\"},\"inLanguage\":\"pt-BR\",\"potentialAction\":[{\"@type\":\"ReadAction\",\"target\":[\"https:\\\/\\\/motorista.com.br\\\/noticias\\\/2025\\\/12\\\/21\\\/haddad-reconhece-desafios-no-orcamento-de-2026-mas-acredita-em-viabilidade\\\/\"]}]},{\"@type\":\"BreadcrumbList\",\"@id\":\"https:\\\/\\\/motorista.com.br\\\/noticias\\\/2025\\\/12\\\/21\\\/haddad-reconhece-desafios-no-orcamento-de-2026-mas-acredita-em-viabilidade\\\/#breadcrumb\",\"itemListElement\":[{\"@type\":\"ListItem\",\"position\":1,\"name\":\"In\u00edcio\",\"item\":\"https:\\\/\\\/motorista.com.br\\\/noticias\\\/\"},{\"@type\":\"ListItem\",\"position\":2,\"name\":\"Haddad reconhece desafios no Or\u00e7amento de 2026, mas acredita em viabilidade.\"}]},{\"@type\":\"WebSite\",\"@id\":\"https:\\\/\\\/motorista.com.br\\\/noticias\\\/#website\",\"url\":\"https:\\\/\\\/motorista.com.br\\\/noticias\\\/\",\"name\":\"Motorista.com.br\",\"description\":\"Not\u00edcia do Motorista\",\"publisher\":{\"@id\":\"https:\\\/\\\/motorista.com.br\\\/noticias\\\/#organization\"},\"potentialAction\":[{\"@type\":\"SearchAction\",\"target\":{\"@type\":\"EntryPoint\",\"urlTemplate\":\"https:\\\/\\\/motorista.com.br\\\/noticias\\\/?s={search_term_string}\"},\"query-input\":{\"@type\":\"PropertyValueSpecification\",\"valueRequired\":true,\"valueName\":\"search_term_string\"}}],\"inLanguage\":\"pt-BR\"},{\"@type\":\"Organization\",\"@id\":\"https:\\\/\\\/motorista.com.br\\\/noticias\\\/#organization\",\"name\":\"Motorista.com.br\",\"url\":\"https:\\\/\\\/motorista.com.br\\\/noticias\\\/\",\"logo\":{\"@type\":\"ImageObject\",\"inLanguage\":\"pt-BR\",\"@id\":\"https:\\\/\\\/motorista.com.br\\\/noticias\\\/#\\\/schema\\\/logo\\\/image\\\/\",\"url\":\"https:\\\/\\\/motorista.com.br\\\/noticias\\\/wp-content\\\/uploads\\\/2025\\\/06\\\/Design-sem-nome-9.png\",\"contentUrl\":\"https:\\\/\\\/motorista.com.br\\\/noticias\\\/wp-content\\\/uploads\\\/2025\\\/06\\\/Design-sem-nome-9.png\",\"width\":150,\"height\":85,\"caption\":\"Motorista.com.br\"},\"image\":{\"@id\":\"https:\\\/\\\/motorista.com.br\\\/noticias\\\/#\\\/schema\\\/logo\\\/image\\\/\"}},{\"@type\":\"Person\",\"@id\":\"https:\\\/\\\/motorista.com.br\\\/noticias\\\/#\\\/schema\\\/person\\\/dc93afc2981c0e3ce6bc3c053fd847be\",\"name\":\"Equipe Reda\u00e7\u00e3o\",\"image\":{\"@type\":\"ImageObject\",\"inLanguage\":\"pt-BR\",\"@id\":\"https:\\\/\\\/secure.gravatar.com\\\/avatar\\\/4f525efbf18dd2bb300ccad28bfb99d95a9465a5ba268407c8c37b37e1f28d2d?s=96&d=mm&r=g9e099043a0c61e9ae27e293b9fa75ffc\",\"url\":\"https:\\\/\\\/secure.gravatar.com\\\/avatar\\\/4f525efbf18dd2bb300ccad28bfb99d95a9465a5ba268407c8c37b37e1f28d2d?s=96&d=mm&r=g\",\"contentUrl\":\"https:\\\/\\\/secure.gravatar.com\\\/avatar\\\/4f525efbf18dd2bb300ccad28bfb99d95a9465a5ba268407c8c37b37e1f28d2d?s=96&d=mm&r=g\",\"caption\":\"Equipe Reda\u00e7\u00e3o\"},\"description\":\"Equipe de reda\u00e7\u00e3o \u00e9 um grupo de profissionais que trabalham juntos para criar conte\u00fado escrito para Motorista.com.br\",\"url\":\"https:\\\/\\\/motorista.com.br\\\/noticias\\\/author\\\/equiperedacao\\\/\"}]}<\/script>\n<!-- \/ Yoast SEO Premium plugin. -->","yoast_head_json":{"title":"Haddad reconhece desafios no Or\u00e7amento de 2026, mas acredita em viabilidade. - Motorista.com.br","robots":{"index":"index","follow":"follow","max-snippet":"max-snippet:-1","max-image-preview":"max-image-preview:large","max-video-preview":"max-video-preview:-1"},"canonical":"https:\/\/motorista.com.br\/noticias\/2025\/12\/21\/haddad-reconhece-desafios-no-orcamento-de-2026-mas-acredita-em-viabilidade\/","og_locale":"pt_BR","og_type":"article","og_title":"Haddad reconhece desafios no Or\u00e7amento de 2026, mas acredita em viabilidade.","og_description":"Haddad admite que Or\u00e7amento de 2026 tem desafios, mas defende que cumprimento \u00e9 cr\u00edvel O ministro da Fazenda, Fernando Haddad, expressou confian\u00e7a na pe\u00e7a or\u00e7ament\u00e1ria de 2026, afirmando que, apesar dos desafios, sua credibilidade \u00e9 indiscut\u00edvel. Ele ressaltou que a equipe econ\u00f4mica est\u00e1 empenhada em restabelecer o equil\u00edbrio nas contas p\u00fablicas. O cumprimento da meta &hellip;","og_url":"https:\/\/motorista.com.br\/noticias\/2025\/12\/21\/haddad-reconhece-desafios-no-orcamento-de-2026-mas-acredita-em-viabilidade\/","og_site_name":"Motorista.com.br","article_published_time":"2025-12-21T06:20:54+00:00","author":"Equipe Reda\u00e7\u00e3o","twitter_card":"summary_large_image","twitter_misc":{"Escrito por":"Equipe Reda\u00e7\u00e3o","Est. tempo de leitura":"2 minutos","Written by":"Equipe Reda\u00e7\u00e3o"},"schema":{"@context":"https:\/\/schema.org","@graph":[{"@type":"Article","@id":"https:\/\/motorista.com.br\/noticias\/2025\/12\/21\/haddad-reconhece-desafios-no-orcamento-de-2026-mas-acredita-em-viabilidade\/#article","isPartOf":{"@id":"https:\/\/motorista.com.br\/noticias\/2025\/12\/21\/haddad-reconhece-desafios-no-orcamento-de-2026-mas-acredita-em-viabilidade\/"},"author":{"name":"Equipe Reda\u00e7\u00e3o","@id":"https:\/\/motorista.com.br\/noticias\/#\/schema\/person\/dc93afc2981c0e3ce6bc3c053fd847be"},"headline":"Haddad reconhece desafios no Or\u00e7amento de 2026, mas acredita em viabilidade.","datePublished":"2025-12-21T06:20:54+00:00","mainEntityOfPage":{"@id":"https:\/\/motorista.com.br\/noticias\/2025\/12\/21\/haddad-reconhece-desafios-no-orcamento-de-2026-mas-acredita-em-viabilidade\/"},"wordCount":383,"publisher":{"@id":"https:\/\/motorista.com.br\/noticias\/#organization"},"articleSection":["Mercado Financeiro"],"inLanguage":"pt-BR"},{"@type":"WebPage","@id":"https:\/\/motorista.com.br\/noticias\/2025\/12\/21\/haddad-reconhece-desafios-no-orcamento-de-2026-mas-acredita-em-viabilidade\/","url":"https:\/\/motorista.com.br\/noticias\/2025\/12\/21\/haddad-reconhece-desafios-no-orcamento-de-2026-mas-acredita-em-viabilidade\/","name":"Haddad reconhece desafios no Or\u00e7amento de 2026, mas acredita em viabilidade. - Motorista.com.br","isPartOf":{"@id":"https:\/\/motorista.com.br\/noticias\/#website"},"datePublished":"2025-12-21T06:20:54+00:00","breadcrumb":{"@id":"https:\/\/motorista.com.br\/noticias\/2025\/12\/21\/haddad-reconhece-desafios-no-orcamento-de-2026-mas-acredita-em-viabilidade\/#breadcrumb"},"inLanguage":"pt-BR","potentialAction":[{"@type":"ReadAction","target":["https:\/\/motorista.com.br\/noticias\/2025\/12\/21\/haddad-reconhece-desafios-no-orcamento-de-2026-mas-acredita-em-viabilidade\/"]}]},{"@type":"BreadcrumbList","@id":"https:\/\/motorista.com.br\/noticias\/2025\/12\/21\/haddad-reconhece-desafios-no-orcamento-de-2026-mas-acredita-em-viabilidade\/#breadcrumb","itemListElement":[{"@type":"ListItem","position":1,"name":"In\u00edcio","item":"https:\/\/motorista.com.br\/noticias\/"},{"@type":"ListItem","position":2,"name":"Haddad reconhece desafios no Or\u00e7amento de 2026, mas acredita em viabilidade."}]},{"@type":"WebSite","@id":"https:\/\/motorista.com.br\/noticias\/#website","url":"https:\/\/motorista.com.br\/noticias\/","name":"Motorista.com.br","description":"Not\u00edcia do Motorista","publisher":{"@id":"https:\/\/motorista.com.br\/noticias\/#organization"},"potentialAction":[{"@type":"SearchAction","target":{"@type":"EntryPoint","urlTemplate":"https:\/\/motorista.com.br\/noticias\/?s={search_term_string}"},"query-input":{"@type":"PropertyValueSpecification","valueRequired":true,"valueName":"search_term_string"}}],"inLanguage":"pt-BR"},{"@type":"Organization","@id":"https:\/\/motorista.com.br\/noticias\/#organization","name":"Motorista.com.br","url":"https:\/\/motorista.com.br\/noticias\/","logo":{"@type":"ImageObject","inLanguage":"pt-BR","@id":"https:\/\/motorista.com.br\/noticias\/#\/schema\/logo\/image\/","url":"https:\/\/motorista.com.br\/noticias\/wp-content\/uploads\/2025\/06\/Design-sem-nome-9.png","contentUrl":"https:\/\/motorista.com.br\/noticias\/wp-content\/uploads\/2025\/06\/Design-sem-nome-9.png","width":150,"height":85,"caption":"Motorista.com.br"},"image":{"@id":"https:\/\/motorista.com.br\/noticias\/#\/schema\/logo\/image\/"}},{"@type":"Person","@id":"https:\/\/motorista.com.br\/noticias\/#\/schema\/person\/dc93afc2981c0e3ce6bc3c053fd847be","name":"Equipe Reda\u00e7\u00e3o","image":{"@type":"ImageObject","inLanguage":"pt-BR","@id":"https:\/\/secure.gravatar.com\/avatar\/4f525efbf18dd2bb300ccad28bfb99d95a9465a5ba268407c8c37b37e1f28d2d?s=96&d=mm&r=g9e099043a0c61e9ae27e293b9fa75ffc","url":"https:\/\/secure.gravatar.com\/avatar\/4f525efbf18dd2bb300ccad28bfb99d95a9465a5ba268407c8c37b37e1f28d2d?s=96&d=mm&r=g","contentUrl":"https:\/\/secure.gravatar.com\/avatar\/4f525efbf18dd2bb300ccad28bfb99d95a9465a5ba268407c8c37b37e1f28d2d?s=96&d=mm&r=g","caption":"Equipe Reda\u00e7\u00e3o"},"description":"Equipe de reda\u00e7\u00e3o \u00e9 um grupo de profissionais que trabalham juntos para criar conte\u00fado escrito para Motorista.com.br","url":"https:\/\/motorista.com.br\/noticias\/author\/equiperedacao\/"}]}},"_links":{"self":[{"href":"https:\/\/motorista.com.br\/noticias\/wp-json\/wp\/v2\/posts\/5333","targetHints":{"allow":["GET"]}}],"collection":[{"href":"https:\/\/motorista.com.br\/noticias\/wp-json\/wp\/v2\/posts"}],"about":[{"href":"https:\/\/motorista.com.br\/noticias\/wp-json\/wp\/v2\/types\/post"}],"author":[{"embeddable":true,"href":"https:\/\/motorista.com.br\/noticias\/wp-json\/wp\/v2\/users\/4"}],"replies":[{"embeddable":true,"href":"https:\/\/motorista.com.br\/noticias\/wp-json\/wp\/v2\/comments?post=5333"}],"version-history":[{"count":0,"href":"https:\/\/motorista.com.br\/noticias\/wp-json\/wp\/v2\/posts\/5333\/revisions"}],"wp:attachment":[{"href":"https:\/\/motorista.com.br\/noticias\/wp-json\/wp\/v2\/media?parent=5333"}],"wp:term":[{"taxonomy":"category","embeddable":true,"href":"https:\/\/motorista.com.br\/noticias\/wp-json\/wp\/v2\/categories?post=5333"},{"taxonomy":"post_tag","embeddable":true,"href":"https:\/\/motorista.com.br\/noticias\/wp-json\/wp\/v2\/tags?post=5333"},{"taxonomy":"author","embeddable":true,"href":"https:\/\/motorista.com.br\/noticias\/wp-json\/wp\/v2\/coauthors?post=5333"}],"curies":[{"name":"wp","href":"https:\/\/api.w.org\/{rel}","templated":true}]}}