{"id":5331,"date":"2025-12-21T03:17:05","date_gmt":"2025-12-21T06:17:05","guid":{"rendered":"https:\/\/motorista.com.br\/noticias\/2025\/12\/21\/tribunal-rejeita-pedido-de-indenizacao-de-viuva-de-motorista-assassinado\/"},"modified":"2025-12-21T03:17:05","modified_gmt":"2025-12-21T06:17:05","slug":"tribunal-rejeita-pedido-de-indenizacao-de-viuva-de-motorista-assassinado","status":"publish","type":"post","link":"https:\/\/motorista.com.br\/noticias\/2025\/12\/21\/tribunal-rejeita-pedido-de-indenizacao-de-viuva-de-motorista-assassinado\/","title":{"rendered":"Tribunal rejeita pedido de indeniza\u00e7\u00e3o de vi\u00fava de motorista assassinado."},"content":{"rendered":"<p><\/p>\n<h3>TRT-GO nega indeniza\u00e7\u00e3o \u00e0 vi\u00fava de motorista morto em assalto ap\u00f3s dar carona para criminosa<\/h3>\n<p>A Primeira Turma do Tribunal Regional do Trabalho de Goi\u00e1s (TRT-GO) negou a indeniza\u00e7\u00e3o por danos morais e materiais solicitada por uma vi\u00fava em decorr\u00eancia da morte de seu marido, um motorista de carga, v\u00edtima de latroc\u00ednio (roubo seguido de morte). O caso gerou um debate significativo sobre a responsabilidade de motoristas em situa\u00e7\u00f5es de risco e a import\u00e2ncia de pr\u00e1ticas seguras na mobilidade.<\/p>\n<p>A decis\u00e3o do tribunal baseou-se na conduta imprudente do motorista, que ofereceu carona a uma desconhecida, que pertenc\u00eda \u00e0 quadrilha respons\u00e1vel pelo crime. Embora a atividade de motorista de carga seja inerentemente arriscada, o tribunal concluiu que a imprud\u00eancia do condutor rompeu o nexo causal entre o crime e a sua atividade profissional. Isso levanta quest\u00f5es importantes sobre a seguran\u00e7a dos motoristas e suas responsabilidades em situa\u00e7\u00f5es que podem comprometer n\u00e3o apenas sua vida, mas tamb\u00e9m a de outros.<\/p>\n<p>Esse caso ressalta a necessidade de uma abordagem mais consciente em rela\u00e7\u00e3o \u00e0 seguran\u00e7a nas estradas. Oferecer carona a desconhecidos pode parecer um ato de seguran\u00e7a e solidariedade, mas pode, na verdade, colocar vidas em risco. A decis\u00e3o do TRT-GO serve como um alerta para motoristas e empresas do setor sobre a import\u00e2ncia de seguir protocolos de seguran\u00e7a estabelecidos, que visam proteger n\u00e3o apenas os trabalhadores, mas tamb\u00e9m a sociedade em geral.<\/p>\n<p>Com a crescente viol\u00eancia nas estradas, \u00e9 crucial que motoristas sejam educados sobre os perigos que podem enfrentar e sobre a import\u00e2ncia de agir de forma prudente. Medidas de seguran\u00e7a, como n\u00e3o aceitar caronas de desconhecidos e estar sempre atento ao ambiente ao redor, s\u00e3o pr\u00e1ticas que podem contribuir para diminuir os riscos enfrentados pelos motoristas de carga.<\/p>\n<p>Al\u00e9m disso, as empresas do setor devem refor\u00e7ar as pol\u00edticas de seguran\u00e7a e treinamento, promovendo uma cultura de preven\u00e7\u00e3o que priorize a seguran\u00e7a dos seus empregados. A responsabilidade n\u00e3o deve recair apenas sobre o motorista, mas tamb\u00e9m deve ser compartilhada pelas companhias que contratam esses profissionais.<\/p>\n<p>Em \u00faltima an\u00e1lise, casos como o do motorista em Goi\u00e1s nos levam a refletir sobre a mobilidade e a seguran\u00e7a nas estradas. As decis\u00f5es judiciais n\u00e3o apenas definem direitos e deveres, mas tamb\u00e9m moldam comportamentos e pr\u00e1ticas que podem impactar a seguran\u00e7a coletiva.<\/p>\n<p><strong>Fonte: blogdocaminhoneiro<\/strong><\/p>\n","protected":false},"excerpt":{"rendered":"<p>TRT-GO nega indeniza\u00e7\u00e3o \u00e0 vi\u00fava de motorista morto em assalto ap\u00f3s dar carona para criminosa A Primeira Turma do Tribunal Regional do Trabalho de Goi\u00e1s (TRT-GO) negou a indeniza\u00e7\u00e3o por danos morais e materiais solicitada por uma vi\u00fava em decorr\u00eancia da morte de seu marido, um motorista de carga, v\u00edtima de latroc\u00ednio (roubo seguido de &hellip;<\/p>\n","protected":false},"author":4,"featured_media":0,"comment_status":"","ping_status":"open","sticky":false,"template":"","format":"standard","meta":{"footnotes":""},"categories":[78,77],"tags":[],"coauthors":[42],"class_list":["post-5331","post","type-post","status-publish","format-standard","hentry","category-carreteiro","category-motorista"],"yoast_head":"<!-- This site is optimized with the Yoast SEO Premium plugin v25.5 (Yoast SEO v27.4) - https:\/\/yoast.com\/product\/yoast-seo-premium-wordpress\/ -->\n<title>Tribunal rejeita pedido de indeniza\u00e7\u00e3o de vi\u00fava de motorista assassinado. - Motorista.com.br<\/title>\n<meta name=\"robots\" content=\"index, follow, max-snippet:-1, max-image-preview:large, max-video-preview:-1\" \/>\n<link rel=\"canonical\" href=\"https:\/\/motorista.com.br\/noticias\/2025\/12\/21\/tribunal-rejeita-pedido-de-indenizacao-de-viuva-de-motorista-assassinado\/\" \/>\n<meta property=\"og:locale\" content=\"pt_BR\" \/>\n<meta property=\"og:type\" content=\"article\" \/>\n<meta property=\"og:title\" content=\"Tribunal rejeita pedido de indeniza\u00e7\u00e3o de vi\u00fava de motorista assassinado.\" \/>\n<meta property=\"og:description\" content=\"TRT-GO nega indeniza\u00e7\u00e3o \u00e0 vi\u00fava de motorista morto em assalto ap\u00f3s dar carona para criminosa A Primeira Turma do Tribunal Regional do Trabalho de Goi\u00e1s (TRT-GO) negou a indeniza\u00e7\u00e3o por danos morais e materiais solicitada por uma vi\u00fava em decorr\u00eancia da morte de seu marido, um motorista de carga, v\u00edtima de latroc\u00ednio (roubo seguido de &hellip;\" \/>\n<meta property=\"og:url\" content=\"https:\/\/motorista.com.br\/noticias\/2025\/12\/21\/tribunal-rejeita-pedido-de-indenizacao-de-viuva-de-motorista-assassinado\/\" \/>\n<meta property=\"og:site_name\" content=\"Motorista.com.br\" \/>\n<meta property=\"article:published_time\" content=\"2025-12-21T06:17:05+00:00\" \/>\n<meta name=\"author\" content=\"Equipe Reda\u00e7\u00e3o\" \/>\n<meta name=\"twitter:card\" content=\"summary_large_image\" \/>\n<meta name=\"twitter:label1\" content=\"Escrito por\" \/>\n\t<meta name=\"twitter:data1\" content=\"Equipe Reda\u00e7\u00e3o\" \/>\n\t<meta name=\"twitter:label2\" content=\"Est. tempo de leitura\" \/>\n\t<meta name=\"twitter:data2\" content=\"2 minutos\" \/>\n\t<meta name=\"twitter:label3\" content=\"Written by\" \/>\n\t<meta name=\"twitter:data3\" content=\"Equipe Reda\u00e7\u00e3o\" \/>\n<script type=\"application\/ld+json\" class=\"yoast-schema-graph\">{\"@context\":\"https:\\\/\\\/schema.org\",\"@graph\":[{\"@type\":\"Article\",\"@id\":\"https:\\\/\\\/motorista.com.br\\\/noticias\\\/2025\\\/12\\\/21\\\/tribunal-rejeita-pedido-de-indenizacao-de-viuva-de-motorista-assassinado\\\/#article\",\"isPartOf\":{\"@id\":\"https:\\\/\\\/motorista.com.br\\\/noticias\\\/2025\\\/12\\\/21\\\/tribunal-rejeita-pedido-de-indenizacao-de-viuva-de-motorista-assassinado\\\/\"},\"author\":{\"name\":\"Equipe Reda\u00e7\u00e3o\",\"@id\":\"https:\\\/\\\/motorista.com.br\\\/noticias\\\/#\\\/schema\\\/person\\\/dc93afc2981c0e3ce6bc3c053fd847be\"},\"headline\":\"Tribunal rejeita pedido de indeniza\u00e7\u00e3o de vi\u00fava de motorista assassinado.\",\"datePublished\":\"2025-12-21T06:17:05+00:00\",\"mainEntityOfPage\":{\"@id\":\"https:\\\/\\\/motorista.com.br\\\/noticias\\\/2025\\\/12\\\/21\\\/tribunal-rejeita-pedido-de-indenizacao-de-viuva-de-motorista-assassinado\\\/\"},\"wordCount\":438,\"publisher\":{\"@id\":\"https:\\\/\\\/motorista.com.br\\\/noticias\\\/#organization\"},\"articleSection\":[\"Carreteiro\",\"Motorista\"],\"inLanguage\":\"pt-BR\"},{\"@type\":\"WebPage\",\"@id\":\"https:\\\/\\\/motorista.com.br\\\/noticias\\\/2025\\\/12\\\/21\\\/tribunal-rejeita-pedido-de-indenizacao-de-viuva-de-motorista-assassinado\\\/\",\"url\":\"https:\\\/\\\/motorista.com.br\\\/noticias\\\/2025\\\/12\\\/21\\\/tribunal-rejeita-pedido-de-indenizacao-de-viuva-de-motorista-assassinado\\\/\",\"name\":\"Tribunal rejeita pedido de indeniza\u00e7\u00e3o de vi\u00fava de motorista assassinado. - Motorista.com.br\",\"isPartOf\":{\"@id\":\"https:\\\/\\\/motorista.com.br\\\/noticias\\\/#website\"},\"datePublished\":\"2025-12-21T06:17:05+00:00\",\"breadcrumb\":{\"@id\":\"https:\\\/\\\/motorista.com.br\\\/noticias\\\/2025\\\/12\\\/21\\\/tribunal-rejeita-pedido-de-indenizacao-de-viuva-de-motorista-assassinado\\\/#breadcrumb\"},\"inLanguage\":\"pt-BR\",\"potentialAction\":[{\"@type\":\"ReadAction\",\"target\":[\"https:\\\/\\\/motorista.com.br\\\/noticias\\\/2025\\\/12\\\/21\\\/tribunal-rejeita-pedido-de-indenizacao-de-viuva-de-motorista-assassinado\\\/\"]}]},{\"@type\":\"BreadcrumbList\",\"@id\":\"https:\\\/\\\/motorista.com.br\\\/noticias\\\/2025\\\/12\\\/21\\\/tribunal-rejeita-pedido-de-indenizacao-de-viuva-de-motorista-assassinado\\\/#breadcrumb\",\"itemListElement\":[{\"@type\":\"ListItem\",\"position\":1,\"name\":\"In\u00edcio\",\"item\":\"https:\\\/\\\/motorista.com.br\\\/noticias\\\/\"},{\"@type\":\"ListItem\",\"position\":2,\"name\":\"Tribunal rejeita pedido de indeniza\u00e7\u00e3o de vi\u00fava de motorista assassinado.\"}]},{\"@type\":\"WebSite\",\"@id\":\"https:\\\/\\\/motorista.com.br\\\/noticias\\\/#website\",\"url\":\"https:\\\/\\\/motorista.com.br\\\/noticias\\\/\",\"name\":\"Motorista.com.br\",\"description\":\"Not\u00edcia do Motorista\",\"publisher\":{\"@id\":\"https:\\\/\\\/motorista.com.br\\\/noticias\\\/#organization\"},\"potentialAction\":[{\"@type\":\"SearchAction\",\"target\":{\"@type\":\"EntryPoint\",\"urlTemplate\":\"https:\\\/\\\/motorista.com.br\\\/noticias\\\/?s={search_term_string}\"},\"query-input\":{\"@type\":\"PropertyValueSpecification\",\"valueRequired\":true,\"valueName\":\"search_term_string\"}}],\"inLanguage\":\"pt-BR\"},{\"@type\":\"Organization\",\"@id\":\"https:\\\/\\\/motorista.com.br\\\/noticias\\\/#organization\",\"name\":\"Motorista.com.br\",\"url\":\"https:\\\/\\\/motorista.com.br\\\/noticias\\\/\",\"logo\":{\"@type\":\"ImageObject\",\"inLanguage\":\"pt-BR\",\"@id\":\"https:\\\/\\\/motorista.com.br\\\/noticias\\\/#\\\/schema\\\/logo\\\/image\\\/\",\"url\":\"https:\\\/\\\/motorista.com.br\\\/noticias\\\/wp-content\\\/uploads\\\/2025\\\/06\\\/Design-sem-nome-9.png\",\"contentUrl\":\"https:\\\/\\\/motorista.com.br\\\/noticias\\\/wp-content\\\/uploads\\\/2025\\\/06\\\/Design-sem-nome-9.png\",\"width\":150,\"height\":85,\"caption\":\"Motorista.com.br\"},\"image\":{\"@id\":\"https:\\\/\\\/motorista.com.br\\\/noticias\\\/#\\\/schema\\\/logo\\\/image\\\/\"}},{\"@type\":\"Person\",\"@id\":\"https:\\\/\\\/motorista.com.br\\\/noticias\\\/#\\\/schema\\\/person\\\/dc93afc2981c0e3ce6bc3c053fd847be\",\"name\":\"Equipe Reda\u00e7\u00e3o\",\"image\":{\"@type\":\"ImageObject\",\"inLanguage\":\"pt-BR\",\"@id\":\"https:\\\/\\\/secure.gravatar.com\\\/avatar\\\/4f525efbf18dd2bb300ccad28bfb99d95a9465a5ba268407c8c37b37e1f28d2d?s=96&d=mm&r=g9e099043a0c61e9ae27e293b9fa75ffc\",\"url\":\"https:\\\/\\\/secure.gravatar.com\\\/avatar\\\/4f525efbf18dd2bb300ccad28bfb99d95a9465a5ba268407c8c37b37e1f28d2d?s=96&d=mm&r=g\",\"contentUrl\":\"https:\\\/\\\/secure.gravatar.com\\\/avatar\\\/4f525efbf18dd2bb300ccad28bfb99d95a9465a5ba268407c8c37b37e1f28d2d?s=96&d=mm&r=g\",\"caption\":\"Equipe Reda\u00e7\u00e3o\"},\"description\":\"Equipe de reda\u00e7\u00e3o \u00e9 um grupo de profissionais que trabalham juntos para criar conte\u00fado escrito para Motorista.com.br\",\"url\":\"https:\\\/\\\/motorista.com.br\\\/noticias\\\/author\\\/equiperedacao\\\/\"}]}<\/script>\n<!-- \/ Yoast SEO Premium plugin. -->","yoast_head_json":{"title":"Tribunal rejeita pedido de indeniza\u00e7\u00e3o de vi\u00fava de motorista assassinado. - Motorista.com.br","robots":{"index":"index","follow":"follow","max-snippet":"max-snippet:-1","max-image-preview":"max-image-preview:large","max-video-preview":"max-video-preview:-1"},"canonical":"https:\/\/motorista.com.br\/noticias\/2025\/12\/21\/tribunal-rejeita-pedido-de-indenizacao-de-viuva-de-motorista-assassinado\/","og_locale":"pt_BR","og_type":"article","og_title":"Tribunal rejeita pedido de indeniza\u00e7\u00e3o de vi\u00fava de motorista assassinado.","og_description":"TRT-GO nega indeniza\u00e7\u00e3o \u00e0 vi\u00fava de motorista morto em assalto ap\u00f3s dar carona para criminosa A Primeira Turma do Tribunal Regional do Trabalho de Goi\u00e1s (TRT-GO) negou a indeniza\u00e7\u00e3o por danos morais e materiais solicitada por uma vi\u00fava em decorr\u00eancia da morte de seu marido, um motorista de carga, v\u00edtima de latroc\u00ednio (roubo seguido de &hellip;","og_url":"https:\/\/motorista.com.br\/noticias\/2025\/12\/21\/tribunal-rejeita-pedido-de-indenizacao-de-viuva-de-motorista-assassinado\/","og_site_name":"Motorista.com.br","article_published_time":"2025-12-21T06:17:05+00:00","author":"Equipe Reda\u00e7\u00e3o","twitter_card":"summary_large_image","twitter_misc":{"Escrito por":"Equipe Reda\u00e7\u00e3o","Est. tempo de leitura":"2 minutos","Written by":"Equipe Reda\u00e7\u00e3o"},"schema":{"@context":"https:\/\/schema.org","@graph":[{"@type":"Article","@id":"https:\/\/motorista.com.br\/noticias\/2025\/12\/21\/tribunal-rejeita-pedido-de-indenizacao-de-viuva-de-motorista-assassinado\/#article","isPartOf":{"@id":"https:\/\/motorista.com.br\/noticias\/2025\/12\/21\/tribunal-rejeita-pedido-de-indenizacao-de-viuva-de-motorista-assassinado\/"},"author":{"name":"Equipe Reda\u00e7\u00e3o","@id":"https:\/\/motorista.com.br\/noticias\/#\/schema\/person\/dc93afc2981c0e3ce6bc3c053fd847be"},"headline":"Tribunal rejeita pedido de indeniza\u00e7\u00e3o de vi\u00fava de motorista assassinado.","datePublished":"2025-12-21T06:17:05+00:00","mainEntityOfPage":{"@id":"https:\/\/motorista.com.br\/noticias\/2025\/12\/21\/tribunal-rejeita-pedido-de-indenizacao-de-viuva-de-motorista-assassinado\/"},"wordCount":438,"publisher":{"@id":"https:\/\/motorista.com.br\/noticias\/#organization"},"articleSection":["Carreteiro","Motorista"],"inLanguage":"pt-BR"},{"@type":"WebPage","@id":"https:\/\/motorista.com.br\/noticias\/2025\/12\/21\/tribunal-rejeita-pedido-de-indenizacao-de-viuva-de-motorista-assassinado\/","url":"https:\/\/motorista.com.br\/noticias\/2025\/12\/21\/tribunal-rejeita-pedido-de-indenizacao-de-viuva-de-motorista-assassinado\/","name":"Tribunal rejeita pedido de indeniza\u00e7\u00e3o de vi\u00fava de motorista assassinado. - Motorista.com.br","isPartOf":{"@id":"https:\/\/motorista.com.br\/noticias\/#website"},"datePublished":"2025-12-21T06:17:05+00:00","breadcrumb":{"@id":"https:\/\/motorista.com.br\/noticias\/2025\/12\/21\/tribunal-rejeita-pedido-de-indenizacao-de-viuva-de-motorista-assassinado\/#breadcrumb"},"inLanguage":"pt-BR","potentialAction":[{"@type":"ReadAction","target":["https:\/\/motorista.com.br\/noticias\/2025\/12\/21\/tribunal-rejeita-pedido-de-indenizacao-de-viuva-de-motorista-assassinado\/"]}]},{"@type":"BreadcrumbList","@id":"https:\/\/motorista.com.br\/noticias\/2025\/12\/21\/tribunal-rejeita-pedido-de-indenizacao-de-viuva-de-motorista-assassinado\/#breadcrumb","itemListElement":[{"@type":"ListItem","position":1,"name":"In\u00edcio","item":"https:\/\/motorista.com.br\/noticias\/"},{"@type":"ListItem","position":2,"name":"Tribunal rejeita pedido de indeniza\u00e7\u00e3o de vi\u00fava de motorista assassinado."}]},{"@type":"WebSite","@id":"https:\/\/motorista.com.br\/noticias\/#website","url":"https:\/\/motorista.com.br\/noticias\/","name":"Motorista.com.br","description":"Not\u00edcia do Motorista","publisher":{"@id":"https:\/\/motorista.com.br\/noticias\/#organization"},"potentialAction":[{"@type":"SearchAction","target":{"@type":"EntryPoint","urlTemplate":"https:\/\/motorista.com.br\/noticias\/?s={search_term_string}"},"query-input":{"@type":"PropertyValueSpecification","valueRequired":true,"valueName":"search_term_string"}}],"inLanguage":"pt-BR"},{"@type":"Organization","@id":"https:\/\/motorista.com.br\/noticias\/#organization","name":"Motorista.com.br","url":"https:\/\/motorista.com.br\/noticias\/","logo":{"@type":"ImageObject","inLanguage":"pt-BR","@id":"https:\/\/motorista.com.br\/noticias\/#\/schema\/logo\/image\/","url":"https:\/\/motorista.com.br\/noticias\/wp-content\/uploads\/2025\/06\/Design-sem-nome-9.png","contentUrl":"https:\/\/motorista.com.br\/noticias\/wp-content\/uploads\/2025\/06\/Design-sem-nome-9.png","width":150,"height":85,"caption":"Motorista.com.br"},"image":{"@id":"https:\/\/motorista.com.br\/noticias\/#\/schema\/logo\/image\/"}},{"@type":"Person","@id":"https:\/\/motorista.com.br\/noticias\/#\/schema\/person\/dc93afc2981c0e3ce6bc3c053fd847be","name":"Equipe Reda\u00e7\u00e3o","image":{"@type":"ImageObject","inLanguage":"pt-BR","@id":"https:\/\/secure.gravatar.com\/avatar\/4f525efbf18dd2bb300ccad28bfb99d95a9465a5ba268407c8c37b37e1f28d2d?s=96&d=mm&r=g9e099043a0c61e9ae27e293b9fa75ffc","url":"https:\/\/secure.gravatar.com\/avatar\/4f525efbf18dd2bb300ccad28bfb99d95a9465a5ba268407c8c37b37e1f28d2d?s=96&d=mm&r=g","contentUrl":"https:\/\/secure.gravatar.com\/avatar\/4f525efbf18dd2bb300ccad28bfb99d95a9465a5ba268407c8c37b37e1f28d2d?s=96&d=mm&r=g","caption":"Equipe Reda\u00e7\u00e3o"},"description":"Equipe de reda\u00e7\u00e3o \u00e9 um grupo de profissionais que trabalham juntos para criar conte\u00fado escrito para Motorista.com.br","url":"https:\/\/motorista.com.br\/noticias\/author\/equiperedacao\/"}]}},"_links":{"self":[{"href":"https:\/\/motorista.com.br\/noticias\/wp-json\/wp\/v2\/posts\/5331","targetHints":{"allow":["GET"]}}],"collection":[{"href":"https:\/\/motorista.com.br\/noticias\/wp-json\/wp\/v2\/posts"}],"about":[{"href":"https:\/\/motorista.com.br\/noticias\/wp-json\/wp\/v2\/types\/post"}],"author":[{"embeddable":true,"href":"https:\/\/motorista.com.br\/noticias\/wp-json\/wp\/v2\/users\/4"}],"replies":[{"embeddable":true,"href":"https:\/\/motorista.com.br\/noticias\/wp-json\/wp\/v2\/comments?post=5331"}],"version-history":[{"count":0,"href":"https:\/\/motorista.com.br\/noticias\/wp-json\/wp\/v2\/posts\/5331\/revisions"}],"wp:attachment":[{"href":"https:\/\/motorista.com.br\/noticias\/wp-json\/wp\/v2\/media?parent=5331"}],"wp:term":[{"taxonomy":"category","embeddable":true,"href":"https:\/\/motorista.com.br\/noticias\/wp-json\/wp\/v2\/categories?post=5331"},{"taxonomy":"post_tag","embeddable":true,"href":"https:\/\/motorista.com.br\/noticias\/wp-json\/wp\/v2\/tags?post=5331"},{"taxonomy":"author","embeddable":true,"href":"https:\/\/motorista.com.br\/noticias\/wp-json\/wp\/v2\/coauthors?post=5331"}],"curies":[{"name":"wp","href":"https:\/\/api.w.org\/{rel}","templated":true}]}}