{"id":5327,"date":"2025-12-21T01:36:45","date_gmt":"2025-12-21T04:36:45","guid":{"rendered":"https:\/\/motorista.com.br\/noticias\/2025\/12\/21\/procuradorias-de-fazenda-se-manifestarao-sobre-ibs-cbs-no-icms\/"},"modified":"2025-12-21T01:36:45","modified_gmt":"2025-12-21T04:36:45","slug":"procuradorias-de-fazenda-se-manifestarao-sobre-ibs-cbs-no-icms","status":"publish","type":"post","link":"https:\/\/motorista.com.br\/noticias\/2025\/12\/21\/procuradorias-de-fazenda-se-manifestarao-sobre-ibs-cbs-no-icms\/","title":{"rendered":"Procuradorias de Fazenda se manifestar\u00e3o sobre IBS\/CBS no ICMS"},"content":{"rendered":"<p><\/p>\n<h3>Procuradorias de Fazenda ter\u00e3o posicionamento sobre incid\u00eancia de IBS\/CBS no c\u00e1lculo do ICMS<\/h3>\n<p>O Conselho Nacional da Advocacia P\u00fablica Fiscal (Conap) est\u00e1 desenvolvendo um documento que abordar\u00e1 a incid\u00eancia dos tributos que comp\u00f5em a reforma na base de c\u00e1lculo do ICMS (Imposto sobre Circula\u00e7\u00e3o de Mercadorias e Servi\u00e7os). Esta discuss\u00e3o se torna ainda mais relevante considerando a transi\u00e7\u00e3o para as novas regras tribut\u00e1rias.<\/p>\n<p>A procuradora-geral da Fazenda Nacional, Anelize Almeida, expressou a inten\u00e7\u00e3o de criar um posicionamento claro sobre a inclus\u00e3o do IBS (Imposto sobre Bens e Servi\u00e7os) e da CBS (Contribui\u00e7\u00e3o sobre Bens e Servi\u00e7os) na base do ICMS. A Diretoria de Consultoria Tribut\u00e1ria, que ser\u00e1 instalada em breve, ser\u00e1 respons\u00e1vel pela elabora\u00e7\u00e3o deste material.<\/p>\n<p>A base de c\u00e1lculo, em termos simples, \u00e9 o valor sobre o qual os tributos s\u00e3o cobrados. Quando novos impostos e contribui\u00e7\u00f5es s\u00e3o inseridos nesse c\u00e1lculo, a base se expande, aumentando a carga tribut\u00e1ria sobre o contribuinte. Por exemplo, se a base \u00e9 de R$ 100 e a al\u00edquota \u00e9 de 10%, o tributo \u00e9 de R$ 10. Caso outro tributo seja adicionado e a base passe para R$ 110, o imposto sobe para R$ 11. Portanto, a maneira como a base de c\u00e1lculo \u00e9 definida pode impactar diretamente a capacidade financeira dos motoristas e, de maneira mais ampla, a mobilidade urbana em rela\u00e7\u00e3o \u00e0 carga fiscal que cada um suporta.<\/p>\n<p>A incerteza que ronda a inclus\u00e3o do IBS\/CBS na base de c\u00e1lculo do ICMS est\u00e1 preocupando setores legais e econ\u00f4micos em todo o Brasil, pois gera uma inseguran\u00e7a jur\u00eddica que pode ter consequ\u00eancias significativas na arrecada\u00e7\u00e3o e na forma como os tributos afetam os consumidores. Para os motoristas, isso pode se traduzir em custos adicionais em transporte e servi\u00e7os associados. Com os tributos em constante mudan\u00e7a, os motoristas podem enfrentar aumentos inesperados em despesas operacionais, impactando n\u00e3o apenas seus or\u00e7amentos pessoais, mas tamb\u00e9m a din\u00e2mica do transporte como um todo.<\/p>\n<p>Al\u00e9m disso, a cria\u00e7\u00e3o de novas diretorias no Conap, que incluir\u00e1 \u00e1reas voltadas para D\u00edvida Ativa e Representa\u00e7\u00e3o Judicial, reflete um movimento em dire\u00e7\u00e3o \u00e0 harmoniza\u00e7\u00e3o tribut\u00e1ria entre a Uni\u00e3o, estados e munic\u00edpios. Essa colabora\u00e7\u00e3o \u00e9 crucial para garantir que a mobilidade urbana n\u00e3o seja prejudicada por uma estrutura tribut\u00e1ria inconsistente, promovendo um ambiente onde a transpar\u00eancia e a previsibilidade possam ser restauradas.<\/p>\n<p>Em resumo, a an\u00e1lise e o posicionamento das procuradorias sobre a incid\u00eancia do IBS\/CBS no ICMS n\u00e3o s\u00e3o apenas uma quest\u00e3o t\u00e9cnica; t\u00eam o potencial de afetar profundamente a vida dos motoristas e a mobilidade urbana em geral. \u00c9 essencial que todas as partes envolvidas adotem uma abordagem coesa para minimizar os impactos negativos e garantir uma condu\u00e7\u00e3o mais est\u00e1vel para o futuro.<\/p>\n<p><strong>Fonte: reformatributaria<\/strong><\/p>\n","protected":false},"excerpt":{"rendered":"<p>Procuradorias de Fazenda ter\u00e3o posicionamento sobre incid\u00eancia de IBS\/CBS no c\u00e1lculo do ICMS O Conselho Nacional da Advocacia P\u00fablica Fiscal (Conap) est\u00e1 desenvolvendo um documento que abordar\u00e1 a incid\u00eancia dos tributos que comp\u00f5em a reforma na base de c\u00e1lculo do ICMS (Imposto sobre Circula\u00e7\u00e3o de Mercadorias e Servi\u00e7os). Esta discuss\u00e3o se torna ainda mais relevante &hellip;<\/p>\n","protected":false},"author":4,"featured_media":5328,"comment_status":"","ping_status":"open","sticky":false,"template":"","format":"standard","meta":{"footnotes":""},"categories":[35],"tags":[],"coauthors":[42],"class_list":["post-5327","post","type-post","status-publish","format-standard","has-post-thumbnail","hentry","category-legislacao"],"yoast_head":"<!-- This site is optimized with the Yoast SEO Premium plugin v25.5 (Yoast SEO v27.4) - https:\/\/yoast.com\/product\/yoast-seo-premium-wordpress\/ -->\n<title>Procuradorias de Fazenda se manifestar\u00e3o sobre IBS\/CBS no ICMS - Motorista.com.br<\/title>\n<meta name=\"robots\" content=\"index, follow, max-snippet:-1, max-image-preview:large, max-video-preview:-1\" \/>\n<link rel=\"canonical\" href=\"https:\/\/motorista.com.br\/noticias\/2025\/12\/21\/procuradorias-de-fazenda-se-manifestarao-sobre-ibs-cbs-no-icms\/\" \/>\n<meta property=\"og:locale\" content=\"pt_BR\" \/>\n<meta property=\"og:type\" content=\"article\" \/>\n<meta property=\"og:title\" content=\"Procuradorias de Fazenda se manifestar\u00e3o sobre IBS\/CBS no ICMS\" \/>\n<meta property=\"og:description\" content=\"Procuradorias de Fazenda ter\u00e3o posicionamento sobre incid\u00eancia de IBS\/CBS no c\u00e1lculo do ICMS O Conselho Nacional da Advocacia P\u00fablica Fiscal (Conap) est\u00e1 desenvolvendo um documento que abordar\u00e1 a incid\u00eancia dos tributos que comp\u00f5em a reforma na base de c\u00e1lculo do ICMS (Imposto sobre Circula\u00e7\u00e3o de Mercadorias e Servi\u00e7os). Esta discuss\u00e3o se torna ainda mais relevante &hellip;\" \/>\n<meta property=\"og:url\" content=\"https:\/\/motorista.com.br\/noticias\/2025\/12\/21\/procuradorias-de-fazenda-se-manifestarao-sobre-ibs-cbs-no-icms\/\" \/>\n<meta property=\"og:site_name\" content=\"Motorista.com.br\" \/>\n<meta property=\"article:published_time\" content=\"2025-12-21T04:36:45+00:00\" \/>\n<meta name=\"author\" content=\"Equipe Reda\u00e7\u00e3o\" \/>\n<meta name=\"twitter:card\" content=\"summary_large_image\" \/>\n<meta name=\"twitter:label1\" content=\"Escrito por\" \/>\n\t<meta name=\"twitter:data1\" content=\"Equipe Reda\u00e7\u00e3o\" \/>\n\t<meta name=\"twitter:label2\" content=\"Est. tempo de leitura\" \/>\n\t<meta name=\"twitter:data2\" content=\"2 minutos\" \/>\n\t<meta name=\"twitter:label3\" content=\"Written by\" \/>\n\t<meta name=\"twitter:data3\" content=\"Equipe Reda\u00e7\u00e3o\" \/>\n<script type=\"application\/ld+json\" class=\"yoast-schema-graph\">{\"@context\":\"https:\\\/\\\/schema.org\",\"@graph\":[{\"@type\":\"Article\",\"@id\":\"https:\\\/\\\/motorista.com.br\\\/noticias\\\/2025\\\/12\\\/21\\\/procuradorias-de-fazenda-se-manifestarao-sobre-ibs-cbs-no-icms\\\/#article\",\"isPartOf\":{\"@id\":\"https:\\\/\\\/motorista.com.br\\\/noticias\\\/2025\\\/12\\\/21\\\/procuradorias-de-fazenda-se-manifestarao-sobre-ibs-cbs-no-icms\\\/\"},\"author\":{\"name\":\"Equipe Reda\u00e7\u00e3o\",\"@id\":\"https:\\\/\\\/motorista.com.br\\\/noticias\\\/#\\\/schema\\\/person\\\/dc93afc2981c0e3ce6bc3c053fd847be\"},\"headline\":\"Procuradorias de Fazenda se manifestar\u00e3o sobre IBS\\\/CBS no ICMS\",\"datePublished\":\"2025-12-21T04:36:45+00:00\",\"mainEntityOfPage\":{\"@id\":\"https:\\\/\\\/motorista.com.br\\\/noticias\\\/2025\\\/12\\\/21\\\/procuradorias-de-fazenda-se-manifestarao-sobre-ibs-cbs-no-icms\\\/\"},\"wordCount\":509,\"publisher\":{\"@id\":\"https:\\\/\\\/motorista.com.br\\\/noticias\\\/#organization\"},\"image\":{\"@id\":\"https:\\\/\\\/motorista.com.br\\\/noticias\\\/2025\\\/12\\\/21\\\/procuradorias-de-fazenda-se-manifestarao-sobre-ibs-cbs-no-icms\\\/#primaryimage\"},\"thumbnailUrl\":\"https:\\\/\\\/motorista.com.br\\\/noticias\\\/wp-content\\\/uploads\\\/2025\\\/12\\\/anelize-almeida.jpg\",\"articleSection\":[\"Legisla\u00e7\u00e3o\"],\"inLanguage\":\"pt-BR\"},{\"@type\":\"WebPage\",\"@id\":\"https:\\\/\\\/motorista.com.br\\\/noticias\\\/2025\\\/12\\\/21\\\/procuradorias-de-fazenda-se-manifestarao-sobre-ibs-cbs-no-icms\\\/\",\"url\":\"https:\\\/\\\/motorista.com.br\\\/noticias\\\/2025\\\/12\\\/21\\\/procuradorias-de-fazenda-se-manifestarao-sobre-ibs-cbs-no-icms\\\/\",\"name\":\"Procuradorias de Fazenda se manifestar\u00e3o sobre IBS\\\/CBS no ICMS - Motorista.com.br\",\"isPartOf\":{\"@id\":\"https:\\\/\\\/motorista.com.br\\\/noticias\\\/#website\"},\"primaryImageOfPage\":{\"@id\":\"https:\\\/\\\/motorista.com.br\\\/noticias\\\/2025\\\/12\\\/21\\\/procuradorias-de-fazenda-se-manifestarao-sobre-ibs-cbs-no-icms\\\/#primaryimage\"},\"image\":{\"@id\":\"https:\\\/\\\/motorista.com.br\\\/noticias\\\/2025\\\/12\\\/21\\\/procuradorias-de-fazenda-se-manifestarao-sobre-ibs-cbs-no-icms\\\/#primaryimage\"},\"thumbnailUrl\":\"https:\\\/\\\/motorista.com.br\\\/noticias\\\/wp-content\\\/uploads\\\/2025\\\/12\\\/anelize-almeida.jpg\",\"datePublished\":\"2025-12-21T04:36:45+00:00\",\"breadcrumb\":{\"@id\":\"https:\\\/\\\/motorista.com.br\\\/noticias\\\/2025\\\/12\\\/21\\\/procuradorias-de-fazenda-se-manifestarao-sobre-ibs-cbs-no-icms\\\/#breadcrumb\"},\"inLanguage\":\"pt-BR\",\"potentialAction\":[{\"@type\":\"ReadAction\",\"target\":[\"https:\\\/\\\/motorista.com.br\\\/noticias\\\/2025\\\/12\\\/21\\\/procuradorias-de-fazenda-se-manifestarao-sobre-ibs-cbs-no-icms\\\/\"]}]},{\"@type\":\"ImageObject\",\"inLanguage\":\"pt-BR\",\"@id\":\"https:\\\/\\\/motorista.com.br\\\/noticias\\\/2025\\\/12\\\/21\\\/procuradorias-de-fazenda-se-manifestarao-sobre-ibs-cbs-no-icms\\\/#primaryimage\",\"url\":\"https:\\\/\\\/motorista.com.br\\\/noticias\\\/wp-content\\\/uploads\\\/2025\\\/12\\\/anelize-almeida.jpg\",\"contentUrl\":\"https:\\\/\\\/motorista.com.br\\\/noticias\\\/wp-content\\\/uploads\\\/2025\\\/12\\\/anelize-almeida.jpg\",\"width\":2040,\"height\":1360},{\"@type\":\"BreadcrumbList\",\"@id\":\"https:\\\/\\\/motorista.com.br\\\/noticias\\\/2025\\\/12\\\/21\\\/procuradorias-de-fazenda-se-manifestarao-sobre-ibs-cbs-no-icms\\\/#breadcrumb\",\"itemListElement\":[{\"@type\":\"ListItem\",\"position\":1,\"name\":\"In\u00edcio\",\"item\":\"https:\\\/\\\/motorista.com.br\\\/noticias\\\/\"},{\"@type\":\"ListItem\",\"position\":2,\"name\":\"Procuradorias de Fazenda se manifestar\u00e3o sobre IBS\\\/CBS no ICMS\"}]},{\"@type\":\"WebSite\",\"@id\":\"https:\\\/\\\/motorista.com.br\\\/noticias\\\/#website\",\"url\":\"https:\\\/\\\/motorista.com.br\\\/noticias\\\/\",\"name\":\"Motorista.com.br\",\"description\":\"Not\u00edcia do Motorista\",\"publisher\":{\"@id\":\"https:\\\/\\\/motorista.com.br\\\/noticias\\\/#organization\"},\"potentialAction\":[{\"@type\":\"SearchAction\",\"target\":{\"@type\":\"EntryPoint\",\"urlTemplate\":\"https:\\\/\\\/motorista.com.br\\\/noticias\\\/?s={search_term_string}\"},\"query-input\":{\"@type\":\"PropertyValueSpecification\",\"valueRequired\":true,\"valueName\":\"search_term_string\"}}],\"inLanguage\":\"pt-BR\"},{\"@type\":\"Organization\",\"@id\":\"https:\\\/\\\/motorista.com.br\\\/noticias\\\/#organization\",\"name\":\"Motorista.com.br\",\"url\":\"https:\\\/\\\/motorista.com.br\\\/noticias\\\/\",\"logo\":{\"@type\":\"ImageObject\",\"inLanguage\":\"pt-BR\",\"@id\":\"https:\\\/\\\/motorista.com.br\\\/noticias\\\/#\\\/schema\\\/logo\\\/image\\\/\",\"url\":\"https:\\\/\\\/motorista.com.br\\\/noticias\\\/wp-content\\\/uploads\\\/2025\\\/06\\\/Design-sem-nome-9.png\",\"contentUrl\":\"https:\\\/\\\/motorista.com.br\\\/noticias\\\/wp-content\\\/uploads\\\/2025\\\/06\\\/Design-sem-nome-9.png\",\"width\":150,\"height\":85,\"caption\":\"Motorista.com.br\"},\"image\":{\"@id\":\"https:\\\/\\\/motorista.com.br\\\/noticias\\\/#\\\/schema\\\/logo\\\/image\\\/\"}},{\"@type\":\"Person\",\"@id\":\"https:\\\/\\\/motorista.com.br\\\/noticias\\\/#\\\/schema\\\/person\\\/dc93afc2981c0e3ce6bc3c053fd847be\",\"name\":\"Equipe Reda\u00e7\u00e3o\",\"image\":{\"@type\":\"ImageObject\",\"inLanguage\":\"pt-BR\",\"@id\":\"https:\\\/\\\/secure.gravatar.com\\\/avatar\\\/4f525efbf18dd2bb300ccad28bfb99d95a9465a5ba268407c8c37b37e1f28d2d?s=96&d=mm&r=g9e099043a0c61e9ae27e293b9fa75ffc\",\"url\":\"https:\\\/\\\/secure.gravatar.com\\\/avatar\\\/4f525efbf18dd2bb300ccad28bfb99d95a9465a5ba268407c8c37b37e1f28d2d?s=96&d=mm&r=g\",\"contentUrl\":\"https:\\\/\\\/secure.gravatar.com\\\/avatar\\\/4f525efbf18dd2bb300ccad28bfb99d95a9465a5ba268407c8c37b37e1f28d2d?s=96&d=mm&r=g\",\"caption\":\"Equipe Reda\u00e7\u00e3o\"},\"description\":\"Equipe de reda\u00e7\u00e3o \u00e9 um grupo de profissionais que trabalham juntos para criar conte\u00fado escrito para Motorista.com.br\",\"url\":\"https:\\\/\\\/motorista.com.br\\\/noticias\\\/author\\\/equiperedacao\\\/\"}]}<\/script>\n<!-- \/ Yoast SEO Premium plugin. -->","yoast_head_json":{"title":"Procuradorias de Fazenda se manifestar\u00e3o sobre IBS\/CBS no ICMS - Motorista.com.br","robots":{"index":"index","follow":"follow","max-snippet":"max-snippet:-1","max-image-preview":"max-image-preview:large","max-video-preview":"max-video-preview:-1"},"canonical":"https:\/\/motorista.com.br\/noticias\/2025\/12\/21\/procuradorias-de-fazenda-se-manifestarao-sobre-ibs-cbs-no-icms\/","og_locale":"pt_BR","og_type":"article","og_title":"Procuradorias de Fazenda se manifestar\u00e3o sobre IBS\/CBS no ICMS","og_description":"Procuradorias de Fazenda ter\u00e3o posicionamento sobre incid\u00eancia de IBS\/CBS no c\u00e1lculo do ICMS O Conselho Nacional da Advocacia P\u00fablica Fiscal (Conap) est\u00e1 desenvolvendo um documento que abordar\u00e1 a incid\u00eancia dos tributos que comp\u00f5em a reforma na base de c\u00e1lculo do ICMS (Imposto sobre Circula\u00e7\u00e3o de Mercadorias e Servi\u00e7os). Esta discuss\u00e3o se torna ainda mais relevante &hellip;","og_url":"https:\/\/motorista.com.br\/noticias\/2025\/12\/21\/procuradorias-de-fazenda-se-manifestarao-sobre-ibs-cbs-no-icms\/","og_site_name":"Motorista.com.br","article_published_time":"2025-12-21T04:36:45+00:00","author":"Equipe Reda\u00e7\u00e3o","twitter_card":"summary_large_image","twitter_misc":{"Escrito por":"Equipe Reda\u00e7\u00e3o","Est. tempo de leitura":"2 minutos","Written by":"Equipe Reda\u00e7\u00e3o"},"schema":{"@context":"https:\/\/schema.org","@graph":[{"@type":"Article","@id":"https:\/\/motorista.com.br\/noticias\/2025\/12\/21\/procuradorias-de-fazenda-se-manifestarao-sobre-ibs-cbs-no-icms\/#article","isPartOf":{"@id":"https:\/\/motorista.com.br\/noticias\/2025\/12\/21\/procuradorias-de-fazenda-se-manifestarao-sobre-ibs-cbs-no-icms\/"},"author":{"name":"Equipe Reda\u00e7\u00e3o","@id":"https:\/\/motorista.com.br\/noticias\/#\/schema\/person\/dc93afc2981c0e3ce6bc3c053fd847be"},"headline":"Procuradorias de Fazenda se manifestar\u00e3o sobre IBS\/CBS no ICMS","datePublished":"2025-12-21T04:36:45+00:00","mainEntityOfPage":{"@id":"https:\/\/motorista.com.br\/noticias\/2025\/12\/21\/procuradorias-de-fazenda-se-manifestarao-sobre-ibs-cbs-no-icms\/"},"wordCount":509,"publisher":{"@id":"https:\/\/motorista.com.br\/noticias\/#organization"},"image":{"@id":"https:\/\/motorista.com.br\/noticias\/2025\/12\/21\/procuradorias-de-fazenda-se-manifestarao-sobre-ibs-cbs-no-icms\/#primaryimage"},"thumbnailUrl":"https:\/\/motorista.com.br\/noticias\/wp-content\/uploads\/2025\/12\/anelize-almeida.jpg","articleSection":["Legisla\u00e7\u00e3o"],"inLanguage":"pt-BR"},{"@type":"WebPage","@id":"https:\/\/motorista.com.br\/noticias\/2025\/12\/21\/procuradorias-de-fazenda-se-manifestarao-sobre-ibs-cbs-no-icms\/","url":"https:\/\/motorista.com.br\/noticias\/2025\/12\/21\/procuradorias-de-fazenda-se-manifestarao-sobre-ibs-cbs-no-icms\/","name":"Procuradorias de Fazenda se manifestar\u00e3o sobre IBS\/CBS no ICMS - Motorista.com.br","isPartOf":{"@id":"https:\/\/motorista.com.br\/noticias\/#website"},"primaryImageOfPage":{"@id":"https:\/\/motorista.com.br\/noticias\/2025\/12\/21\/procuradorias-de-fazenda-se-manifestarao-sobre-ibs-cbs-no-icms\/#primaryimage"},"image":{"@id":"https:\/\/motorista.com.br\/noticias\/2025\/12\/21\/procuradorias-de-fazenda-se-manifestarao-sobre-ibs-cbs-no-icms\/#primaryimage"},"thumbnailUrl":"https:\/\/motorista.com.br\/noticias\/wp-content\/uploads\/2025\/12\/anelize-almeida.jpg","datePublished":"2025-12-21T04:36:45+00:00","breadcrumb":{"@id":"https:\/\/motorista.com.br\/noticias\/2025\/12\/21\/procuradorias-de-fazenda-se-manifestarao-sobre-ibs-cbs-no-icms\/#breadcrumb"},"inLanguage":"pt-BR","potentialAction":[{"@type":"ReadAction","target":["https:\/\/motorista.com.br\/noticias\/2025\/12\/21\/procuradorias-de-fazenda-se-manifestarao-sobre-ibs-cbs-no-icms\/"]}]},{"@type":"ImageObject","inLanguage":"pt-BR","@id":"https:\/\/motorista.com.br\/noticias\/2025\/12\/21\/procuradorias-de-fazenda-se-manifestarao-sobre-ibs-cbs-no-icms\/#primaryimage","url":"https:\/\/motorista.com.br\/noticias\/wp-content\/uploads\/2025\/12\/anelize-almeida.jpg","contentUrl":"https:\/\/motorista.com.br\/noticias\/wp-content\/uploads\/2025\/12\/anelize-almeida.jpg","width":2040,"height":1360},{"@type":"BreadcrumbList","@id":"https:\/\/motorista.com.br\/noticias\/2025\/12\/21\/procuradorias-de-fazenda-se-manifestarao-sobre-ibs-cbs-no-icms\/#breadcrumb","itemListElement":[{"@type":"ListItem","position":1,"name":"In\u00edcio","item":"https:\/\/motorista.com.br\/noticias\/"},{"@type":"ListItem","position":2,"name":"Procuradorias de Fazenda se manifestar\u00e3o sobre IBS\/CBS no ICMS"}]},{"@type":"WebSite","@id":"https:\/\/motorista.com.br\/noticias\/#website","url":"https:\/\/motorista.com.br\/noticias\/","name":"Motorista.com.br","description":"Not\u00edcia do Motorista","publisher":{"@id":"https:\/\/motorista.com.br\/noticias\/#organization"},"potentialAction":[{"@type":"SearchAction","target":{"@type":"EntryPoint","urlTemplate":"https:\/\/motorista.com.br\/noticias\/?s={search_term_string}"},"query-input":{"@type":"PropertyValueSpecification","valueRequired":true,"valueName":"search_term_string"}}],"inLanguage":"pt-BR"},{"@type":"Organization","@id":"https:\/\/motorista.com.br\/noticias\/#organization","name":"Motorista.com.br","url":"https:\/\/motorista.com.br\/noticias\/","logo":{"@type":"ImageObject","inLanguage":"pt-BR","@id":"https:\/\/motorista.com.br\/noticias\/#\/schema\/logo\/image\/","url":"https:\/\/motorista.com.br\/noticias\/wp-content\/uploads\/2025\/06\/Design-sem-nome-9.png","contentUrl":"https:\/\/motorista.com.br\/noticias\/wp-content\/uploads\/2025\/06\/Design-sem-nome-9.png","width":150,"height":85,"caption":"Motorista.com.br"},"image":{"@id":"https:\/\/motorista.com.br\/noticias\/#\/schema\/logo\/image\/"}},{"@type":"Person","@id":"https:\/\/motorista.com.br\/noticias\/#\/schema\/person\/dc93afc2981c0e3ce6bc3c053fd847be","name":"Equipe Reda\u00e7\u00e3o","image":{"@type":"ImageObject","inLanguage":"pt-BR","@id":"https:\/\/secure.gravatar.com\/avatar\/4f525efbf18dd2bb300ccad28bfb99d95a9465a5ba268407c8c37b37e1f28d2d?s=96&d=mm&r=g9e099043a0c61e9ae27e293b9fa75ffc","url":"https:\/\/secure.gravatar.com\/avatar\/4f525efbf18dd2bb300ccad28bfb99d95a9465a5ba268407c8c37b37e1f28d2d?s=96&d=mm&r=g","contentUrl":"https:\/\/secure.gravatar.com\/avatar\/4f525efbf18dd2bb300ccad28bfb99d95a9465a5ba268407c8c37b37e1f28d2d?s=96&d=mm&r=g","caption":"Equipe Reda\u00e7\u00e3o"},"description":"Equipe de reda\u00e7\u00e3o \u00e9 um grupo de profissionais que trabalham juntos para criar conte\u00fado escrito para Motorista.com.br","url":"https:\/\/motorista.com.br\/noticias\/author\/equiperedacao\/"}]}},"_links":{"self":[{"href":"https:\/\/motorista.com.br\/noticias\/wp-json\/wp\/v2\/posts\/5327","targetHints":{"allow":["GET"]}}],"collection":[{"href":"https:\/\/motorista.com.br\/noticias\/wp-json\/wp\/v2\/posts"}],"about":[{"href":"https:\/\/motorista.com.br\/noticias\/wp-json\/wp\/v2\/types\/post"}],"author":[{"embeddable":true,"href":"https:\/\/motorista.com.br\/noticias\/wp-json\/wp\/v2\/users\/4"}],"replies":[{"embeddable":true,"href":"https:\/\/motorista.com.br\/noticias\/wp-json\/wp\/v2\/comments?post=5327"}],"version-history":[{"count":0,"href":"https:\/\/motorista.com.br\/noticias\/wp-json\/wp\/v2\/posts\/5327\/revisions"}],"wp:featuredmedia":[{"embeddable":true,"href":"https:\/\/motorista.com.br\/noticias\/wp-json\/wp\/v2\/media\/5328"}],"wp:attachment":[{"href":"https:\/\/motorista.com.br\/noticias\/wp-json\/wp\/v2\/media?parent=5327"}],"wp:term":[{"taxonomy":"category","embeddable":true,"href":"https:\/\/motorista.com.br\/noticias\/wp-json\/wp\/v2\/categories?post=5327"},{"taxonomy":"post_tag","embeddable":true,"href":"https:\/\/motorista.com.br\/noticias\/wp-json\/wp\/v2\/tags?post=5327"},{"taxonomy":"author","embeddable":true,"href":"https:\/\/motorista.com.br\/noticias\/wp-json\/wp\/v2\/coauthors?post=5327"}],"curies":[{"name":"wp","href":"https:\/\/api.w.org\/{rel}","templated":true}]}}