{"id":5325,"date":"2025-12-20T19:11:22","date_gmt":"2025-12-20T22:11:22","guid":{"rendered":"https:\/\/motorista.com.br\/noticias\/2025\/12\/20\/mercedes-benz-negocia-eactros-eletrico-e-62-actros-l-1848-na-franca\/"},"modified":"2025-12-20T19:11:22","modified_gmt":"2025-12-20T22:11:22","slug":"mercedes-benz-negocia-eactros-eletrico-e-62-actros-l-1848-na-franca","status":"publish","type":"post","link":"https:\/\/motorista.com.br\/noticias\/2025\/12\/20\/mercedes-benz-negocia-eactros-eletrico-e-62-actros-l-1848-na-franca\/","title":{"rendered":"Mercedes-Benz negocia eActros el\u00e9trico e 62 Actros L 1848 na Fran\u00e7a."},"content":{"rendered":"<p><\/p>\n<p>A Mercedes-Benz est\u00e1 expandindo sua presen\u00e7a no mercado de caminh\u00f5es el\u00e9tricos com a entrega recente de uma frota para o Grupo franc\u00eas Vall\u00e9e. Este pacote inclui o primeiro eActros 600, um caminh\u00e3o totalmente el\u00e9trico, e 62 unidades do Mercedes-Benz Actros L 1848, equipadas com as inovadoras cabines ProCabin.<\/p>\n<p>A companhia, localizada na Normandia, agora possui uma esta\u00e7\u00e3o de carregamento instalada em sua sede, que \u00e9 capaz de carregar at\u00e9 quatro caminh\u00f5es simultaneamente. Com uma tomada de carregamento r\u00e1pido de 400 kW e tr\u00eas op\u00e7\u00f5es de recarga normal de 240 kW, a infraestrutura est\u00e1 preparada para suportar a crescente demanda por ve\u00edculos el\u00e9tricos. Esse investimento \u00e9 um passo significativo em dire\u00e7\u00e3o \u00e0 sustentabilidade e \u00e0 redu\u00e7\u00e3o de emiss\u00f5es no setor de transporte.<\/p>\n<p>O eActros 600 \u00e9 projetado com tr\u00eas baterias, totalizando 600 kW de capacidade, permitindo que o caminh\u00e3o percorra at\u00e9 500 km com uma \u00fanica carga. Essa autonomia \u00e9 um fator crucial para motoristas e empresas de log\u00edstica, pois garante a efici\u00eancia nas opera\u00e7\u00f5es, reduzindo custos com combust\u00edvel e contribuindo para pr\u00e1ticas de transporte mais ecol\u00f3gicas.<\/p>\n<p>A integra\u00e7\u00e3o dos eActros \u00e0 frota regular representa um avan\u00e7o em dire\u00e7\u00e3o a um futuro mais sustent\u00e1vel, onde a mobilidade e a efici\u00eancia podem coexistir. As empresas que adotam esses modelos el\u00e9tricos n\u00e3o apenas beneficiam o meio ambiente, mas tamb\u00e9m aumentam sua competitividade no mercado, ao atender \u00e0s crescentes demandas por pr\u00e1ticas de transporte respons\u00e1veis.<\/p>\n<p>Esse movimento \u00e9 um reflexo das tend\u00eancias globais de sustentabilidade e inova\u00e7\u00e3o no setor de transporte. \u00c0 medida que mais empresas investem em tecnologia el\u00e9trica, como o eActros, os motoristas podem esperar um futuro onde a mobilidade \u00e9 mais limpa, segura e eficiente. Essa transforma\u00e7\u00e3o n\u00e3o apenas impacta a opera\u00e7\u00e3o di\u00e1ria, mas tamb\u00e9m contribui para uma mudan\u00e7a cultural em como virem o transporte e a log\u00edstica nos pr\u00f3ximos anos.<\/p>\n<p><strong>Fonte: blogdocaminhoneiro<\/strong><\/p>\n","protected":false},"excerpt":{"rendered":"<p>A Mercedes-Benz est\u00e1 expandindo sua presen\u00e7a no mercado de caminh\u00f5es el\u00e9tricos com a entrega recente de uma frota para o Grupo franc\u00eas Vall\u00e9e. Este pacote inclui o primeiro eActros 600, um caminh\u00e3o totalmente el\u00e9trico, e 62 unidades do Mercedes-Benz Actros L 1848, equipadas com as inovadoras cabines ProCabin. A companhia, localizada na Normandia, agora possui &hellip;<\/p>\n","protected":false},"author":4,"featured_media":5326,"comment_status":"","ping_status":"open","sticky":false,"template":"","format":"standard","meta":{"footnotes":""},"categories":[78,77],"tags":[],"coauthors":[42],"class_list":["post-5325","post","type-post","status-publish","format-standard","has-post-thumbnail","hentry","category-carreteiro","category-motorista"],"yoast_head":"<!-- This site is optimized with the Yoast SEO Premium plugin v25.5 (Yoast SEO v27.4) - https:\/\/yoast.com\/product\/yoast-seo-premium-wordpress\/ -->\n<title>Mercedes-Benz negocia eActros el\u00e9trico e 62 Actros L 1848 na Fran\u00e7a. - Motorista.com.br<\/title>\n<meta name=\"robots\" content=\"index, follow, max-snippet:-1, max-image-preview:large, max-video-preview:-1\" \/>\n<link rel=\"canonical\" href=\"https:\/\/motorista.com.br\/noticias\/2025\/12\/20\/mercedes-benz-negocia-eactros-eletrico-e-62-actros-l-1848-na-franca\/\" \/>\n<meta property=\"og:locale\" content=\"pt_BR\" \/>\n<meta property=\"og:type\" content=\"article\" \/>\n<meta property=\"og:title\" content=\"Mercedes-Benz negocia eActros el\u00e9trico e 62 Actros L 1848 na Fran\u00e7a.\" \/>\n<meta property=\"og:description\" content=\"A Mercedes-Benz est\u00e1 expandindo sua presen\u00e7a no mercado de caminh\u00f5es el\u00e9tricos com a entrega recente de uma frota para o Grupo franc\u00eas Vall\u00e9e. Este pacote inclui o primeiro eActros 600, um caminh\u00e3o totalmente el\u00e9trico, e 62 unidades do Mercedes-Benz Actros L 1848, equipadas com as inovadoras cabines ProCabin. A companhia, localizada na Normandia, agora possui &hellip;\" \/>\n<meta property=\"og:url\" content=\"https:\/\/motorista.com.br\/noticias\/2025\/12\/20\/mercedes-benz-negocia-eactros-eletrico-e-62-actros-l-1848-na-franca\/\" \/>\n<meta property=\"og:site_name\" content=\"Motorista.com.br\" \/>\n<meta property=\"article:published_time\" content=\"2025-12-20T22:11:22+00:00\" \/>\n<meta name=\"author\" content=\"Equipe Reda\u00e7\u00e3o\" \/>\n<meta name=\"twitter:card\" content=\"summary_large_image\" \/>\n<meta name=\"twitter:label1\" content=\"Escrito por\" \/>\n\t<meta name=\"twitter:data1\" content=\"Equipe Reda\u00e7\u00e3o\" \/>\n\t<meta name=\"twitter:label2\" content=\"Est. tempo de leitura\" \/>\n\t<meta name=\"twitter:data2\" content=\"2 minutos\" \/>\n\t<meta name=\"twitter:label3\" content=\"Written by\" \/>\n\t<meta name=\"twitter:data3\" content=\"Equipe Reda\u00e7\u00e3o\" \/>\n<script type=\"application\/ld+json\" class=\"yoast-schema-graph\">{\"@context\":\"https:\\\/\\\/schema.org\",\"@graph\":[{\"@type\":\"Article\",\"@id\":\"https:\\\/\\\/motorista.com.br\\\/noticias\\\/2025\\\/12\\\/20\\\/mercedes-benz-negocia-eactros-eletrico-e-62-actros-l-1848-na-franca\\\/#article\",\"isPartOf\":{\"@id\":\"https:\\\/\\\/motorista.com.br\\\/noticias\\\/2025\\\/12\\\/20\\\/mercedes-benz-negocia-eactros-eletrico-e-62-actros-l-1848-na-franca\\\/\"},\"author\":{\"name\":\"Equipe Reda\u00e7\u00e3o\",\"@id\":\"https:\\\/\\\/motorista.com.br\\\/noticias\\\/#\\\/schema\\\/person\\\/dc93afc2981c0e3ce6bc3c053fd847be\"},\"headline\":\"Mercedes-Benz negocia eActros el\u00e9trico e 62 Actros L 1848 na Fran\u00e7a.\",\"datePublished\":\"2025-12-20T22:11:22+00:00\",\"mainEntityOfPage\":{\"@id\":\"https:\\\/\\\/motorista.com.br\\\/noticias\\\/2025\\\/12\\\/20\\\/mercedes-benz-negocia-eactros-eletrico-e-62-actros-l-1848-na-franca\\\/\"},\"wordCount\":341,\"publisher\":{\"@id\":\"https:\\\/\\\/motorista.com.br\\\/noticias\\\/#organization\"},\"image\":{\"@id\":\"https:\\\/\\\/motorista.com.br\\\/noticias\\\/2025\\\/12\\\/20\\\/mercedes-benz-negocia-eactros-eletrico-e-62-actros-l-1848-na-franca\\\/#primaryimage\"},\"thumbnailUrl\":\"https:\\\/\\\/motorista.com.br\\\/noticias\\\/wp-content\\\/uploads\\\/2025\\\/12\\\/eactros-600-2.jpg\",\"articleSection\":[\"Carreteiro\",\"Motorista\"],\"inLanguage\":\"pt-BR\"},{\"@type\":\"WebPage\",\"@id\":\"https:\\\/\\\/motorista.com.br\\\/noticias\\\/2025\\\/12\\\/20\\\/mercedes-benz-negocia-eactros-eletrico-e-62-actros-l-1848-na-franca\\\/\",\"url\":\"https:\\\/\\\/motorista.com.br\\\/noticias\\\/2025\\\/12\\\/20\\\/mercedes-benz-negocia-eactros-eletrico-e-62-actros-l-1848-na-franca\\\/\",\"name\":\"Mercedes-Benz negocia eActros el\u00e9trico e 62 Actros L 1848 na Fran\u00e7a. - Motorista.com.br\",\"isPartOf\":{\"@id\":\"https:\\\/\\\/motorista.com.br\\\/noticias\\\/#website\"},\"primaryImageOfPage\":{\"@id\":\"https:\\\/\\\/motorista.com.br\\\/noticias\\\/2025\\\/12\\\/20\\\/mercedes-benz-negocia-eactros-eletrico-e-62-actros-l-1848-na-franca\\\/#primaryimage\"},\"image\":{\"@id\":\"https:\\\/\\\/motorista.com.br\\\/noticias\\\/2025\\\/12\\\/20\\\/mercedes-benz-negocia-eactros-eletrico-e-62-actros-l-1848-na-franca\\\/#primaryimage\"},\"thumbnailUrl\":\"https:\\\/\\\/motorista.com.br\\\/noticias\\\/wp-content\\\/uploads\\\/2025\\\/12\\\/eactros-600-2.jpg\",\"datePublished\":\"2025-12-20T22:11:22+00:00\",\"breadcrumb\":{\"@id\":\"https:\\\/\\\/motorista.com.br\\\/noticias\\\/2025\\\/12\\\/20\\\/mercedes-benz-negocia-eactros-eletrico-e-62-actros-l-1848-na-franca\\\/#breadcrumb\"},\"inLanguage\":\"pt-BR\",\"potentialAction\":[{\"@type\":\"ReadAction\",\"target\":[\"https:\\\/\\\/motorista.com.br\\\/noticias\\\/2025\\\/12\\\/20\\\/mercedes-benz-negocia-eactros-eletrico-e-62-actros-l-1848-na-franca\\\/\"]}]},{\"@type\":\"ImageObject\",\"inLanguage\":\"pt-BR\",\"@id\":\"https:\\\/\\\/motorista.com.br\\\/noticias\\\/2025\\\/12\\\/20\\\/mercedes-benz-negocia-eactros-eletrico-e-62-actros-l-1848-na-franca\\\/#primaryimage\",\"url\":\"https:\\\/\\\/motorista.com.br\\\/noticias\\\/wp-content\\\/uploads\\\/2025\\\/12\\\/eactros-600-2.jpg\",\"contentUrl\":\"https:\\\/\\\/motorista.com.br\\\/noticias\\\/wp-content\\\/uploads\\\/2025\\\/12\\\/eactros-600-2.jpg\",\"width\":1300,\"height\":866},{\"@type\":\"BreadcrumbList\",\"@id\":\"https:\\\/\\\/motorista.com.br\\\/noticias\\\/2025\\\/12\\\/20\\\/mercedes-benz-negocia-eactros-eletrico-e-62-actros-l-1848-na-franca\\\/#breadcrumb\",\"itemListElement\":[{\"@type\":\"ListItem\",\"position\":1,\"name\":\"In\u00edcio\",\"item\":\"https:\\\/\\\/motorista.com.br\\\/noticias\\\/\"},{\"@type\":\"ListItem\",\"position\":2,\"name\":\"Mercedes-Benz negocia eActros el\u00e9trico e 62 Actros L 1848 na Fran\u00e7a.\"}]},{\"@type\":\"WebSite\",\"@id\":\"https:\\\/\\\/motorista.com.br\\\/noticias\\\/#website\",\"url\":\"https:\\\/\\\/motorista.com.br\\\/noticias\\\/\",\"name\":\"Motorista.com.br\",\"description\":\"Not\u00edcia do Motorista\",\"publisher\":{\"@id\":\"https:\\\/\\\/motorista.com.br\\\/noticias\\\/#organization\"},\"potentialAction\":[{\"@type\":\"SearchAction\",\"target\":{\"@type\":\"EntryPoint\",\"urlTemplate\":\"https:\\\/\\\/motorista.com.br\\\/noticias\\\/?s={search_term_string}\"},\"query-input\":{\"@type\":\"PropertyValueSpecification\",\"valueRequired\":true,\"valueName\":\"search_term_string\"}}],\"inLanguage\":\"pt-BR\"},{\"@type\":\"Organization\",\"@id\":\"https:\\\/\\\/motorista.com.br\\\/noticias\\\/#organization\",\"name\":\"Motorista.com.br\",\"url\":\"https:\\\/\\\/motorista.com.br\\\/noticias\\\/\",\"logo\":{\"@type\":\"ImageObject\",\"inLanguage\":\"pt-BR\",\"@id\":\"https:\\\/\\\/motorista.com.br\\\/noticias\\\/#\\\/schema\\\/logo\\\/image\\\/\",\"url\":\"https:\\\/\\\/motorista.com.br\\\/noticias\\\/wp-content\\\/uploads\\\/2025\\\/06\\\/Design-sem-nome-9.png\",\"contentUrl\":\"https:\\\/\\\/motorista.com.br\\\/noticias\\\/wp-content\\\/uploads\\\/2025\\\/06\\\/Design-sem-nome-9.png\",\"width\":150,\"height\":85,\"caption\":\"Motorista.com.br\"},\"image\":{\"@id\":\"https:\\\/\\\/motorista.com.br\\\/noticias\\\/#\\\/schema\\\/logo\\\/image\\\/\"}},{\"@type\":\"Person\",\"@id\":\"https:\\\/\\\/motorista.com.br\\\/noticias\\\/#\\\/schema\\\/person\\\/dc93afc2981c0e3ce6bc3c053fd847be\",\"name\":\"Equipe Reda\u00e7\u00e3o\",\"image\":{\"@type\":\"ImageObject\",\"inLanguage\":\"pt-BR\",\"@id\":\"https:\\\/\\\/secure.gravatar.com\\\/avatar\\\/4f525efbf18dd2bb300ccad28bfb99d95a9465a5ba268407c8c37b37e1f28d2d?s=96&d=mm&r=g9e099043a0c61e9ae27e293b9fa75ffc\",\"url\":\"https:\\\/\\\/secure.gravatar.com\\\/avatar\\\/4f525efbf18dd2bb300ccad28bfb99d95a9465a5ba268407c8c37b37e1f28d2d?s=96&d=mm&r=g\",\"contentUrl\":\"https:\\\/\\\/secure.gravatar.com\\\/avatar\\\/4f525efbf18dd2bb300ccad28bfb99d95a9465a5ba268407c8c37b37e1f28d2d?s=96&d=mm&r=g\",\"caption\":\"Equipe Reda\u00e7\u00e3o\"},\"description\":\"Equipe de reda\u00e7\u00e3o \u00e9 um grupo de profissionais que trabalham juntos para criar conte\u00fado escrito para Motorista.com.br\",\"url\":\"https:\\\/\\\/motorista.com.br\\\/noticias\\\/author\\\/equiperedacao\\\/\"}]}<\/script>\n<!-- \/ Yoast SEO Premium plugin. -->","yoast_head_json":{"title":"Mercedes-Benz negocia eActros el\u00e9trico e 62 Actros L 1848 na Fran\u00e7a. - Motorista.com.br","robots":{"index":"index","follow":"follow","max-snippet":"max-snippet:-1","max-image-preview":"max-image-preview:large","max-video-preview":"max-video-preview:-1"},"canonical":"https:\/\/motorista.com.br\/noticias\/2025\/12\/20\/mercedes-benz-negocia-eactros-eletrico-e-62-actros-l-1848-na-franca\/","og_locale":"pt_BR","og_type":"article","og_title":"Mercedes-Benz negocia eActros el\u00e9trico e 62 Actros L 1848 na Fran\u00e7a.","og_description":"A Mercedes-Benz est\u00e1 expandindo sua presen\u00e7a no mercado de caminh\u00f5es el\u00e9tricos com a entrega recente de uma frota para o Grupo franc\u00eas Vall\u00e9e. Este pacote inclui o primeiro eActros 600, um caminh\u00e3o totalmente el\u00e9trico, e 62 unidades do Mercedes-Benz Actros L 1848, equipadas com as inovadoras cabines ProCabin. A companhia, localizada na Normandia, agora possui &hellip;","og_url":"https:\/\/motorista.com.br\/noticias\/2025\/12\/20\/mercedes-benz-negocia-eactros-eletrico-e-62-actros-l-1848-na-franca\/","og_site_name":"Motorista.com.br","article_published_time":"2025-12-20T22:11:22+00:00","author":"Equipe Reda\u00e7\u00e3o","twitter_card":"summary_large_image","twitter_misc":{"Escrito por":"Equipe Reda\u00e7\u00e3o","Est. tempo de leitura":"2 minutos","Written by":"Equipe Reda\u00e7\u00e3o"},"schema":{"@context":"https:\/\/schema.org","@graph":[{"@type":"Article","@id":"https:\/\/motorista.com.br\/noticias\/2025\/12\/20\/mercedes-benz-negocia-eactros-eletrico-e-62-actros-l-1848-na-franca\/#article","isPartOf":{"@id":"https:\/\/motorista.com.br\/noticias\/2025\/12\/20\/mercedes-benz-negocia-eactros-eletrico-e-62-actros-l-1848-na-franca\/"},"author":{"name":"Equipe Reda\u00e7\u00e3o","@id":"https:\/\/motorista.com.br\/noticias\/#\/schema\/person\/dc93afc2981c0e3ce6bc3c053fd847be"},"headline":"Mercedes-Benz negocia eActros el\u00e9trico e 62 Actros L 1848 na Fran\u00e7a.","datePublished":"2025-12-20T22:11:22+00:00","mainEntityOfPage":{"@id":"https:\/\/motorista.com.br\/noticias\/2025\/12\/20\/mercedes-benz-negocia-eactros-eletrico-e-62-actros-l-1848-na-franca\/"},"wordCount":341,"publisher":{"@id":"https:\/\/motorista.com.br\/noticias\/#organization"},"image":{"@id":"https:\/\/motorista.com.br\/noticias\/2025\/12\/20\/mercedes-benz-negocia-eactros-eletrico-e-62-actros-l-1848-na-franca\/#primaryimage"},"thumbnailUrl":"https:\/\/motorista.com.br\/noticias\/wp-content\/uploads\/2025\/12\/eactros-600-2.jpg","articleSection":["Carreteiro","Motorista"],"inLanguage":"pt-BR"},{"@type":"WebPage","@id":"https:\/\/motorista.com.br\/noticias\/2025\/12\/20\/mercedes-benz-negocia-eactros-eletrico-e-62-actros-l-1848-na-franca\/","url":"https:\/\/motorista.com.br\/noticias\/2025\/12\/20\/mercedes-benz-negocia-eactros-eletrico-e-62-actros-l-1848-na-franca\/","name":"Mercedes-Benz negocia eActros el\u00e9trico e 62 Actros L 1848 na Fran\u00e7a. - Motorista.com.br","isPartOf":{"@id":"https:\/\/motorista.com.br\/noticias\/#website"},"primaryImageOfPage":{"@id":"https:\/\/motorista.com.br\/noticias\/2025\/12\/20\/mercedes-benz-negocia-eactros-eletrico-e-62-actros-l-1848-na-franca\/#primaryimage"},"image":{"@id":"https:\/\/motorista.com.br\/noticias\/2025\/12\/20\/mercedes-benz-negocia-eactros-eletrico-e-62-actros-l-1848-na-franca\/#primaryimage"},"thumbnailUrl":"https:\/\/motorista.com.br\/noticias\/wp-content\/uploads\/2025\/12\/eactros-600-2.jpg","datePublished":"2025-12-20T22:11:22+00:00","breadcrumb":{"@id":"https:\/\/motorista.com.br\/noticias\/2025\/12\/20\/mercedes-benz-negocia-eactros-eletrico-e-62-actros-l-1848-na-franca\/#breadcrumb"},"inLanguage":"pt-BR","potentialAction":[{"@type":"ReadAction","target":["https:\/\/motorista.com.br\/noticias\/2025\/12\/20\/mercedes-benz-negocia-eactros-eletrico-e-62-actros-l-1848-na-franca\/"]}]},{"@type":"ImageObject","inLanguage":"pt-BR","@id":"https:\/\/motorista.com.br\/noticias\/2025\/12\/20\/mercedes-benz-negocia-eactros-eletrico-e-62-actros-l-1848-na-franca\/#primaryimage","url":"https:\/\/motorista.com.br\/noticias\/wp-content\/uploads\/2025\/12\/eactros-600-2.jpg","contentUrl":"https:\/\/motorista.com.br\/noticias\/wp-content\/uploads\/2025\/12\/eactros-600-2.jpg","width":1300,"height":866},{"@type":"BreadcrumbList","@id":"https:\/\/motorista.com.br\/noticias\/2025\/12\/20\/mercedes-benz-negocia-eactros-eletrico-e-62-actros-l-1848-na-franca\/#breadcrumb","itemListElement":[{"@type":"ListItem","position":1,"name":"In\u00edcio","item":"https:\/\/motorista.com.br\/noticias\/"},{"@type":"ListItem","position":2,"name":"Mercedes-Benz negocia eActros el\u00e9trico e 62 Actros L 1848 na Fran\u00e7a."}]},{"@type":"WebSite","@id":"https:\/\/motorista.com.br\/noticias\/#website","url":"https:\/\/motorista.com.br\/noticias\/","name":"Motorista.com.br","description":"Not\u00edcia do Motorista","publisher":{"@id":"https:\/\/motorista.com.br\/noticias\/#organization"},"potentialAction":[{"@type":"SearchAction","target":{"@type":"EntryPoint","urlTemplate":"https:\/\/motorista.com.br\/noticias\/?s={search_term_string}"},"query-input":{"@type":"PropertyValueSpecification","valueRequired":true,"valueName":"search_term_string"}}],"inLanguage":"pt-BR"},{"@type":"Organization","@id":"https:\/\/motorista.com.br\/noticias\/#organization","name":"Motorista.com.br","url":"https:\/\/motorista.com.br\/noticias\/","logo":{"@type":"ImageObject","inLanguage":"pt-BR","@id":"https:\/\/motorista.com.br\/noticias\/#\/schema\/logo\/image\/","url":"https:\/\/motorista.com.br\/noticias\/wp-content\/uploads\/2025\/06\/Design-sem-nome-9.png","contentUrl":"https:\/\/motorista.com.br\/noticias\/wp-content\/uploads\/2025\/06\/Design-sem-nome-9.png","width":150,"height":85,"caption":"Motorista.com.br"},"image":{"@id":"https:\/\/motorista.com.br\/noticias\/#\/schema\/logo\/image\/"}},{"@type":"Person","@id":"https:\/\/motorista.com.br\/noticias\/#\/schema\/person\/dc93afc2981c0e3ce6bc3c053fd847be","name":"Equipe Reda\u00e7\u00e3o","image":{"@type":"ImageObject","inLanguage":"pt-BR","@id":"https:\/\/secure.gravatar.com\/avatar\/4f525efbf18dd2bb300ccad28bfb99d95a9465a5ba268407c8c37b37e1f28d2d?s=96&d=mm&r=g9e099043a0c61e9ae27e293b9fa75ffc","url":"https:\/\/secure.gravatar.com\/avatar\/4f525efbf18dd2bb300ccad28bfb99d95a9465a5ba268407c8c37b37e1f28d2d?s=96&d=mm&r=g","contentUrl":"https:\/\/secure.gravatar.com\/avatar\/4f525efbf18dd2bb300ccad28bfb99d95a9465a5ba268407c8c37b37e1f28d2d?s=96&d=mm&r=g","caption":"Equipe Reda\u00e7\u00e3o"},"description":"Equipe de reda\u00e7\u00e3o \u00e9 um grupo de profissionais que trabalham juntos para criar conte\u00fado escrito para Motorista.com.br","url":"https:\/\/motorista.com.br\/noticias\/author\/equiperedacao\/"}]}},"_links":{"self":[{"href":"https:\/\/motorista.com.br\/noticias\/wp-json\/wp\/v2\/posts\/5325","targetHints":{"allow":["GET"]}}],"collection":[{"href":"https:\/\/motorista.com.br\/noticias\/wp-json\/wp\/v2\/posts"}],"about":[{"href":"https:\/\/motorista.com.br\/noticias\/wp-json\/wp\/v2\/types\/post"}],"author":[{"embeddable":true,"href":"https:\/\/motorista.com.br\/noticias\/wp-json\/wp\/v2\/users\/4"}],"replies":[{"embeddable":true,"href":"https:\/\/motorista.com.br\/noticias\/wp-json\/wp\/v2\/comments?post=5325"}],"version-history":[{"count":0,"href":"https:\/\/motorista.com.br\/noticias\/wp-json\/wp\/v2\/posts\/5325\/revisions"}],"wp:featuredmedia":[{"embeddable":true,"href":"https:\/\/motorista.com.br\/noticias\/wp-json\/wp\/v2\/media\/5326"}],"wp:attachment":[{"href":"https:\/\/motorista.com.br\/noticias\/wp-json\/wp\/v2\/media?parent=5325"}],"wp:term":[{"taxonomy":"category","embeddable":true,"href":"https:\/\/motorista.com.br\/noticias\/wp-json\/wp\/v2\/categories?post=5325"},{"taxonomy":"post_tag","embeddable":true,"href":"https:\/\/motorista.com.br\/noticias\/wp-json\/wp\/v2\/tags?post=5325"},{"taxonomy":"author","embeddable":true,"href":"https:\/\/motorista.com.br\/noticias\/wp-json\/wp\/v2\/coauthors?post=5325"}],"curies":[{"name":"wp","href":"https:\/\/api.w.org\/{rel}","templated":true}]}}