{"id":5323,"date":"2025-12-20T18:22:57","date_gmt":"2025-12-20T21:22:57","guid":{"rendered":"https:\/\/motorista.com.br\/noticias\/2025\/12\/20\/liga-coop-apresenta-app-de-mobilidade-urbana-no-df-com-apoio-do-mte\/"},"modified":"2025-12-20T18:22:57","modified_gmt":"2025-12-20T21:22:57","slug":"liga-coop-apresenta-app-de-mobilidade-urbana-no-df-com-apoio-do-mte","status":"publish","type":"post","link":"https:\/\/motorista.com.br\/noticias\/2025\/12\/20\/liga-coop-apresenta-app-de-mobilidade-urbana-no-df-com-apoio-do-mte\/","title":{"rendered":"Liga Coop apresenta app de mobilidade urbana no DF com apoio do MTE."},"content":{"rendered":"<p><\/p>\n<p><strong>Liga Coop Lan\u00e7a Aplicativo Cooperativista de Mobilidade Urbana no Distrito Federal com Apoio do MTE<\/strong><\/p>\n<p>Recentemente, a Liga Coop apresentou um novo aplicativo cooperativista de mobilidade urbana, uma iniciativa que promete transformar a forma como os motoristas e cidad\u00e3os se deslocam no Distrito Federal. Este aplicativo, que surge com o apoio do Minist\u00e9rio do Trabalho e Emprego (MTE), foi desenvolvido para otimizar a mobilidade urbana e oferecer uma alternativa vi\u00e1vel ao tradicional transporte p\u00fablico.<\/p>\n<h3>Benef\u00edcios para os Motoristas<\/h3>\n<p>A introdu\u00e7\u00e3o deste aplicativo traz uma s\u00e9rie de benef\u00edcios diretos aos motoristas. Primeiramente, a plataforma oferece uma maior visibilidade para as cooperativas de transporte, potencializando a capta\u00e7\u00e3o de passageiros. Al\u00e9m disso, a interface amig\u00e1vel e intuitiva facilita a intera\u00e7\u00e3o dos motoristas com os usu\u00e1rios, promovendo um servi\u00e7o mais eficiente e, por consequ\u00eancia, aumentando a satisfa\u00e7\u00e3o do cliente.<\/p>\n<p>Outro aspecto relevante \u00e9 o fortalecimento da economia local. Ao apoiar cooperativas de motoristas, o aplicativo n\u00e3o s\u00f3 incentiva o trabalho aut\u00f4nomo, mas tamb\u00e9m fomenta uma rede de trabalhadores que se apoiam mutuamente, garantindo uma estrutura de pre\u00e7os mais justa e acess\u00edvel.<\/p>\n<h3>Impacto na Mobilidade Geral<\/h3>\n<p>No que diz respeito \u00e0 mobilidade urbana como um todo, o novo aplicativo tem o potencial de reduzir o tr\u00e1fego e a polui\u00e7\u00e3o nas vias do Distrito Federal. Ao oferecer uma op\u00e7\u00e3o adicional de transporte que prioriza a efici\u00eancia e o conforto, \u00e9 esperado um aumento na ado\u00e7\u00e3o de transportes coletivos sob a forma de caronas ou viagens compartilhadas, contribuindo para um tr\u00e2nsito menos congestionado.<\/p>\n<p>Mais ainda, ao conectar motoristas de cooperativas e usu\u00e1rios, o aplicativo pode aumentar a tranquilidade e a seguran\u00e7a nas estradas, uma vez que os motoristas ter\u00e3o mais conhecimentos sobre seus passageiros e rotas. Isso pode resultar numa experi\u00eancia de viagem mais confi\u00e1vel.<\/p>\n<h3>Considera\u00e7\u00f5es Finais<\/h3>\n<p>Portanto, a iniciativa da Liga Coop \u00e9 um passo significativo em dire\u00e7\u00e3o a um sistema de mobilidade urbana mais inteligente e sustent\u00e1vel. Com o aumento da interliga\u00e7\u00e3o entre motoristas e usu\u00e1rios, e o fortalecimento das cooperativas, \u00e9 poss\u00edvel vislumbrar um futuro em que a mobilidade no Distrito Federal se torna mais eficiente, inclusiva e segura, beneficiando n\u00e3o apenas os profissionais do transporte, mas a sociedade como um todo.<\/p>\n<p><strong>Fonte: 55content<\/strong><\/p>\n","protected":false},"excerpt":{"rendered":"<p>Liga Coop Lan\u00e7a Aplicativo Cooperativista de Mobilidade Urbana no Distrito Federal com Apoio do MTE Recentemente, a Liga Coop apresentou um novo aplicativo cooperativista de mobilidade urbana, uma iniciativa que promete transformar a forma como os motoristas e cidad\u00e3os se deslocam no Distrito Federal. Este aplicativo, que surge com o apoio do Minist\u00e9rio do Trabalho &hellip;<\/p>\n","protected":false},"author":4,"featured_media":5324,"comment_status":"","ping_status":"open","sticky":false,"template":"","format":"standard","meta":{"footnotes":""},"categories":[49,77],"tags":[],"coauthors":[42],"class_list":["post-5323","post","type-post","status-publish","format-standard","has-post-thumbnail","hentry","category-aplicativos","category-motorista"],"yoast_head":"<!-- This site is optimized with the Yoast SEO Premium plugin v25.5 (Yoast SEO v27.4) - https:\/\/yoast.com\/product\/yoast-seo-premium-wordpress\/ -->\n<title>Liga Coop apresenta app de mobilidade urbana no DF com apoio do MTE. - Motorista.com.br<\/title>\n<meta name=\"robots\" content=\"index, follow, max-snippet:-1, max-image-preview:large, max-video-preview:-1\" \/>\n<link rel=\"canonical\" href=\"https:\/\/motorista.com.br\/noticias\/2025\/12\/20\/liga-coop-apresenta-app-de-mobilidade-urbana-no-df-com-apoio-do-mte\/\" \/>\n<meta property=\"og:locale\" content=\"pt_BR\" \/>\n<meta property=\"og:type\" content=\"article\" \/>\n<meta property=\"og:title\" content=\"Liga Coop apresenta app de mobilidade urbana no DF com apoio do MTE.\" \/>\n<meta property=\"og:description\" content=\"Liga Coop Lan\u00e7a Aplicativo Cooperativista de Mobilidade Urbana no Distrito Federal com Apoio do MTE Recentemente, a Liga Coop apresentou um novo aplicativo cooperativista de mobilidade urbana, uma iniciativa que promete transformar a forma como os motoristas e cidad\u00e3os se deslocam no Distrito Federal. Este aplicativo, que surge com o apoio do Minist\u00e9rio do Trabalho &hellip;\" \/>\n<meta property=\"og:url\" content=\"https:\/\/motorista.com.br\/noticias\/2025\/12\/20\/liga-coop-apresenta-app-de-mobilidade-urbana-no-df-com-apoio-do-mte\/\" \/>\n<meta property=\"og:site_name\" content=\"Motorista.com.br\" \/>\n<meta property=\"article:published_time\" content=\"2025-12-20T21:22:57+00:00\" \/>\n<meta name=\"author\" content=\"Equipe Reda\u00e7\u00e3o\" \/>\n<meta name=\"twitter:card\" content=\"summary_large_image\" \/>\n<meta name=\"twitter:label1\" content=\"Escrito por\" \/>\n\t<meta name=\"twitter:data1\" content=\"Equipe Reda\u00e7\u00e3o\" \/>\n\t<meta name=\"twitter:label2\" content=\"Est. tempo de leitura\" \/>\n\t<meta name=\"twitter:data2\" content=\"2 minutos\" \/>\n\t<meta name=\"twitter:label3\" content=\"Written by\" \/>\n\t<meta name=\"twitter:data3\" content=\"Equipe Reda\u00e7\u00e3o\" \/>\n<script type=\"application\/ld+json\" class=\"yoast-schema-graph\">{\"@context\":\"https:\\\/\\\/schema.org\",\"@graph\":[{\"@type\":\"Article\",\"@id\":\"https:\\\/\\\/motorista.com.br\\\/noticias\\\/2025\\\/12\\\/20\\\/liga-coop-apresenta-app-de-mobilidade-urbana-no-df-com-apoio-do-mte\\\/#article\",\"isPartOf\":{\"@id\":\"https:\\\/\\\/motorista.com.br\\\/noticias\\\/2025\\\/12\\\/20\\\/liga-coop-apresenta-app-de-mobilidade-urbana-no-df-com-apoio-do-mte\\\/\"},\"author\":{\"name\":\"Equipe Reda\u00e7\u00e3o\",\"@id\":\"https:\\\/\\\/motorista.com.br\\\/noticias\\\/#\\\/schema\\\/person\\\/dc93afc2981c0e3ce6bc3c053fd847be\"},\"headline\":\"Liga Coop apresenta app de mobilidade urbana no DF com apoio do MTE.\",\"datePublished\":\"2025-12-20T21:22:57+00:00\",\"mainEntityOfPage\":{\"@id\":\"https:\\\/\\\/motorista.com.br\\\/noticias\\\/2025\\\/12\\\/20\\\/liga-coop-apresenta-app-de-mobilidade-urbana-no-df-com-apoio-do-mte\\\/\"},\"wordCount\":408,\"publisher\":{\"@id\":\"https:\\\/\\\/motorista.com.br\\\/noticias\\\/#organization\"},\"image\":{\"@id\":\"https:\\\/\\\/motorista.com.br\\\/noticias\\\/2025\\\/12\\\/20\\\/liga-coop-apresenta-app-de-mobilidade-urbana-no-df-com-apoio-do-mte\\\/#primaryimage\"},\"thumbnailUrl\":\"https:\\\/\\\/motorista.com.br\\\/noticias\\\/wp-content\\\/uploads\\\/2025\\\/12\\\/e3521ea9-15b0-469a-af5a-71d391ddb50e.jpeg\",\"articleSection\":[\"Aplicativos\",\"Motorista\"],\"inLanguage\":\"pt-BR\"},{\"@type\":\"WebPage\",\"@id\":\"https:\\\/\\\/motorista.com.br\\\/noticias\\\/2025\\\/12\\\/20\\\/liga-coop-apresenta-app-de-mobilidade-urbana-no-df-com-apoio-do-mte\\\/\",\"url\":\"https:\\\/\\\/motorista.com.br\\\/noticias\\\/2025\\\/12\\\/20\\\/liga-coop-apresenta-app-de-mobilidade-urbana-no-df-com-apoio-do-mte\\\/\",\"name\":\"Liga Coop apresenta app de mobilidade urbana no DF com apoio do MTE. - Motorista.com.br\",\"isPartOf\":{\"@id\":\"https:\\\/\\\/motorista.com.br\\\/noticias\\\/#website\"},\"primaryImageOfPage\":{\"@id\":\"https:\\\/\\\/motorista.com.br\\\/noticias\\\/2025\\\/12\\\/20\\\/liga-coop-apresenta-app-de-mobilidade-urbana-no-df-com-apoio-do-mte\\\/#primaryimage\"},\"image\":{\"@id\":\"https:\\\/\\\/motorista.com.br\\\/noticias\\\/2025\\\/12\\\/20\\\/liga-coop-apresenta-app-de-mobilidade-urbana-no-df-com-apoio-do-mte\\\/#primaryimage\"},\"thumbnailUrl\":\"https:\\\/\\\/motorista.com.br\\\/noticias\\\/wp-content\\\/uploads\\\/2025\\\/12\\\/e3521ea9-15b0-469a-af5a-71d391ddb50e.jpeg\",\"datePublished\":\"2025-12-20T21:22:57+00:00\",\"breadcrumb\":{\"@id\":\"https:\\\/\\\/motorista.com.br\\\/noticias\\\/2025\\\/12\\\/20\\\/liga-coop-apresenta-app-de-mobilidade-urbana-no-df-com-apoio-do-mte\\\/#breadcrumb\"},\"inLanguage\":\"pt-BR\",\"potentialAction\":[{\"@type\":\"ReadAction\",\"target\":[\"https:\\\/\\\/motorista.com.br\\\/noticias\\\/2025\\\/12\\\/20\\\/liga-coop-apresenta-app-de-mobilidade-urbana-no-df-com-apoio-do-mte\\\/\"]}]},{\"@type\":\"ImageObject\",\"inLanguage\":\"pt-BR\",\"@id\":\"https:\\\/\\\/motorista.com.br\\\/noticias\\\/2025\\\/12\\\/20\\\/liga-coop-apresenta-app-de-mobilidade-urbana-no-df-com-apoio-do-mte\\\/#primaryimage\",\"url\":\"https:\\\/\\\/motorista.com.br\\\/noticias\\\/wp-content\\\/uploads\\\/2025\\\/12\\\/e3521ea9-15b0-469a-af5a-71d391ddb50e.jpeg\",\"contentUrl\":\"https:\\\/\\\/motorista.com.br\\\/noticias\\\/wp-content\\\/uploads\\\/2025\\\/12\\\/e3521ea9-15b0-469a-af5a-71d391ddb50e.jpeg\",\"width\":768,\"height\":511},{\"@type\":\"BreadcrumbList\",\"@id\":\"https:\\\/\\\/motorista.com.br\\\/noticias\\\/2025\\\/12\\\/20\\\/liga-coop-apresenta-app-de-mobilidade-urbana-no-df-com-apoio-do-mte\\\/#breadcrumb\",\"itemListElement\":[{\"@type\":\"ListItem\",\"position\":1,\"name\":\"In\u00edcio\",\"item\":\"https:\\\/\\\/motorista.com.br\\\/noticias\\\/\"},{\"@type\":\"ListItem\",\"position\":2,\"name\":\"Liga Coop apresenta app de mobilidade urbana no DF com apoio do MTE.\"}]},{\"@type\":\"WebSite\",\"@id\":\"https:\\\/\\\/motorista.com.br\\\/noticias\\\/#website\",\"url\":\"https:\\\/\\\/motorista.com.br\\\/noticias\\\/\",\"name\":\"Motorista.com.br\",\"description\":\"Not\u00edcia do Motorista\",\"publisher\":{\"@id\":\"https:\\\/\\\/motorista.com.br\\\/noticias\\\/#organization\"},\"potentialAction\":[{\"@type\":\"SearchAction\",\"target\":{\"@type\":\"EntryPoint\",\"urlTemplate\":\"https:\\\/\\\/motorista.com.br\\\/noticias\\\/?s={search_term_string}\"},\"query-input\":{\"@type\":\"PropertyValueSpecification\",\"valueRequired\":true,\"valueName\":\"search_term_string\"}}],\"inLanguage\":\"pt-BR\"},{\"@type\":\"Organization\",\"@id\":\"https:\\\/\\\/motorista.com.br\\\/noticias\\\/#organization\",\"name\":\"Motorista.com.br\",\"url\":\"https:\\\/\\\/motorista.com.br\\\/noticias\\\/\",\"logo\":{\"@type\":\"ImageObject\",\"inLanguage\":\"pt-BR\",\"@id\":\"https:\\\/\\\/motorista.com.br\\\/noticias\\\/#\\\/schema\\\/logo\\\/image\\\/\",\"url\":\"https:\\\/\\\/motorista.com.br\\\/noticias\\\/wp-content\\\/uploads\\\/2025\\\/06\\\/Design-sem-nome-9.png\",\"contentUrl\":\"https:\\\/\\\/motorista.com.br\\\/noticias\\\/wp-content\\\/uploads\\\/2025\\\/06\\\/Design-sem-nome-9.png\",\"width\":150,\"height\":85,\"caption\":\"Motorista.com.br\"},\"image\":{\"@id\":\"https:\\\/\\\/motorista.com.br\\\/noticias\\\/#\\\/schema\\\/logo\\\/image\\\/\"}},{\"@type\":\"Person\",\"@id\":\"https:\\\/\\\/motorista.com.br\\\/noticias\\\/#\\\/schema\\\/person\\\/dc93afc2981c0e3ce6bc3c053fd847be\",\"name\":\"Equipe Reda\u00e7\u00e3o\",\"image\":{\"@type\":\"ImageObject\",\"inLanguage\":\"pt-BR\",\"@id\":\"https:\\\/\\\/secure.gravatar.com\\\/avatar\\\/4f525efbf18dd2bb300ccad28bfb99d95a9465a5ba268407c8c37b37e1f28d2d?s=96&d=mm&r=g9e099043a0c61e9ae27e293b9fa75ffc\",\"url\":\"https:\\\/\\\/secure.gravatar.com\\\/avatar\\\/4f525efbf18dd2bb300ccad28bfb99d95a9465a5ba268407c8c37b37e1f28d2d?s=96&d=mm&r=g\",\"contentUrl\":\"https:\\\/\\\/secure.gravatar.com\\\/avatar\\\/4f525efbf18dd2bb300ccad28bfb99d95a9465a5ba268407c8c37b37e1f28d2d?s=96&d=mm&r=g\",\"caption\":\"Equipe Reda\u00e7\u00e3o\"},\"description\":\"Equipe de reda\u00e7\u00e3o \u00e9 um grupo de profissionais que trabalham juntos para criar conte\u00fado escrito para Motorista.com.br\",\"url\":\"https:\\\/\\\/motorista.com.br\\\/noticias\\\/author\\\/equiperedacao\\\/\"}]}<\/script>\n<!-- \/ Yoast SEO Premium plugin. -->","yoast_head_json":{"title":"Liga Coop apresenta app de mobilidade urbana no DF com apoio do MTE. - Motorista.com.br","robots":{"index":"index","follow":"follow","max-snippet":"max-snippet:-1","max-image-preview":"max-image-preview:large","max-video-preview":"max-video-preview:-1"},"canonical":"https:\/\/motorista.com.br\/noticias\/2025\/12\/20\/liga-coop-apresenta-app-de-mobilidade-urbana-no-df-com-apoio-do-mte\/","og_locale":"pt_BR","og_type":"article","og_title":"Liga Coop apresenta app de mobilidade urbana no DF com apoio do MTE.","og_description":"Liga Coop Lan\u00e7a Aplicativo Cooperativista de Mobilidade Urbana no Distrito Federal com Apoio do MTE Recentemente, a Liga Coop apresentou um novo aplicativo cooperativista de mobilidade urbana, uma iniciativa que promete transformar a forma como os motoristas e cidad\u00e3os se deslocam no Distrito Federal. Este aplicativo, que surge com o apoio do Minist\u00e9rio do Trabalho &hellip;","og_url":"https:\/\/motorista.com.br\/noticias\/2025\/12\/20\/liga-coop-apresenta-app-de-mobilidade-urbana-no-df-com-apoio-do-mte\/","og_site_name":"Motorista.com.br","article_published_time":"2025-12-20T21:22:57+00:00","author":"Equipe Reda\u00e7\u00e3o","twitter_card":"summary_large_image","twitter_misc":{"Escrito por":"Equipe Reda\u00e7\u00e3o","Est. tempo de leitura":"2 minutos","Written by":"Equipe Reda\u00e7\u00e3o"},"schema":{"@context":"https:\/\/schema.org","@graph":[{"@type":"Article","@id":"https:\/\/motorista.com.br\/noticias\/2025\/12\/20\/liga-coop-apresenta-app-de-mobilidade-urbana-no-df-com-apoio-do-mte\/#article","isPartOf":{"@id":"https:\/\/motorista.com.br\/noticias\/2025\/12\/20\/liga-coop-apresenta-app-de-mobilidade-urbana-no-df-com-apoio-do-mte\/"},"author":{"name":"Equipe Reda\u00e7\u00e3o","@id":"https:\/\/motorista.com.br\/noticias\/#\/schema\/person\/dc93afc2981c0e3ce6bc3c053fd847be"},"headline":"Liga Coop apresenta app de mobilidade urbana no DF com apoio do MTE.","datePublished":"2025-12-20T21:22:57+00:00","mainEntityOfPage":{"@id":"https:\/\/motorista.com.br\/noticias\/2025\/12\/20\/liga-coop-apresenta-app-de-mobilidade-urbana-no-df-com-apoio-do-mte\/"},"wordCount":408,"publisher":{"@id":"https:\/\/motorista.com.br\/noticias\/#organization"},"image":{"@id":"https:\/\/motorista.com.br\/noticias\/2025\/12\/20\/liga-coop-apresenta-app-de-mobilidade-urbana-no-df-com-apoio-do-mte\/#primaryimage"},"thumbnailUrl":"https:\/\/motorista.com.br\/noticias\/wp-content\/uploads\/2025\/12\/e3521ea9-15b0-469a-af5a-71d391ddb50e.jpeg","articleSection":["Aplicativos","Motorista"],"inLanguage":"pt-BR"},{"@type":"WebPage","@id":"https:\/\/motorista.com.br\/noticias\/2025\/12\/20\/liga-coop-apresenta-app-de-mobilidade-urbana-no-df-com-apoio-do-mte\/","url":"https:\/\/motorista.com.br\/noticias\/2025\/12\/20\/liga-coop-apresenta-app-de-mobilidade-urbana-no-df-com-apoio-do-mte\/","name":"Liga Coop apresenta app de mobilidade urbana no DF com apoio do MTE. - Motorista.com.br","isPartOf":{"@id":"https:\/\/motorista.com.br\/noticias\/#website"},"primaryImageOfPage":{"@id":"https:\/\/motorista.com.br\/noticias\/2025\/12\/20\/liga-coop-apresenta-app-de-mobilidade-urbana-no-df-com-apoio-do-mte\/#primaryimage"},"image":{"@id":"https:\/\/motorista.com.br\/noticias\/2025\/12\/20\/liga-coop-apresenta-app-de-mobilidade-urbana-no-df-com-apoio-do-mte\/#primaryimage"},"thumbnailUrl":"https:\/\/motorista.com.br\/noticias\/wp-content\/uploads\/2025\/12\/e3521ea9-15b0-469a-af5a-71d391ddb50e.jpeg","datePublished":"2025-12-20T21:22:57+00:00","breadcrumb":{"@id":"https:\/\/motorista.com.br\/noticias\/2025\/12\/20\/liga-coop-apresenta-app-de-mobilidade-urbana-no-df-com-apoio-do-mte\/#breadcrumb"},"inLanguage":"pt-BR","potentialAction":[{"@type":"ReadAction","target":["https:\/\/motorista.com.br\/noticias\/2025\/12\/20\/liga-coop-apresenta-app-de-mobilidade-urbana-no-df-com-apoio-do-mte\/"]}]},{"@type":"ImageObject","inLanguage":"pt-BR","@id":"https:\/\/motorista.com.br\/noticias\/2025\/12\/20\/liga-coop-apresenta-app-de-mobilidade-urbana-no-df-com-apoio-do-mte\/#primaryimage","url":"https:\/\/motorista.com.br\/noticias\/wp-content\/uploads\/2025\/12\/e3521ea9-15b0-469a-af5a-71d391ddb50e.jpeg","contentUrl":"https:\/\/motorista.com.br\/noticias\/wp-content\/uploads\/2025\/12\/e3521ea9-15b0-469a-af5a-71d391ddb50e.jpeg","width":768,"height":511},{"@type":"BreadcrumbList","@id":"https:\/\/motorista.com.br\/noticias\/2025\/12\/20\/liga-coop-apresenta-app-de-mobilidade-urbana-no-df-com-apoio-do-mte\/#breadcrumb","itemListElement":[{"@type":"ListItem","position":1,"name":"In\u00edcio","item":"https:\/\/motorista.com.br\/noticias\/"},{"@type":"ListItem","position":2,"name":"Liga Coop apresenta app de mobilidade urbana no DF com apoio do MTE."}]},{"@type":"WebSite","@id":"https:\/\/motorista.com.br\/noticias\/#website","url":"https:\/\/motorista.com.br\/noticias\/","name":"Motorista.com.br","description":"Not\u00edcia do Motorista","publisher":{"@id":"https:\/\/motorista.com.br\/noticias\/#organization"},"potentialAction":[{"@type":"SearchAction","target":{"@type":"EntryPoint","urlTemplate":"https:\/\/motorista.com.br\/noticias\/?s={search_term_string}"},"query-input":{"@type":"PropertyValueSpecification","valueRequired":true,"valueName":"search_term_string"}}],"inLanguage":"pt-BR"},{"@type":"Organization","@id":"https:\/\/motorista.com.br\/noticias\/#organization","name":"Motorista.com.br","url":"https:\/\/motorista.com.br\/noticias\/","logo":{"@type":"ImageObject","inLanguage":"pt-BR","@id":"https:\/\/motorista.com.br\/noticias\/#\/schema\/logo\/image\/","url":"https:\/\/motorista.com.br\/noticias\/wp-content\/uploads\/2025\/06\/Design-sem-nome-9.png","contentUrl":"https:\/\/motorista.com.br\/noticias\/wp-content\/uploads\/2025\/06\/Design-sem-nome-9.png","width":150,"height":85,"caption":"Motorista.com.br"},"image":{"@id":"https:\/\/motorista.com.br\/noticias\/#\/schema\/logo\/image\/"}},{"@type":"Person","@id":"https:\/\/motorista.com.br\/noticias\/#\/schema\/person\/dc93afc2981c0e3ce6bc3c053fd847be","name":"Equipe Reda\u00e7\u00e3o","image":{"@type":"ImageObject","inLanguage":"pt-BR","@id":"https:\/\/secure.gravatar.com\/avatar\/4f525efbf18dd2bb300ccad28bfb99d95a9465a5ba268407c8c37b37e1f28d2d?s=96&d=mm&r=g9e099043a0c61e9ae27e293b9fa75ffc","url":"https:\/\/secure.gravatar.com\/avatar\/4f525efbf18dd2bb300ccad28bfb99d95a9465a5ba268407c8c37b37e1f28d2d?s=96&d=mm&r=g","contentUrl":"https:\/\/secure.gravatar.com\/avatar\/4f525efbf18dd2bb300ccad28bfb99d95a9465a5ba268407c8c37b37e1f28d2d?s=96&d=mm&r=g","caption":"Equipe Reda\u00e7\u00e3o"},"description":"Equipe de reda\u00e7\u00e3o \u00e9 um grupo de profissionais que trabalham juntos para criar conte\u00fado escrito para Motorista.com.br","url":"https:\/\/motorista.com.br\/noticias\/author\/equiperedacao\/"}]}},"_links":{"self":[{"href":"https:\/\/motorista.com.br\/noticias\/wp-json\/wp\/v2\/posts\/5323","targetHints":{"allow":["GET"]}}],"collection":[{"href":"https:\/\/motorista.com.br\/noticias\/wp-json\/wp\/v2\/posts"}],"about":[{"href":"https:\/\/motorista.com.br\/noticias\/wp-json\/wp\/v2\/types\/post"}],"author":[{"embeddable":true,"href":"https:\/\/motorista.com.br\/noticias\/wp-json\/wp\/v2\/users\/4"}],"replies":[{"embeddable":true,"href":"https:\/\/motorista.com.br\/noticias\/wp-json\/wp\/v2\/comments?post=5323"}],"version-history":[{"count":0,"href":"https:\/\/motorista.com.br\/noticias\/wp-json\/wp\/v2\/posts\/5323\/revisions"}],"wp:featuredmedia":[{"embeddable":true,"href":"https:\/\/motorista.com.br\/noticias\/wp-json\/wp\/v2\/media\/5324"}],"wp:attachment":[{"href":"https:\/\/motorista.com.br\/noticias\/wp-json\/wp\/v2\/media?parent=5323"}],"wp:term":[{"taxonomy":"category","embeddable":true,"href":"https:\/\/motorista.com.br\/noticias\/wp-json\/wp\/v2\/categories?post=5323"},{"taxonomy":"post_tag","embeddable":true,"href":"https:\/\/motorista.com.br\/noticias\/wp-json\/wp\/v2\/tags?post=5323"},{"taxonomy":"author","embeddable":true,"href":"https:\/\/motorista.com.br\/noticias\/wp-json\/wp\/v2\/coauthors?post=5323"}],"curies":[{"name":"wp","href":"https:\/\/api.w.org\/{rel}","templated":true}]}}