{"id":5319,"date":"2025-12-20T15:10:45","date_gmt":"2025-12-20T18:10:45","guid":{"rendered":"https:\/\/motorista.com.br\/noticias\/2025\/12\/20\/relator-apresenta-parecer-com-superavit-de-r-345-bi-e-r-61-bi-em-emendas\/"},"modified":"2025-12-20T15:10:45","modified_gmt":"2025-12-20T18:10:45","slug":"relator-apresenta-parecer-com-superavit-de-r-345-bi-e-r-61-bi-em-emendas","status":"publish","type":"post","link":"https:\/\/motorista.com.br\/noticias\/2025\/12\/20\/relator-apresenta-parecer-com-superavit-de-r-345-bi-e-r-61-bi-em-emendas\/","title":{"rendered":"Relator apresenta parecer com super\u00e1vit de R$ 34,5 bi e R$ 61 bi em emendas"},"content":{"rendered":"<p><\/p>\n<p><strong>Or\u00e7amento de 2026: Super\u00e1vit e Emendas Parlamentares e seus Reflexos na Mobilidade e nos Motoristas<\/strong><\/p>\n<p>O relator do Or\u00e7amento de 2026, deputado Isnaldo Bulh\u00f5es, apresentou um parecer abrangente que destaca um super\u00e1vit projetado de R$ 34,5 bilh\u00f5es, al\u00e9m de R$ 61 bilh\u00f5es destinados a emendas parlamentares, um valor significativo em um ano eleitoral. Essa movimenta\u00e7\u00e3o financeira, embora tenha seus desafios, pode trazer benef\u00edcios diretos para os motoristas e para a mobilidade urbana em geral.<\/p>\n<p>O super\u00e1vit or\u00e7ament\u00e1rio sugere uma maior flexibilidade nas contas p\u00fablicas, o que, se bem administrado, pode resultar em investimentos em infraestrutura de transporte. A destina\u00e7\u00e3o de emendas parlamentares, um componente crucial neste or\u00e7amento, pode focar em melhorias de infraestrutura vi\u00e1ria, que s\u00e3o essenciais para garantir um tr\u00e2nsito mais eficiente e seguro. Propostas que envolvem a reforma de estradas, cria\u00e7\u00e3o de novas vias e implementa\u00e7\u00e3o de sistemas de transporte p\u00fablico podem ser impulsionadas por essa aloca\u00e7\u00e3o de recursos.<\/p>\n<p>Al\u00e9m disso, o aumento do fundo eleitoral para quase R$ 5 bilh\u00f5es mostra uma inten\u00e7\u00e3o de mobilizar mais recursos, o que pode levar a campanhas mais focadas em promessas relacionadas \u00e0 mobilidade e ao transporte. Deputados que se sentirem pressionados a responder \u00e0s necessidades dos eleitores podem priorizar projetos que melhorem o fluxo do tr\u00e1fego e a seguran\u00e7a nas vias.<\/p>\n<p>Por outro lado, as incertezas relacionadas \u00e0 arrecada\u00e7\u00e3o de receitas, como os R$ 14 bilh\u00f5es previstos do Imposto de Importa\u00e7\u00e3o, destacam a necessidade de um planejamento cuidadoso. A depend\u00eancia de receitas que ainda n\u00e3o est\u00e3o garantidas pode colocar em risco a execu\u00e7\u00e3o de projetos que impactam diretamente o transporte e a qualidade de vida nas cidades.<\/p>\n<p>Al\u00e9m disso, a press\u00e3o sobre despesas obrigat\u00f3rias, especialmente em \u00e1reas como a Previd\u00eancia, pode limitar a capacidade do governo de investir em melhorias de infraestrutura. O corte de R$ 6,2 bilh\u00f5es em benef\u00edcios previdenci\u00e1rios, embora necess\u00e1rio para o equil\u00edbrio fiscal, gera um trade-off que deve ser cuidadosamente considerado, pois pode impactar o n\u00edvel de suporte \u00e0 popula\u00e7\u00e3o, inclusive aos motoristas.<\/p>\n<p>Com o cen\u00e1rio de emendas que totaliza R$ 61,4 bilh\u00f5es, a gest\u00e3o dessas aloca\u00e7\u00f5es \u00e9 fundamental. A capacidade dos parlamentares de influenciar diretamente onde e como esses recursos ser\u00e3o utilizados pode levar a um impacto positivo, caso essa influ\u00eancia seja direcionada para projetos de mobilidade. O desafio ser\u00e1 garantir que haja transpar\u00eancia e responsabilidade na destina\u00e7\u00e3o desses recursos, evitando que se percam em processos burocr\u00e1ticos ou ineficientes.<\/p>\n<p>Em resumo, a proposta de or\u00e7amento para 2026 apresenta uma oportunidade de ouro para que os motoristas e a mobilidade urbana se beneficiem de um planejamento or\u00e7ament\u00e1rio audacioso, mas depender\u00e1 de uma gest\u00e3o eficaz e da prioridade que ser\u00e1 dada a projetos estruturantes que promovam uma mobilidade mais eficiente e segura nas cidades.<\/p>\n<p><strong>Fonte<\/strong>: Money Times<\/p>\n","protected":false},"excerpt":{"rendered":"<p>Or\u00e7amento de 2026: Super\u00e1vit e Emendas Parlamentares e seus Reflexos na Mobilidade e nos Motoristas O relator do Or\u00e7amento de 2026, deputado Isnaldo Bulh\u00f5es, apresentou um parecer abrangente que destaca um super\u00e1vit projetado de R$ 34,5 bilh\u00f5es, al\u00e9m de R$ 61 bilh\u00f5es destinados a emendas parlamentares, um valor significativo em um ano eleitoral. Essa movimenta\u00e7\u00e3o &hellip;<\/p>\n","protected":false},"author":4,"featured_media":0,"comment_status":"","ping_status":"open","sticky":false,"template":"","format":"standard","meta":{"footnotes":""},"categories":[61],"tags":[],"coauthors":[42],"class_list":["post-5319","post","type-post","status-publish","format-standard","hentry","category-mercado-financeiro"],"yoast_head":"<!-- This site is optimized with the Yoast SEO Premium plugin v25.5 (Yoast SEO v27.4) - https:\/\/yoast.com\/product\/yoast-seo-premium-wordpress\/ -->\n<title>Relator apresenta parecer com super\u00e1vit de R$ 34,5 bi e R$ 61 bi em emendas - Motorista.com.br<\/title>\n<meta name=\"robots\" content=\"index, follow, max-snippet:-1, max-image-preview:large, max-video-preview:-1\" \/>\n<link rel=\"canonical\" href=\"https:\/\/motorista.com.br\/noticias\/2025\/12\/20\/relator-apresenta-parecer-com-superavit-de-r-345-bi-e-r-61-bi-em-emendas\/\" \/>\n<meta property=\"og:locale\" content=\"pt_BR\" \/>\n<meta property=\"og:type\" content=\"article\" \/>\n<meta property=\"og:title\" content=\"Relator apresenta parecer com super\u00e1vit de R$ 34,5 bi e R$ 61 bi em emendas\" \/>\n<meta property=\"og:description\" content=\"Or\u00e7amento de 2026: Super\u00e1vit e Emendas Parlamentares e seus Reflexos na Mobilidade e nos Motoristas O relator do Or\u00e7amento de 2026, deputado Isnaldo Bulh\u00f5es, apresentou um parecer abrangente que destaca um super\u00e1vit projetado de R$ 34,5 bilh\u00f5es, al\u00e9m de R$ 61 bilh\u00f5es destinados a emendas parlamentares, um valor significativo em um ano eleitoral. Essa movimenta\u00e7\u00e3o &hellip;\" \/>\n<meta property=\"og:url\" content=\"https:\/\/motorista.com.br\/noticias\/2025\/12\/20\/relator-apresenta-parecer-com-superavit-de-r-345-bi-e-r-61-bi-em-emendas\/\" \/>\n<meta property=\"og:site_name\" content=\"Motorista.com.br\" \/>\n<meta property=\"article:published_time\" content=\"2025-12-20T18:10:45+00:00\" \/>\n<meta name=\"author\" content=\"Equipe Reda\u00e7\u00e3o\" \/>\n<meta name=\"twitter:card\" content=\"summary_large_image\" \/>\n<meta name=\"twitter:label1\" content=\"Escrito por\" \/>\n\t<meta name=\"twitter:data1\" content=\"Equipe Reda\u00e7\u00e3o\" \/>\n\t<meta name=\"twitter:label2\" content=\"Est. tempo de leitura\" \/>\n\t<meta name=\"twitter:data2\" content=\"2 minutos\" \/>\n\t<meta name=\"twitter:label3\" content=\"Written by\" \/>\n\t<meta name=\"twitter:data3\" content=\"Equipe Reda\u00e7\u00e3o\" \/>\n<script type=\"application\/ld+json\" class=\"yoast-schema-graph\">{\"@context\":\"https:\\\/\\\/schema.org\",\"@graph\":[{\"@type\":\"Article\",\"@id\":\"https:\\\/\\\/motorista.com.br\\\/noticias\\\/2025\\\/12\\\/20\\\/relator-apresenta-parecer-com-superavit-de-r-345-bi-e-r-61-bi-em-emendas\\\/#article\",\"isPartOf\":{\"@id\":\"https:\\\/\\\/motorista.com.br\\\/noticias\\\/2025\\\/12\\\/20\\\/relator-apresenta-parecer-com-superavit-de-r-345-bi-e-r-61-bi-em-emendas\\\/\"},\"author\":{\"name\":\"Equipe Reda\u00e7\u00e3o\",\"@id\":\"https:\\\/\\\/motorista.com.br\\\/noticias\\\/#\\\/schema\\\/person\\\/dc93afc2981c0e3ce6bc3c053fd847be\"},\"headline\":\"Relator apresenta parecer com super\u00e1vit de R$ 34,5 bi e R$ 61 bi em emendas\",\"datePublished\":\"2025-12-20T18:10:45+00:00\",\"mainEntityOfPage\":{\"@id\":\"https:\\\/\\\/motorista.com.br\\\/noticias\\\/2025\\\/12\\\/20\\\/relator-apresenta-parecer-com-superavit-de-r-345-bi-e-r-61-bi-em-emendas\\\/\"},\"wordCount\":510,\"publisher\":{\"@id\":\"https:\\\/\\\/motorista.com.br\\\/noticias\\\/#organization\"},\"articleSection\":[\"Mercado Financeiro\"],\"inLanguage\":\"pt-BR\"},{\"@type\":\"WebPage\",\"@id\":\"https:\\\/\\\/motorista.com.br\\\/noticias\\\/2025\\\/12\\\/20\\\/relator-apresenta-parecer-com-superavit-de-r-345-bi-e-r-61-bi-em-emendas\\\/\",\"url\":\"https:\\\/\\\/motorista.com.br\\\/noticias\\\/2025\\\/12\\\/20\\\/relator-apresenta-parecer-com-superavit-de-r-345-bi-e-r-61-bi-em-emendas\\\/\",\"name\":\"Relator apresenta parecer com super\u00e1vit de R$ 34,5 bi e R$ 61 bi em emendas - Motorista.com.br\",\"isPartOf\":{\"@id\":\"https:\\\/\\\/motorista.com.br\\\/noticias\\\/#website\"},\"datePublished\":\"2025-12-20T18:10:45+00:00\",\"breadcrumb\":{\"@id\":\"https:\\\/\\\/motorista.com.br\\\/noticias\\\/2025\\\/12\\\/20\\\/relator-apresenta-parecer-com-superavit-de-r-345-bi-e-r-61-bi-em-emendas\\\/#breadcrumb\"},\"inLanguage\":\"pt-BR\",\"potentialAction\":[{\"@type\":\"ReadAction\",\"target\":[\"https:\\\/\\\/motorista.com.br\\\/noticias\\\/2025\\\/12\\\/20\\\/relator-apresenta-parecer-com-superavit-de-r-345-bi-e-r-61-bi-em-emendas\\\/\"]}]},{\"@type\":\"BreadcrumbList\",\"@id\":\"https:\\\/\\\/motorista.com.br\\\/noticias\\\/2025\\\/12\\\/20\\\/relator-apresenta-parecer-com-superavit-de-r-345-bi-e-r-61-bi-em-emendas\\\/#breadcrumb\",\"itemListElement\":[{\"@type\":\"ListItem\",\"position\":1,\"name\":\"In\u00edcio\",\"item\":\"https:\\\/\\\/motorista.com.br\\\/noticias\\\/\"},{\"@type\":\"ListItem\",\"position\":2,\"name\":\"Relator apresenta parecer com super\u00e1vit de R$ 34,5 bi e R$ 61 bi em emendas\"}]},{\"@type\":\"WebSite\",\"@id\":\"https:\\\/\\\/motorista.com.br\\\/noticias\\\/#website\",\"url\":\"https:\\\/\\\/motorista.com.br\\\/noticias\\\/\",\"name\":\"Motorista.com.br\",\"description\":\"Not\u00edcia do Motorista\",\"publisher\":{\"@id\":\"https:\\\/\\\/motorista.com.br\\\/noticias\\\/#organization\"},\"potentialAction\":[{\"@type\":\"SearchAction\",\"target\":{\"@type\":\"EntryPoint\",\"urlTemplate\":\"https:\\\/\\\/motorista.com.br\\\/noticias\\\/?s={search_term_string}\"},\"query-input\":{\"@type\":\"PropertyValueSpecification\",\"valueRequired\":true,\"valueName\":\"search_term_string\"}}],\"inLanguage\":\"pt-BR\"},{\"@type\":\"Organization\",\"@id\":\"https:\\\/\\\/motorista.com.br\\\/noticias\\\/#organization\",\"name\":\"Motorista.com.br\",\"url\":\"https:\\\/\\\/motorista.com.br\\\/noticias\\\/\",\"logo\":{\"@type\":\"ImageObject\",\"inLanguage\":\"pt-BR\",\"@id\":\"https:\\\/\\\/motorista.com.br\\\/noticias\\\/#\\\/schema\\\/logo\\\/image\\\/\",\"url\":\"https:\\\/\\\/motorista.com.br\\\/noticias\\\/wp-content\\\/uploads\\\/2025\\\/06\\\/Design-sem-nome-9.png\",\"contentUrl\":\"https:\\\/\\\/motorista.com.br\\\/noticias\\\/wp-content\\\/uploads\\\/2025\\\/06\\\/Design-sem-nome-9.png\",\"width\":150,\"height\":85,\"caption\":\"Motorista.com.br\"},\"image\":{\"@id\":\"https:\\\/\\\/motorista.com.br\\\/noticias\\\/#\\\/schema\\\/logo\\\/image\\\/\"}},{\"@type\":\"Person\",\"@id\":\"https:\\\/\\\/motorista.com.br\\\/noticias\\\/#\\\/schema\\\/person\\\/dc93afc2981c0e3ce6bc3c053fd847be\",\"name\":\"Equipe Reda\u00e7\u00e3o\",\"image\":{\"@type\":\"ImageObject\",\"inLanguage\":\"pt-BR\",\"@id\":\"https:\\\/\\\/secure.gravatar.com\\\/avatar\\\/4f525efbf18dd2bb300ccad28bfb99d95a9465a5ba268407c8c37b37e1f28d2d?s=96&d=mm&r=g9e099043a0c61e9ae27e293b9fa75ffc\",\"url\":\"https:\\\/\\\/secure.gravatar.com\\\/avatar\\\/4f525efbf18dd2bb300ccad28bfb99d95a9465a5ba268407c8c37b37e1f28d2d?s=96&d=mm&r=g\",\"contentUrl\":\"https:\\\/\\\/secure.gravatar.com\\\/avatar\\\/4f525efbf18dd2bb300ccad28bfb99d95a9465a5ba268407c8c37b37e1f28d2d?s=96&d=mm&r=g\",\"caption\":\"Equipe Reda\u00e7\u00e3o\"},\"description\":\"Equipe de reda\u00e7\u00e3o \u00e9 um grupo de profissionais que trabalham juntos para criar conte\u00fado escrito para Motorista.com.br\",\"url\":\"https:\\\/\\\/motorista.com.br\\\/noticias\\\/author\\\/equiperedacao\\\/\"}]}<\/script>\n<!-- \/ Yoast SEO Premium plugin. -->","yoast_head_json":{"title":"Relator apresenta parecer com super\u00e1vit de R$ 34,5 bi e R$ 61 bi em emendas - Motorista.com.br","robots":{"index":"index","follow":"follow","max-snippet":"max-snippet:-1","max-image-preview":"max-image-preview:large","max-video-preview":"max-video-preview:-1"},"canonical":"https:\/\/motorista.com.br\/noticias\/2025\/12\/20\/relator-apresenta-parecer-com-superavit-de-r-345-bi-e-r-61-bi-em-emendas\/","og_locale":"pt_BR","og_type":"article","og_title":"Relator apresenta parecer com super\u00e1vit de R$ 34,5 bi e R$ 61 bi em emendas","og_description":"Or\u00e7amento de 2026: Super\u00e1vit e Emendas Parlamentares e seus Reflexos na Mobilidade e nos Motoristas O relator do Or\u00e7amento de 2026, deputado Isnaldo Bulh\u00f5es, apresentou um parecer abrangente que destaca um super\u00e1vit projetado de R$ 34,5 bilh\u00f5es, al\u00e9m de R$ 61 bilh\u00f5es destinados a emendas parlamentares, um valor significativo em um ano eleitoral. Essa movimenta\u00e7\u00e3o &hellip;","og_url":"https:\/\/motorista.com.br\/noticias\/2025\/12\/20\/relator-apresenta-parecer-com-superavit-de-r-345-bi-e-r-61-bi-em-emendas\/","og_site_name":"Motorista.com.br","article_published_time":"2025-12-20T18:10:45+00:00","author":"Equipe Reda\u00e7\u00e3o","twitter_card":"summary_large_image","twitter_misc":{"Escrito por":"Equipe Reda\u00e7\u00e3o","Est. tempo de leitura":"2 minutos","Written by":"Equipe Reda\u00e7\u00e3o"},"schema":{"@context":"https:\/\/schema.org","@graph":[{"@type":"Article","@id":"https:\/\/motorista.com.br\/noticias\/2025\/12\/20\/relator-apresenta-parecer-com-superavit-de-r-345-bi-e-r-61-bi-em-emendas\/#article","isPartOf":{"@id":"https:\/\/motorista.com.br\/noticias\/2025\/12\/20\/relator-apresenta-parecer-com-superavit-de-r-345-bi-e-r-61-bi-em-emendas\/"},"author":{"name":"Equipe Reda\u00e7\u00e3o","@id":"https:\/\/motorista.com.br\/noticias\/#\/schema\/person\/dc93afc2981c0e3ce6bc3c053fd847be"},"headline":"Relator apresenta parecer com super\u00e1vit de R$ 34,5 bi e R$ 61 bi em emendas","datePublished":"2025-12-20T18:10:45+00:00","mainEntityOfPage":{"@id":"https:\/\/motorista.com.br\/noticias\/2025\/12\/20\/relator-apresenta-parecer-com-superavit-de-r-345-bi-e-r-61-bi-em-emendas\/"},"wordCount":510,"publisher":{"@id":"https:\/\/motorista.com.br\/noticias\/#organization"},"articleSection":["Mercado Financeiro"],"inLanguage":"pt-BR"},{"@type":"WebPage","@id":"https:\/\/motorista.com.br\/noticias\/2025\/12\/20\/relator-apresenta-parecer-com-superavit-de-r-345-bi-e-r-61-bi-em-emendas\/","url":"https:\/\/motorista.com.br\/noticias\/2025\/12\/20\/relator-apresenta-parecer-com-superavit-de-r-345-bi-e-r-61-bi-em-emendas\/","name":"Relator apresenta parecer com super\u00e1vit de R$ 34,5 bi e R$ 61 bi em emendas - Motorista.com.br","isPartOf":{"@id":"https:\/\/motorista.com.br\/noticias\/#website"},"datePublished":"2025-12-20T18:10:45+00:00","breadcrumb":{"@id":"https:\/\/motorista.com.br\/noticias\/2025\/12\/20\/relator-apresenta-parecer-com-superavit-de-r-345-bi-e-r-61-bi-em-emendas\/#breadcrumb"},"inLanguage":"pt-BR","potentialAction":[{"@type":"ReadAction","target":["https:\/\/motorista.com.br\/noticias\/2025\/12\/20\/relator-apresenta-parecer-com-superavit-de-r-345-bi-e-r-61-bi-em-emendas\/"]}]},{"@type":"BreadcrumbList","@id":"https:\/\/motorista.com.br\/noticias\/2025\/12\/20\/relator-apresenta-parecer-com-superavit-de-r-345-bi-e-r-61-bi-em-emendas\/#breadcrumb","itemListElement":[{"@type":"ListItem","position":1,"name":"In\u00edcio","item":"https:\/\/motorista.com.br\/noticias\/"},{"@type":"ListItem","position":2,"name":"Relator apresenta parecer com super\u00e1vit de R$ 34,5 bi e R$ 61 bi em emendas"}]},{"@type":"WebSite","@id":"https:\/\/motorista.com.br\/noticias\/#website","url":"https:\/\/motorista.com.br\/noticias\/","name":"Motorista.com.br","description":"Not\u00edcia do Motorista","publisher":{"@id":"https:\/\/motorista.com.br\/noticias\/#organization"},"potentialAction":[{"@type":"SearchAction","target":{"@type":"EntryPoint","urlTemplate":"https:\/\/motorista.com.br\/noticias\/?s={search_term_string}"},"query-input":{"@type":"PropertyValueSpecification","valueRequired":true,"valueName":"search_term_string"}}],"inLanguage":"pt-BR"},{"@type":"Organization","@id":"https:\/\/motorista.com.br\/noticias\/#organization","name":"Motorista.com.br","url":"https:\/\/motorista.com.br\/noticias\/","logo":{"@type":"ImageObject","inLanguage":"pt-BR","@id":"https:\/\/motorista.com.br\/noticias\/#\/schema\/logo\/image\/","url":"https:\/\/motorista.com.br\/noticias\/wp-content\/uploads\/2025\/06\/Design-sem-nome-9.png","contentUrl":"https:\/\/motorista.com.br\/noticias\/wp-content\/uploads\/2025\/06\/Design-sem-nome-9.png","width":150,"height":85,"caption":"Motorista.com.br"},"image":{"@id":"https:\/\/motorista.com.br\/noticias\/#\/schema\/logo\/image\/"}},{"@type":"Person","@id":"https:\/\/motorista.com.br\/noticias\/#\/schema\/person\/dc93afc2981c0e3ce6bc3c053fd847be","name":"Equipe Reda\u00e7\u00e3o","image":{"@type":"ImageObject","inLanguage":"pt-BR","@id":"https:\/\/secure.gravatar.com\/avatar\/4f525efbf18dd2bb300ccad28bfb99d95a9465a5ba268407c8c37b37e1f28d2d?s=96&d=mm&r=g9e099043a0c61e9ae27e293b9fa75ffc","url":"https:\/\/secure.gravatar.com\/avatar\/4f525efbf18dd2bb300ccad28bfb99d95a9465a5ba268407c8c37b37e1f28d2d?s=96&d=mm&r=g","contentUrl":"https:\/\/secure.gravatar.com\/avatar\/4f525efbf18dd2bb300ccad28bfb99d95a9465a5ba268407c8c37b37e1f28d2d?s=96&d=mm&r=g","caption":"Equipe Reda\u00e7\u00e3o"},"description":"Equipe de reda\u00e7\u00e3o \u00e9 um grupo de profissionais que trabalham juntos para criar conte\u00fado escrito para Motorista.com.br","url":"https:\/\/motorista.com.br\/noticias\/author\/equiperedacao\/"}]}},"_links":{"self":[{"href":"https:\/\/motorista.com.br\/noticias\/wp-json\/wp\/v2\/posts\/5319","targetHints":{"allow":["GET"]}}],"collection":[{"href":"https:\/\/motorista.com.br\/noticias\/wp-json\/wp\/v2\/posts"}],"about":[{"href":"https:\/\/motorista.com.br\/noticias\/wp-json\/wp\/v2\/types\/post"}],"author":[{"embeddable":true,"href":"https:\/\/motorista.com.br\/noticias\/wp-json\/wp\/v2\/users\/4"}],"replies":[{"embeddable":true,"href":"https:\/\/motorista.com.br\/noticias\/wp-json\/wp\/v2\/comments?post=5319"}],"version-history":[{"count":0,"href":"https:\/\/motorista.com.br\/noticias\/wp-json\/wp\/v2\/posts\/5319\/revisions"}],"wp:attachment":[{"href":"https:\/\/motorista.com.br\/noticias\/wp-json\/wp\/v2\/media?parent=5319"}],"wp:term":[{"taxonomy":"category","embeddable":true,"href":"https:\/\/motorista.com.br\/noticias\/wp-json\/wp\/v2\/categories?post=5319"},{"taxonomy":"post_tag","embeddable":true,"href":"https:\/\/motorista.com.br\/noticias\/wp-json\/wp\/v2\/tags?post=5319"},{"taxonomy":"author","embeddable":true,"href":"https:\/\/motorista.com.br\/noticias\/wp-json\/wp\/v2\/coauthors?post=5319"}],"curies":[{"name":"wp","href":"https:\/\/api.w.org\/{rel}","templated":true}]}}