{"id":5313,"date":"2025-12-20T07:27:19","date_gmt":"2025-12-20T10:27:19","guid":{"rendered":"https:\/\/motorista.com.br\/noticias\/2025\/12\/20\/creditos-tributarios-de-vales-alimentacao-refeicao-e-transporte-sem-convencao-coletiva\/"},"modified":"2025-12-20T07:27:19","modified_gmt":"2025-12-20T10:27:19","slug":"creditos-tributarios-de-vales-alimentacao-refeicao-e-transporte-sem-convencao-coletiva","status":"publish","type":"post","link":"https:\/\/motorista.com.br\/noticias\/2025\/12\/20\/creditos-tributarios-de-vales-alimentacao-refeicao-e-transporte-sem-convencao-coletiva\/","title":{"rendered":"Cr\u00e9ditos tribut\u00e1rios de vales alimenta\u00e7\u00e3o, refei\u00e7\u00e3o e transporte sem conven\u00e7\u00e3o coletiva."},"content":{"rendered":"<p><\/p>\n<p><strong>Vale-Alimenta\u00e7\u00e3o, Refei\u00e7\u00e3o e Transporte Geram Cr\u00e9dito Tribut\u00e1rio: O Que Isso Significa para Motoristas e Mobilidade<\/strong><\/p>\n<p>O recente projeto de regulamenta\u00e7\u00e3o da reforma tribut\u00e1ria, que estabelece que vale-refei\u00e7\u00e3o, vale-alimenta\u00e7\u00e3o e vale-transporte podem gerar cr\u00e9dito tribut\u00e1rio mesmo sem acordo de conven\u00e7\u00e3o coletiva, trouxe mudan\u00e7as significativas para muitos trabalhadores. Essa altera\u00e7\u00e3o tem implica\u00e7\u00f5es diretas n\u00e3o apenas para o bem-estar dos funcion\u00e1rios, mas tamb\u00e9m para a mobilidade urbana de nosso pa\u00eds.<\/p>\n<h3>O Impacto dos Vales na Vida do Motorista<\/h3>\n<p>A nova regulamenta\u00e7\u00e3o simplifica o acesso a benef\u00edcios que j\u00e1 est\u00e3o na pr\u00e1tica, mas muitas vezes esbarram em tr\u00e2mites burocr\u00e1ticos. Ao isentar a necessidade de uma conven\u00e7\u00e3o coletiva para o vale-transporte, por exemplo, motoristas podem agora contar com uma ajuda financeira direta para arcar com os custos do deslocamento. Isso n\u00e3o apenas facilita o acesso \u00e0s suas fun\u00e7\u00f5es, mas tamb\u00e9m proporciona uma melhor qualidade de vida, j\u00e1 que muitos poder\u00e3o investir mais em sua forma\u00e7\u00e3o ou em outros aspectos que impactam diretamente sua jornada.<\/p>\n<h3>Mobilidade Urbana e Vantagens Econ\u00f4micas<\/h3>\n<p>A inclus\u00e3o dos vales no rol de benef\u00edcios que geram cr\u00e9dito tribut\u00e1rio pode ter um efeito positivo na mobilidade urbana. Quando motoristas t\u00eam um apoio financeiro para utilizar o transporte, h\u00e1 uma tend\u00eancia de maior utiliza\u00e7\u00e3o dos meios de transporte p\u00fablico. Isso pode resultar em menos congestionamentos e uma redu\u00e7\u00e3o na polui\u00e7\u00e3o, contribuindo para cidades mais sustent\u00e1veis. Al\u00e9m disso, a melhoria do acesso ao transporte pode estimular o uso de bicicletas e caminhadas, op\u00e7\u00f5es que n\u00e3o apenas promovem a sa\u00fade, mas tamb\u00e9m desafogam as vias urbanas.<\/p>\n<h3>A Import\u00e2ncia para os Sindicatos e a Negocia\u00e7\u00e3o Coletiva<\/h3>\n<p>Embora a mudan\u00e7a reduza o poder de negocia\u00e7\u00e3o dos sindicatos em rela\u00e7\u00e3o aos vales, a obrigatoriedade de conven\u00e7\u00e3o coletiva para benef\u00edcios como planos de sa\u00fade pode ser particularmente vantajosa. Isso fortalece a voz dos representantes trabalhistas, garantindo que direitos essenciais sejam respeitados e que benef\u00edcios continuem a ser oferecidos. <\/p>\n<p>Portanto, embora a nova legisla\u00e7\u00e3o introduza uma s\u00e9rie de transforma\u00e7\u00f5es no cen\u00e1rio de benef\u00edcios trabalhistas, seu impacto vai muito al\u00e9m das rela\u00e7\u00f5es trabalhistas. Ele repercute diretamente na mobilidade das cidades e na qualidade de vida dos motoristas, proporcionando um futuro mais acess\u00edvel e sustent\u00e1vel.<\/p>\n<p><strong>Fonte:<\/strong> www.reformatributaria<\/p>\n","protected":false},"excerpt":{"rendered":"<p>Vale-Alimenta\u00e7\u00e3o, Refei\u00e7\u00e3o e Transporte Geram Cr\u00e9dito Tribut\u00e1rio: O Que Isso Significa para Motoristas e Mobilidade O recente projeto de regulamenta\u00e7\u00e3o da reforma tribut\u00e1ria, que estabelece que vale-refei\u00e7\u00e3o, vale-alimenta\u00e7\u00e3o e vale-transporte podem gerar cr\u00e9dito tribut\u00e1rio mesmo sem acordo de conven\u00e7\u00e3o coletiva, trouxe mudan\u00e7as significativas para muitos trabalhadores. Essa altera\u00e7\u00e3o tem implica\u00e7\u00f5es diretas n\u00e3o apenas para o &hellip;<\/p>\n","protected":false},"author":4,"featured_media":5314,"comment_status":"","ping_status":"open","sticky":false,"template":"","format":"standard","meta":{"footnotes":""},"categories":[35],"tags":[],"coauthors":[42],"class_list":["post-5313","post","type-post","status-publish","format-standard","has-post-thumbnail","hentry","category-legislacao"],"yoast_head":"<!-- This site is optimized with the Yoast SEO Premium plugin v25.5 (Yoast SEO v27.4) - https:\/\/yoast.com\/product\/yoast-seo-premium-wordpress\/ -->\n<title>Cr\u00e9ditos tribut\u00e1rios de vales alimenta\u00e7\u00e3o, refei\u00e7\u00e3o e transporte sem conven\u00e7\u00e3o coletiva. - Motorista.com.br<\/title>\n<meta name=\"robots\" content=\"index, follow, max-snippet:-1, max-image-preview:large, max-video-preview:-1\" \/>\n<link rel=\"canonical\" href=\"https:\/\/motorista.com.br\/noticias\/2025\/12\/20\/creditos-tributarios-de-vales-alimentacao-refeicao-e-transporte-sem-convencao-coletiva\/\" \/>\n<meta property=\"og:locale\" content=\"pt_BR\" \/>\n<meta property=\"og:type\" content=\"article\" \/>\n<meta property=\"og:title\" content=\"Cr\u00e9ditos tribut\u00e1rios de vales alimenta\u00e7\u00e3o, refei\u00e7\u00e3o e transporte sem conven\u00e7\u00e3o coletiva.\" \/>\n<meta property=\"og:description\" content=\"Vale-Alimenta\u00e7\u00e3o, Refei\u00e7\u00e3o e Transporte Geram Cr\u00e9dito Tribut\u00e1rio: O Que Isso Significa para Motoristas e Mobilidade O recente projeto de regulamenta\u00e7\u00e3o da reforma tribut\u00e1ria, que estabelece que vale-refei\u00e7\u00e3o, vale-alimenta\u00e7\u00e3o e vale-transporte podem gerar cr\u00e9dito tribut\u00e1rio mesmo sem acordo de conven\u00e7\u00e3o coletiva, trouxe mudan\u00e7as significativas para muitos trabalhadores. Essa altera\u00e7\u00e3o tem implica\u00e7\u00f5es diretas n\u00e3o apenas para o &hellip;\" \/>\n<meta property=\"og:url\" content=\"https:\/\/motorista.com.br\/noticias\/2025\/12\/20\/creditos-tributarios-de-vales-alimentacao-refeicao-e-transporte-sem-convencao-coletiva\/\" \/>\n<meta property=\"og:site_name\" content=\"Motorista.com.br\" \/>\n<meta property=\"article:published_time\" content=\"2025-12-20T10:27:19+00:00\" \/>\n<meta name=\"author\" content=\"Equipe Reda\u00e7\u00e3o\" \/>\n<meta name=\"twitter:card\" content=\"summary_large_image\" \/>\n<meta name=\"twitter:label1\" content=\"Escrito por\" \/>\n\t<meta name=\"twitter:data1\" content=\"Equipe Reda\u00e7\u00e3o\" \/>\n\t<meta name=\"twitter:label2\" content=\"Est. tempo de leitura\" \/>\n\t<meta name=\"twitter:data2\" content=\"2 minutos\" \/>\n\t<meta name=\"twitter:label3\" content=\"Written by\" \/>\n\t<meta name=\"twitter:data3\" content=\"Equipe Reda\u00e7\u00e3o\" \/>\n<script type=\"application\/ld+json\" class=\"yoast-schema-graph\">{\"@context\":\"https:\\\/\\\/schema.org\",\"@graph\":[{\"@type\":\"Article\",\"@id\":\"https:\\\/\\\/motorista.com.br\\\/noticias\\\/2025\\\/12\\\/20\\\/creditos-tributarios-de-vales-alimentacao-refeicao-e-transporte-sem-convencao-coletiva\\\/#article\",\"isPartOf\":{\"@id\":\"https:\\\/\\\/motorista.com.br\\\/noticias\\\/2025\\\/12\\\/20\\\/creditos-tributarios-de-vales-alimentacao-refeicao-e-transporte-sem-convencao-coletiva\\\/\"},\"author\":{\"name\":\"Equipe Reda\u00e7\u00e3o\",\"@id\":\"https:\\\/\\\/motorista.com.br\\\/noticias\\\/#\\\/schema\\\/person\\\/dc93afc2981c0e3ce6bc3c053fd847be\"},\"headline\":\"Cr\u00e9ditos tribut\u00e1rios de vales alimenta\u00e7\u00e3o, refei\u00e7\u00e3o e transporte sem conven\u00e7\u00e3o coletiva.\",\"datePublished\":\"2025-12-20T10:27:19+00:00\",\"mainEntityOfPage\":{\"@id\":\"https:\\\/\\\/motorista.com.br\\\/noticias\\\/2025\\\/12\\\/20\\\/creditos-tributarios-de-vales-alimentacao-refeicao-e-transporte-sem-convencao-coletiva\\\/\"},\"wordCount\":436,\"publisher\":{\"@id\":\"https:\\\/\\\/motorista.com.br\\\/noticias\\\/#organization\"},\"image\":{\"@id\":\"https:\\\/\\\/motorista.com.br\\\/noticias\\\/2025\\\/12\\\/20\\\/creditos-tributarios-de-vales-alimentacao-refeicao-e-transporte-sem-convencao-coletiva\\\/#primaryimage\"},\"thumbnailUrl\":\"https:\\\/\\\/motorista.com.br\\\/noticias\\\/wp-content\\\/uploads\\\/2025\\\/12\\\/vale-refeicao.webp.webp\",\"articleSection\":[\"Legisla\u00e7\u00e3o\"],\"inLanguage\":\"pt-BR\"},{\"@type\":\"WebPage\",\"@id\":\"https:\\\/\\\/motorista.com.br\\\/noticias\\\/2025\\\/12\\\/20\\\/creditos-tributarios-de-vales-alimentacao-refeicao-e-transporte-sem-convencao-coletiva\\\/\",\"url\":\"https:\\\/\\\/motorista.com.br\\\/noticias\\\/2025\\\/12\\\/20\\\/creditos-tributarios-de-vales-alimentacao-refeicao-e-transporte-sem-convencao-coletiva\\\/\",\"name\":\"Cr\u00e9ditos tribut\u00e1rios de vales alimenta\u00e7\u00e3o, refei\u00e7\u00e3o e transporte sem conven\u00e7\u00e3o coletiva. - Motorista.com.br\",\"isPartOf\":{\"@id\":\"https:\\\/\\\/motorista.com.br\\\/noticias\\\/#website\"},\"primaryImageOfPage\":{\"@id\":\"https:\\\/\\\/motorista.com.br\\\/noticias\\\/2025\\\/12\\\/20\\\/creditos-tributarios-de-vales-alimentacao-refeicao-e-transporte-sem-convencao-coletiva\\\/#primaryimage\"},\"image\":{\"@id\":\"https:\\\/\\\/motorista.com.br\\\/noticias\\\/2025\\\/12\\\/20\\\/creditos-tributarios-de-vales-alimentacao-refeicao-e-transporte-sem-convencao-coletiva\\\/#primaryimage\"},\"thumbnailUrl\":\"https:\\\/\\\/motorista.com.br\\\/noticias\\\/wp-content\\\/uploads\\\/2025\\\/12\\\/vale-refeicao.webp.webp\",\"datePublished\":\"2025-12-20T10:27:19+00:00\",\"breadcrumb\":{\"@id\":\"https:\\\/\\\/motorista.com.br\\\/noticias\\\/2025\\\/12\\\/20\\\/creditos-tributarios-de-vales-alimentacao-refeicao-e-transporte-sem-convencao-coletiva\\\/#breadcrumb\"},\"inLanguage\":\"pt-BR\",\"potentialAction\":[{\"@type\":\"ReadAction\",\"target\":[\"https:\\\/\\\/motorista.com.br\\\/noticias\\\/2025\\\/12\\\/20\\\/creditos-tributarios-de-vales-alimentacao-refeicao-e-transporte-sem-convencao-coletiva\\\/\"]}]},{\"@type\":\"ImageObject\",\"inLanguage\":\"pt-BR\",\"@id\":\"https:\\\/\\\/motorista.com.br\\\/noticias\\\/2025\\\/12\\\/20\\\/creditos-tributarios-de-vales-alimentacao-refeicao-e-transporte-sem-convencao-coletiva\\\/#primaryimage\",\"url\":\"https:\\\/\\\/motorista.com.br\\\/noticias\\\/wp-content\\\/uploads\\\/2025\\\/12\\\/vale-refeicao.webp.webp\",\"contentUrl\":\"https:\\\/\\\/motorista.com.br\\\/noticias\\\/wp-content\\\/uploads\\\/2025\\\/12\\\/vale-refeicao.webp.webp\",\"width\":1024,\"height\":768},{\"@type\":\"BreadcrumbList\",\"@id\":\"https:\\\/\\\/motorista.com.br\\\/noticias\\\/2025\\\/12\\\/20\\\/creditos-tributarios-de-vales-alimentacao-refeicao-e-transporte-sem-convencao-coletiva\\\/#breadcrumb\",\"itemListElement\":[{\"@type\":\"ListItem\",\"position\":1,\"name\":\"In\u00edcio\",\"item\":\"https:\\\/\\\/motorista.com.br\\\/noticias\\\/\"},{\"@type\":\"ListItem\",\"position\":2,\"name\":\"Cr\u00e9ditos tribut\u00e1rios de vales alimenta\u00e7\u00e3o, refei\u00e7\u00e3o e transporte sem conven\u00e7\u00e3o coletiva.\"}]},{\"@type\":\"WebSite\",\"@id\":\"https:\\\/\\\/motorista.com.br\\\/noticias\\\/#website\",\"url\":\"https:\\\/\\\/motorista.com.br\\\/noticias\\\/\",\"name\":\"Motorista.com.br\",\"description\":\"Not\u00edcia do Motorista\",\"publisher\":{\"@id\":\"https:\\\/\\\/motorista.com.br\\\/noticias\\\/#organization\"},\"potentialAction\":[{\"@type\":\"SearchAction\",\"target\":{\"@type\":\"EntryPoint\",\"urlTemplate\":\"https:\\\/\\\/motorista.com.br\\\/noticias\\\/?s={search_term_string}\"},\"query-input\":{\"@type\":\"PropertyValueSpecification\",\"valueRequired\":true,\"valueName\":\"search_term_string\"}}],\"inLanguage\":\"pt-BR\"},{\"@type\":\"Organization\",\"@id\":\"https:\\\/\\\/motorista.com.br\\\/noticias\\\/#organization\",\"name\":\"Motorista.com.br\",\"url\":\"https:\\\/\\\/motorista.com.br\\\/noticias\\\/\",\"logo\":{\"@type\":\"ImageObject\",\"inLanguage\":\"pt-BR\",\"@id\":\"https:\\\/\\\/motorista.com.br\\\/noticias\\\/#\\\/schema\\\/logo\\\/image\\\/\",\"url\":\"https:\\\/\\\/motorista.com.br\\\/noticias\\\/wp-content\\\/uploads\\\/2025\\\/06\\\/Design-sem-nome-9.png\",\"contentUrl\":\"https:\\\/\\\/motorista.com.br\\\/noticias\\\/wp-content\\\/uploads\\\/2025\\\/06\\\/Design-sem-nome-9.png\",\"width\":150,\"height\":85,\"caption\":\"Motorista.com.br\"},\"image\":{\"@id\":\"https:\\\/\\\/motorista.com.br\\\/noticias\\\/#\\\/schema\\\/logo\\\/image\\\/\"}},{\"@type\":\"Person\",\"@id\":\"https:\\\/\\\/motorista.com.br\\\/noticias\\\/#\\\/schema\\\/person\\\/dc93afc2981c0e3ce6bc3c053fd847be\",\"name\":\"Equipe Reda\u00e7\u00e3o\",\"image\":{\"@type\":\"ImageObject\",\"inLanguage\":\"pt-BR\",\"@id\":\"https:\\\/\\\/secure.gravatar.com\\\/avatar\\\/4f525efbf18dd2bb300ccad28bfb99d95a9465a5ba268407c8c37b37e1f28d2d?s=96&d=mm&r=g9e099043a0c61e9ae27e293b9fa75ffc\",\"url\":\"https:\\\/\\\/secure.gravatar.com\\\/avatar\\\/4f525efbf18dd2bb300ccad28bfb99d95a9465a5ba268407c8c37b37e1f28d2d?s=96&d=mm&r=g\",\"contentUrl\":\"https:\\\/\\\/secure.gravatar.com\\\/avatar\\\/4f525efbf18dd2bb300ccad28bfb99d95a9465a5ba268407c8c37b37e1f28d2d?s=96&d=mm&r=g\",\"caption\":\"Equipe Reda\u00e7\u00e3o\"},\"description\":\"Equipe de reda\u00e7\u00e3o \u00e9 um grupo de profissionais que trabalham juntos para criar conte\u00fado escrito para Motorista.com.br\",\"url\":\"https:\\\/\\\/motorista.com.br\\\/noticias\\\/author\\\/equiperedacao\\\/\"}]}<\/script>\n<!-- \/ Yoast SEO Premium plugin. -->","yoast_head_json":{"title":"Cr\u00e9ditos tribut\u00e1rios de vales alimenta\u00e7\u00e3o, refei\u00e7\u00e3o e transporte sem conven\u00e7\u00e3o coletiva. - Motorista.com.br","robots":{"index":"index","follow":"follow","max-snippet":"max-snippet:-1","max-image-preview":"max-image-preview:large","max-video-preview":"max-video-preview:-1"},"canonical":"https:\/\/motorista.com.br\/noticias\/2025\/12\/20\/creditos-tributarios-de-vales-alimentacao-refeicao-e-transporte-sem-convencao-coletiva\/","og_locale":"pt_BR","og_type":"article","og_title":"Cr\u00e9ditos tribut\u00e1rios de vales alimenta\u00e7\u00e3o, refei\u00e7\u00e3o e transporte sem conven\u00e7\u00e3o coletiva.","og_description":"Vale-Alimenta\u00e7\u00e3o, Refei\u00e7\u00e3o e Transporte Geram Cr\u00e9dito Tribut\u00e1rio: O Que Isso Significa para Motoristas e Mobilidade O recente projeto de regulamenta\u00e7\u00e3o da reforma tribut\u00e1ria, que estabelece que vale-refei\u00e7\u00e3o, vale-alimenta\u00e7\u00e3o e vale-transporte podem gerar cr\u00e9dito tribut\u00e1rio mesmo sem acordo de conven\u00e7\u00e3o coletiva, trouxe mudan\u00e7as significativas para muitos trabalhadores. Essa altera\u00e7\u00e3o tem implica\u00e7\u00f5es diretas n\u00e3o apenas para o &hellip;","og_url":"https:\/\/motorista.com.br\/noticias\/2025\/12\/20\/creditos-tributarios-de-vales-alimentacao-refeicao-e-transporte-sem-convencao-coletiva\/","og_site_name":"Motorista.com.br","article_published_time":"2025-12-20T10:27:19+00:00","author":"Equipe Reda\u00e7\u00e3o","twitter_card":"summary_large_image","twitter_misc":{"Escrito por":"Equipe Reda\u00e7\u00e3o","Est. tempo de leitura":"2 minutos","Written by":"Equipe Reda\u00e7\u00e3o"},"schema":{"@context":"https:\/\/schema.org","@graph":[{"@type":"Article","@id":"https:\/\/motorista.com.br\/noticias\/2025\/12\/20\/creditos-tributarios-de-vales-alimentacao-refeicao-e-transporte-sem-convencao-coletiva\/#article","isPartOf":{"@id":"https:\/\/motorista.com.br\/noticias\/2025\/12\/20\/creditos-tributarios-de-vales-alimentacao-refeicao-e-transporte-sem-convencao-coletiva\/"},"author":{"name":"Equipe Reda\u00e7\u00e3o","@id":"https:\/\/motorista.com.br\/noticias\/#\/schema\/person\/dc93afc2981c0e3ce6bc3c053fd847be"},"headline":"Cr\u00e9ditos tribut\u00e1rios de vales alimenta\u00e7\u00e3o, refei\u00e7\u00e3o e transporte sem conven\u00e7\u00e3o coletiva.","datePublished":"2025-12-20T10:27:19+00:00","mainEntityOfPage":{"@id":"https:\/\/motorista.com.br\/noticias\/2025\/12\/20\/creditos-tributarios-de-vales-alimentacao-refeicao-e-transporte-sem-convencao-coletiva\/"},"wordCount":436,"publisher":{"@id":"https:\/\/motorista.com.br\/noticias\/#organization"},"image":{"@id":"https:\/\/motorista.com.br\/noticias\/2025\/12\/20\/creditos-tributarios-de-vales-alimentacao-refeicao-e-transporte-sem-convencao-coletiva\/#primaryimage"},"thumbnailUrl":"https:\/\/motorista.com.br\/noticias\/wp-content\/uploads\/2025\/12\/vale-refeicao.webp.webp","articleSection":["Legisla\u00e7\u00e3o"],"inLanguage":"pt-BR"},{"@type":"WebPage","@id":"https:\/\/motorista.com.br\/noticias\/2025\/12\/20\/creditos-tributarios-de-vales-alimentacao-refeicao-e-transporte-sem-convencao-coletiva\/","url":"https:\/\/motorista.com.br\/noticias\/2025\/12\/20\/creditos-tributarios-de-vales-alimentacao-refeicao-e-transporte-sem-convencao-coletiva\/","name":"Cr\u00e9ditos tribut\u00e1rios de vales alimenta\u00e7\u00e3o, refei\u00e7\u00e3o e transporte sem conven\u00e7\u00e3o coletiva. - Motorista.com.br","isPartOf":{"@id":"https:\/\/motorista.com.br\/noticias\/#website"},"primaryImageOfPage":{"@id":"https:\/\/motorista.com.br\/noticias\/2025\/12\/20\/creditos-tributarios-de-vales-alimentacao-refeicao-e-transporte-sem-convencao-coletiva\/#primaryimage"},"image":{"@id":"https:\/\/motorista.com.br\/noticias\/2025\/12\/20\/creditos-tributarios-de-vales-alimentacao-refeicao-e-transporte-sem-convencao-coletiva\/#primaryimage"},"thumbnailUrl":"https:\/\/motorista.com.br\/noticias\/wp-content\/uploads\/2025\/12\/vale-refeicao.webp.webp","datePublished":"2025-12-20T10:27:19+00:00","breadcrumb":{"@id":"https:\/\/motorista.com.br\/noticias\/2025\/12\/20\/creditos-tributarios-de-vales-alimentacao-refeicao-e-transporte-sem-convencao-coletiva\/#breadcrumb"},"inLanguage":"pt-BR","potentialAction":[{"@type":"ReadAction","target":["https:\/\/motorista.com.br\/noticias\/2025\/12\/20\/creditos-tributarios-de-vales-alimentacao-refeicao-e-transporte-sem-convencao-coletiva\/"]}]},{"@type":"ImageObject","inLanguage":"pt-BR","@id":"https:\/\/motorista.com.br\/noticias\/2025\/12\/20\/creditos-tributarios-de-vales-alimentacao-refeicao-e-transporte-sem-convencao-coletiva\/#primaryimage","url":"https:\/\/motorista.com.br\/noticias\/wp-content\/uploads\/2025\/12\/vale-refeicao.webp.webp","contentUrl":"https:\/\/motorista.com.br\/noticias\/wp-content\/uploads\/2025\/12\/vale-refeicao.webp.webp","width":1024,"height":768},{"@type":"BreadcrumbList","@id":"https:\/\/motorista.com.br\/noticias\/2025\/12\/20\/creditos-tributarios-de-vales-alimentacao-refeicao-e-transporte-sem-convencao-coletiva\/#breadcrumb","itemListElement":[{"@type":"ListItem","position":1,"name":"In\u00edcio","item":"https:\/\/motorista.com.br\/noticias\/"},{"@type":"ListItem","position":2,"name":"Cr\u00e9ditos tribut\u00e1rios de vales alimenta\u00e7\u00e3o, refei\u00e7\u00e3o e transporte sem conven\u00e7\u00e3o coletiva."}]},{"@type":"WebSite","@id":"https:\/\/motorista.com.br\/noticias\/#website","url":"https:\/\/motorista.com.br\/noticias\/","name":"Motorista.com.br","description":"Not\u00edcia do Motorista","publisher":{"@id":"https:\/\/motorista.com.br\/noticias\/#organization"},"potentialAction":[{"@type":"SearchAction","target":{"@type":"EntryPoint","urlTemplate":"https:\/\/motorista.com.br\/noticias\/?s={search_term_string}"},"query-input":{"@type":"PropertyValueSpecification","valueRequired":true,"valueName":"search_term_string"}}],"inLanguage":"pt-BR"},{"@type":"Organization","@id":"https:\/\/motorista.com.br\/noticias\/#organization","name":"Motorista.com.br","url":"https:\/\/motorista.com.br\/noticias\/","logo":{"@type":"ImageObject","inLanguage":"pt-BR","@id":"https:\/\/motorista.com.br\/noticias\/#\/schema\/logo\/image\/","url":"https:\/\/motorista.com.br\/noticias\/wp-content\/uploads\/2025\/06\/Design-sem-nome-9.png","contentUrl":"https:\/\/motorista.com.br\/noticias\/wp-content\/uploads\/2025\/06\/Design-sem-nome-9.png","width":150,"height":85,"caption":"Motorista.com.br"},"image":{"@id":"https:\/\/motorista.com.br\/noticias\/#\/schema\/logo\/image\/"}},{"@type":"Person","@id":"https:\/\/motorista.com.br\/noticias\/#\/schema\/person\/dc93afc2981c0e3ce6bc3c053fd847be","name":"Equipe Reda\u00e7\u00e3o","image":{"@type":"ImageObject","inLanguage":"pt-BR","@id":"https:\/\/secure.gravatar.com\/avatar\/4f525efbf18dd2bb300ccad28bfb99d95a9465a5ba268407c8c37b37e1f28d2d?s=96&d=mm&r=g9e099043a0c61e9ae27e293b9fa75ffc","url":"https:\/\/secure.gravatar.com\/avatar\/4f525efbf18dd2bb300ccad28bfb99d95a9465a5ba268407c8c37b37e1f28d2d?s=96&d=mm&r=g","contentUrl":"https:\/\/secure.gravatar.com\/avatar\/4f525efbf18dd2bb300ccad28bfb99d95a9465a5ba268407c8c37b37e1f28d2d?s=96&d=mm&r=g","caption":"Equipe Reda\u00e7\u00e3o"},"description":"Equipe de reda\u00e7\u00e3o \u00e9 um grupo de profissionais que trabalham juntos para criar conte\u00fado escrito para Motorista.com.br","url":"https:\/\/motorista.com.br\/noticias\/author\/equiperedacao\/"}]}},"_links":{"self":[{"href":"https:\/\/motorista.com.br\/noticias\/wp-json\/wp\/v2\/posts\/5313","targetHints":{"allow":["GET"]}}],"collection":[{"href":"https:\/\/motorista.com.br\/noticias\/wp-json\/wp\/v2\/posts"}],"about":[{"href":"https:\/\/motorista.com.br\/noticias\/wp-json\/wp\/v2\/types\/post"}],"author":[{"embeddable":true,"href":"https:\/\/motorista.com.br\/noticias\/wp-json\/wp\/v2\/users\/4"}],"replies":[{"embeddable":true,"href":"https:\/\/motorista.com.br\/noticias\/wp-json\/wp\/v2\/comments?post=5313"}],"version-history":[{"count":0,"href":"https:\/\/motorista.com.br\/noticias\/wp-json\/wp\/v2\/posts\/5313\/revisions"}],"wp:featuredmedia":[{"embeddable":true,"href":"https:\/\/motorista.com.br\/noticias\/wp-json\/wp\/v2\/media\/5314"}],"wp:attachment":[{"href":"https:\/\/motorista.com.br\/noticias\/wp-json\/wp\/v2\/media?parent=5313"}],"wp:term":[{"taxonomy":"category","embeddable":true,"href":"https:\/\/motorista.com.br\/noticias\/wp-json\/wp\/v2\/categories?post=5313"},{"taxonomy":"post_tag","embeddable":true,"href":"https:\/\/motorista.com.br\/noticias\/wp-json\/wp\/v2\/tags?post=5313"},{"taxonomy":"author","embeddable":true,"href":"https:\/\/motorista.com.br\/noticias\/wp-json\/wp\/v2\/coauthors?post=5313"}],"curies":[{"name":"wp","href":"https:\/\/api.w.org\/{rel}","templated":true}]}}