{"id":5309,"date":"2025-12-20T03:07:23","date_gmt":"2025-12-20T06:07:23","guid":{"rendered":"https:\/\/motorista.com.br\/noticias\/2025\/12\/20\/rodovia-em-sao-paulo-recebe-nome-de-silvio-santos-por-motivo-especial\/"},"modified":"2025-12-20T03:07:23","modified_gmt":"2025-12-20T06:07:23","slug":"rodovia-em-sao-paulo-recebe-nome-de-silvio-santos-por-motivo-especial","status":"publish","type":"post","link":"https:\/\/motorista.com.br\/noticias\/2025\/12\/20\/rodovia-em-sao-paulo-recebe-nome-de-silvio-santos-por-motivo-especial\/","title":{"rendered":"Rodovia em S\u00e3o Paulo recebe nome de Silvio Santos por motivo especial"},"content":{"rendered":"<p><\/p>\n<div>\n<div class=\"single_block_news_image\">\n        <img decoding=\"async\" src=\"https:\/\/www.moneytimes.com.br\/uploads\/2024\/12\/silvio-santos-mt-1-e1734455482633.jpeg\" alt=\"silvio-santos-mt\" fetchpriority=\"high\"\/><\/p>\n<p>\n            Trecho da Rodovia Anhanguera entre os quil\u00f4metros 10 e 56 passa a levar o nome de Rodovia Comunicador Silvio Santos, ap\u00f3s san\u00e7\u00e3o de lei estadual. (Fonte: Money Times)\n        <\/p>\n<\/p><\/div>\n<p>O governo de S\u00e3o Paulo oficializou a altera\u00e7\u00e3o de nome de um dos principais corredores rodovi\u00e1rios do estado em homenagem ao comunicador e empres\u00e1rio <strong>Silvio Santos<\/strong>.<\/p>\n<p>Uma lei sancionada pelo governador <strong>Tarc\u00edsio de Freitas (Republicanos)<\/strong> determina que o trecho da <strong>Rodovia Anhanguera (SP-330)<\/strong> entre os quil\u00f4metros 10 e 56 \u2014 que liga a capital paulista ao munic\u00edpio de Jundia\u00ed \u2014 passe a se chamar <strong>Rodovia Comunicador Silvio Santos<\/strong>.<\/p>\n<p>A mudan\u00e7a, publicada nesta semana, n\u00e3o s\u00f3 homenageia o legado de um dos \u00edcones da televis\u00e3o brasileira, mas tamb\u00e9m reflete uma valoriza\u00e7\u00e3o da cultura e da identidade regional. O trecho escolhido para a nova denomina\u00e7\u00e3o \u00e9 pr\u00f3ximo ao Centro de Televis\u00e3o Anhanguera (CDT), onde est\u00e1 localizado o SBT, emissora criada por Silvio Santos. Essa localiza\u00e7\u00e3o refor\u00e7a a conex\u00e3o entre a figura do comunicador e a din\u00e2mica da regi\u00e3o.<\/p>\n<p>Al\u00e9m do aspecto simb\u00f3lico, a renomea\u00e7\u00e3o pode trazer benef\u00edcios diretos para os motoristas e para a mobilidade geral. A mudan\u00e7a pode servir como um ponto de refer\u00eancia adicional, facilitando a orienta\u00e7\u00e3o e o deslocamento na via, especialmente para aqueles que a utilizam com frequ\u00eancia. Um nome mais ic\u00f4nico pode ser mais memor\u00e1vel, possivelmente reduzindo erros de navega\u00e7\u00e3o e conferindo mais clareza \u00e0s dire\u00e7\u00f5es em sistemas de GPS.<\/p>\n<p>A proposta original, apresentada pela deputada estadual Dani Alonso (PL), surgiu poucos dias ap\u00f3s a morte de Silvio Santos, em 17 de agosto de 2024, aos 93 anos. Em sua justificativa, a parlamentar destacou a forte liga\u00e7\u00e3o do comunicador com o estado e o impacto de sua trajet\u00f3ria na cultura popular e na comunica\u00e7\u00e3o nacional.<\/p>\n<p>A concession\u00e1ria respons\u00e1vel pela via, a CCR AutoBAn, informou que a altera\u00e7\u00e3o de nome valer\u00e1 oficialmente para o trecho definido pela lei. No entanto, as novas placas ser\u00e3o instaladas posteriormente, seguindo o cronograma de sinaliza\u00e7\u00e3o acordado com a Ag\u00eancia de Transporte do Estado de S\u00e3o Paulo (ARTESP). At\u00e9 que isso ocorra, o nome tradicional \u2014 Rodovia Anhanguera \u2014 ainda ser\u00e1 utilizado em sistemas de navega\u00e7\u00e3o e documenta\u00e7\u00e3o.<\/p>\n<\/div>\n","protected":false},"excerpt":{"rendered":"<p>Trecho da Rodovia Anhanguera entre os quil\u00f4metros 10 e 56 passa a levar o nome de Rodovia Comunicador Silvio Santos, ap\u00f3s san\u00e7\u00e3o de lei estadual. (Fonte: Money Times) O governo de S\u00e3o Paulo oficializou a altera\u00e7\u00e3o de nome de um dos principais corredores rodovi\u00e1rios do estado em homenagem ao comunicador e empres\u00e1rio Silvio Santos. Uma &hellip;<\/p>\n","protected":false},"author":4,"featured_media":5310,"comment_status":"","ping_status":"open","sticky":false,"template":"","format":"standard","meta":{"footnotes":""},"categories":[61],"tags":[],"coauthors":[42],"class_list":["post-5309","post","type-post","status-publish","format-standard","has-post-thumbnail","hentry","category-mercado-financeiro"],"yoast_head":"<!-- This site is optimized with the Yoast SEO Premium plugin v25.5 (Yoast SEO v27.4) - https:\/\/yoast.com\/product\/yoast-seo-premium-wordpress\/ -->\n<title>Rodovia em S\u00e3o Paulo recebe nome de Silvio Santos por motivo especial - Motorista.com.br<\/title>\n<meta name=\"robots\" content=\"index, follow, max-snippet:-1, max-image-preview:large, max-video-preview:-1\" \/>\n<link rel=\"canonical\" href=\"https:\/\/motorista.com.br\/noticias\/2025\/12\/20\/rodovia-em-sao-paulo-recebe-nome-de-silvio-santos-por-motivo-especial\/\" \/>\n<meta property=\"og:locale\" content=\"pt_BR\" \/>\n<meta property=\"og:type\" content=\"article\" \/>\n<meta property=\"og:title\" content=\"Rodovia em S\u00e3o Paulo recebe nome de Silvio Santos por motivo especial\" \/>\n<meta property=\"og:description\" content=\"Trecho da Rodovia Anhanguera entre os quil\u00f4metros 10 e 56 passa a levar o nome de Rodovia Comunicador Silvio Santos, ap\u00f3s san\u00e7\u00e3o de lei estadual. (Fonte: Money Times) O governo de S\u00e3o Paulo oficializou a altera\u00e7\u00e3o de nome de um dos principais corredores rodovi\u00e1rios do estado em homenagem ao comunicador e empres\u00e1rio Silvio Santos. Uma &hellip;\" \/>\n<meta property=\"og:url\" content=\"https:\/\/motorista.com.br\/noticias\/2025\/12\/20\/rodovia-em-sao-paulo-recebe-nome-de-silvio-santos-por-motivo-especial\/\" \/>\n<meta property=\"og:site_name\" content=\"Motorista.com.br\" \/>\n<meta property=\"article:published_time\" content=\"2025-12-20T06:07:23+00:00\" \/>\n<meta property=\"og:image\" content=\"https:\/\/www.moneytimes.com.br\/uploads\/2024\/12\/silvio-santos-mt-1-e1734455482633.jpeg\" \/>\n<meta name=\"author\" content=\"Equipe Reda\u00e7\u00e3o\" \/>\n<meta name=\"twitter:card\" content=\"summary_large_image\" \/>\n<meta name=\"twitter:label1\" content=\"Escrito por\" \/>\n\t<meta name=\"twitter:data1\" content=\"Equipe Reda\u00e7\u00e3o\" \/>\n\t<meta name=\"twitter:label2\" content=\"Est. tempo de leitura\" \/>\n\t<meta name=\"twitter:data2\" content=\"2 minutos\" \/>\n\t<meta name=\"twitter:label3\" content=\"Written by\" \/>\n\t<meta name=\"twitter:data3\" content=\"Equipe Reda\u00e7\u00e3o\" \/>\n<script type=\"application\/ld+json\" class=\"yoast-schema-graph\">{\"@context\":\"https:\\\/\\\/schema.org\",\"@graph\":[{\"@type\":\"Article\",\"@id\":\"https:\\\/\\\/motorista.com.br\\\/noticias\\\/2025\\\/12\\\/20\\\/rodovia-em-sao-paulo-recebe-nome-de-silvio-santos-por-motivo-especial\\\/#article\",\"isPartOf\":{\"@id\":\"https:\\\/\\\/motorista.com.br\\\/noticias\\\/2025\\\/12\\\/20\\\/rodovia-em-sao-paulo-recebe-nome-de-silvio-santos-por-motivo-especial\\\/\"},\"author\":{\"name\":\"Equipe Reda\u00e7\u00e3o\",\"@id\":\"https:\\\/\\\/motorista.com.br\\\/noticias\\\/#\\\/schema\\\/person\\\/dc93afc2981c0e3ce6bc3c053fd847be\"},\"headline\":\"Rodovia em S\u00e3o Paulo recebe nome de Silvio Santos por motivo especial\",\"datePublished\":\"2025-12-20T06:07:23+00:00\",\"mainEntityOfPage\":{\"@id\":\"https:\\\/\\\/motorista.com.br\\\/noticias\\\/2025\\\/12\\\/20\\\/rodovia-em-sao-paulo-recebe-nome-de-silvio-santos-por-motivo-especial\\\/\"},\"wordCount\":402,\"publisher\":{\"@id\":\"https:\\\/\\\/motorista.com.br\\\/noticias\\\/#organization\"},\"image\":{\"@id\":\"https:\\\/\\\/motorista.com.br\\\/noticias\\\/2025\\\/12\\\/20\\\/rodovia-em-sao-paulo-recebe-nome-de-silvio-santos-por-motivo-especial\\\/#primaryimage\"},\"thumbnailUrl\":\"https:\\\/\\\/motorista.com.br\\\/noticias\\\/wp-content\\\/uploads\\\/2025\\\/12\\\/silvio-santos-mt-1-e1734455482633.jpeg\",\"articleSection\":[\"Mercado Financeiro\"],\"inLanguage\":\"pt-BR\"},{\"@type\":\"WebPage\",\"@id\":\"https:\\\/\\\/motorista.com.br\\\/noticias\\\/2025\\\/12\\\/20\\\/rodovia-em-sao-paulo-recebe-nome-de-silvio-santos-por-motivo-especial\\\/\",\"url\":\"https:\\\/\\\/motorista.com.br\\\/noticias\\\/2025\\\/12\\\/20\\\/rodovia-em-sao-paulo-recebe-nome-de-silvio-santos-por-motivo-especial\\\/\",\"name\":\"Rodovia em S\u00e3o Paulo recebe nome de Silvio Santos por motivo especial - Motorista.com.br\",\"isPartOf\":{\"@id\":\"https:\\\/\\\/motorista.com.br\\\/noticias\\\/#website\"},\"primaryImageOfPage\":{\"@id\":\"https:\\\/\\\/motorista.com.br\\\/noticias\\\/2025\\\/12\\\/20\\\/rodovia-em-sao-paulo-recebe-nome-de-silvio-santos-por-motivo-especial\\\/#primaryimage\"},\"image\":{\"@id\":\"https:\\\/\\\/motorista.com.br\\\/noticias\\\/2025\\\/12\\\/20\\\/rodovia-em-sao-paulo-recebe-nome-de-silvio-santos-por-motivo-especial\\\/#primaryimage\"},\"thumbnailUrl\":\"https:\\\/\\\/motorista.com.br\\\/noticias\\\/wp-content\\\/uploads\\\/2025\\\/12\\\/silvio-santos-mt-1-e1734455482633.jpeg\",\"datePublished\":\"2025-12-20T06:07:23+00:00\",\"breadcrumb\":{\"@id\":\"https:\\\/\\\/motorista.com.br\\\/noticias\\\/2025\\\/12\\\/20\\\/rodovia-em-sao-paulo-recebe-nome-de-silvio-santos-por-motivo-especial\\\/#breadcrumb\"},\"inLanguage\":\"pt-BR\",\"potentialAction\":[{\"@type\":\"ReadAction\",\"target\":[\"https:\\\/\\\/motorista.com.br\\\/noticias\\\/2025\\\/12\\\/20\\\/rodovia-em-sao-paulo-recebe-nome-de-silvio-santos-por-motivo-especial\\\/\"]}]},{\"@type\":\"ImageObject\",\"inLanguage\":\"pt-BR\",\"@id\":\"https:\\\/\\\/motorista.com.br\\\/noticias\\\/2025\\\/12\\\/20\\\/rodovia-em-sao-paulo-recebe-nome-de-silvio-santos-por-motivo-especial\\\/#primaryimage\",\"url\":\"https:\\\/\\\/motorista.com.br\\\/noticias\\\/wp-content\\\/uploads\\\/2025\\\/12\\\/silvio-santos-mt-1-e1734455482633.jpeg\",\"contentUrl\":\"https:\\\/\\\/motorista.com.br\\\/noticias\\\/wp-content\\\/uploads\\\/2025\\\/12\\\/silvio-santos-mt-1-e1734455482633.jpeg\",\"width\":1280,\"height\":680},{\"@type\":\"BreadcrumbList\",\"@id\":\"https:\\\/\\\/motorista.com.br\\\/noticias\\\/2025\\\/12\\\/20\\\/rodovia-em-sao-paulo-recebe-nome-de-silvio-santos-por-motivo-especial\\\/#breadcrumb\",\"itemListElement\":[{\"@type\":\"ListItem\",\"position\":1,\"name\":\"In\u00edcio\",\"item\":\"https:\\\/\\\/motorista.com.br\\\/noticias\\\/\"},{\"@type\":\"ListItem\",\"position\":2,\"name\":\"Rodovia em S\u00e3o Paulo recebe nome de Silvio Santos por motivo especial\"}]},{\"@type\":\"WebSite\",\"@id\":\"https:\\\/\\\/motorista.com.br\\\/noticias\\\/#website\",\"url\":\"https:\\\/\\\/motorista.com.br\\\/noticias\\\/\",\"name\":\"Motorista.com.br\",\"description\":\"Not\u00edcia do Motorista\",\"publisher\":{\"@id\":\"https:\\\/\\\/motorista.com.br\\\/noticias\\\/#organization\"},\"potentialAction\":[{\"@type\":\"SearchAction\",\"target\":{\"@type\":\"EntryPoint\",\"urlTemplate\":\"https:\\\/\\\/motorista.com.br\\\/noticias\\\/?s={search_term_string}\"},\"query-input\":{\"@type\":\"PropertyValueSpecification\",\"valueRequired\":true,\"valueName\":\"search_term_string\"}}],\"inLanguage\":\"pt-BR\"},{\"@type\":\"Organization\",\"@id\":\"https:\\\/\\\/motorista.com.br\\\/noticias\\\/#organization\",\"name\":\"Motorista.com.br\",\"url\":\"https:\\\/\\\/motorista.com.br\\\/noticias\\\/\",\"logo\":{\"@type\":\"ImageObject\",\"inLanguage\":\"pt-BR\",\"@id\":\"https:\\\/\\\/motorista.com.br\\\/noticias\\\/#\\\/schema\\\/logo\\\/image\\\/\",\"url\":\"https:\\\/\\\/motorista.com.br\\\/noticias\\\/wp-content\\\/uploads\\\/2025\\\/06\\\/Design-sem-nome-9.png\",\"contentUrl\":\"https:\\\/\\\/motorista.com.br\\\/noticias\\\/wp-content\\\/uploads\\\/2025\\\/06\\\/Design-sem-nome-9.png\",\"width\":150,\"height\":85,\"caption\":\"Motorista.com.br\"},\"image\":{\"@id\":\"https:\\\/\\\/motorista.com.br\\\/noticias\\\/#\\\/schema\\\/logo\\\/image\\\/\"}},{\"@type\":\"Person\",\"@id\":\"https:\\\/\\\/motorista.com.br\\\/noticias\\\/#\\\/schema\\\/person\\\/dc93afc2981c0e3ce6bc3c053fd847be\",\"name\":\"Equipe Reda\u00e7\u00e3o\",\"image\":{\"@type\":\"ImageObject\",\"inLanguage\":\"pt-BR\",\"@id\":\"https:\\\/\\\/secure.gravatar.com\\\/avatar\\\/4f525efbf18dd2bb300ccad28bfb99d95a9465a5ba268407c8c37b37e1f28d2d?s=96&d=mm&r=g9e099043a0c61e9ae27e293b9fa75ffc\",\"url\":\"https:\\\/\\\/secure.gravatar.com\\\/avatar\\\/4f525efbf18dd2bb300ccad28bfb99d95a9465a5ba268407c8c37b37e1f28d2d?s=96&d=mm&r=g\",\"contentUrl\":\"https:\\\/\\\/secure.gravatar.com\\\/avatar\\\/4f525efbf18dd2bb300ccad28bfb99d95a9465a5ba268407c8c37b37e1f28d2d?s=96&d=mm&r=g\",\"caption\":\"Equipe Reda\u00e7\u00e3o\"},\"description\":\"Equipe de reda\u00e7\u00e3o \u00e9 um grupo de profissionais que trabalham juntos para criar conte\u00fado escrito para Motorista.com.br\",\"url\":\"https:\\\/\\\/motorista.com.br\\\/noticias\\\/author\\\/equiperedacao\\\/\"}]}<\/script>\n<!-- \/ Yoast SEO Premium plugin. -->","yoast_head_json":{"title":"Rodovia em S\u00e3o Paulo recebe nome de Silvio Santos por motivo especial - Motorista.com.br","robots":{"index":"index","follow":"follow","max-snippet":"max-snippet:-1","max-image-preview":"max-image-preview:large","max-video-preview":"max-video-preview:-1"},"canonical":"https:\/\/motorista.com.br\/noticias\/2025\/12\/20\/rodovia-em-sao-paulo-recebe-nome-de-silvio-santos-por-motivo-especial\/","og_locale":"pt_BR","og_type":"article","og_title":"Rodovia em S\u00e3o Paulo recebe nome de Silvio Santos por motivo especial","og_description":"Trecho da Rodovia Anhanguera entre os quil\u00f4metros 10 e 56 passa a levar o nome de Rodovia Comunicador Silvio Santos, ap\u00f3s san\u00e7\u00e3o de lei estadual. (Fonte: Money Times) O governo de S\u00e3o Paulo oficializou a altera\u00e7\u00e3o de nome de um dos principais corredores rodovi\u00e1rios do estado em homenagem ao comunicador e empres\u00e1rio Silvio Santos. Uma &hellip;","og_url":"https:\/\/motorista.com.br\/noticias\/2025\/12\/20\/rodovia-em-sao-paulo-recebe-nome-de-silvio-santos-por-motivo-especial\/","og_site_name":"Motorista.com.br","article_published_time":"2025-12-20T06:07:23+00:00","og_image":[{"url":"https:\/\/www.moneytimes.com.br\/uploads\/2024\/12\/silvio-santos-mt-1-e1734455482633.jpeg","type":"","width":"","height":""}],"author":"Equipe Reda\u00e7\u00e3o","twitter_card":"summary_large_image","twitter_misc":{"Escrito por":"Equipe Reda\u00e7\u00e3o","Est. tempo de leitura":"2 minutos","Written by":"Equipe Reda\u00e7\u00e3o"},"schema":{"@context":"https:\/\/schema.org","@graph":[{"@type":"Article","@id":"https:\/\/motorista.com.br\/noticias\/2025\/12\/20\/rodovia-em-sao-paulo-recebe-nome-de-silvio-santos-por-motivo-especial\/#article","isPartOf":{"@id":"https:\/\/motorista.com.br\/noticias\/2025\/12\/20\/rodovia-em-sao-paulo-recebe-nome-de-silvio-santos-por-motivo-especial\/"},"author":{"name":"Equipe Reda\u00e7\u00e3o","@id":"https:\/\/motorista.com.br\/noticias\/#\/schema\/person\/dc93afc2981c0e3ce6bc3c053fd847be"},"headline":"Rodovia em S\u00e3o Paulo recebe nome de Silvio Santos por motivo especial","datePublished":"2025-12-20T06:07:23+00:00","mainEntityOfPage":{"@id":"https:\/\/motorista.com.br\/noticias\/2025\/12\/20\/rodovia-em-sao-paulo-recebe-nome-de-silvio-santos-por-motivo-especial\/"},"wordCount":402,"publisher":{"@id":"https:\/\/motorista.com.br\/noticias\/#organization"},"image":{"@id":"https:\/\/motorista.com.br\/noticias\/2025\/12\/20\/rodovia-em-sao-paulo-recebe-nome-de-silvio-santos-por-motivo-especial\/#primaryimage"},"thumbnailUrl":"https:\/\/motorista.com.br\/noticias\/wp-content\/uploads\/2025\/12\/silvio-santos-mt-1-e1734455482633.jpeg","articleSection":["Mercado Financeiro"],"inLanguage":"pt-BR"},{"@type":"WebPage","@id":"https:\/\/motorista.com.br\/noticias\/2025\/12\/20\/rodovia-em-sao-paulo-recebe-nome-de-silvio-santos-por-motivo-especial\/","url":"https:\/\/motorista.com.br\/noticias\/2025\/12\/20\/rodovia-em-sao-paulo-recebe-nome-de-silvio-santos-por-motivo-especial\/","name":"Rodovia em S\u00e3o Paulo recebe nome de Silvio Santos por motivo especial - Motorista.com.br","isPartOf":{"@id":"https:\/\/motorista.com.br\/noticias\/#website"},"primaryImageOfPage":{"@id":"https:\/\/motorista.com.br\/noticias\/2025\/12\/20\/rodovia-em-sao-paulo-recebe-nome-de-silvio-santos-por-motivo-especial\/#primaryimage"},"image":{"@id":"https:\/\/motorista.com.br\/noticias\/2025\/12\/20\/rodovia-em-sao-paulo-recebe-nome-de-silvio-santos-por-motivo-especial\/#primaryimage"},"thumbnailUrl":"https:\/\/motorista.com.br\/noticias\/wp-content\/uploads\/2025\/12\/silvio-santos-mt-1-e1734455482633.jpeg","datePublished":"2025-12-20T06:07:23+00:00","breadcrumb":{"@id":"https:\/\/motorista.com.br\/noticias\/2025\/12\/20\/rodovia-em-sao-paulo-recebe-nome-de-silvio-santos-por-motivo-especial\/#breadcrumb"},"inLanguage":"pt-BR","potentialAction":[{"@type":"ReadAction","target":["https:\/\/motorista.com.br\/noticias\/2025\/12\/20\/rodovia-em-sao-paulo-recebe-nome-de-silvio-santos-por-motivo-especial\/"]}]},{"@type":"ImageObject","inLanguage":"pt-BR","@id":"https:\/\/motorista.com.br\/noticias\/2025\/12\/20\/rodovia-em-sao-paulo-recebe-nome-de-silvio-santos-por-motivo-especial\/#primaryimage","url":"https:\/\/motorista.com.br\/noticias\/wp-content\/uploads\/2025\/12\/silvio-santos-mt-1-e1734455482633.jpeg","contentUrl":"https:\/\/motorista.com.br\/noticias\/wp-content\/uploads\/2025\/12\/silvio-santos-mt-1-e1734455482633.jpeg","width":1280,"height":680},{"@type":"BreadcrumbList","@id":"https:\/\/motorista.com.br\/noticias\/2025\/12\/20\/rodovia-em-sao-paulo-recebe-nome-de-silvio-santos-por-motivo-especial\/#breadcrumb","itemListElement":[{"@type":"ListItem","position":1,"name":"In\u00edcio","item":"https:\/\/motorista.com.br\/noticias\/"},{"@type":"ListItem","position":2,"name":"Rodovia em S\u00e3o Paulo recebe nome de Silvio Santos por motivo especial"}]},{"@type":"WebSite","@id":"https:\/\/motorista.com.br\/noticias\/#website","url":"https:\/\/motorista.com.br\/noticias\/","name":"Motorista.com.br","description":"Not\u00edcia do Motorista","publisher":{"@id":"https:\/\/motorista.com.br\/noticias\/#organization"},"potentialAction":[{"@type":"SearchAction","target":{"@type":"EntryPoint","urlTemplate":"https:\/\/motorista.com.br\/noticias\/?s={search_term_string}"},"query-input":{"@type":"PropertyValueSpecification","valueRequired":true,"valueName":"search_term_string"}}],"inLanguage":"pt-BR"},{"@type":"Organization","@id":"https:\/\/motorista.com.br\/noticias\/#organization","name":"Motorista.com.br","url":"https:\/\/motorista.com.br\/noticias\/","logo":{"@type":"ImageObject","inLanguage":"pt-BR","@id":"https:\/\/motorista.com.br\/noticias\/#\/schema\/logo\/image\/","url":"https:\/\/motorista.com.br\/noticias\/wp-content\/uploads\/2025\/06\/Design-sem-nome-9.png","contentUrl":"https:\/\/motorista.com.br\/noticias\/wp-content\/uploads\/2025\/06\/Design-sem-nome-9.png","width":150,"height":85,"caption":"Motorista.com.br"},"image":{"@id":"https:\/\/motorista.com.br\/noticias\/#\/schema\/logo\/image\/"}},{"@type":"Person","@id":"https:\/\/motorista.com.br\/noticias\/#\/schema\/person\/dc93afc2981c0e3ce6bc3c053fd847be","name":"Equipe Reda\u00e7\u00e3o","image":{"@type":"ImageObject","inLanguage":"pt-BR","@id":"https:\/\/secure.gravatar.com\/avatar\/4f525efbf18dd2bb300ccad28bfb99d95a9465a5ba268407c8c37b37e1f28d2d?s=96&d=mm&r=g9e099043a0c61e9ae27e293b9fa75ffc","url":"https:\/\/secure.gravatar.com\/avatar\/4f525efbf18dd2bb300ccad28bfb99d95a9465a5ba268407c8c37b37e1f28d2d?s=96&d=mm&r=g","contentUrl":"https:\/\/secure.gravatar.com\/avatar\/4f525efbf18dd2bb300ccad28bfb99d95a9465a5ba268407c8c37b37e1f28d2d?s=96&d=mm&r=g","caption":"Equipe Reda\u00e7\u00e3o"},"description":"Equipe de reda\u00e7\u00e3o \u00e9 um grupo de profissionais que trabalham juntos para criar conte\u00fado escrito para Motorista.com.br","url":"https:\/\/motorista.com.br\/noticias\/author\/equiperedacao\/"}]}},"_links":{"self":[{"href":"https:\/\/motorista.com.br\/noticias\/wp-json\/wp\/v2\/posts\/5309","targetHints":{"allow":["GET"]}}],"collection":[{"href":"https:\/\/motorista.com.br\/noticias\/wp-json\/wp\/v2\/posts"}],"about":[{"href":"https:\/\/motorista.com.br\/noticias\/wp-json\/wp\/v2\/types\/post"}],"author":[{"embeddable":true,"href":"https:\/\/motorista.com.br\/noticias\/wp-json\/wp\/v2\/users\/4"}],"replies":[{"embeddable":true,"href":"https:\/\/motorista.com.br\/noticias\/wp-json\/wp\/v2\/comments?post=5309"}],"version-history":[{"count":0,"href":"https:\/\/motorista.com.br\/noticias\/wp-json\/wp\/v2\/posts\/5309\/revisions"}],"wp:featuredmedia":[{"embeddable":true,"href":"https:\/\/motorista.com.br\/noticias\/wp-json\/wp\/v2\/media\/5310"}],"wp:attachment":[{"href":"https:\/\/motorista.com.br\/noticias\/wp-json\/wp\/v2\/media?parent=5309"}],"wp:term":[{"taxonomy":"category","embeddable":true,"href":"https:\/\/motorista.com.br\/noticias\/wp-json\/wp\/v2\/categories?post=5309"},{"taxonomy":"post_tag","embeddable":true,"href":"https:\/\/motorista.com.br\/noticias\/wp-json\/wp\/v2\/tags?post=5309"},{"taxonomy":"author","embeddable":true,"href":"https:\/\/motorista.com.br\/noticias\/wp-json\/wp\/v2\/coauthors?post=5309"}],"curies":[{"name":"wp","href":"https:\/\/api.w.org\/{rel}","templated":true}]}}