{"id":5307,"date":"2025-12-20T03:05:44","date_gmt":"2025-12-20T06:05:44","guid":{"rendered":"https:\/\/motorista.com.br\/noticias\/2025\/12\/20\/marcopolo-envia-primeiro-onibus-geracao-8-a-biometano-para-passaro-marron\/"},"modified":"2025-12-20T03:05:44","modified_gmt":"2025-12-20T06:05:44","slug":"marcopolo-envia-primeiro-onibus-geracao-8-a-biometano-para-passaro-marron","status":"publish","type":"post","link":"https:\/\/motorista.com.br\/noticias\/2025\/12\/20\/marcopolo-envia-primeiro-onibus-geracao-8-a-biometano-para-passaro-marron\/","title":{"rendered":"Marcopolo envia primeiro \u00f4nibus Gera\u00e7\u00e3o 8 a biometano para P\u00e1ssaro Marron."},"content":{"rendered":"<p><\/p>\n<h2>Marcopolo Entrega Primeiro \u00d4nibus Gera\u00e7\u00e3o 8 Movido a Biometano para a P\u00e1ssaro Marron<\/h2>\n<p>A Marcopolo, destaque mundial na fabrica\u00e7\u00e3o de carrocerias de \u00f4nibus, recentemente entregou \u00e0 operadora P\u00e1ssaro Marron seu primeiro \u00f4nibus rodovi\u00e1rio da Gera\u00e7\u00e3o 8, que \u00e9 movido a biometano\/GNV. O ve\u00edculo, um Paradiso G8 1050, foi produzido com o chassi Scania K340 4\u00d72 G\u00e1s, oferecendo uma autonomia de at\u00e9 450 km.<\/p>\n<p>Ricardo Portolan, diretor de Opera\u00e7\u00f5es Comerciais da Marcopolo, enfatizou a import\u00e2ncia dessa inova\u00e7\u00e3o: \u201cA Marcopolo reafirma seu protagonismo ao oferecer solu\u00e7\u00f5es inovadoras que tornam o transporte coletivo mais sustent\u00e1vel e eficiente, contribuindo para a transi\u00e7\u00e3o energ\u00e9tica e a descarboniza\u00e7\u00e3o\u201d.<\/p>\n<h3>Tecnologia e Conforto para os Passageiros<\/h3>\n<p>O Paradiso G8 1050 mede 14 metros e possui capacidade para 46 passageiros em poltronas executivas, equipadas com tomadas USB A+C. Al\u00e9m disso, o \u00f4nibus conta com ar-condicionado, sanit\u00e1rio e prepara\u00e7\u00e3o para sistema de \u00e1udio e v\u00eddeo com Wi-Fi. Com um motor do ciclo Otto de 340 cv, que utiliza seis cilindros e tem capacidade total de 720 litros, esse modelo se destaca: ao operar com biometano, proporciona uma redu\u00e7\u00e3o de at\u00e9 90% nas emiss\u00f5es de CO2.<\/p>\n<h3>Marcopolo na Renova\u00e7\u00e3o da Frota da P\u00e1ssaro Marron<\/h3>\n<p>Em 2025, a Marcopolo tamb\u00e9m forneceu outros 66 \u00f4nibus \u00e0 P\u00e1ssaro Marron, que incluem:<\/p>\n<ul>\n<li>37 rodovi\u00e1rios \u2013 modelos Paradiso G8 1200, Paradiso G8 1050 e Viaggio G8 800.<\/li>\n<li>29 urbanos Torino, equipados com chassis Mercedes-Benz OF1726L, ar-condicionado, quatro c\u00e2meras de seguran\u00e7a, piso Taraflex, tomadas USB e Wi-Fi, garantindo conforto, conectividade e acessibilidade.<\/li>\n<\/ul>\n<p>Al\u00e9m disso, todos os ve\u00edculos s\u00e3o adaptados para atender pessoas com mobilidade reduzida.<\/p>\n<h3>Benef\u00edcios para os Motoristas e a Mobilidade Geral<\/h3>\n<p>A introdu\u00e7\u00e3o do \u00f4nibus movido a biometano representa um avan\u00e7o significativo n\u00e3o apenas em termos de tecnologia, mas tamb\u00e9m na melhoria da qualidade do ar nas cidades, contribuindo para a sa\u00fade p\u00fablica. Para os motoristas, a opera\u00e7\u00e3o de ve\u00edculos mais eficientes e sustent\u00e1veis pode se traduzir em menores custos operacionais e uma experi\u00eancia de condu\u00e7\u00e3o mais tranquila, refletindo em uma menor fadiga devido a polui\u00e7\u00e3o ambiental reduzida.<\/p>\n<p>O movimento em dire\u00e7\u00e3o a solu\u00e7\u00f5es de transporte mais limpas e modernas, como o Paradiso G8, n\u00e3o s\u00f3 visa melhorar a mobilidade urbana, mas tamb\u00e9m promove uma consci\u00eancia ambiental entre os usu\u00e1rios e operadores de transporte. Essa mudan\u00e7a pode incentivar o uso do transporte coletivo em detrimento do uso de ve\u00edculos particulares, criando um ciclo positivo de redu\u00e7\u00e3o de tr\u00e1fego e emiss\u00e3o de gases poluentes. <\/p>\n<p>Em suma, a entrega do primeiro \u00f4nibus da Gera\u00e7\u00e3o 8 a biometano \u00e9 um passo importante na transforma\u00e7\u00e3o do transporte p\u00fablico e na promo\u00e7\u00e3o de uma mobilidade mais eficiente e sustent\u00e1vel.<\/p>\n<p><strong>Fonte: blogdocaminhoneiro<\/strong><\/p>\n","protected":false},"excerpt":{"rendered":"<p>Marcopolo Entrega Primeiro \u00d4nibus Gera\u00e7\u00e3o 8 Movido a Biometano para a P\u00e1ssaro Marron A Marcopolo, destaque mundial na fabrica\u00e7\u00e3o de carrocerias de \u00f4nibus, recentemente entregou \u00e0 operadora P\u00e1ssaro Marron seu primeiro \u00f4nibus rodovi\u00e1rio da Gera\u00e7\u00e3o 8, que \u00e9 movido a biometano\/GNV. O ve\u00edculo, um Paradiso G8 1050, foi produzido com o chassi Scania K340 4\u00d72 &hellip;<\/p>\n","protected":false},"author":4,"featured_media":5308,"comment_status":"","ping_status":"open","sticky":false,"template":"","format":"standard","meta":{"footnotes":""},"categories":[78,77],"tags":[],"coauthors":[42],"class_list":["post-5307","post","type-post","status-publish","format-standard","has-post-thumbnail","hentry","category-carreteiro","category-motorista"],"yoast_head":"<!-- This site is optimized with the Yoast SEO Premium plugin v25.5 (Yoast SEO v27.4) - https:\/\/yoast.com\/product\/yoast-seo-premium-wordpress\/ -->\n<title>Marcopolo envia primeiro \u00f4nibus Gera\u00e7\u00e3o 8 a biometano para P\u00e1ssaro Marron. - Motorista.com.br<\/title>\n<meta name=\"robots\" content=\"index, follow, max-snippet:-1, max-image-preview:large, max-video-preview:-1\" \/>\n<link rel=\"canonical\" href=\"https:\/\/motorista.com.br\/noticias\/2025\/12\/20\/marcopolo-envia-primeiro-onibus-geracao-8-a-biometano-para-passaro-marron\/\" \/>\n<meta property=\"og:locale\" content=\"pt_BR\" \/>\n<meta property=\"og:type\" content=\"article\" \/>\n<meta property=\"og:title\" content=\"Marcopolo envia primeiro \u00f4nibus Gera\u00e7\u00e3o 8 a biometano para P\u00e1ssaro Marron.\" \/>\n<meta property=\"og:description\" content=\"Marcopolo Entrega Primeiro \u00d4nibus Gera\u00e7\u00e3o 8 Movido a Biometano para a P\u00e1ssaro Marron A Marcopolo, destaque mundial na fabrica\u00e7\u00e3o de carrocerias de \u00f4nibus, recentemente entregou \u00e0 operadora P\u00e1ssaro Marron seu primeiro \u00f4nibus rodovi\u00e1rio da Gera\u00e7\u00e3o 8, que \u00e9 movido a biometano\/GNV. O ve\u00edculo, um Paradiso G8 1050, foi produzido com o chassi Scania K340 4\u00d72 &hellip;\" \/>\n<meta property=\"og:url\" content=\"https:\/\/motorista.com.br\/noticias\/2025\/12\/20\/marcopolo-envia-primeiro-onibus-geracao-8-a-biometano-para-passaro-marron\/\" \/>\n<meta property=\"og:site_name\" content=\"Motorista.com.br\" \/>\n<meta property=\"article:published_time\" content=\"2025-12-20T06:05:44+00:00\" \/>\n<meta name=\"author\" content=\"Equipe Reda\u00e7\u00e3o\" \/>\n<meta name=\"twitter:card\" content=\"summary_large_image\" \/>\n<meta name=\"twitter:label1\" content=\"Escrito por\" \/>\n\t<meta name=\"twitter:data1\" content=\"Equipe Reda\u00e7\u00e3o\" \/>\n\t<meta name=\"twitter:label2\" content=\"Est. tempo de leitura\" \/>\n\t<meta name=\"twitter:data2\" content=\"2 minutos\" \/>\n\t<meta name=\"twitter:label3\" content=\"Written by\" \/>\n\t<meta name=\"twitter:data3\" content=\"Equipe Reda\u00e7\u00e3o\" \/>\n<script type=\"application\/ld+json\" class=\"yoast-schema-graph\">{\"@context\":\"https:\\\/\\\/schema.org\",\"@graph\":[{\"@type\":\"Article\",\"@id\":\"https:\\\/\\\/motorista.com.br\\\/noticias\\\/2025\\\/12\\\/20\\\/marcopolo-envia-primeiro-onibus-geracao-8-a-biometano-para-passaro-marron\\\/#article\",\"isPartOf\":{\"@id\":\"https:\\\/\\\/motorista.com.br\\\/noticias\\\/2025\\\/12\\\/20\\\/marcopolo-envia-primeiro-onibus-geracao-8-a-biometano-para-passaro-marron\\\/\"},\"author\":{\"name\":\"Equipe Reda\u00e7\u00e3o\",\"@id\":\"https:\\\/\\\/motorista.com.br\\\/noticias\\\/#\\\/schema\\\/person\\\/dc93afc2981c0e3ce6bc3c053fd847be\"},\"headline\":\"Marcopolo envia primeiro \u00f4nibus Gera\u00e7\u00e3o 8 a biometano para P\u00e1ssaro Marron.\",\"datePublished\":\"2025-12-20T06:05:44+00:00\",\"mainEntityOfPage\":{\"@id\":\"https:\\\/\\\/motorista.com.br\\\/noticias\\\/2025\\\/12\\\/20\\\/marcopolo-envia-primeiro-onibus-geracao-8-a-biometano-para-passaro-marron\\\/\"},\"wordCount\":483,\"publisher\":{\"@id\":\"https:\\\/\\\/motorista.com.br\\\/noticias\\\/#organization\"},\"image\":{\"@id\":\"https:\\\/\\\/motorista.com.br\\\/noticias\\\/2025\\\/12\\\/20\\\/marcopolo-envia-primeiro-onibus-geracao-8-a-biometano-para-passaro-marron\\\/#primaryimage\"},\"thumbnailUrl\":\"https:\\\/\\\/motorista.com.br\\\/noticias\\\/wp-content\\\/uploads\\\/2025\\\/12\\\/18122025-Marcopolo_Empresa-Passaro-Marron_2.jpg\",\"articleSection\":[\"Carreteiro\",\"Motorista\"],\"inLanguage\":\"pt-BR\"},{\"@type\":\"WebPage\",\"@id\":\"https:\\\/\\\/motorista.com.br\\\/noticias\\\/2025\\\/12\\\/20\\\/marcopolo-envia-primeiro-onibus-geracao-8-a-biometano-para-passaro-marron\\\/\",\"url\":\"https:\\\/\\\/motorista.com.br\\\/noticias\\\/2025\\\/12\\\/20\\\/marcopolo-envia-primeiro-onibus-geracao-8-a-biometano-para-passaro-marron\\\/\",\"name\":\"Marcopolo envia primeiro \u00f4nibus Gera\u00e7\u00e3o 8 a biometano para P\u00e1ssaro Marron. - Motorista.com.br\",\"isPartOf\":{\"@id\":\"https:\\\/\\\/motorista.com.br\\\/noticias\\\/#website\"},\"primaryImageOfPage\":{\"@id\":\"https:\\\/\\\/motorista.com.br\\\/noticias\\\/2025\\\/12\\\/20\\\/marcopolo-envia-primeiro-onibus-geracao-8-a-biometano-para-passaro-marron\\\/#primaryimage\"},\"image\":{\"@id\":\"https:\\\/\\\/motorista.com.br\\\/noticias\\\/2025\\\/12\\\/20\\\/marcopolo-envia-primeiro-onibus-geracao-8-a-biometano-para-passaro-marron\\\/#primaryimage\"},\"thumbnailUrl\":\"https:\\\/\\\/motorista.com.br\\\/noticias\\\/wp-content\\\/uploads\\\/2025\\\/12\\\/18122025-Marcopolo_Empresa-Passaro-Marron_2.jpg\",\"datePublished\":\"2025-12-20T06:05:44+00:00\",\"breadcrumb\":{\"@id\":\"https:\\\/\\\/motorista.com.br\\\/noticias\\\/2025\\\/12\\\/20\\\/marcopolo-envia-primeiro-onibus-geracao-8-a-biometano-para-passaro-marron\\\/#breadcrumb\"},\"inLanguage\":\"pt-BR\",\"potentialAction\":[{\"@type\":\"ReadAction\",\"target\":[\"https:\\\/\\\/motorista.com.br\\\/noticias\\\/2025\\\/12\\\/20\\\/marcopolo-envia-primeiro-onibus-geracao-8-a-biometano-para-passaro-marron\\\/\"]}]},{\"@type\":\"ImageObject\",\"inLanguage\":\"pt-BR\",\"@id\":\"https:\\\/\\\/motorista.com.br\\\/noticias\\\/2025\\\/12\\\/20\\\/marcopolo-envia-primeiro-onibus-geracao-8-a-biometano-para-passaro-marron\\\/#primaryimage\",\"url\":\"https:\\\/\\\/motorista.com.br\\\/noticias\\\/wp-content\\\/uploads\\\/2025\\\/12\\\/18122025-Marcopolo_Empresa-Passaro-Marron_2.jpg\",\"contentUrl\":\"https:\\\/\\\/motorista.com.br\\\/noticias\\\/wp-content\\\/uploads\\\/2025\\\/12\\\/18122025-Marcopolo_Empresa-Passaro-Marron_2.jpg\",\"width\":1200,\"height\":800},{\"@type\":\"BreadcrumbList\",\"@id\":\"https:\\\/\\\/motorista.com.br\\\/noticias\\\/2025\\\/12\\\/20\\\/marcopolo-envia-primeiro-onibus-geracao-8-a-biometano-para-passaro-marron\\\/#breadcrumb\",\"itemListElement\":[{\"@type\":\"ListItem\",\"position\":1,\"name\":\"In\u00edcio\",\"item\":\"https:\\\/\\\/motorista.com.br\\\/noticias\\\/\"},{\"@type\":\"ListItem\",\"position\":2,\"name\":\"Marcopolo envia primeiro \u00f4nibus Gera\u00e7\u00e3o 8 a biometano para P\u00e1ssaro Marron.\"}]},{\"@type\":\"WebSite\",\"@id\":\"https:\\\/\\\/motorista.com.br\\\/noticias\\\/#website\",\"url\":\"https:\\\/\\\/motorista.com.br\\\/noticias\\\/\",\"name\":\"Motorista.com.br\",\"description\":\"Not\u00edcia do Motorista\",\"publisher\":{\"@id\":\"https:\\\/\\\/motorista.com.br\\\/noticias\\\/#organization\"},\"potentialAction\":[{\"@type\":\"SearchAction\",\"target\":{\"@type\":\"EntryPoint\",\"urlTemplate\":\"https:\\\/\\\/motorista.com.br\\\/noticias\\\/?s={search_term_string}\"},\"query-input\":{\"@type\":\"PropertyValueSpecification\",\"valueRequired\":true,\"valueName\":\"search_term_string\"}}],\"inLanguage\":\"pt-BR\"},{\"@type\":\"Organization\",\"@id\":\"https:\\\/\\\/motorista.com.br\\\/noticias\\\/#organization\",\"name\":\"Motorista.com.br\",\"url\":\"https:\\\/\\\/motorista.com.br\\\/noticias\\\/\",\"logo\":{\"@type\":\"ImageObject\",\"inLanguage\":\"pt-BR\",\"@id\":\"https:\\\/\\\/motorista.com.br\\\/noticias\\\/#\\\/schema\\\/logo\\\/image\\\/\",\"url\":\"https:\\\/\\\/motorista.com.br\\\/noticias\\\/wp-content\\\/uploads\\\/2025\\\/06\\\/Design-sem-nome-9.png\",\"contentUrl\":\"https:\\\/\\\/motorista.com.br\\\/noticias\\\/wp-content\\\/uploads\\\/2025\\\/06\\\/Design-sem-nome-9.png\",\"width\":150,\"height\":85,\"caption\":\"Motorista.com.br\"},\"image\":{\"@id\":\"https:\\\/\\\/motorista.com.br\\\/noticias\\\/#\\\/schema\\\/logo\\\/image\\\/\"}},{\"@type\":\"Person\",\"@id\":\"https:\\\/\\\/motorista.com.br\\\/noticias\\\/#\\\/schema\\\/person\\\/dc93afc2981c0e3ce6bc3c053fd847be\",\"name\":\"Equipe Reda\u00e7\u00e3o\",\"image\":{\"@type\":\"ImageObject\",\"inLanguage\":\"pt-BR\",\"@id\":\"https:\\\/\\\/secure.gravatar.com\\\/avatar\\\/4f525efbf18dd2bb300ccad28bfb99d95a9465a5ba268407c8c37b37e1f28d2d?s=96&d=mm&r=g9e099043a0c61e9ae27e293b9fa75ffc\",\"url\":\"https:\\\/\\\/secure.gravatar.com\\\/avatar\\\/4f525efbf18dd2bb300ccad28bfb99d95a9465a5ba268407c8c37b37e1f28d2d?s=96&d=mm&r=g\",\"contentUrl\":\"https:\\\/\\\/secure.gravatar.com\\\/avatar\\\/4f525efbf18dd2bb300ccad28bfb99d95a9465a5ba268407c8c37b37e1f28d2d?s=96&d=mm&r=g\",\"caption\":\"Equipe Reda\u00e7\u00e3o\"},\"description\":\"Equipe de reda\u00e7\u00e3o \u00e9 um grupo de profissionais que trabalham juntos para criar conte\u00fado escrito para Motorista.com.br\",\"url\":\"https:\\\/\\\/motorista.com.br\\\/noticias\\\/author\\\/equiperedacao\\\/\"}]}<\/script>\n<!-- \/ Yoast SEO Premium plugin. -->","yoast_head_json":{"title":"Marcopolo envia primeiro \u00f4nibus Gera\u00e7\u00e3o 8 a biometano para P\u00e1ssaro Marron. - Motorista.com.br","robots":{"index":"index","follow":"follow","max-snippet":"max-snippet:-1","max-image-preview":"max-image-preview:large","max-video-preview":"max-video-preview:-1"},"canonical":"https:\/\/motorista.com.br\/noticias\/2025\/12\/20\/marcopolo-envia-primeiro-onibus-geracao-8-a-biometano-para-passaro-marron\/","og_locale":"pt_BR","og_type":"article","og_title":"Marcopolo envia primeiro \u00f4nibus Gera\u00e7\u00e3o 8 a biometano para P\u00e1ssaro Marron.","og_description":"Marcopolo Entrega Primeiro \u00d4nibus Gera\u00e7\u00e3o 8 Movido a Biometano para a P\u00e1ssaro Marron A Marcopolo, destaque mundial na fabrica\u00e7\u00e3o de carrocerias de \u00f4nibus, recentemente entregou \u00e0 operadora P\u00e1ssaro Marron seu primeiro \u00f4nibus rodovi\u00e1rio da Gera\u00e7\u00e3o 8, que \u00e9 movido a biometano\/GNV. O ve\u00edculo, um Paradiso G8 1050, foi produzido com o chassi Scania K340 4\u00d72 &hellip;","og_url":"https:\/\/motorista.com.br\/noticias\/2025\/12\/20\/marcopolo-envia-primeiro-onibus-geracao-8-a-biometano-para-passaro-marron\/","og_site_name":"Motorista.com.br","article_published_time":"2025-12-20T06:05:44+00:00","author":"Equipe Reda\u00e7\u00e3o","twitter_card":"summary_large_image","twitter_misc":{"Escrito por":"Equipe Reda\u00e7\u00e3o","Est. tempo de leitura":"2 minutos","Written by":"Equipe Reda\u00e7\u00e3o"},"schema":{"@context":"https:\/\/schema.org","@graph":[{"@type":"Article","@id":"https:\/\/motorista.com.br\/noticias\/2025\/12\/20\/marcopolo-envia-primeiro-onibus-geracao-8-a-biometano-para-passaro-marron\/#article","isPartOf":{"@id":"https:\/\/motorista.com.br\/noticias\/2025\/12\/20\/marcopolo-envia-primeiro-onibus-geracao-8-a-biometano-para-passaro-marron\/"},"author":{"name":"Equipe Reda\u00e7\u00e3o","@id":"https:\/\/motorista.com.br\/noticias\/#\/schema\/person\/dc93afc2981c0e3ce6bc3c053fd847be"},"headline":"Marcopolo envia primeiro \u00f4nibus Gera\u00e7\u00e3o 8 a biometano para P\u00e1ssaro Marron.","datePublished":"2025-12-20T06:05:44+00:00","mainEntityOfPage":{"@id":"https:\/\/motorista.com.br\/noticias\/2025\/12\/20\/marcopolo-envia-primeiro-onibus-geracao-8-a-biometano-para-passaro-marron\/"},"wordCount":483,"publisher":{"@id":"https:\/\/motorista.com.br\/noticias\/#organization"},"image":{"@id":"https:\/\/motorista.com.br\/noticias\/2025\/12\/20\/marcopolo-envia-primeiro-onibus-geracao-8-a-biometano-para-passaro-marron\/#primaryimage"},"thumbnailUrl":"https:\/\/motorista.com.br\/noticias\/wp-content\/uploads\/2025\/12\/18122025-Marcopolo_Empresa-Passaro-Marron_2.jpg","articleSection":["Carreteiro","Motorista"],"inLanguage":"pt-BR"},{"@type":"WebPage","@id":"https:\/\/motorista.com.br\/noticias\/2025\/12\/20\/marcopolo-envia-primeiro-onibus-geracao-8-a-biometano-para-passaro-marron\/","url":"https:\/\/motorista.com.br\/noticias\/2025\/12\/20\/marcopolo-envia-primeiro-onibus-geracao-8-a-biometano-para-passaro-marron\/","name":"Marcopolo envia primeiro \u00f4nibus Gera\u00e7\u00e3o 8 a biometano para P\u00e1ssaro Marron. - Motorista.com.br","isPartOf":{"@id":"https:\/\/motorista.com.br\/noticias\/#website"},"primaryImageOfPage":{"@id":"https:\/\/motorista.com.br\/noticias\/2025\/12\/20\/marcopolo-envia-primeiro-onibus-geracao-8-a-biometano-para-passaro-marron\/#primaryimage"},"image":{"@id":"https:\/\/motorista.com.br\/noticias\/2025\/12\/20\/marcopolo-envia-primeiro-onibus-geracao-8-a-biometano-para-passaro-marron\/#primaryimage"},"thumbnailUrl":"https:\/\/motorista.com.br\/noticias\/wp-content\/uploads\/2025\/12\/18122025-Marcopolo_Empresa-Passaro-Marron_2.jpg","datePublished":"2025-12-20T06:05:44+00:00","breadcrumb":{"@id":"https:\/\/motorista.com.br\/noticias\/2025\/12\/20\/marcopolo-envia-primeiro-onibus-geracao-8-a-biometano-para-passaro-marron\/#breadcrumb"},"inLanguage":"pt-BR","potentialAction":[{"@type":"ReadAction","target":["https:\/\/motorista.com.br\/noticias\/2025\/12\/20\/marcopolo-envia-primeiro-onibus-geracao-8-a-biometano-para-passaro-marron\/"]}]},{"@type":"ImageObject","inLanguage":"pt-BR","@id":"https:\/\/motorista.com.br\/noticias\/2025\/12\/20\/marcopolo-envia-primeiro-onibus-geracao-8-a-biometano-para-passaro-marron\/#primaryimage","url":"https:\/\/motorista.com.br\/noticias\/wp-content\/uploads\/2025\/12\/18122025-Marcopolo_Empresa-Passaro-Marron_2.jpg","contentUrl":"https:\/\/motorista.com.br\/noticias\/wp-content\/uploads\/2025\/12\/18122025-Marcopolo_Empresa-Passaro-Marron_2.jpg","width":1200,"height":800},{"@type":"BreadcrumbList","@id":"https:\/\/motorista.com.br\/noticias\/2025\/12\/20\/marcopolo-envia-primeiro-onibus-geracao-8-a-biometano-para-passaro-marron\/#breadcrumb","itemListElement":[{"@type":"ListItem","position":1,"name":"In\u00edcio","item":"https:\/\/motorista.com.br\/noticias\/"},{"@type":"ListItem","position":2,"name":"Marcopolo envia primeiro \u00f4nibus Gera\u00e7\u00e3o 8 a biometano para P\u00e1ssaro Marron."}]},{"@type":"WebSite","@id":"https:\/\/motorista.com.br\/noticias\/#website","url":"https:\/\/motorista.com.br\/noticias\/","name":"Motorista.com.br","description":"Not\u00edcia do Motorista","publisher":{"@id":"https:\/\/motorista.com.br\/noticias\/#organization"},"potentialAction":[{"@type":"SearchAction","target":{"@type":"EntryPoint","urlTemplate":"https:\/\/motorista.com.br\/noticias\/?s={search_term_string}"},"query-input":{"@type":"PropertyValueSpecification","valueRequired":true,"valueName":"search_term_string"}}],"inLanguage":"pt-BR"},{"@type":"Organization","@id":"https:\/\/motorista.com.br\/noticias\/#organization","name":"Motorista.com.br","url":"https:\/\/motorista.com.br\/noticias\/","logo":{"@type":"ImageObject","inLanguage":"pt-BR","@id":"https:\/\/motorista.com.br\/noticias\/#\/schema\/logo\/image\/","url":"https:\/\/motorista.com.br\/noticias\/wp-content\/uploads\/2025\/06\/Design-sem-nome-9.png","contentUrl":"https:\/\/motorista.com.br\/noticias\/wp-content\/uploads\/2025\/06\/Design-sem-nome-9.png","width":150,"height":85,"caption":"Motorista.com.br"},"image":{"@id":"https:\/\/motorista.com.br\/noticias\/#\/schema\/logo\/image\/"}},{"@type":"Person","@id":"https:\/\/motorista.com.br\/noticias\/#\/schema\/person\/dc93afc2981c0e3ce6bc3c053fd847be","name":"Equipe Reda\u00e7\u00e3o","image":{"@type":"ImageObject","inLanguage":"pt-BR","@id":"https:\/\/secure.gravatar.com\/avatar\/4f525efbf18dd2bb300ccad28bfb99d95a9465a5ba268407c8c37b37e1f28d2d?s=96&d=mm&r=g9e099043a0c61e9ae27e293b9fa75ffc","url":"https:\/\/secure.gravatar.com\/avatar\/4f525efbf18dd2bb300ccad28bfb99d95a9465a5ba268407c8c37b37e1f28d2d?s=96&d=mm&r=g","contentUrl":"https:\/\/secure.gravatar.com\/avatar\/4f525efbf18dd2bb300ccad28bfb99d95a9465a5ba268407c8c37b37e1f28d2d?s=96&d=mm&r=g","caption":"Equipe Reda\u00e7\u00e3o"},"description":"Equipe de reda\u00e7\u00e3o \u00e9 um grupo de profissionais que trabalham juntos para criar conte\u00fado escrito para Motorista.com.br","url":"https:\/\/motorista.com.br\/noticias\/author\/equiperedacao\/"}]}},"_links":{"self":[{"href":"https:\/\/motorista.com.br\/noticias\/wp-json\/wp\/v2\/posts\/5307","targetHints":{"allow":["GET"]}}],"collection":[{"href":"https:\/\/motorista.com.br\/noticias\/wp-json\/wp\/v2\/posts"}],"about":[{"href":"https:\/\/motorista.com.br\/noticias\/wp-json\/wp\/v2\/types\/post"}],"author":[{"embeddable":true,"href":"https:\/\/motorista.com.br\/noticias\/wp-json\/wp\/v2\/users\/4"}],"replies":[{"embeddable":true,"href":"https:\/\/motorista.com.br\/noticias\/wp-json\/wp\/v2\/comments?post=5307"}],"version-history":[{"count":0,"href":"https:\/\/motorista.com.br\/noticias\/wp-json\/wp\/v2\/posts\/5307\/revisions"}],"wp:featuredmedia":[{"embeddable":true,"href":"https:\/\/motorista.com.br\/noticias\/wp-json\/wp\/v2\/media\/5308"}],"wp:attachment":[{"href":"https:\/\/motorista.com.br\/noticias\/wp-json\/wp\/v2\/media?parent=5307"}],"wp:term":[{"taxonomy":"category","embeddable":true,"href":"https:\/\/motorista.com.br\/noticias\/wp-json\/wp\/v2\/categories?post=5307"},{"taxonomy":"post_tag","embeddable":true,"href":"https:\/\/motorista.com.br\/noticias\/wp-json\/wp\/v2\/tags?post=5307"},{"taxonomy":"author","embeddable":true,"href":"https:\/\/motorista.com.br\/noticias\/wp-json\/wp\/v2\/coauthors?post=5307"}],"curies":[{"name":"wp","href":"https:\/\/api.w.org\/{rel}","templated":true}]}}