{"id":5297,"date":"2025-12-19T15:28:59","date_gmt":"2025-12-19T18:28:59","guid":{"rendered":"https:\/\/motorista.com.br\/noticias\/2025\/12\/19\/abepra-convoca-comite-tecnico-para-discutir-planos-dos-portos-secos-e-clias\/"},"modified":"2025-12-19T15:28:59","modified_gmt":"2025-12-19T18:28:59","slug":"abepra-convoca-comite-tecnico-para-discutir-planos-dos-portos-secos-e-clias","status":"publish","type":"post","link":"https:\/\/motorista.com.br\/noticias\/2025\/12\/19\/abepra-convoca-comite-tecnico-para-discutir-planos-dos-portos-secos-e-clias\/","title":{"rendered":"ABEPRA convoca Comit\u00ea T\u00e9cnico para discutir planos dos portos secos e CLIAs."},"content":{"rendered":"<p><\/p>\n<p><strong>ABEPRA re\u00fane Comit\u00ea T\u00e9cnico para debater agenda estrat\u00e9gica dos portos secos e CLIAs &#8211; IBL<\/strong><\/p>\n<p>A discuss\u00e3o em torno dos portos secos e das instala\u00e7\u00f5es de carga e descarga intermodal (CLIAs) \u00e9 de suma import\u00e2ncia para a mobilidade e a efici\u00eancia no transporte de mercadorias no Brasil. A reuni\u00e3o do Comit\u00ea T\u00e9cnico da ABEPRA, realizada recentemente, \u00e9 um passo estrat\u00e9gico que visa alinhar os interesses dos diversos agentes envolvidos na log\u00edstica nacional.<\/p>\n<h3>Impactos nos Motoristas e na Mobilidade<\/h3>\n<p>Os portos secos desempenham um papel crucial na otimiza\u00e7\u00e3o do transporte de cargas, reduzindo congestionamentos e melhorando as rotas de entrega. Com a implementa\u00e7\u00e3o de pr\u00e1ticas mais eficientes, os motoristas podem esperar menos tempo nas estradas, resultando em menores custos operacionais e, consequentemente, pre\u00e7os mais acess\u00edveis para os consumidores. Al\u00e9m disso, a melhoria na infraestrutura de transporte est\u00e1 diretamente ligada \u00e0 redu\u00e7\u00e3o do tempo de viagem e ao aumento da seguran\u00e7a nas vias, proporcionando uma experi\u00eancia mais fluida e menos estressante para os motoristas.<\/p>\n<p>Outra vantagem significativa \u00e9 a moderniza\u00e7\u00e3o dos processos log\u00edsticos. Ao adotar tecnologias avan\u00e7adas e sincronizar a opera\u00e7\u00e3o dos portos secos com as CLIAs, haver\u00e1 um ganho em agilidade e previsibilidade. Para os motoristas, isso significa um planejamento mais eficaz de rotas, minimizando atrasos e incertezas.<\/p>\n<h3>Benef\u00edcios Sociais e Econ\u00f4micos<\/h3>\n<p>Os debates promovidos pela ABEPRA tamb\u00e9m t\u00eam um impacto social positivo. A melhoria na efici\u00eancia log\u00edstica pode levar a uma redu\u00e7\u00e3o nos custos de transporte, o que, por sua vez, pode beneficiar o consumidor final. Menores custos operacionais para os motoristas podem abrir espa\u00e7o para investimentos em melhores condi\u00e7\u00f5es de trabalho, seguran\u00e7a e tecnologia.<\/p>\n<p>Em termos de mobilidade urbana, a redu\u00e7\u00e3o dos caminh\u00f5es nas \u00e1reas centrais das cidades pode diminuir a polui\u00e7\u00e3o e o tr\u00e1fego. Isso se alinha aos objetivos de sustentabilidade e qualidade de vida nas \u00e1reas urbanas, promovendo um ambiente mais saud\u00e1vel para todos os cidad\u00e3os.<\/p>\n<h3>Conclus\u00e3o<\/h3>\n<p>O encontro do Comit\u00ea T\u00e9cnico da ABEPRA n\u00e3o \u00e9 apenas uma reuni\u00e3o de pautas log\u00edsticas. \u00c9 uma oportunidade para moldar o futuro do transporte de cargas no Brasil, trazendo benef\u00edcios diretos para os motoristas e promovendo uma mobilidade urbana mais eficiente e sustent\u00e1vel. As decis\u00f5es tomadas por esse comit\u00ea influenciar\u00e3o diretamente a vida de milhares de motoristas, al\u00e9m de impactar a log\u00edstica nacional de forma ampla, garantindo um futuro mais promissor para o setor.<\/p>\n<p><em>Fonte: ibl<\/em><\/p>\n","protected":false},"excerpt":{"rendered":"<p>ABEPRA re\u00fane Comit\u00ea T\u00e9cnico para debater agenda estrat\u00e9gica dos portos secos e CLIAs &#8211; IBL A discuss\u00e3o em torno dos portos secos e das instala\u00e7\u00f5es de carga e descarga intermodal (CLIAs) \u00e9 de suma import\u00e2ncia para a mobilidade e a efici\u00eancia no transporte de mercadorias no Brasil. A reuni\u00e3o do Comit\u00ea T\u00e9cnico da ABEPRA, realizada &hellip;<\/p>\n","protected":false},"author":4,"featured_media":5298,"comment_status":"","ping_status":"open","sticky":false,"template":"","format":"standard","meta":{"footnotes":""},"categories":[62],"tags":[],"coauthors":[42],"class_list":["post-5297","post","type-post","status-publish","format-standard","has-post-thumbnail","hentry","category-logistica"],"yoast_head":"<!-- This site is optimized with the Yoast SEO Premium plugin v25.5 (Yoast SEO v27.4) - https:\/\/yoast.com\/product\/yoast-seo-premium-wordpress\/ -->\n<title>ABEPRA convoca Comit\u00ea T\u00e9cnico para discutir planos dos portos secos e CLIAs. - Motorista.com.br<\/title>\n<meta name=\"robots\" content=\"index, follow, max-snippet:-1, max-image-preview:large, max-video-preview:-1\" \/>\n<link rel=\"canonical\" href=\"https:\/\/motorista.com.br\/noticias\/2025\/12\/19\/abepra-convoca-comite-tecnico-para-discutir-planos-dos-portos-secos-e-clias\/\" \/>\n<meta property=\"og:locale\" content=\"pt_BR\" \/>\n<meta property=\"og:type\" content=\"article\" \/>\n<meta property=\"og:title\" content=\"ABEPRA convoca Comit\u00ea T\u00e9cnico para discutir planos dos portos secos e CLIAs.\" \/>\n<meta property=\"og:description\" content=\"ABEPRA re\u00fane Comit\u00ea T\u00e9cnico para debater agenda estrat\u00e9gica dos portos secos e CLIAs &#8211; IBL A discuss\u00e3o em torno dos portos secos e das instala\u00e7\u00f5es de carga e descarga intermodal (CLIAs) \u00e9 de suma import\u00e2ncia para a mobilidade e a efici\u00eancia no transporte de mercadorias no Brasil. A reuni\u00e3o do Comit\u00ea T\u00e9cnico da ABEPRA, realizada &hellip;\" \/>\n<meta property=\"og:url\" content=\"https:\/\/motorista.com.br\/noticias\/2025\/12\/19\/abepra-convoca-comite-tecnico-para-discutir-planos-dos-portos-secos-e-clias\/\" \/>\n<meta property=\"og:site_name\" content=\"Motorista.com.br\" \/>\n<meta property=\"article:published_time\" content=\"2025-12-19T18:28:59+00:00\" \/>\n<meta name=\"author\" content=\"Equipe Reda\u00e7\u00e3o\" \/>\n<meta name=\"twitter:card\" content=\"summary_large_image\" \/>\n<meta name=\"twitter:label1\" content=\"Escrito por\" \/>\n\t<meta name=\"twitter:data1\" content=\"Equipe Reda\u00e7\u00e3o\" \/>\n\t<meta name=\"twitter:label2\" content=\"Est. tempo de leitura\" \/>\n\t<meta name=\"twitter:data2\" content=\"2 minutos\" \/>\n\t<meta name=\"twitter:label3\" content=\"Written by\" \/>\n\t<meta name=\"twitter:data3\" content=\"Equipe Reda\u00e7\u00e3o\" \/>\n<script type=\"application\/ld+json\" class=\"yoast-schema-graph\">{\"@context\":\"https:\\\/\\\/schema.org\",\"@graph\":[{\"@type\":\"Article\",\"@id\":\"https:\\\/\\\/motorista.com.br\\\/noticias\\\/2025\\\/12\\\/19\\\/abepra-convoca-comite-tecnico-para-discutir-planos-dos-portos-secos-e-clias\\\/#article\",\"isPartOf\":{\"@id\":\"https:\\\/\\\/motorista.com.br\\\/noticias\\\/2025\\\/12\\\/19\\\/abepra-convoca-comite-tecnico-para-discutir-planos-dos-portos-secos-e-clias\\\/\"},\"author\":{\"name\":\"Equipe Reda\u00e7\u00e3o\",\"@id\":\"https:\\\/\\\/motorista.com.br\\\/noticias\\\/#\\\/schema\\\/person\\\/dc93afc2981c0e3ce6bc3c053fd847be\"},\"headline\":\"ABEPRA convoca Comit\u00ea T\u00e9cnico para discutir planos dos portos secos e CLIAs.\",\"datePublished\":\"2025-12-19T18:28:59+00:00\",\"mainEntityOfPage\":{\"@id\":\"https:\\\/\\\/motorista.com.br\\\/noticias\\\/2025\\\/12\\\/19\\\/abepra-convoca-comite-tecnico-para-discutir-planos-dos-portos-secos-e-clias\\\/\"},\"wordCount\":444,\"publisher\":{\"@id\":\"https:\\\/\\\/motorista.com.br\\\/noticias\\\/#organization\"},\"image\":{\"@id\":\"https:\\\/\\\/motorista.com.br\\\/noticias\\\/2025\\\/12\\\/19\\\/abepra-convoca-comite-tecnico-para-discutir-planos-dos-portos-secos-e-clias\\\/#primaryimage\"},\"thumbnailUrl\":\"https:\\\/\\\/motorista.com.br\\\/noticias\\\/wp-content\\\/uploads\\\/2025\\\/12\\\/WhatsApp-Image-2025-12-19-at-14.29.57.jpeg\",\"articleSection\":[\"Log\u00edstica\"],\"inLanguage\":\"pt-BR\"},{\"@type\":\"WebPage\",\"@id\":\"https:\\\/\\\/motorista.com.br\\\/noticias\\\/2025\\\/12\\\/19\\\/abepra-convoca-comite-tecnico-para-discutir-planos-dos-portos-secos-e-clias\\\/\",\"url\":\"https:\\\/\\\/motorista.com.br\\\/noticias\\\/2025\\\/12\\\/19\\\/abepra-convoca-comite-tecnico-para-discutir-planos-dos-portos-secos-e-clias\\\/\",\"name\":\"ABEPRA convoca Comit\u00ea T\u00e9cnico para discutir planos dos portos secos e CLIAs. - Motorista.com.br\",\"isPartOf\":{\"@id\":\"https:\\\/\\\/motorista.com.br\\\/noticias\\\/#website\"},\"primaryImageOfPage\":{\"@id\":\"https:\\\/\\\/motorista.com.br\\\/noticias\\\/2025\\\/12\\\/19\\\/abepra-convoca-comite-tecnico-para-discutir-planos-dos-portos-secos-e-clias\\\/#primaryimage\"},\"image\":{\"@id\":\"https:\\\/\\\/motorista.com.br\\\/noticias\\\/2025\\\/12\\\/19\\\/abepra-convoca-comite-tecnico-para-discutir-planos-dos-portos-secos-e-clias\\\/#primaryimage\"},\"thumbnailUrl\":\"https:\\\/\\\/motorista.com.br\\\/noticias\\\/wp-content\\\/uploads\\\/2025\\\/12\\\/WhatsApp-Image-2025-12-19-at-14.29.57.jpeg\",\"datePublished\":\"2025-12-19T18:28:59+00:00\",\"breadcrumb\":{\"@id\":\"https:\\\/\\\/motorista.com.br\\\/noticias\\\/2025\\\/12\\\/19\\\/abepra-convoca-comite-tecnico-para-discutir-planos-dos-portos-secos-e-clias\\\/#breadcrumb\"},\"inLanguage\":\"pt-BR\",\"potentialAction\":[{\"@type\":\"ReadAction\",\"target\":[\"https:\\\/\\\/motorista.com.br\\\/noticias\\\/2025\\\/12\\\/19\\\/abepra-convoca-comite-tecnico-para-discutir-planos-dos-portos-secos-e-clias\\\/\"]}]},{\"@type\":\"ImageObject\",\"inLanguage\":\"pt-BR\",\"@id\":\"https:\\\/\\\/motorista.com.br\\\/noticias\\\/2025\\\/12\\\/19\\\/abepra-convoca-comite-tecnico-para-discutir-planos-dos-portos-secos-e-clias\\\/#primaryimage\",\"url\":\"https:\\\/\\\/motorista.com.br\\\/noticias\\\/wp-content\\\/uploads\\\/2025\\\/12\\\/WhatsApp-Image-2025-12-19-at-14.29.57.jpeg\",\"contentUrl\":\"https:\\\/\\\/motorista.com.br\\\/noticias\\\/wp-content\\\/uploads\\\/2025\\\/12\\\/WhatsApp-Image-2025-12-19-at-14.29.57.jpeg\",\"width\":1280,\"height\":852},{\"@type\":\"BreadcrumbList\",\"@id\":\"https:\\\/\\\/motorista.com.br\\\/noticias\\\/2025\\\/12\\\/19\\\/abepra-convoca-comite-tecnico-para-discutir-planos-dos-portos-secos-e-clias\\\/#breadcrumb\",\"itemListElement\":[{\"@type\":\"ListItem\",\"position\":1,\"name\":\"In\u00edcio\",\"item\":\"https:\\\/\\\/motorista.com.br\\\/noticias\\\/\"},{\"@type\":\"ListItem\",\"position\":2,\"name\":\"ABEPRA convoca Comit\u00ea T\u00e9cnico para discutir planos dos portos secos e CLIAs.\"}]},{\"@type\":\"WebSite\",\"@id\":\"https:\\\/\\\/motorista.com.br\\\/noticias\\\/#website\",\"url\":\"https:\\\/\\\/motorista.com.br\\\/noticias\\\/\",\"name\":\"Motorista.com.br\",\"description\":\"Not\u00edcia do Motorista\",\"publisher\":{\"@id\":\"https:\\\/\\\/motorista.com.br\\\/noticias\\\/#organization\"},\"potentialAction\":[{\"@type\":\"SearchAction\",\"target\":{\"@type\":\"EntryPoint\",\"urlTemplate\":\"https:\\\/\\\/motorista.com.br\\\/noticias\\\/?s={search_term_string}\"},\"query-input\":{\"@type\":\"PropertyValueSpecification\",\"valueRequired\":true,\"valueName\":\"search_term_string\"}}],\"inLanguage\":\"pt-BR\"},{\"@type\":\"Organization\",\"@id\":\"https:\\\/\\\/motorista.com.br\\\/noticias\\\/#organization\",\"name\":\"Motorista.com.br\",\"url\":\"https:\\\/\\\/motorista.com.br\\\/noticias\\\/\",\"logo\":{\"@type\":\"ImageObject\",\"inLanguage\":\"pt-BR\",\"@id\":\"https:\\\/\\\/motorista.com.br\\\/noticias\\\/#\\\/schema\\\/logo\\\/image\\\/\",\"url\":\"https:\\\/\\\/motorista.com.br\\\/noticias\\\/wp-content\\\/uploads\\\/2025\\\/06\\\/Design-sem-nome-9.png\",\"contentUrl\":\"https:\\\/\\\/motorista.com.br\\\/noticias\\\/wp-content\\\/uploads\\\/2025\\\/06\\\/Design-sem-nome-9.png\",\"width\":150,\"height\":85,\"caption\":\"Motorista.com.br\"},\"image\":{\"@id\":\"https:\\\/\\\/motorista.com.br\\\/noticias\\\/#\\\/schema\\\/logo\\\/image\\\/\"}},{\"@type\":\"Person\",\"@id\":\"https:\\\/\\\/motorista.com.br\\\/noticias\\\/#\\\/schema\\\/person\\\/dc93afc2981c0e3ce6bc3c053fd847be\",\"name\":\"Equipe Reda\u00e7\u00e3o\",\"image\":{\"@type\":\"ImageObject\",\"inLanguage\":\"pt-BR\",\"@id\":\"https:\\\/\\\/secure.gravatar.com\\\/avatar\\\/4f525efbf18dd2bb300ccad28bfb99d95a9465a5ba268407c8c37b37e1f28d2d?s=96&d=mm&r=g9e099043a0c61e9ae27e293b9fa75ffc\",\"url\":\"https:\\\/\\\/secure.gravatar.com\\\/avatar\\\/4f525efbf18dd2bb300ccad28bfb99d95a9465a5ba268407c8c37b37e1f28d2d?s=96&d=mm&r=g\",\"contentUrl\":\"https:\\\/\\\/secure.gravatar.com\\\/avatar\\\/4f525efbf18dd2bb300ccad28bfb99d95a9465a5ba268407c8c37b37e1f28d2d?s=96&d=mm&r=g\",\"caption\":\"Equipe Reda\u00e7\u00e3o\"},\"description\":\"Equipe de reda\u00e7\u00e3o \u00e9 um grupo de profissionais que trabalham juntos para criar conte\u00fado escrito para Motorista.com.br\",\"url\":\"https:\\\/\\\/motorista.com.br\\\/noticias\\\/author\\\/equiperedacao\\\/\"}]}<\/script>\n<!-- \/ Yoast SEO Premium plugin. -->","yoast_head_json":{"title":"ABEPRA convoca Comit\u00ea T\u00e9cnico para discutir planos dos portos secos e CLIAs. - Motorista.com.br","robots":{"index":"index","follow":"follow","max-snippet":"max-snippet:-1","max-image-preview":"max-image-preview:large","max-video-preview":"max-video-preview:-1"},"canonical":"https:\/\/motorista.com.br\/noticias\/2025\/12\/19\/abepra-convoca-comite-tecnico-para-discutir-planos-dos-portos-secos-e-clias\/","og_locale":"pt_BR","og_type":"article","og_title":"ABEPRA convoca Comit\u00ea T\u00e9cnico para discutir planos dos portos secos e CLIAs.","og_description":"ABEPRA re\u00fane Comit\u00ea T\u00e9cnico para debater agenda estrat\u00e9gica dos portos secos e CLIAs &#8211; IBL A discuss\u00e3o em torno dos portos secos e das instala\u00e7\u00f5es de carga e descarga intermodal (CLIAs) \u00e9 de suma import\u00e2ncia para a mobilidade e a efici\u00eancia no transporte de mercadorias no Brasil. A reuni\u00e3o do Comit\u00ea T\u00e9cnico da ABEPRA, realizada &hellip;","og_url":"https:\/\/motorista.com.br\/noticias\/2025\/12\/19\/abepra-convoca-comite-tecnico-para-discutir-planos-dos-portos-secos-e-clias\/","og_site_name":"Motorista.com.br","article_published_time":"2025-12-19T18:28:59+00:00","author":"Equipe Reda\u00e7\u00e3o","twitter_card":"summary_large_image","twitter_misc":{"Escrito por":"Equipe Reda\u00e7\u00e3o","Est. tempo de leitura":"2 minutos","Written by":"Equipe Reda\u00e7\u00e3o"},"schema":{"@context":"https:\/\/schema.org","@graph":[{"@type":"Article","@id":"https:\/\/motorista.com.br\/noticias\/2025\/12\/19\/abepra-convoca-comite-tecnico-para-discutir-planos-dos-portos-secos-e-clias\/#article","isPartOf":{"@id":"https:\/\/motorista.com.br\/noticias\/2025\/12\/19\/abepra-convoca-comite-tecnico-para-discutir-planos-dos-portos-secos-e-clias\/"},"author":{"name":"Equipe Reda\u00e7\u00e3o","@id":"https:\/\/motorista.com.br\/noticias\/#\/schema\/person\/dc93afc2981c0e3ce6bc3c053fd847be"},"headline":"ABEPRA convoca Comit\u00ea T\u00e9cnico para discutir planos dos portos secos e CLIAs.","datePublished":"2025-12-19T18:28:59+00:00","mainEntityOfPage":{"@id":"https:\/\/motorista.com.br\/noticias\/2025\/12\/19\/abepra-convoca-comite-tecnico-para-discutir-planos-dos-portos-secos-e-clias\/"},"wordCount":444,"publisher":{"@id":"https:\/\/motorista.com.br\/noticias\/#organization"},"image":{"@id":"https:\/\/motorista.com.br\/noticias\/2025\/12\/19\/abepra-convoca-comite-tecnico-para-discutir-planos-dos-portos-secos-e-clias\/#primaryimage"},"thumbnailUrl":"https:\/\/motorista.com.br\/noticias\/wp-content\/uploads\/2025\/12\/WhatsApp-Image-2025-12-19-at-14.29.57.jpeg","articleSection":["Log\u00edstica"],"inLanguage":"pt-BR"},{"@type":"WebPage","@id":"https:\/\/motorista.com.br\/noticias\/2025\/12\/19\/abepra-convoca-comite-tecnico-para-discutir-planos-dos-portos-secos-e-clias\/","url":"https:\/\/motorista.com.br\/noticias\/2025\/12\/19\/abepra-convoca-comite-tecnico-para-discutir-planos-dos-portos-secos-e-clias\/","name":"ABEPRA convoca Comit\u00ea T\u00e9cnico para discutir planos dos portos secos e CLIAs. - Motorista.com.br","isPartOf":{"@id":"https:\/\/motorista.com.br\/noticias\/#website"},"primaryImageOfPage":{"@id":"https:\/\/motorista.com.br\/noticias\/2025\/12\/19\/abepra-convoca-comite-tecnico-para-discutir-planos-dos-portos-secos-e-clias\/#primaryimage"},"image":{"@id":"https:\/\/motorista.com.br\/noticias\/2025\/12\/19\/abepra-convoca-comite-tecnico-para-discutir-planos-dos-portos-secos-e-clias\/#primaryimage"},"thumbnailUrl":"https:\/\/motorista.com.br\/noticias\/wp-content\/uploads\/2025\/12\/WhatsApp-Image-2025-12-19-at-14.29.57.jpeg","datePublished":"2025-12-19T18:28:59+00:00","breadcrumb":{"@id":"https:\/\/motorista.com.br\/noticias\/2025\/12\/19\/abepra-convoca-comite-tecnico-para-discutir-planos-dos-portos-secos-e-clias\/#breadcrumb"},"inLanguage":"pt-BR","potentialAction":[{"@type":"ReadAction","target":["https:\/\/motorista.com.br\/noticias\/2025\/12\/19\/abepra-convoca-comite-tecnico-para-discutir-planos-dos-portos-secos-e-clias\/"]}]},{"@type":"ImageObject","inLanguage":"pt-BR","@id":"https:\/\/motorista.com.br\/noticias\/2025\/12\/19\/abepra-convoca-comite-tecnico-para-discutir-planos-dos-portos-secos-e-clias\/#primaryimage","url":"https:\/\/motorista.com.br\/noticias\/wp-content\/uploads\/2025\/12\/WhatsApp-Image-2025-12-19-at-14.29.57.jpeg","contentUrl":"https:\/\/motorista.com.br\/noticias\/wp-content\/uploads\/2025\/12\/WhatsApp-Image-2025-12-19-at-14.29.57.jpeg","width":1280,"height":852},{"@type":"BreadcrumbList","@id":"https:\/\/motorista.com.br\/noticias\/2025\/12\/19\/abepra-convoca-comite-tecnico-para-discutir-planos-dos-portos-secos-e-clias\/#breadcrumb","itemListElement":[{"@type":"ListItem","position":1,"name":"In\u00edcio","item":"https:\/\/motorista.com.br\/noticias\/"},{"@type":"ListItem","position":2,"name":"ABEPRA convoca Comit\u00ea T\u00e9cnico para discutir planos dos portos secos e CLIAs."}]},{"@type":"WebSite","@id":"https:\/\/motorista.com.br\/noticias\/#website","url":"https:\/\/motorista.com.br\/noticias\/","name":"Motorista.com.br","description":"Not\u00edcia do Motorista","publisher":{"@id":"https:\/\/motorista.com.br\/noticias\/#organization"},"potentialAction":[{"@type":"SearchAction","target":{"@type":"EntryPoint","urlTemplate":"https:\/\/motorista.com.br\/noticias\/?s={search_term_string}"},"query-input":{"@type":"PropertyValueSpecification","valueRequired":true,"valueName":"search_term_string"}}],"inLanguage":"pt-BR"},{"@type":"Organization","@id":"https:\/\/motorista.com.br\/noticias\/#organization","name":"Motorista.com.br","url":"https:\/\/motorista.com.br\/noticias\/","logo":{"@type":"ImageObject","inLanguage":"pt-BR","@id":"https:\/\/motorista.com.br\/noticias\/#\/schema\/logo\/image\/","url":"https:\/\/motorista.com.br\/noticias\/wp-content\/uploads\/2025\/06\/Design-sem-nome-9.png","contentUrl":"https:\/\/motorista.com.br\/noticias\/wp-content\/uploads\/2025\/06\/Design-sem-nome-9.png","width":150,"height":85,"caption":"Motorista.com.br"},"image":{"@id":"https:\/\/motorista.com.br\/noticias\/#\/schema\/logo\/image\/"}},{"@type":"Person","@id":"https:\/\/motorista.com.br\/noticias\/#\/schema\/person\/dc93afc2981c0e3ce6bc3c053fd847be","name":"Equipe Reda\u00e7\u00e3o","image":{"@type":"ImageObject","inLanguage":"pt-BR","@id":"https:\/\/secure.gravatar.com\/avatar\/4f525efbf18dd2bb300ccad28bfb99d95a9465a5ba268407c8c37b37e1f28d2d?s=96&d=mm&r=g9e099043a0c61e9ae27e293b9fa75ffc","url":"https:\/\/secure.gravatar.com\/avatar\/4f525efbf18dd2bb300ccad28bfb99d95a9465a5ba268407c8c37b37e1f28d2d?s=96&d=mm&r=g","contentUrl":"https:\/\/secure.gravatar.com\/avatar\/4f525efbf18dd2bb300ccad28bfb99d95a9465a5ba268407c8c37b37e1f28d2d?s=96&d=mm&r=g","caption":"Equipe Reda\u00e7\u00e3o"},"description":"Equipe de reda\u00e7\u00e3o \u00e9 um grupo de profissionais que trabalham juntos para criar conte\u00fado escrito para Motorista.com.br","url":"https:\/\/motorista.com.br\/noticias\/author\/equiperedacao\/"}]}},"_links":{"self":[{"href":"https:\/\/motorista.com.br\/noticias\/wp-json\/wp\/v2\/posts\/5297","targetHints":{"allow":["GET"]}}],"collection":[{"href":"https:\/\/motorista.com.br\/noticias\/wp-json\/wp\/v2\/posts"}],"about":[{"href":"https:\/\/motorista.com.br\/noticias\/wp-json\/wp\/v2\/types\/post"}],"author":[{"embeddable":true,"href":"https:\/\/motorista.com.br\/noticias\/wp-json\/wp\/v2\/users\/4"}],"replies":[{"embeddable":true,"href":"https:\/\/motorista.com.br\/noticias\/wp-json\/wp\/v2\/comments?post=5297"}],"version-history":[{"count":0,"href":"https:\/\/motorista.com.br\/noticias\/wp-json\/wp\/v2\/posts\/5297\/revisions"}],"wp:featuredmedia":[{"embeddable":true,"href":"https:\/\/motorista.com.br\/noticias\/wp-json\/wp\/v2\/media\/5298"}],"wp:attachment":[{"href":"https:\/\/motorista.com.br\/noticias\/wp-json\/wp\/v2\/media?parent=5297"}],"wp:term":[{"taxonomy":"category","embeddable":true,"href":"https:\/\/motorista.com.br\/noticias\/wp-json\/wp\/v2\/categories?post=5297"},{"taxonomy":"post_tag","embeddable":true,"href":"https:\/\/motorista.com.br\/noticias\/wp-json\/wp\/v2\/tags?post=5297"},{"taxonomy":"author","embeddable":true,"href":"https:\/\/motorista.com.br\/noticias\/wp-json\/wp\/v2\/coauthors?post=5297"}],"curies":[{"name":"wp","href":"https:\/\/api.w.org\/{rel}","templated":true}]}}