{"id":5294,"date":"2025-12-19T14:43:47","date_gmt":"2025-12-19T17:43:47","guid":{"rendered":"https:\/\/motorista.com.br\/noticias\/2025\/12\/19\/prazo-final-para-pagar-a-segunda-parcela-do-13-e-hoje-aprenda-a-calcular\/"},"modified":"2025-12-19T14:43:47","modified_gmt":"2025-12-19T17:43:47","slug":"prazo-final-para-pagar-a-segunda-parcela-do-13-e-hoje-aprenda-a-calcular","status":"publish","type":"post","link":"https:\/\/motorista.com.br\/noticias\/2025\/12\/19\/prazo-final-para-pagar-a-segunda-parcela-do-13-e-hoje-aprenda-a-calcular\/","title":{"rendered":"Prazo final para pagar a segunda parcela do 13\u00b0 \u00e9 hoje; aprenda a calcular"},"content":{"rendered":"<p><\/p>\n<p><strong>Prazo para pagar a segunda parcela do d\u00e9cimo terceiro sal\u00e1rio acaba hoje; veja como calcular<\/strong><\/p>\n<p>O tempo est\u00e1 passando rapidamente nesta sexta-feira. Al\u00e9m das compras de Natal e da agenda cheia, hoje \u00e9 o \u00faltimo dia para as empresas realizarem o pagamento da segunda parcela do d\u00e9cimo terceiro sal\u00e1rio de 2025.<\/p>\n<p>Embora a legisla\u00e7\u00e3o estipule que o prazo final \u00e9 20 de dezembro, este ano o dia cai em um s\u00e1bado, demandando que o dep\u00f3sito seja feito at\u00e9 hoje. O n\u00e3o cumprimento pode resultar em multas administrativas e outras penalidades previstas na legisla\u00e7\u00e3o trabalhista.<\/p>\n<p>A gratifica\u00e7\u00e3o natalina \u00e9 um direito garantido a todos os trabalhadores contratados sob o regime CLT que tenham trabalhado ao menos 15 dias no ano e n\u00e3o tenham sido demitidos por justa causa.<\/p>\n<h3>Por que a segunda parcela do 13\u00b0 sal\u00e1rio \u00e9 menor?<\/h3>\n<p>Ao contr\u00e1rio da primeira parcela, paga em novembro sem descontos, a segunda parcela \u00e9 sujeita a dedu\u00e7\u00f5es de INSS e Imposto de Renda, o que resulta em um valor mais reduzido.<\/p>\n<h3>Quem recebe o d\u00e9cimo terceiro hoje?<\/h3>\n<p>O pagamento dentro do prazo se aplica exclusivamente a trabalhadores ativos. Aposentados e pensionistas do INSS j\u00e1 receberam sua gratifica\u00e7\u00e3o de maneira antecipada entre abril e junho. Tamb\u00e9m t\u00eam direito ao benef\u00edcio:<\/p>\n<ul>\n<li>Trabalhadores em licen\u00e7a-maternidade;<\/li>\n<li>Empregados afastados por doen\u00e7a ou acidente;<\/li>\n<li>Profissionais demitidos sem justa causa que receber\u00e3o o valor proporcional junto com a rescis\u00e3o.<\/li>\n<\/ul>\n<p>\u00c9 importante observar que aqueles desligados por justa causa n\u00e3o t\u00eam direito ao d\u00e9cimo terceiro.<\/p>\n<h3>Como \u00e9 feito o c\u00e1lculo?<\/h3>\n<p>O d\u00e9cimo terceiro corresponde a um sal\u00e1rio, caso o trabalhador tenha atuado durante o ano inteiro. Aqueles que trabalharam por menos tempo recebem um valor proporcional aos meses trabalhados, levando em conta apenas os meses em que houve mais de 15 dias de trabalho.<\/p>\n<h3>Um dinheiro que move o pa\u00eds<\/h3>\n<p>Al\u00e9m de impactar a conta individual de cada trabalhador, o d\u00e9cimo terceiro tem um efeito relevante na economia em geral. A estimativa \u00e9 que o pagamento do benef\u00edcio injete cerca de R$ 370 bilh\u00f5es na economia, o que ajuda n\u00e3o apenas a pagar d\u00edvidas e a refor\u00e7ar a ceia natalina, mas tamb\u00e9m a dinamizar o consumo e o com\u00e9rcio local. Esse aumento no fluxo financeiro tem um papel importante na melhoria da mobilidade urbana, j\u00e1 que maior liquidez permite aos motoristas e transeuntes maiores oportunidades de viajar e se deslocar, contribuindo assim para um ambiente de mobilidade mais ativo e vibrante.<\/p>\n<h3>E se a empresa n\u00e3o pagar?<\/h3>\n<p>Embora seja uma obriga\u00e7\u00e3o legal, problemas com atrasos ainda acontecem. Nesses casos, o trabalhador pode buscar aux\u00edlio do sindicato da categoria ou recorrer \u00e0 Justi\u00e7a do Trabalho. A empresa que n\u00e3o respeitar o prazo est\u00e1 sujeita a penalidades, o que tamb\u00e9m pode afetar sua reputa\u00e7\u00e3o e opera\u00e7\u00e3o.<\/p>\n<p><strong>Fonte: Money Times<\/strong><\/p>\n","protected":false},"excerpt":{"rendered":"<p>Prazo para pagar a segunda parcela do d\u00e9cimo terceiro sal\u00e1rio acaba hoje; veja como calcular O tempo est\u00e1 passando rapidamente nesta sexta-feira. Al\u00e9m das compras de Natal e da agenda cheia, hoje \u00e9 o \u00faltimo dia para as empresas realizarem o pagamento da segunda parcela do d\u00e9cimo terceiro sal\u00e1rio de 2025. Embora a legisla\u00e7\u00e3o estipule &hellip;<\/p>\n","protected":false},"author":4,"featured_media":5199,"comment_status":"","ping_status":"open","sticky":false,"template":"","format":"standard","meta":{"footnotes":""},"categories":[61],"tags":[],"coauthors":[42],"class_list":["post-5294","post","type-post","status-publish","format-standard","has-post-thumbnail","hentry","category-mercado-financeiro"],"yoast_head":"<!-- This site is optimized with the Yoast SEO Premium plugin v25.5 (Yoast SEO v27.4) - https:\/\/yoast.com\/product\/yoast-seo-premium-wordpress\/ -->\n<title>Prazo final para pagar a segunda parcela do 13\u00b0 \u00e9 hoje; aprenda a calcular - Motorista.com.br<\/title>\n<meta name=\"robots\" content=\"index, follow, max-snippet:-1, max-image-preview:large, max-video-preview:-1\" \/>\n<link rel=\"canonical\" href=\"https:\/\/motorista.com.br\/noticias\/2025\/12\/19\/prazo-final-para-pagar-a-segunda-parcela-do-13-e-hoje-aprenda-a-calcular\/\" \/>\n<meta property=\"og:locale\" content=\"pt_BR\" \/>\n<meta property=\"og:type\" content=\"article\" \/>\n<meta property=\"og:title\" content=\"Prazo final para pagar a segunda parcela do 13\u00b0 \u00e9 hoje; aprenda a calcular\" \/>\n<meta property=\"og:description\" content=\"Prazo para pagar a segunda parcela do d\u00e9cimo terceiro sal\u00e1rio acaba hoje; veja como calcular O tempo est\u00e1 passando rapidamente nesta sexta-feira. Al\u00e9m das compras de Natal e da agenda cheia, hoje \u00e9 o \u00faltimo dia para as empresas realizarem o pagamento da segunda parcela do d\u00e9cimo terceiro sal\u00e1rio de 2025. Embora a legisla\u00e7\u00e3o estipule &hellip;\" \/>\n<meta property=\"og:url\" content=\"https:\/\/motorista.com.br\/noticias\/2025\/12\/19\/prazo-final-para-pagar-a-segunda-parcela-do-13-e-hoje-aprenda-a-calcular\/\" \/>\n<meta property=\"og:site_name\" content=\"Motorista.com.br\" \/>\n<meta property=\"article:published_time\" content=\"2025-12-19T17:43:47+00:00\" \/>\n<meta name=\"author\" content=\"Equipe Reda\u00e7\u00e3o\" \/>\n<meta name=\"twitter:card\" content=\"summary_large_image\" \/>\n<meta name=\"twitter:label1\" content=\"Escrito por\" \/>\n\t<meta name=\"twitter:data1\" content=\"Equipe Reda\u00e7\u00e3o\" \/>\n\t<meta name=\"twitter:label2\" content=\"Est. tempo de leitura\" \/>\n\t<meta name=\"twitter:data2\" content=\"2 minutos\" \/>\n\t<meta name=\"twitter:label3\" content=\"Written by\" \/>\n\t<meta name=\"twitter:data3\" content=\"Equipe Reda\u00e7\u00e3o\" \/>\n<script type=\"application\/ld+json\" class=\"yoast-schema-graph\">{\"@context\":\"https:\\\/\\\/schema.org\",\"@graph\":[{\"@type\":\"Article\",\"@id\":\"https:\\\/\\\/motorista.com.br\\\/noticias\\\/2025\\\/12\\\/19\\\/prazo-final-para-pagar-a-segunda-parcela-do-13-e-hoje-aprenda-a-calcular\\\/#article\",\"isPartOf\":{\"@id\":\"https:\\\/\\\/motorista.com.br\\\/noticias\\\/2025\\\/12\\\/19\\\/prazo-final-para-pagar-a-segunda-parcela-do-13-e-hoje-aprenda-a-calcular\\\/\"},\"author\":{\"name\":\"Equipe Reda\u00e7\u00e3o\",\"@id\":\"https:\\\/\\\/motorista.com.br\\\/noticias\\\/#\\\/schema\\\/person\\\/dc93afc2981c0e3ce6bc3c053fd847be\"},\"headline\":\"Prazo final para pagar a segunda parcela do 13\u00b0 \u00e9 hoje; aprenda a calcular\",\"datePublished\":\"2025-12-19T17:43:47+00:00\",\"mainEntityOfPage\":{\"@id\":\"https:\\\/\\\/motorista.com.br\\\/noticias\\\/2025\\\/12\\\/19\\\/prazo-final-para-pagar-a-segunda-parcela-do-13-e-hoje-aprenda-a-calcular\\\/\"},\"wordCount\":501,\"publisher\":{\"@id\":\"https:\\\/\\\/motorista.com.br\\\/noticias\\\/#organization\"},\"image\":{\"@id\":\"https:\\\/\\\/motorista.com.br\\\/noticias\\\/2025\\\/12\\\/19\\\/prazo-final-para-pagar-a-segunda-parcela-do-13-e-hoje-aprenda-a-calcular\\\/#primaryimage\"},\"thumbnailUrl\":\"https:\\\/\\\/motorista.com.br\\\/noticias\\\/wp-content\\\/uploads\\\/2025\\\/12\\\/decimo-terceiro-13-salario-capa-mt-1.jpg\",\"articleSection\":[\"Mercado Financeiro\"],\"inLanguage\":\"pt-BR\"},{\"@type\":\"WebPage\",\"@id\":\"https:\\\/\\\/motorista.com.br\\\/noticias\\\/2025\\\/12\\\/19\\\/prazo-final-para-pagar-a-segunda-parcela-do-13-e-hoje-aprenda-a-calcular\\\/\",\"url\":\"https:\\\/\\\/motorista.com.br\\\/noticias\\\/2025\\\/12\\\/19\\\/prazo-final-para-pagar-a-segunda-parcela-do-13-e-hoje-aprenda-a-calcular\\\/\",\"name\":\"Prazo final para pagar a segunda parcela do 13\u00b0 \u00e9 hoje; aprenda a calcular - Motorista.com.br\",\"isPartOf\":{\"@id\":\"https:\\\/\\\/motorista.com.br\\\/noticias\\\/#website\"},\"primaryImageOfPage\":{\"@id\":\"https:\\\/\\\/motorista.com.br\\\/noticias\\\/2025\\\/12\\\/19\\\/prazo-final-para-pagar-a-segunda-parcela-do-13-e-hoje-aprenda-a-calcular\\\/#primaryimage\"},\"image\":{\"@id\":\"https:\\\/\\\/motorista.com.br\\\/noticias\\\/2025\\\/12\\\/19\\\/prazo-final-para-pagar-a-segunda-parcela-do-13-e-hoje-aprenda-a-calcular\\\/#primaryimage\"},\"thumbnailUrl\":\"https:\\\/\\\/motorista.com.br\\\/noticias\\\/wp-content\\\/uploads\\\/2025\\\/12\\\/decimo-terceiro-13-salario-capa-mt-1.jpg\",\"datePublished\":\"2025-12-19T17:43:47+00:00\",\"breadcrumb\":{\"@id\":\"https:\\\/\\\/motorista.com.br\\\/noticias\\\/2025\\\/12\\\/19\\\/prazo-final-para-pagar-a-segunda-parcela-do-13-e-hoje-aprenda-a-calcular\\\/#breadcrumb\"},\"inLanguage\":\"pt-BR\",\"potentialAction\":[{\"@type\":\"ReadAction\",\"target\":[\"https:\\\/\\\/motorista.com.br\\\/noticias\\\/2025\\\/12\\\/19\\\/prazo-final-para-pagar-a-segunda-parcela-do-13-e-hoje-aprenda-a-calcular\\\/\"]}]},{\"@type\":\"ImageObject\",\"inLanguage\":\"pt-BR\",\"@id\":\"https:\\\/\\\/motorista.com.br\\\/noticias\\\/2025\\\/12\\\/19\\\/prazo-final-para-pagar-a-segunda-parcela-do-13-e-hoje-aprenda-a-calcular\\\/#primaryimage\",\"url\":\"https:\\\/\\\/motorista.com.br\\\/noticias\\\/wp-content\\\/uploads\\\/2025\\\/12\\\/decimo-terceiro-13-salario-capa-mt-1.jpg\",\"contentUrl\":\"https:\\\/\\\/motorista.com.br\\\/noticias\\\/wp-content\\\/uploads\\\/2025\\\/12\\\/decimo-terceiro-13-salario-capa-mt-1.jpg\",\"width\":1200,\"height\":750},{\"@type\":\"BreadcrumbList\",\"@id\":\"https:\\\/\\\/motorista.com.br\\\/noticias\\\/2025\\\/12\\\/19\\\/prazo-final-para-pagar-a-segunda-parcela-do-13-e-hoje-aprenda-a-calcular\\\/#breadcrumb\",\"itemListElement\":[{\"@type\":\"ListItem\",\"position\":1,\"name\":\"In\u00edcio\",\"item\":\"https:\\\/\\\/motorista.com.br\\\/noticias\\\/\"},{\"@type\":\"ListItem\",\"position\":2,\"name\":\"Prazo final para pagar a segunda parcela do 13\u00b0 \u00e9 hoje; aprenda a calcular\"}]},{\"@type\":\"WebSite\",\"@id\":\"https:\\\/\\\/motorista.com.br\\\/noticias\\\/#website\",\"url\":\"https:\\\/\\\/motorista.com.br\\\/noticias\\\/\",\"name\":\"Motorista.com.br\",\"description\":\"Not\u00edcia do Motorista\",\"publisher\":{\"@id\":\"https:\\\/\\\/motorista.com.br\\\/noticias\\\/#organization\"},\"potentialAction\":[{\"@type\":\"SearchAction\",\"target\":{\"@type\":\"EntryPoint\",\"urlTemplate\":\"https:\\\/\\\/motorista.com.br\\\/noticias\\\/?s={search_term_string}\"},\"query-input\":{\"@type\":\"PropertyValueSpecification\",\"valueRequired\":true,\"valueName\":\"search_term_string\"}}],\"inLanguage\":\"pt-BR\"},{\"@type\":\"Organization\",\"@id\":\"https:\\\/\\\/motorista.com.br\\\/noticias\\\/#organization\",\"name\":\"Motorista.com.br\",\"url\":\"https:\\\/\\\/motorista.com.br\\\/noticias\\\/\",\"logo\":{\"@type\":\"ImageObject\",\"inLanguage\":\"pt-BR\",\"@id\":\"https:\\\/\\\/motorista.com.br\\\/noticias\\\/#\\\/schema\\\/logo\\\/image\\\/\",\"url\":\"https:\\\/\\\/motorista.com.br\\\/noticias\\\/wp-content\\\/uploads\\\/2025\\\/06\\\/Design-sem-nome-9.png\",\"contentUrl\":\"https:\\\/\\\/motorista.com.br\\\/noticias\\\/wp-content\\\/uploads\\\/2025\\\/06\\\/Design-sem-nome-9.png\",\"width\":150,\"height\":85,\"caption\":\"Motorista.com.br\"},\"image\":{\"@id\":\"https:\\\/\\\/motorista.com.br\\\/noticias\\\/#\\\/schema\\\/logo\\\/image\\\/\"}},{\"@type\":\"Person\",\"@id\":\"https:\\\/\\\/motorista.com.br\\\/noticias\\\/#\\\/schema\\\/person\\\/dc93afc2981c0e3ce6bc3c053fd847be\",\"name\":\"Equipe Reda\u00e7\u00e3o\",\"image\":{\"@type\":\"ImageObject\",\"inLanguage\":\"pt-BR\",\"@id\":\"https:\\\/\\\/secure.gravatar.com\\\/avatar\\\/4f525efbf18dd2bb300ccad28bfb99d95a9465a5ba268407c8c37b37e1f28d2d?s=96&d=mm&r=g9e099043a0c61e9ae27e293b9fa75ffc\",\"url\":\"https:\\\/\\\/secure.gravatar.com\\\/avatar\\\/4f525efbf18dd2bb300ccad28bfb99d95a9465a5ba268407c8c37b37e1f28d2d?s=96&d=mm&r=g\",\"contentUrl\":\"https:\\\/\\\/secure.gravatar.com\\\/avatar\\\/4f525efbf18dd2bb300ccad28bfb99d95a9465a5ba268407c8c37b37e1f28d2d?s=96&d=mm&r=g\",\"caption\":\"Equipe Reda\u00e7\u00e3o\"},\"description\":\"Equipe de reda\u00e7\u00e3o \u00e9 um grupo de profissionais que trabalham juntos para criar conte\u00fado escrito para Motorista.com.br\",\"url\":\"https:\\\/\\\/motorista.com.br\\\/noticias\\\/author\\\/equiperedacao\\\/\"}]}<\/script>\n<!-- \/ Yoast SEO Premium plugin. -->","yoast_head_json":{"title":"Prazo final para pagar a segunda parcela do 13\u00b0 \u00e9 hoje; aprenda a calcular - Motorista.com.br","robots":{"index":"index","follow":"follow","max-snippet":"max-snippet:-1","max-image-preview":"max-image-preview:large","max-video-preview":"max-video-preview:-1"},"canonical":"https:\/\/motorista.com.br\/noticias\/2025\/12\/19\/prazo-final-para-pagar-a-segunda-parcela-do-13-e-hoje-aprenda-a-calcular\/","og_locale":"pt_BR","og_type":"article","og_title":"Prazo final para pagar a segunda parcela do 13\u00b0 \u00e9 hoje; aprenda a calcular","og_description":"Prazo para pagar a segunda parcela do d\u00e9cimo terceiro sal\u00e1rio acaba hoje; veja como calcular O tempo est\u00e1 passando rapidamente nesta sexta-feira. Al\u00e9m das compras de Natal e da agenda cheia, hoje \u00e9 o \u00faltimo dia para as empresas realizarem o pagamento da segunda parcela do d\u00e9cimo terceiro sal\u00e1rio de 2025. Embora a legisla\u00e7\u00e3o estipule &hellip;","og_url":"https:\/\/motorista.com.br\/noticias\/2025\/12\/19\/prazo-final-para-pagar-a-segunda-parcela-do-13-e-hoje-aprenda-a-calcular\/","og_site_name":"Motorista.com.br","article_published_time":"2025-12-19T17:43:47+00:00","author":"Equipe Reda\u00e7\u00e3o","twitter_card":"summary_large_image","twitter_misc":{"Escrito por":"Equipe Reda\u00e7\u00e3o","Est. tempo de leitura":"2 minutos","Written by":"Equipe Reda\u00e7\u00e3o"},"schema":{"@context":"https:\/\/schema.org","@graph":[{"@type":"Article","@id":"https:\/\/motorista.com.br\/noticias\/2025\/12\/19\/prazo-final-para-pagar-a-segunda-parcela-do-13-e-hoje-aprenda-a-calcular\/#article","isPartOf":{"@id":"https:\/\/motorista.com.br\/noticias\/2025\/12\/19\/prazo-final-para-pagar-a-segunda-parcela-do-13-e-hoje-aprenda-a-calcular\/"},"author":{"name":"Equipe Reda\u00e7\u00e3o","@id":"https:\/\/motorista.com.br\/noticias\/#\/schema\/person\/dc93afc2981c0e3ce6bc3c053fd847be"},"headline":"Prazo final para pagar a segunda parcela do 13\u00b0 \u00e9 hoje; aprenda a calcular","datePublished":"2025-12-19T17:43:47+00:00","mainEntityOfPage":{"@id":"https:\/\/motorista.com.br\/noticias\/2025\/12\/19\/prazo-final-para-pagar-a-segunda-parcela-do-13-e-hoje-aprenda-a-calcular\/"},"wordCount":501,"publisher":{"@id":"https:\/\/motorista.com.br\/noticias\/#organization"},"image":{"@id":"https:\/\/motorista.com.br\/noticias\/2025\/12\/19\/prazo-final-para-pagar-a-segunda-parcela-do-13-e-hoje-aprenda-a-calcular\/#primaryimage"},"thumbnailUrl":"https:\/\/motorista.com.br\/noticias\/wp-content\/uploads\/2025\/12\/decimo-terceiro-13-salario-capa-mt-1.jpg","articleSection":["Mercado Financeiro"],"inLanguage":"pt-BR"},{"@type":"WebPage","@id":"https:\/\/motorista.com.br\/noticias\/2025\/12\/19\/prazo-final-para-pagar-a-segunda-parcela-do-13-e-hoje-aprenda-a-calcular\/","url":"https:\/\/motorista.com.br\/noticias\/2025\/12\/19\/prazo-final-para-pagar-a-segunda-parcela-do-13-e-hoje-aprenda-a-calcular\/","name":"Prazo final para pagar a segunda parcela do 13\u00b0 \u00e9 hoje; aprenda a calcular - Motorista.com.br","isPartOf":{"@id":"https:\/\/motorista.com.br\/noticias\/#website"},"primaryImageOfPage":{"@id":"https:\/\/motorista.com.br\/noticias\/2025\/12\/19\/prazo-final-para-pagar-a-segunda-parcela-do-13-e-hoje-aprenda-a-calcular\/#primaryimage"},"image":{"@id":"https:\/\/motorista.com.br\/noticias\/2025\/12\/19\/prazo-final-para-pagar-a-segunda-parcela-do-13-e-hoje-aprenda-a-calcular\/#primaryimage"},"thumbnailUrl":"https:\/\/motorista.com.br\/noticias\/wp-content\/uploads\/2025\/12\/decimo-terceiro-13-salario-capa-mt-1.jpg","datePublished":"2025-12-19T17:43:47+00:00","breadcrumb":{"@id":"https:\/\/motorista.com.br\/noticias\/2025\/12\/19\/prazo-final-para-pagar-a-segunda-parcela-do-13-e-hoje-aprenda-a-calcular\/#breadcrumb"},"inLanguage":"pt-BR","potentialAction":[{"@type":"ReadAction","target":["https:\/\/motorista.com.br\/noticias\/2025\/12\/19\/prazo-final-para-pagar-a-segunda-parcela-do-13-e-hoje-aprenda-a-calcular\/"]}]},{"@type":"ImageObject","inLanguage":"pt-BR","@id":"https:\/\/motorista.com.br\/noticias\/2025\/12\/19\/prazo-final-para-pagar-a-segunda-parcela-do-13-e-hoje-aprenda-a-calcular\/#primaryimage","url":"https:\/\/motorista.com.br\/noticias\/wp-content\/uploads\/2025\/12\/decimo-terceiro-13-salario-capa-mt-1.jpg","contentUrl":"https:\/\/motorista.com.br\/noticias\/wp-content\/uploads\/2025\/12\/decimo-terceiro-13-salario-capa-mt-1.jpg","width":1200,"height":750},{"@type":"BreadcrumbList","@id":"https:\/\/motorista.com.br\/noticias\/2025\/12\/19\/prazo-final-para-pagar-a-segunda-parcela-do-13-e-hoje-aprenda-a-calcular\/#breadcrumb","itemListElement":[{"@type":"ListItem","position":1,"name":"In\u00edcio","item":"https:\/\/motorista.com.br\/noticias\/"},{"@type":"ListItem","position":2,"name":"Prazo final para pagar a segunda parcela do 13\u00b0 \u00e9 hoje; aprenda a calcular"}]},{"@type":"WebSite","@id":"https:\/\/motorista.com.br\/noticias\/#website","url":"https:\/\/motorista.com.br\/noticias\/","name":"Motorista.com.br","description":"Not\u00edcia do Motorista","publisher":{"@id":"https:\/\/motorista.com.br\/noticias\/#organization"},"potentialAction":[{"@type":"SearchAction","target":{"@type":"EntryPoint","urlTemplate":"https:\/\/motorista.com.br\/noticias\/?s={search_term_string}"},"query-input":{"@type":"PropertyValueSpecification","valueRequired":true,"valueName":"search_term_string"}}],"inLanguage":"pt-BR"},{"@type":"Organization","@id":"https:\/\/motorista.com.br\/noticias\/#organization","name":"Motorista.com.br","url":"https:\/\/motorista.com.br\/noticias\/","logo":{"@type":"ImageObject","inLanguage":"pt-BR","@id":"https:\/\/motorista.com.br\/noticias\/#\/schema\/logo\/image\/","url":"https:\/\/motorista.com.br\/noticias\/wp-content\/uploads\/2025\/06\/Design-sem-nome-9.png","contentUrl":"https:\/\/motorista.com.br\/noticias\/wp-content\/uploads\/2025\/06\/Design-sem-nome-9.png","width":150,"height":85,"caption":"Motorista.com.br"},"image":{"@id":"https:\/\/motorista.com.br\/noticias\/#\/schema\/logo\/image\/"}},{"@type":"Person","@id":"https:\/\/motorista.com.br\/noticias\/#\/schema\/person\/dc93afc2981c0e3ce6bc3c053fd847be","name":"Equipe Reda\u00e7\u00e3o","image":{"@type":"ImageObject","inLanguage":"pt-BR","@id":"https:\/\/secure.gravatar.com\/avatar\/4f525efbf18dd2bb300ccad28bfb99d95a9465a5ba268407c8c37b37e1f28d2d?s=96&d=mm&r=g9e099043a0c61e9ae27e293b9fa75ffc","url":"https:\/\/secure.gravatar.com\/avatar\/4f525efbf18dd2bb300ccad28bfb99d95a9465a5ba268407c8c37b37e1f28d2d?s=96&d=mm&r=g","contentUrl":"https:\/\/secure.gravatar.com\/avatar\/4f525efbf18dd2bb300ccad28bfb99d95a9465a5ba268407c8c37b37e1f28d2d?s=96&d=mm&r=g","caption":"Equipe Reda\u00e7\u00e3o"},"description":"Equipe de reda\u00e7\u00e3o \u00e9 um grupo de profissionais que trabalham juntos para criar conte\u00fado escrito para Motorista.com.br","url":"https:\/\/motorista.com.br\/noticias\/author\/equiperedacao\/"}]}},"_links":{"self":[{"href":"https:\/\/motorista.com.br\/noticias\/wp-json\/wp\/v2\/posts\/5294","targetHints":{"allow":["GET"]}}],"collection":[{"href":"https:\/\/motorista.com.br\/noticias\/wp-json\/wp\/v2\/posts"}],"about":[{"href":"https:\/\/motorista.com.br\/noticias\/wp-json\/wp\/v2\/types\/post"}],"author":[{"embeddable":true,"href":"https:\/\/motorista.com.br\/noticias\/wp-json\/wp\/v2\/users\/4"}],"replies":[{"embeddable":true,"href":"https:\/\/motorista.com.br\/noticias\/wp-json\/wp\/v2\/comments?post=5294"}],"version-history":[{"count":0,"href":"https:\/\/motorista.com.br\/noticias\/wp-json\/wp\/v2\/posts\/5294\/revisions"}],"wp:featuredmedia":[{"embeddable":true,"href":"https:\/\/motorista.com.br\/noticias\/wp-json\/wp\/v2\/media\/5199"}],"wp:attachment":[{"href":"https:\/\/motorista.com.br\/noticias\/wp-json\/wp\/v2\/media?parent=5294"}],"wp:term":[{"taxonomy":"category","embeddable":true,"href":"https:\/\/motorista.com.br\/noticias\/wp-json\/wp\/v2\/categories?post=5294"},{"taxonomy":"post_tag","embeddable":true,"href":"https:\/\/motorista.com.br\/noticias\/wp-json\/wp\/v2\/tags?post=5294"},{"taxonomy":"author","embeddable":true,"href":"https:\/\/motorista.com.br\/noticias\/wp-json\/wp\/v2\/coauthors?post=5294"}],"curies":[{"name":"wp","href":"https:\/\/api.w.org\/{rel}","templated":true}]}}