{"id":5293,"date":"2025-12-19T12:54:56","date_gmt":"2025-12-19T15:54:56","guid":{"rendered":"https:\/\/motorista.com.br\/noticias\/2025\/12\/19\/tributacao-de-dividendos-e-simples-nacional-entenda-a-questao-da-lei-15-270-2025\/"},"modified":"2025-12-19T12:54:56","modified_gmt":"2025-12-19T15:54:56","slug":"tributacao-de-dividendos-e-simples-nacional-entenda-a-questao-da-lei-15-270-2025","status":"publish","type":"post","link":"https:\/\/motorista.com.br\/noticias\/2025\/12\/19\/tributacao-de-dividendos-e-simples-nacional-entenda-a-questao-da-lei-15-270-2025\/","title":{"rendered":"Tributa\u00e7\u00e3o de dividendos e Simples Nacional: entenda a quest\u00e3o da Lei 15.270\/2025."},"content":{"rendered":"<p><\/p>\n<p><strong>A nova tributa\u00e7\u00e3o de dividendos atinge o Simples Nacional? Entenda a pol\u00eamica da Lei n\u00ba 15.270\/2025<\/strong><\/p>\n<p>Por muitos anos, a isen\u00e7\u00e3o do Imposto de Renda sobre lucros e dividendos distribu\u00eddos a pessoas f\u00edsicas foi um pilar para compensar a elevada carga tribut\u00e1ria enfrentada pelas empresas no Brasil. O racioc\u00ednio era simples: se um empres\u00e1rio j\u00e1 arca com impostos altos na pessoa jur\u00eddica, \u00e9 justo que n\u00e3o seja onerado no momento de distribuir os lucros.<\/p>\n<p>Contudo, a Lei n\u00ba 15.270\/2025, que entrou em vigor em janeiro de 2026, mudou essa din\u00e2mica. Com o intuito de compensar a perda de arrecada\u00e7\u00e3o pela eleva\u00e7\u00e3o da faixa de isen\u00e7\u00e3o do IRPF para rendas mensais de at\u00e9 R$ 5 mil, a nova legisla\u00e7\u00e3o implementou a chamada \u201ctributa\u00e7\u00e3o de altas rendas\u201d. Essa mudan\u00e7a estabelece a reten\u00e7\u00e3o de 10% de imposto de renda na fonte quando os lucros e dividendos ultrapassarem R$ 50 mil mensais.<\/p>\n<p>Mas uma quest\u00e3o fundamental emergiu: a nova tributa\u00e7\u00e3o se aplica \u00e0s empresas optantes pelo Simples Nacional? A falta de uma regulamenta\u00e7\u00e3o clara para esse regime simplificado deixou muitas empresas em um estado de inseguran\u00e7a jur\u00eddica.<\/p>\n<p>A legisla\u00e7\u00e3o do Simples Nacional, estabelecida na Lei Complementar n\u00ba 123\/2006, garante isen\u00e7\u00e3o do Imposto de Renda para os lucros distribu\u00eddos, exceto em casos de pr\u00f3-labore ou servi\u00e7os prestados. Essa isen\u00e7\u00e3o \u00e9 um elemento crucial do regime, projetado para impulsionar as micro e pequenas empresas. Portanto, a d\u00favida que se levanta \u00e9 se essa isen\u00e7\u00e3o se mant\u00e9m diante da nova legisla\u00e7\u00e3o.<\/p>\n<p>O debate gira em torno de um poss\u00edvel conflito entre a Lei 15.270\/2025 e a Lei Complementar 123\/2006. A primeira, por seu teor geral, parecia abranger todos os empres\u00e1rios, enquanto a segunda \u00e9 espec\u00edfica para as micro e pequenas empresas. A interpreta\u00e7\u00e3o mais l\u00f3gica sugere que as regras do Simples Nacional devem prevalecer, pois a nova lei n\u00e3o menciona explicitamente essas empresas.<\/p>\n<p>\u00c9 crucial que se mantenha a seguran\u00e7a jur\u00eddica nesse contexto. Apesar de argumentos jur\u00eddicos robustos que sustentam a n\u00e3o aplica\u00e7\u00e3o da Lei 15.270\/2025 ao Simples Nacional, existe um risco potencial de autua\u00e7\u00e3o fiscal. A interpreta\u00e7\u00e3o mais rigorosa do Fisco pode levar a lit\u00edgios, uma vez que deve-se garantir que os direitos \u00e0 isen\u00e7\u00e3o nas distribui\u00e7\u00f5es de lucros sejam respeitados.<\/p>\n<p>Em suma, as altera\u00e7\u00f5es na legisla\u00e7\u00e3o tribut\u00e1ria devem ser encaradas sob uma perspectiva sist\u00eamica, respeitando os princ\u00edpios e regras especiais do Simples Nacional. A continuidade da isen\u00e7\u00e3o na distribui\u00e7\u00e3o de lucros \u00e9 vital para a sa\u00fade financeira das micro e pequenas empresas, que desempenham um papel crucial na mobilidade econ\u00f4mica e na cria\u00e7\u00e3o de empregos no Brasil. \u00c9 fundamental que as mudan\u00e7as na legisla\u00e7\u00e3o sejam claras e sem lacunas, beneficiando efetivamente aqueles que mais necessitam, ao inv\u00e9s de sacrificar a seguran\u00e7a jur\u00eddica por conveni\u00eancias pol\u00edticas.<\/p>\n<p>Com isso, a discuss\u00e3o sobre a nova tributa\u00e7\u00e3o de dividendos destaca a import\u00e2ncia de um regime tribut\u00e1rio justo e que favore\u00e7a a mobilidade econ\u00f4mica, refletindo as necessidades reais das empresas brasileiras.<\/p>\n<p><strong>Fonte: www.reformatributaria<\/strong><\/p>\n","protected":false},"excerpt":{"rendered":"<p>A nova tributa\u00e7\u00e3o de dividendos atinge o Simples Nacional? Entenda a pol\u00eamica da Lei n\u00ba 15.270\/2025 Por muitos anos, a isen\u00e7\u00e3o do Imposto de Renda sobre lucros e dividendos distribu\u00eddos a pessoas f\u00edsicas foi um pilar para compensar a elevada carga tribut\u00e1ria enfrentada pelas empresas no Brasil. O racioc\u00ednio era simples: se um empres\u00e1rio j\u00e1 &hellip;<\/p>\n","protected":false},"author":4,"featured_media":1595,"comment_status":"","ping_status":"open","sticky":false,"template":"","format":"standard","meta":{"footnotes":""},"categories":[35],"tags":[],"coauthors":[42],"class_list":["post-5293","post","type-post","status-publish","format-standard","has-post-thumbnail","hentry","category-legislacao"],"yoast_head":"<!-- This site is optimized with the Yoast SEO Premium plugin v25.5 (Yoast SEO v27.4) - https:\/\/yoast.com\/product\/yoast-seo-premium-wordpress\/ -->\n<title>Tributa\u00e7\u00e3o de dividendos e Simples Nacional: entenda a quest\u00e3o da Lei 15.270\/2025. - Motorista.com.br<\/title>\n<meta name=\"robots\" content=\"index, follow, max-snippet:-1, max-image-preview:large, max-video-preview:-1\" \/>\n<link rel=\"canonical\" href=\"https:\/\/motorista.com.br\/noticias\/2025\/12\/19\/tributacao-de-dividendos-e-simples-nacional-entenda-a-questao-da-lei-15-270-2025\/\" \/>\n<meta property=\"og:locale\" content=\"pt_BR\" \/>\n<meta property=\"og:type\" content=\"article\" \/>\n<meta property=\"og:title\" content=\"Tributa\u00e7\u00e3o de dividendos e Simples Nacional: entenda a quest\u00e3o da Lei 15.270\/2025.\" \/>\n<meta property=\"og:description\" content=\"A nova tributa\u00e7\u00e3o de dividendos atinge o Simples Nacional? Entenda a pol\u00eamica da Lei n\u00ba 15.270\/2025 Por muitos anos, a isen\u00e7\u00e3o do Imposto de Renda sobre lucros e dividendos distribu\u00eddos a pessoas f\u00edsicas foi um pilar para compensar a elevada carga tribut\u00e1ria enfrentada pelas empresas no Brasil. O racioc\u00ednio era simples: se um empres\u00e1rio j\u00e1 &hellip;\" \/>\n<meta property=\"og:url\" content=\"https:\/\/motorista.com.br\/noticias\/2025\/12\/19\/tributacao-de-dividendos-e-simples-nacional-entenda-a-questao-da-lei-15-270-2025\/\" \/>\n<meta property=\"og:site_name\" content=\"Motorista.com.br\" \/>\n<meta property=\"article:published_time\" content=\"2025-12-19T15:54:56+00:00\" \/>\n<meta name=\"author\" content=\"Equipe Reda\u00e7\u00e3o\" \/>\n<meta name=\"twitter:card\" content=\"summary_large_image\" \/>\n<meta name=\"twitter:label1\" content=\"Escrito por\" \/>\n\t<meta name=\"twitter:data1\" content=\"Equipe Reda\u00e7\u00e3o\" \/>\n\t<meta name=\"twitter:label2\" content=\"Est. tempo de leitura\" \/>\n\t<meta name=\"twitter:data2\" content=\"3 minutos\" \/>\n\t<meta name=\"twitter:label3\" content=\"Written by\" \/>\n\t<meta name=\"twitter:data3\" content=\"Equipe Reda\u00e7\u00e3o\" \/>\n<script type=\"application\/ld+json\" class=\"yoast-schema-graph\">{\"@context\":\"https:\\\/\\\/schema.org\",\"@graph\":[{\"@type\":\"Article\",\"@id\":\"https:\\\/\\\/motorista.com.br\\\/noticias\\\/2025\\\/12\\\/19\\\/tributacao-de-dividendos-e-simples-nacional-entenda-a-questao-da-lei-15-270-2025\\\/#article\",\"isPartOf\":{\"@id\":\"https:\\\/\\\/motorista.com.br\\\/noticias\\\/2025\\\/12\\\/19\\\/tributacao-de-dividendos-e-simples-nacional-entenda-a-questao-da-lei-15-270-2025\\\/\"},\"author\":{\"name\":\"Equipe Reda\u00e7\u00e3o\",\"@id\":\"https:\\\/\\\/motorista.com.br\\\/noticias\\\/#\\\/schema\\\/person\\\/dc93afc2981c0e3ce6bc3c053fd847be\"},\"headline\":\"Tributa\u00e7\u00e3o de dividendos e Simples Nacional: entenda a quest\u00e3o da Lei 15.270\\\/2025.\",\"datePublished\":\"2025-12-19T15:54:56+00:00\",\"mainEntityOfPage\":{\"@id\":\"https:\\\/\\\/motorista.com.br\\\/noticias\\\/2025\\\/12\\\/19\\\/tributacao-de-dividendos-e-simples-nacional-entenda-a-questao-da-lei-15-270-2025\\\/\"},\"wordCount\":551,\"publisher\":{\"@id\":\"https:\\\/\\\/motorista.com.br\\\/noticias\\\/#organization\"},\"image\":{\"@id\":\"https:\\\/\\\/motorista.com.br\\\/noticias\\\/2025\\\/12\\\/19\\\/tributacao-de-dividendos-e-simples-nacional-entenda-a-questao-da-lei-15-270-2025\\\/#primaryimage\"},\"thumbnailUrl\":\"https:\\\/\\\/motorista.com.br\\\/noticias\\\/wp-content\\\/uploads\\\/2025\\\/07\\\/Simples_Nacional.jpg\",\"articleSection\":[\"Legisla\u00e7\u00e3o\"],\"inLanguage\":\"pt-BR\"},{\"@type\":\"WebPage\",\"@id\":\"https:\\\/\\\/motorista.com.br\\\/noticias\\\/2025\\\/12\\\/19\\\/tributacao-de-dividendos-e-simples-nacional-entenda-a-questao-da-lei-15-270-2025\\\/\",\"url\":\"https:\\\/\\\/motorista.com.br\\\/noticias\\\/2025\\\/12\\\/19\\\/tributacao-de-dividendos-e-simples-nacional-entenda-a-questao-da-lei-15-270-2025\\\/\",\"name\":\"Tributa\u00e7\u00e3o de dividendos e Simples Nacional: entenda a quest\u00e3o da Lei 15.270\\\/2025. - Motorista.com.br\",\"isPartOf\":{\"@id\":\"https:\\\/\\\/motorista.com.br\\\/noticias\\\/#website\"},\"primaryImageOfPage\":{\"@id\":\"https:\\\/\\\/motorista.com.br\\\/noticias\\\/2025\\\/12\\\/19\\\/tributacao-de-dividendos-e-simples-nacional-entenda-a-questao-da-lei-15-270-2025\\\/#primaryimage\"},\"image\":{\"@id\":\"https:\\\/\\\/motorista.com.br\\\/noticias\\\/2025\\\/12\\\/19\\\/tributacao-de-dividendos-e-simples-nacional-entenda-a-questao-da-lei-15-270-2025\\\/#primaryimage\"},\"thumbnailUrl\":\"https:\\\/\\\/motorista.com.br\\\/noticias\\\/wp-content\\\/uploads\\\/2025\\\/07\\\/Simples_Nacional.jpg\",\"datePublished\":\"2025-12-19T15:54:56+00:00\",\"breadcrumb\":{\"@id\":\"https:\\\/\\\/motorista.com.br\\\/noticias\\\/2025\\\/12\\\/19\\\/tributacao-de-dividendos-e-simples-nacional-entenda-a-questao-da-lei-15-270-2025\\\/#breadcrumb\"},\"inLanguage\":\"pt-BR\",\"potentialAction\":[{\"@type\":\"ReadAction\",\"target\":[\"https:\\\/\\\/motorista.com.br\\\/noticias\\\/2025\\\/12\\\/19\\\/tributacao-de-dividendos-e-simples-nacional-entenda-a-questao-da-lei-15-270-2025\\\/\"]}]},{\"@type\":\"ImageObject\",\"inLanguage\":\"pt-BR\",\"@id\":\"https:\\\/\\\/motorista.com.br\\\/noticias\\\/2025\\\/12\\\/19\\\/tributacao-de-dividendos-e-simples-nacional-entenda-a-questao-da-lei-15-270-2025\\\/#primaryimage\",\"url\":\"https:\\\/\\\/motorista.com.br\\\/noticias\\\/wp-content\\\/uploads\\\/2025\\\/07\\\/Simples_Nacional.jpg\",\"contentUrl\":\"https:\\\/\\\/motorista.com.br\\\/noticias\\\/wp-content\\\/uploads\\\/2025\\\/07\\\/Simples_Nacional.jpg\",\"width\":1053,\"height\":690},{\"@type\":\"BreadcrumbList\",\"@id\":\"https:\\\/\\\/motorista.com.br\\\/noticias\\\/2025\\\/12\\\/19\\\/tributacao-de-dividendos-e-simples-nacional-entenda-a-questao-da-lei-15-270-2025\\\/#breadcrumb\",\"itemListElement\":[{\"@type\":\"ListItem\",\"position\":1,\"name\":\"In\u00edcio\",\"item\":\"https:\\\/\\\/motorista.com.br\\\/noticias\\\/\"},{\"@type\":\"ListItem\",\"position\":2,\"name\":\"Tributa\u00e7\u00e3o de dividendos e Simples Nacional: entenda a quest\u00e3o da Lei 15.270\\\/2025.\"}]},{\"@type\":\"WebSite\",\"@id\":\"https:\\\/\\\/motorista.com.br\\\/noticias\\\/#website\",\"url\":\"https:\\\/\\\/motorista.com.br\\\/noticias\\\/\",\"name\":\"Motorista.com.br\",\"description\":\"Not\u00edcia do Motorista\",\"publisher\":{\"@id\":\"https:\\\/\\\/motorista.com.br\\\/noticias\\\/#organization\"},\"potentialAction\":[{\"@type\":\"SearchAction\",\"target\":{\"@type\":\"EntryPoint\",\"urlTemplate\":\"https:\\\/\\\/motorista.com.br\\\/noticias\\\/?s={search_term_string}\"},\"query-input\":{\"@type\":\"PropertyValueSpecification\",\"valueRequired\":true,\"valueName\":\"search_term_string\"}}],\"inLanguage\":\"pt-BR\"},{\"@type\":\"Organization\",\"@id\":\"https:\\\/\\\/motorista.com.br\\\/noticias\\\/#organization\",\"name\":\"Motorista.com.br\",\"url\":\"https:\\\/\\\/motorista.com.br\\\/noticias\\\/\",\"logo\":{\"@type\":\"ImageObject\",\"inLanguage\":\"pt-BR\",\"@id\":\"https:\\\/\\\/motorista.com.br\\\/noticias\\\/#\\\/schema\\\/logo\\\/image\\\/\",\"url\":\"https:\\\/\\\/motorista.com.br\\\/noticias\\\/wp-content\\\/uploads\\\/2025\\\/06\\\/Design-sem-nome-9.png\",\"contentUrl\":\"https:\\\/\\\/motorista.com.br\\\/noticias\\\/wp-content\\\/uploads\\\/2025\\\/06\\\/Design-sem-nome-9.png\",\"width\":150,\"height\":85,\"caption\":\"Motorista.com.br\"},\"image\":{\"@id\":\"https:\\\/\\\/motorista.com.br\\\/noticias\\\/#\\\/schema\\\/logo\\\/image\\\/\"}},{\"@type\":\"Person\",\"@id\":\"https:\\\/\\\/motorista.com.br\\\/noticias\\\/#\\\/schema\\\/person\\\/dc93afc2981c0e3ce6bc3c053fd847be\",\"name\":\"Equipe Reda\u00e7\u00e3o\",\"image\":{\"@type\":\"ImageObject\",\"inLanguage\":\"pt-BR\",\"@id\":\"https:\\\/\\\/secure.gravatar.com\\\/avatar\\\/4f525efbf18dd2bb300ccad28bfb99d95a9465a5ba268407c8c37b37e1f28d2d?s=96&d=mm&r=g9e099043a0c61e9ae27e293b9fa75ffc\",\"url\":\"https:\\\/\\\/secure.gravatar.com\\\/avatar\\\/4f525efbf18dd2bb300ccad28bfb99d95a9465a5ba268407c8c37b37e1f28d2d?s=96&d=mm&r=g\",\"contentUrl\":\"https:\\\/\\\/secure.gravatar.com\\\/avatar\\\/4f525efbf18dd2bb300ccad28bfb99d95a9465a5ba268407c8c37b37e1f28d2d?s=96&d=mm&r=g\",\"caption\":\"Equipe Reda\u00e7\u00e3o\"},\"description\":\"Equipe de reda\u00e7\u00e3o \u00e9 um grupo de profissionais que trabalham juntos para criar conte\u00fado escrito para Motorista.com.br\",\"url\":\"https:\\\/\\\/motorista.com.br\\\/noticias\\\/author\\\/equiperedacao\\\/\"}]}<\/script>\n<!-- \/ Yoast SEO Premium plugin. -->","yoast_head_json":{"title":"Tributa\u00e7\u00e3o de dividendos e Simples Nacional: entenda a quest\u00e3o da Lei 15.270\/2025. - Motorista.com.br","robots":{"index":"index","follow":"follow","max-snippet":"max-snippet:-1","max-image-preview":"max-image-preview:large","max-video-preview":"max-video-preview:-1"},"canonical":"https:\/\/motorista.com.br\/noticias\/2025\/12\/19\/tributacao-de-dividendos-e-simples-nacional-entenda-a-questao-da-lei-15-270-2025\/","og_locale":"pt_BR","og_type":"article","og_title":"Tributa\u00e7\u00e3o de dividendos e Simples Nacional: entenda a quest\u00e3o da Lei 15.270\/2025.","og_description":"A nova tributa\u00e7\u00e3o de dividendos atinge o Simples Nacional? Entenda a pol\u00eamica da Lei n\u00ba 15.270\/2025 Por muitos anos, a isen\u00e7\u00e3o do Imposto de Renda sobre lucros e dividendos distribu\u00eddos a pessoas f\u00edsicas foi um pilar para compensar a elevada carga tribut\u00e1ria enfrentada pelas empresas no Brasil. O racioc\u00ednio era simples: se um empres\u00e1rio j\u00e1 &hellip;","og_url":"https:\/\/motorista.com.br\/noticias\/2025\/12\/19\/tributacao-de-dividendos-e-simples-nacional-entenda-a-questao-da-lei-15-270-2025\/","og_site_name":"Motorista.com.br","article_published_time":"2025-12-19T15:54:56+00:00","author":"Equipe Reda\u00e7\u00e3o","twitter_card":"summary_large_image","twitter_misc":{"Escrito por":"Equipe Reda\u00e7\u00e3o","Est. tempo de leitura":"3 minutos","Written by":"Equipe Reda\u00e7\u00e3o"},"schema":{"@context":"https:\/\/schema.org","@graph":[{"@type":"Article","@id":"https:\/\/motorista.com.br\/noticias\/2025\/12\/19\/tributacao-de-dividendos-e-simples-nacional-entenda-a-questao-da-lei-15-270-2025\/#article","isPartOf":{"@id":"https:\/\/motorista.com.br\/noticias\/2025\/12\/19\/tributacao-de-dividendos-e-simples-nacional-entenda-a-questao-da-lei-15-270-2025\/"},"author":{"name":"Equipe Reda\u00e7\u00e3o","@id":"https:\/\/motorista.com.br\/noticias\/#\/schema\/person\/dc93afc2981c0e3ce6bc3c053fd847be"},"headline":"Tributa\u00e7\u00e3o de dividendos e Simples Nacional: entenda a quest\u00e3o da Lei 15.270\/2025.","datePublished":"2025-12-19T15:54:56+00:00","mainEntityOfPage":{"@id":"https:\/\/motorista.com.br\/noticias\/2025\/12\/19\/tributacao-de-dividendos-e-simples-nacional-entenda-a-questao-da-lei-15-270-2025\/"},"wordCount":551,"publisher":{"@id":"https:\/\/motorista.com.br\/noticias\/#organization"},"image":{"@id":"https:\/\/motorista.com.br\/noticias\/2025\/12\/19\/tributacao-de-dividendos-e-simples-nacional-entenda-a-questao-da-lei-15-270-2025\/#primaryimage"},"thumbnailUrl":"https:\/\/motorista.com.br\/noticias\/wp-content\/uploads\/2025\/07\/Simples_Nacional.jpg","articleSection":["Legisla\u00e7\u00e3o"],"inLanguage":"pt-BR"},{"@type":"WebPage","@id":"https:\/\/motorista.com.br\/noticias\/2025\/12\/19\/tributacao-de-dividendos-e-simples-nacional-entenda-a-questao-da-lei-15-270-2025\/","url":"https:\/\/motorista.com.br\/noticias\/2025\/12\/19\/tributacao-de-dividendos-e-simples-nacional-entenda-a-questao-da-lei-15-270-2025\/","name":"Tributa\u00e7\u00e3o de dividendos e Simples Nacional: entenda a quest\u00e3o da Lei 15.270\/2025. - Motorista.com.br","isPartOf":{"@id":"https:\/\/motorista.com.br\/noticias\/#website"},"primaryImageOfPage":{"@id":"https:\/\/motorista.com.br\/noticias\/2025\/12\/19\/tributacao-de-dividendos-e-simples-nacional-entenda-a-questao-da-lei-15-270-2025\/#primaryimage"},"image":{"@id":"https:\/\/motorista.com.br\/noticias\/2025\/12\/19\/tributacao-de-dividendos-e-simples-nacional-entenda-a-questao-da-lei-15-270-2025\/#primaryimage"},"thumbnailUrl":"https:\/\/motorista.com.br\/noticias\/wp-content\/uploads\/2025\/07\/Simples_Nacional.jpg","datePublished":"2025-12-19T15:54:56+00:00","breadcrumb":{"@id":"https:\/\/motorista.com.br\/noticias\/2025\/12\/19\/tributacao-de-dividendos-e-simples-nacional-entenda-a-questao-da-lei-15-270-2025\/#breadcrumb"},"inLanguage":"pt-BR","potentialAction":[{"@type":"ReadAction","target":["https:\/\/motorista.com.br\/noticias\/2025\/12\/19\/tributacao-de-dividendos-e-simples-nacional-entenda-a-questao-da-lei-15-270-2025\/"]}]},{"@type":"ImageObject","inLanguage":"pt-BR","@id":"https:\/\/motorista.com.br\/noticias\/2025\/12\/19\/tributacao-de-dividendos-e-simples-nacional-entenda-a-questao-da-lei-15-270-2025\/#primaryimage","url":"https:\/\/motorista.com.br\/noticias\/wp-content\/uploads\/2025\/07\/Simples_Nacional.jpg","contentUrl":"https:\/\/motorista.com.br\/noticias\/wp-content\/uploads\/2025\/07\/Simples_Nacional.jpg","width":1053,"height":690},{"@type":"BreadcrumbList","@id":"https:\/\/motorista.com.br\/noticias\/2025\/12\/19\/tributacao-de-dividendos-e-simples-nacional-entenda-a-questao-da-lei-15-270-2025\/#breadcrumb","itemListElement":[{"@type":"ListItem","position":1,"name":"In\u00edcio","item":"https:\/\/motorista.com.br\/noticias\/"},{"@type":"ListItem","position":2,"name":"Tributa\u00e7\u00e3o de dividendos e Simples Nacional: entenda a quest\u00e3o da Lei 15.270\/2025."}]},{"@type":"WebSite","@id":"https:\/\/motorista.com.br\/noticias\/#website","url":"https:\/\/motorista.com.br\/noticias\/","name":"Motorista.com.br","description":"Not\u00edcia do Motorista","publisher":{"@id":"https:\/\/motorista.com.br\/noticias\/#organization"},"potentialAction":[{"@type":"SearchAction","target":{"@type":"EntryPoint","urlTemplate":"https:\/\/motorista.com.br\/noticias\/?s={search_term_string}"},"query-input":{"@type":"PropertyValueSpecification","valueRequired":true,"valueName":"search_term_string"}}],"inLanguage":"pt-BR"},{"@type":"Organization","@id":"https:\/\/motorista.com.br\/noticias\/#organization","name":"Motorista.com.br","url":"https:\/\/motorista.com.br\/noticias\/","logo":{"@type":"ImageObject","inLanguage":"pt-BR","@id":"https:\/\/motorista.com.br\/noticias\/#\/schema\/logo\/image\/","url":"https:\/\/motorista.com.br\/noticias\/wp-content\/uploads\/2025\/06\/Design-sem-nome-9.png","contentUrl":"https:\/\/motorista.com.br\/noticias\/wp-content\/uploads\/2025\/06\/Design-sem-nome-9.png","width":150,"height":85,"caption":"Motorista.com.br"},"image":{"@id":"https:\/\/motorista.com.br\/noticias\/#\/schema\/logo\/image\/"}},{"@type":"Person","@id":"https:\/\/motorista.com.br\/noticias\/#\/schema\/person\/dc93afc2981c0e3ce6bc3c053fd847be","name":"Equipe Reda\u00e7\u00e3o","image":{"@type":"ImageObject","inLanguage":"pt-BR","@id":"https:\/\/secure.gravatar.com\/avatar\/4f525efbf18dd2bb300ccad28bfb99d95a9465a5ba268407c8c37b37e1f28d2d?s=96&d=mm&r=g9e099043a0c61e9ae27e293b9fa75ffc","url":"https:\/\/secure.gravatar.com\/avatar\/4f525efbf18dd2bb300ccad28bfb99d95a9465a5ba268407c8c37b37e1f28d2d?s=96&d=mm&r=g","contentUrl":"https:\/\/secure.gravatar.com\/avatar\/4f525efbf18dd2bb300ccad28bfb99d95a9465a5ba268407c8c37b37e1f28d2d?s=96&d=mm&r=g","caption":"Equipe Reda\u00e7\u00e3o"},"description":"Equipe de reda\u00e7\u00e3o \u00e9 um grupo de profissionais que trabalham juntos para criar conte\u00fado escrito para Motorista.com.br","url":"https:\/\/motorista.com.br\/noticias\/author\/equiperedacao\/"}]}},"_links":{"self":[{"href":"https:\/\/motorista.com.br\/noticias\/wp-json\/wp\/v2\/posts\/5293","targetHints":{"allow":["GET"]}}],"collection":[{"href":"https:\/\/motorista.com.br\/noticias\/wp-json\/wp\/v2\/posts"}],"about":[{"href":"https:\/\/motorista.com.br\/noticias\/wp-json\/wp\/v2\/types\/post"}],"author":[{"embeddable":true,"href":"https:\/\/motorista.com.br\/noticias\/wp-json\/wp\/v2\/users\/4"}],"replies":[{"embeddable":true,"href":"https:\/\/motorista.com.br\/noticias\/wp-json\/wp\/v2\/comments?post=5293"}],"version-history":[{"count":0,"href":"https:\/\/motorista.com.br\/noticias\/wp-json\/wp\/v2\/posts\/5293\/revisions"}],"wp:featuredmedia":[{"embeddable":true,"href":"https:\/\/motorista.com.br\/noticias\/wp-json\/wp\/v2\/media\/1595"}],"wp:attachment":[{"href":"https:\/\/motorista.com.br\/noticias\/wp-json\/wp\/v2\/media?parent=5293"}],"wp:term":[{"taxonomy":"category","embeddable":true,"href":"https:\/\/motorista.com.br\/noticias\/wp-json\/wp\/v2\/categories?post=5293"},{"taxonomy":"post_tag","embeddable":true,"href":"https:\/\/motorista.com.br\/noticias\/wp-json\/wp\/v2\/tags?post=5293"},{"taxonomy":"author","embeddable":true,"href":"https:\/\/motorista.com.br\/noticias\/wp-json\/wp\/v2\/coauthors?post=5293"}],"curies":[{"name":"wp","href":"https:\/\/api.w.org\/{rel}","templated":true}]}}