{"id":5291,"date":"2025-12-19T10:43:02","date_gmt":"2025-12-19T13:43:02","guid":{"rendered":"https:\/\/motorista.com.br\/noticias\/2025\/12\/19\/parceria-entre-mercedes-benz-e-prefeitura-de-zarate-para-desenvolvimento-industrial\/"},"modified":"2025-12-19T10:43:02","modified_gmt":"2025-12-19T13:43:02","slug":"parceria-entre-mercedes-benz-e-prefeitura-de-zarate-para-desenvolvimento-industrial","status":"publish","type":"post","link":"https:\/\/motorista.com.br\/noticias\/2025\/12\/19\/parceria-entre-mercedes-benz-e-prefeitura-de-zarate-para-desenvolvimento-industrial\/","title":{"rendered":"Parceria entre Mercedes-Benz e Prefeitura de Z\u00e1rate para desenvolvimento industrial."},"content":{"rendered":"<p><\/p>\n<h2>Parceria entre Mercedes-Benz Caminh\u00f5es e \u00d4nibus e Prefeitura de Z\u00e1rate: Promovendo Desenvolvimento Industrial e Qualifica\u00e7\u00e3o Profissional<\/h2>\n<p>Recentemente, a Prefeitura de Z\u00e1rate firmou um acordo de colabora\u00e7\u00e3o com a Mercedes-Benz Caminh\u00f5es e \u00d4nibus Argentina, cujo objetivo \u00e9 promover o desenvolvimento industrial e a capacita\u00e7\u00e3o profissional na regi\u00e3o. O projeto n\u00e3o apenas pretende aumentar a efici\u00eancia da produ\u00e7\u00e3o, mas tamb\u00e9m impactar positivamente a mobilidade urbana e a qualidade de vida dos motoristas e da comunidade em geral.<\/p>\n<h3>Desenvolvimento Industrial e Gera\u00e7\u00e3o de Emprego<\/h3>\n<p>A nova instala\u00e7\u00e3o da Mercedes-Benz em Z\u00e1rate, prevista para iniciar operations em 2026, representa um avan\u00e7o significativo para a economia local. Segundo Ra\u00fal Barcesat, Presidente e CEO da empresa, a colabora\u00e7\u00e3o com a comunidade \u00e9 fundamental para a cria\u00e7\u00e3o de valor compartilhado. Essa iniciativa promete n\u00e3o apenas a gera\u00e7\u00e3o de empregos diretos, mas tamb\u00e9m a capacita\u00e7\u00e3o de profissionais, preparando-os para atender \u00e0s demandas do setor automotivo e da log\u00edstica moderna.<\/p>\n<p>Essa qualifica\u00e7\u00e3o profissional \u00e9 crucial em um momento em que a demanda por motoristas qualificados e operadores de m\u00e1quinas \u00e9 crescente. A parceria permitir\u00e1 que os moradores de Z\u00e1rate acessem oportunidades de trabalho de qualidade, contribuindo para a revitaliza\u00e7\u00e3o da economia local e reduzindo a migra\u00e7\u00e3o de jovens em busca de emprego em outras cidades.<\/p>\n<h3>Mobilidade Sustent\u00e1vel<\/h3>\n<p>Al\u00e9m dos benef\u00edcios econ\u00f4micos, a parceria est\u00e1 alinhada com as pr\u00e1ticas de sustentabilidade da Mercedes-Benz, que busca um desenvolvimento respons\u00e1vel e com impacto positivo nas comunidades. Como parte da estrat\u00e9gia ESG (Ambiental, Social e de Governan\u00e7a), a empresa pretende implementar solu\u00e7\u00f5es que minimizem os impactos ambientais enquanto melhora a infraestrutura de mobilidade.<\/p>\n<p>Essa abordagem \u00e9 fundamental para motoristas, pois, com a revitaliza\u00e7\u00e3o da ind\u00fastria automotiva na regi\u00e3o, espera-se que haja uma melhoria na qualidade das vias e nos servi\u00e7os de transporte. Investimentos em tecnologia e inova\u00e7\u00e3o prometem trazer caminh\u00f5es e \u00f4nibus mais eficientes, contribuindo para uma frota mais sustent\u00e1vel e menos poluente.<\/p>\n<h3>Impacto na Comunidade<\/h3>\n<p>O prefeito de Z\u00e1rate, Marcelo Matzkin, enfatizou que o acordo n\u00e3o s\u00f3 visa fortalecer a atividade econ\u00f4mica, mas tamb\u00e9m melhorar a qualidade de vida para todos os moradores da cidade. Ao inv\u00e9s de aumentar taxas, a administra\u00e7\u00e3o municipal busca atrair investimentos que beneficiem o setor produtivo, o que, por sua vez, gera um ciclo virtuoso de crescimento econ\u00f4mico e social.<\/p>\n<p>Com a implementa\u00e7\u00e3o do Centro Industrial, a Prefeitura espera que os efeitos positivos se tornem vis\u00edveis rapidamente, melhorando o cen\u00e1rio econ\u00f4mico e proporcionando novas op\u00e7\u00f5es para a comunidade local.<\/p>\n<h3>Conclus\u00e3o<\/h3>\n<p>A parceria entre a Mercedes-Benz Caminh\u00f5es e \u00d4nibus e a Prefeitura de Z\u00e1rate representa um passo significativo na dire\u00e7\u00e3o do desenvolvimento industrial e da qualifica\u00e7\u00e3o profissional. Com a promessa de novos empregos, a melhoria da mobilidade urbana e um compromisso com a sustentabilidade, essa iniciativa certamente trar\u00e1 benef\u00edcios tang\u00edveis para motoristas e para a comunidade como um todo.<\/p>\n<p><strong>Fonte: blogdocaminhoneiro<\/strong><\/p>\n","protected":false},"excerpt":{"rendered":"<p>Parceria entre Mercedes-Benz Caminh\u00f5es e \u00d4nibus e Prefeitura de Z\u00e1rate: Promovendo Desenvolvimento Industrial e Qualifica\u00e7\u00e3o Profissional Recentemente, a Prefeitura de Z\u00e1rate firmou um acordo de colabora\u00e7\u00e3o com a Mercedes-Benz Caminh\u00f5es e \u00d4nibus Argentina, cujo objetivo \u00e9 promover o desenvolvimento industrial e a capacita\u00e7\u00e3o profissional na regi\u00e3o. O projeto n\u00e3o apenas pretende aumentar a efici\u00eancia da &hellip;<\/p>\n","protected":false},"author":4,"featured_media":5292,"comment_status":"","ping_status":"open","sticky":false,"template":"","format":"standard","meta":{"footnotes":""},"categories":[78,77],"tags":[],"coauthors":[42],"class_list":["post-5291","post","type-post","status-publish","format-standard","has-post-thumbnail","hentry","category-carreteiro","category-motorista"],"yoast_head":"<!-- This site is optimized with the Yoast SEO Premium plugin v25.5 (Yoast SEO v27.4) - https:\/\/yoast.com\/product\/yoast-seo-premium-wordpress\/ -->\n<title>Parceria entre Mercedes-Benz e Prefeitura de Z\u00e1rate para desenvolvimento industrial. - Motorista.com.br<\/title>\n<meta name=\"robots\" content=\"index, follow, max-snippet:-1, max-image-preview:large, max-video-preview:-1\" \/>\n<link rel=\"canonical\" href=\"https:\/\/motorista.com.br\/noticias\/2025\/12\/19\/parceria-entre-mercedes-benz-e-prefeitura-de-zarate-para-desenvolvimento-industrial\/\" \/>\n<meta property=\"og:locale\" content=\"pt_BR\" \/>\n<meta property=\"og:type\" content=\"article\" \/>\n<meta property=\"og:title\" content=\"Parceria entre Mercedes-Benz e Prefeitura de Z\u00e1rate para desenvolvimento industrial.\" \/>\n<meta property=\"og:description\" content=\"Parceria entre Mercedes-Benz Caminh\u00f5es e \u00d4nibus e Prefeitura de Z\u00e1rate: Promovendo Desenvolvimento Industrial e Qualifica\u00e7\u00e3o Profissional Recentemente, a Prefeitura de Z\u00e1rate firmou um acordo de colabora\u00e7\u00e3o com a Mercedes-Benz Caminh\u00f5es e \u00d4nibus Argentina, cujo objetivo \u00e9 promover o desenvolvimento industrial e a capacita\u00e7\u00e3o profissional na regi\u00e3o. O projeto n\u00e3o apenas pretende aumentar a efici\u00eancia da &hellip;\" \/>\n<meta property=\"og:url\" content=\"https:\/\/motorista.com.br\/noticias\/2025\/12\/19\/parceria-entre-mercedes-benz-e-prefeitura-de-zarate-para-desenvolvimento-industrial\/\" \/>\n<meta property=\"og:site_name\" content=\"Motorista.com.br\" \/>\n<meta property=\"article:published_time\" content=\"2025-12-19T13:43:02+00:00\" \/>\n<meta name=\"author\" content=\"Equipe Reda\u00e7\u00e3o\" \/>\n<meta name=\"twitter:card\" content=\"summary_large_image\" \/>\n<meta name=\"twitter:label1\" content=\"Escrito por\" \/>\n\t<meta name=\"twitter:data1\" content=\"Equipe Reda\u00e7\u00e3o\" \/>\n\t<meta name=\"twitter:label2\" content=\"Est. tempo de leitura\" \/>\n\t<meta name=\"twitter:data2\" content=\"3 minutos\" \/>\n\t<meta name=\"twitter:label3\" content=\"Written by\" \/>\n\t<meta name=\"twitter:data3\" content=\"Equipe Reda\u00e7\u00e3o\" \/>\n<script type=\"application\/ld+json\" class=\"yoast-schema-graph\">{\"@context\":\"https:\\\/\\\/schema.org\",\"@graph\":[{\"@type\":\"Article\",\"@id\":\"https:\\\/\\\/motorista.com.br\\\/noticias\\\/2025\\\/12\\\/19\\\/parceria-entre-mercedes-benz-e-prefeitura-de-zarate-para-desenvolvimento-industrial\\\/#article\",\"isPartOf\":{\"@id\":\"https:\\\/\\\/motorista.com.br\\\/noticias\\\/2025\\\/12\\\/19\\\/parceria-entre-mercedes-benz-e-prefeitura-de-zarate-para-desenvolvimento-industrial\\\/\"},\"author\":{\"name\":\"Equipe Reda\u00e7\u00e3o\",\"@id\":\"https:\\\/\\\/motorista.com.br\\\/noticias\\\/#\\\/schema\\\/person\\\/dc93afc2981c0e3ce6bc3c053fd847be\"},\"headline\":\"Parceria entre Mercedes-Benz e Prefeitura de Z\u00e1rate para desenvolvimento industrial.\",\"datePublished\":\"2025-12-19T13:43:02+00:00\",\"mainEntityOfPage\":{\"@id\":\"https:\\\/\\\/motorista.com.br\\\/noticias\\\/2025\\\/12\\\/19\\\/parceria-entre-mercedes-benz-e-prefeitura-de-zarate-para-desenvolvimento-industrial\\\/\"},\"wordCount\":532,\"publisher\":{\"@id\":\"https:\\\/\\\/motorista.com.br\\\/noticias\\\/#organization\"},\"image\":{\"@id\":\"https:\\\/\\\/motorista.com.br\\\/noticias\\\/2025\\\/12\\\/19\\\/parceria-entre-mercedes-benz-e-prefeitura-de-zarate-para-desenvolvimento-industrial\\\/#primaryimage\"},\"thumbnailUrl\":\"https:\\\/\\\/motorista.com.br\\\/noticias\\\/wp-content\\\/uploads\\\/2025\\\/12\\\/image001.jpg\",\"articleSection\":[\"Carreteiro\",\"Motorista\"],\"inLanguage\":\"pt-BR\"},{\"@type\":\"WebPage\",\"@id\":\"https:\\\/\\\/motorista.com.br\\\/noticias\\\/2025\\\/12\\\/19\\\/parceria-entre-mercedes-benz-e-prefeitura-de-zarate-para-desenvolvimento-industrial\\\/\",\"url\":\"https:\\\/\\\/motorista.com.br\\\/noticias\\\/2025\\\/12\\\/19\\\/parceria-entre-mercedes-benz-e-prefeitura-de-zarate-para-desenvolvimento-industrial\\\/\",\"name\":\"Parceria entre Mercedes-Benz e Prefeitura de Z\u00e1rate para desenvolvimento industrial. - Motorista.com.br\",\"isPartOf\":{\"@id\":\"https:\\\/\\\/motorista.com.br\\\/noticias\\\/#website\"},\"primaryImageOfPage\":{\"@id\":\"https:\\\/\\\/motorista.com.br\\\/noticias\\\/2025\\\/12\\\/19\\\/parceria-entre-mercedes-benz-e-prefeitura-de-zarate-para-desenvolvimento-industrial\\\/#primaryimage\"},\"image\":{\"@id\":\"https:\\\/\\\/motorista.com.br\\\/noticias\\\/2025\\\/12\\\/19\\\/parceria-entre-mercedes-benz-e-prefeitura-de-zarate-para-desenvolvimento-industrial\\\/#primaryimage\"},\"thumbnailUrl\":\"https:\\\/\\\/motorista.com.br\\\/noticias\\\/wp-content\\\/uploads\\\/2025\\\/12\\\/image001.jpg\",\"datePublished\":\"2025-12-19T13:43:02+00:00\",\"breadcrumb\":{\"@id\":\"https:\\\/\\\/motorista.com.br\\\/noticias\\\/2025\\\/12\\\/19\\\/parceria-entre-mercedes-benz-e-prefeitura-de-zarate-para-desenvolvimento-industrial\\\/#breadcrumb\"},\"inLanguage\":\"pt-BR\",\"potentialAction\":[{\"@type\":\"ReadAction\",\"target\":[\"https:\\\/\\\/motorista.com.br\\\/noticias\\\/2025\\\/12\\\/19\\\/parceria-entre-mercedes-benz-e-prefeitura-de-zarate-para-desenvolvimento-industrial\\\/\"]}]},{\"@type\":\"ImageObject\",\"inLanguage\":\"pt-BR\",\"@id\":\"https:\\\/\\\/motorista.com.br\\\/noticias\\\/2025\\\/12\\\/19\\\/parceria-entre-mercedes-benz-e-prefeitura-de-zarate-para-desenvolvimento-industrial\\\/#primaryimage\",\"url\":\"https:\\\/\\\/motorista.com.br\\\/noticias\\\/wp-content\\\/uploads\\\/2025\\\/12\\\/image001.jpg\",\"contentUrl\":\"https:\\\/\\\/motorista.com.br\\\/noticias\\\/wp-content\\\/uploads\\\/2025\\\/12\\\/image001.jpg\",\"width\":1300,\"height\":866},{\"@type\":\"BreadcrumbList\",\"@id\":\"https:\\\/\\\/motorista.com.br\\\/noticias\\\/2025\\\/12\\\/19\\\/parceria-entre-mercedes-benz-e-prefeitura-de-zarate-para-desenvolvimento-industrial\\\/#breadcrumb\",\"itemListElement\":[{\"@type\":\"ListItem\",\"position\":1,\"name\":\"In\u00edcio\",\"item\":\"https:\\\/\\\/motorista.com.br\\\/noticias\\\/\"},{\"@type\":\"ListItem\",\"position\":2,\"name\":\"Parceria entre Mercedes-Benz e Prefeitura de Z\u00e1rate para desenvolvimento industrial.\"}]},{\"@type\":\"WebSite\",\"@id\":\"https:\\\/\\\/motorista.com.br\\\/noticias\\\/#website\",\"url\":\"https:\\\/\\\/motorista.com.br\\\/noticias\\\/\",\"name\":\"Motorista.com.br\",\"description\":\"Not\u00edcia do Motorista\",\"publisher\":{\"@id\":\"https:\\\/\\\/motorista.com.br\\\/noticias\\\/#organization\"},\"potentialAction\":[{\"@type\":\"SearchAction\",\"target\":{\"@type\":\"EntryPoint\",\"urlTemplate\":\"https:\\\/\\\/motorista.com.br\\\/noticias\\\/?s={search_term_string}\"},\"query-input\":{\"@type\":\"PropertyValueSpecification\",\"valueRequired\":true,\"valueName\":\"search_term_string\"}}],\"inLanguage\":\"pt-BR\"},{\"@type\":\"Organization\",\"@id\":\"https:\\\/\\\/motorista.com.br\\\/noticias\\\/#organization\",\"name\":\"Motorista.com.br\",\"url\":\"https:\\\/\\\/motorista.com.br\\\/noticias\\\/\",\"logo\":{\"@type\":\"ImageObject\",\"inLanguage\":\"pt-BR\",\"@id\":\"https:\\\/\\\/motorista.com.br\\\/noticias\\\/#\\\/schema\\\/logo\\\/image\\\/\",\"url\":\"https:\\\/\\\/motorista.com.br\\\/noticias\\\/wp-content\\\/uploads\\\/2025\\\/06\\\/Design-sem-nome-9.png\",\"contentUrl\":\"https:\\\/\\\/motorista.com.br\\\/noticias\\\/wp-content\\\/uploads\\\/2025\\\/06\\\/Design-sem-nome-9.png\",\"width\":150,\"height\":85,\"caption\":\"Motorista.com.br\"},\"image\":{\"@id\":\"https:\\\/\\\/motorista.com.br\\\/noticias\\\/#\\\/schema\\\/logo\\\/image\\\/\"}},{\"@type\":\"Person\",\"@id\":\"https:\\\/\\\/motorista.com.br\\\/noticias\\\/#\\\/schema\\\/person\\\/dc93afc2981c0e3ce6bc3c053fd847be\",\"name\":\"Equipe Reda\u00e7\u00e3o\",\"image\":{\"@type\":\"ImageObject\",\"inLanguage\":\"pt-BR\",\"@id\":\"https:\\\/\\\/secure.gravatar.com\\\/avatar\\\/4f525efbf18dd2bb300ccad28bfb99d95a9465a5ba268407c8c37b37e1f28d2d?s=96&d=mm&r=g9e099043a0c61e9ae27e293b9fa75ffc\",\"url\":\"https:\\\/\\\/secure.gravatar.com\\\/avatar\\\/4f525efbf18dd2bb300ccad28bfb99d95a9465a5ba268407c8c37b37e1f28d2d?s=96&d=mm&r=g\",\"contentUrl\":\"https:\\\/\\\/secure.gravatar.com\\\/avatar\\\/4f525efbf18dd2bb300ccad28bfb99d95a9465a5ba268407c8c37b37e1f28d2d?s=96&d=mm&r=g\",\"caption\":\"Equipe Reda\u00e7\u00e3o\"},\"description\":\"Equipe de reda\u00e7\u00e3o \u00e9 um grupo de profissionais que trabalham juntos para criar conte\u00fado escrito para Motorista.com.br\",\"url\":\"https:\\\/\\\/motorista.com.br\\\/noticias\\\/author\\\/equiperedacao\\\/\"}]}<\/script>\n<!-- \/ Yoast SEO Premium plugin. -->","yoast_head_json":{"title":"Parceria entre Mercedes-Benz e Prefeitura de Z\u00e1rate para desenvolvimento industrial. - Motorista.com.br","robots":{"index":"index","follow":"follow","max-snippet":"max-snippet:-1","max-image-preview":"max-image-preview:large","max-video-preview":"max-video-preview:-1"},"canonical":"https:\/\/motorista.com.br\/noticias\/2025\/12\/19\/parceria-entre-mercedes-benz-e-prefeitura-de-zarate-para-desenvolvimento-industrial\/","og_locale":"pt_BR","og_type":"article","og_title":"Parceria entre Mercedes-Benz e Prefeitura de Z\u00e1rate para desenvolvimento industrial.","og_description":"Parceria entre Mercedes-Benz Caminh\u00f5es e \u00d4nibus e Prefeitura de Z\u00e1rate: Promovendo Desenvolvimento Industrial e Qualifica\u00e7\u00e3o Profissional Recentemente, a Prefeitura de Z\u00e1rate firmou um acordo de colabora\u00e7\u00e3o com a Mercedes-Benz Caminh\u00f5es e \u00d4nibus Argentina, cujo objetivo \u00e9 promover o desenvolvimento industrial e a capacita\u00e7\u00e3o profissional na regi\u00e3o. O projeto n\u00e3o apenas pretende aumentar a efici\u00eancia da &hellip;","og_url":"https:\/\/motorista.com.br\/noticias\/2025\/12\/19\/parceria-entre-mercedes-benz-e-prefeitura-de-zarate-para-desenvolvimento-industrial\/","og_site_name":"Motorista.com.br","article_published_time":"2025-12-19T13:43:02+00:00","author":"Equipe Reda\u00e7\u00e3o","twitter_card":"summary_large_image","twitter_misc":{"Escrito por":"Equipe Reda\u00e7\u00e3o","Est. tempo de leitura":"3 minutos","Written by":"Equipe Reda\u00e7\u00e3o"},"schema":{"@context":"https:\/\/schema.org","@graph":[{"@type":"Article","@id":"https:\/\/motorista.com.br\/noticias\/2025\/12\/19\/parceria-entre-mercedes-benz-e-prefeitura-de-zarate-para-desenvolvimento-industrial\/#article","isPartOf":{"@id":"https:\/\/motorista.com.br\/noticias\/2025\/12\/19\/parceria-entre-mercedes-benz-e-prefeitura-de-zarate-para-desenvolvimento-industrial\/"},"author":{"name":"Equipe Reda\u00e7\u00e3o","@id":"https:\/\/motorista.com.br\/noticias\/#\/schema\/person\/dc93afc2981c0e3ce6bc3c053fd847be"},"headline":"Parceria entre Mercedes-Benz e Prefeitura de Z\u00e1rate para desenvolvimento industrial.","datePublished":"2025-12-19T13:43:02+00:00","mainEntityOfPage":{"@id":"https:\/\/motorista.com.br\/noticias\/2025\/12\/19\/parceria-entre-mercedes-benz-e-prefeitura-de-zarate-para-desenvolvimento-industrial\/"},"wordCount":532,"publisher":{"@id":"https:\/\/motorista.com.br\/noticias\/#organization"},"image":{"@id":"https:\/\/motorista.com.br\/noticias\/2025\/12\/19\/parceria-entre-mercedes-benz-e-prefeitura-de-zarate-para-desenvolvimento-industrial\/#primaryimage"},"thumbnailUrl":"https:\/\/motorista.com.br\/noticias\/wp-content\/uploads\/2025\/12\/image001.jpg","articleSection":["Carreteiro","Motorista"],"inLanguage":"pt-BR"},{"@type":"WebPage","@id":"https:\/\/motorista.com.br\/noticias\/2025\/12\/19\/parceria-entre-mercedes-benz-e-prefeitura-de-zarate-para-desenvolvimento-industrial\/","url":"https:\/\/motorista.com.br\/noticias\/2025\/12\/19\/parceria-entre-mercedes-benz-e-prefeitura-de-zarate-para-desenvolvimento-industrial\/","name":"Parceria entre Mercedes-Benz e Prefeitura de Z\u00e1rate para desenvolvimento industrial. - Motorista.com.br","isPartOf":{"@id":"https:\/\/motorista.com.br\/noticias\/#website"},"primaryImageOfPage":{"@id":"https:\/\/motorista.com.br\/noticias\/2025\/12\/19\/parceria-entre-mercedes-benz-e-prefeitura-de-zarate-para-desenvolvimento-industrial\/#primaryimage"},"image":{"@id":"https:\/\/motorista.com.br\/noticias\/2025\/12\/19\/parceria-entre-mercedes-benz-e-prefeitura-de-zarate-para-desenvolvimento-industrial\/#primaryimage"},"thumbnailUrl":"https:\/\/motorista.com.br\/noticias\/wp-content\/uploads\/2025\/12\/image001.jpg","datePublished":"2025-12-19T13:43:02+00:00","breadcrumb":{"@id":"https:\/\/motorista.com.br\/noticias\/2025\/12\/19\/parceria-entre-mercedes-benz-e-prefeitura-de-zarate-para-desenvolvimento-industrial\/#breadcrumb"},"inLanguage":"pt-BR","potentialAction":[{"@type":"ReadAction","target":["https:\/\/motorista.com.br\/noticias\/2025\/12\/19\/parceria-entre-mercedes-benz-e-prefeitura-de-zarate-para-desenvolvimento-industrial\/"]}]},{"@type":"ImageObject","inLanguage":"pt-BR","@id":"https:\/\/motorista.com.br\/noticias\/2025\/12\/19\/parceria-entre-mercedes-benz-e-prefeitura-de-zarate-para-desenvolvimento-industrial\/#primaryimage","url":"https:\/\/motorista.com.br\/noticias\/wp-content\/uploads\/2025\/12\/image001.jpg","contentUrl":"https:\/\/motorista.com.br\/noticias\/wp-content\/uploads\/2025\/12\/image001.jpg","width":1300,"height":866},{"@type":"BreadcrumbList","@id":"https:\/\/motorista.com.br\/noticias\/2025\/12\/19\/parceria-entre-mercedes-benz-e-prefeitura-de-zarate-para-desenvolvimento-industrial\/#breadcrumb","itemListElement":[{"@type":"ListItem","position":1,"name":"In\u00edcio","item":"https:\/\/motorista.com.br\/noticias\/"},{"@type":"ListItem","position":2,"name":"Parceria entre Mercedes-Benz e Prefeitura de Z\u00e1rate para desenvolvimento industrial."}]},{"@type":"WebSite","@id":"https:\/\/motorista.com.br\/noticias\/#website","url":"https:\/\/motorista.com.br\/noticias\/","name":"Motorista.com.br","description":"Not\u00edcia do Motorista","publisher":{"@id":"https:\/\/motorista.com.br\/noticias\/#organization"},"potentialAction":[{"@type":"SearchAction","target":{"@type":"EntryPoint","urlTemplate":"https:\/\/motorista.com.br\/noticias\/?s={search_term_string}"},"query-input":{"@type":"PropertyValueSpecification","valueRequired":true,"valueName":"search_term_string"}}],"inLanguage":"pt-BR"},{"@type":"Organization","@id":"https:\/\/motorista.com.br\/noticias\/#organization","name":"Motorista.com.br","url":"https:\/\/motorista.com.br\/noticias\/","logo":{"@type":"ImageObject","inLanguage":"pt-BR","@id":"https:\/\/motorista.com.br\/noticias\/#\/schema\/logo\/image\/","url":"https:\/\/motorista.com.br\/noticias\/wp-content\/uploads\/2025\/06\/Design-sem-nome-9.png","contentUrl":"https:\/\/motorista.com.br\/noticias\/wp-content\/uploads\/2025\/06\/Design-sem-nome-9.png","width":150,"height":85,"caption":"Motorista.com.br"},"image":{"@id":"https:\/\/motorista.com.br\/noticias\/#\/schema\/logo\/image\/"}},{"@type":"Person","@id":"https:\/\/motorista.com.br\/noticias\/#\/schema\/person\/dc93afc2981c0e3ce6bc3c053fd847be","name":"Equipe Reda\u00e7\u00e3o","image":{"@type":"ImageObject","inLanguage":"pt-BR","@id":"https:\/\/secure.gravatar.com\/avatar\/4f525efbf18dd2bb300ccad28bfb99d95a9465a5ba268407c8c37b37e1f28d2d?s=96&d=mm&r=g9e099043a0c61e9ae27e293b9fa75ffc","url":"https:\/\/secure.gravatar.com\/avatar\/4f525efbf18dd2bb300ccad28bfb99d95a9465a5ba268407c8c37b37e1f28d2d?s=96&d=mm&r=g","contentUrl":"https:\/\/secure.gravatar.com\/avatar\/4f525efbf18dd2bb300ccad28bfb99d95a9465a5ba268407c8c37b37e1f28d2d?s=96&d=mm&r=g","caption":"Equipe Reda\u00e7\u00e3o"},"description":"Equipe de reda\u00e7\u00e3o \u00e9 um grupo de profissionais que trabalham juntos para criar conte\u00fado escrito para Motorista.com.br","url":"https:\/\/motorista.com.br\/noticias\/author\/equiperedacao\/"}]}},"_links":{"self":[{"href":"https:\/\/motorista.com.br\/noticias\/wp-json\/wp\/v2\/posts\/5291","targetHints":{"allow":["GET"]}}],"collection":[{"href":"https:\/\/motorista.com.br\/noticias\/wp-json\/wp\/v2\/posts"}],"about":[{"href":"https:\/\/motorista.com.br\/noticias\/wp-json\/wp\/v2\/types\/post"}],"author":[{"embeddable":true,"href":"https:\/\/motorista.com.br\/noticias\/wp-json\/wp\/v2\/users\/4"}],"replies":[{"embeddable":true,"href":"https:\/\/motorista.com.br\/noticias\/wp-json\/wp\/v2\/comments?post=5291"}],"version-history":[{"count":0,"href":"https:\/\/motorista.com.br\/noticias\/wp-json\/wp\/v2\/posts\/5291\/revisions"}],"wp:featuredmedia":[{"embeddable":true,"href":"https:\/\/motorista.com.br\/noticias\/wp-json\/wp\/v2\/media\/5292"}],"wp:attachment":[{"href":"https:\/\/motorista.com.br\/noticias\/wp-json\/wp\/v2\/media?parent=5291"}],"wp:term":[{"taxonomy":"category","embeddable":true,"href":"https:\/\/motorista.com.br\/noticias\/wp-json\/wp\/v2\/categories?post=5291"},{"taxonomy":"post_tag","embeddable":true,"href":"https:\/\/motorista.com.br\/noticias\/wp-json\/wp\/v2\/tags?post=5291"},{"taxonomy":"author","embeddable":true,"href":"https:\/\/motorista.com.br\/noticias\/wp-json\/wp\/v2\/coauthors?post=5291"}],"curies":[{"name":"wp","href":"https:\/\/api.w.org\/{rel}","templated":true}]}}