{"id":5285,"date":"2025-12-19T02:35:10","date_gmt":"2025-12-19T05:35:10","guid":{"rendered":"https:\/\/motorista.com.br\/noticias\/2025\/12\/19\/ibovespa-pode-ultrapassar-os-200-mil-pontos\/"},"modified":"2025-12-19T02:35:10","modified_gmt":"2025-12-19T05:35:10","slug":"ibovespa-pode-ultrapassar-os-200-mil-pontos","status":"publish","type":"post","link":"https:\/\/motorista.com.br\/noticias\/2025\/12\/19\/ibovespa-pode-ultrapassar-os-200-mil-pontos\/","title":{"rendered":"Ibovespa pode ultrapassar os 200 mil pontos?"},"content":{"rendered":"<p><\/p>\n<div>\n<div class=\"single_block_news_image\">\n        <img decoding=\"async\" src=\"https:\/\/www.moneytimes.com.br\/uploads\/2025\/11\/ibovespa-bolsa-barata.jpg\" alt=\"ibovespa bolsa barata\" fetchpriority=\"high\"\/><\/p>\n<p>CEO da Empiricus aponta que rejei\u00e7\u00f5es de Lula e Bolsonaro pesaram mais do que as agendas pol\u00edticas dos candidatos nas \u00faltimas elei\u00e7\u00f5es. (Imagem: iStock)<\/p>\n<\/p><\/div>\n<p>As vit\u00f3rias de <strong>Bolsonaro<\/strong> em 2018 e de <strong>Lula<\/strong> em 2022 foram mais influenciadas pelo sentimento do eleitor em rela\u00e7\u00e3o aos candidatos do que por suas propostas pol\u00edticas, de acordo com Felipe Miranda, CEO da Empiricus Research. Segundo ele, houve um grande movimento de rejei\u00e7\u00e3o que favoreceu ambos os candidatos, mais do que as suas plataformas eleitorais.<\/p>\n<p>\u201c<strong>Tem um erro de diagn\u00f3stico<\/strong>\u201d, destacou Miranda em um debate, enfatizando que sua cr\u00edtica \u00e0 din\u00e2mica eleitoral n\u00e3o diz respeito \u00e0s urnas. Ele observou que a escolha do eleitor foi menos sobre as propostas de um Estado mais social-democrata ou uma agenda liberal e mais sobre a rejei\u00e7\u00e3o dos candidatos.<\/p>\n<p>O analista ainda relembrou que, ap\u00f3s a vit\u00f3ria de Lula em 2022, houve uma onda de otimismo inicial na bolsa, impulsionada pelo hist\u00f3rico positivo do governo Lula entre 2003 e 2007. Contudo, essa percep\u00e7\u00e3o mudou ao longo do tempo, especialmente devido a uma pol\u00edtica fiscal considerada &#8220;frouxa&#8221; e ao \u201cexcesso de intervencionismo na economia\u201d, que resultaram em um impacto negativo para o mercado financeiro.<\/p>\n<h2 id=\"h-bolsa-ja-esta-precificando-as-eleicoes\" class=\"wp-block-heading\">Bolsa j\u00e1 est\u00e1 precificando as elei\u00e7\u00f5es?<\/h2>\n<p>Em rela\u00e7\u00e3o \u00e0s <strong>elei\u00e7\u00f5es presidenciais de 2026<\/strong>, Miranda acredita que ainda n\u00e3o h\u00e1 um impacto significativo sobre a bolsa de valores brasileira, apesar de ser uma das for\u00e7as que a influenciam. Ele acrescenta que outros fatores, como a expectativa de diminui\u00e7\u00e3o das taxas de juros e a tributa\u00e7\u00e3o de dividendos, tamb\u00e9m desempenham pap\u00e9is importantes nesse cen\u00e1rio.<\/p>\n<p>Contudo, ele prev\u00ea que, com a aproxima\u00e7\u00e3o do per\u00edodo eleitoral, a partir de abril do pr\u00f3ximo ano, pode ocorrer uma mudan\u00e7a na percep\u00e7\u00e3o do mercado, especialmente se houver expectativa por uma pol\u00edtica fiscal mais respons\u00e1vel em 2027.<\/p>\n<p>Miranda mencionou que uma figura pol\u00edtica que tem gerado simpatia no mercado \u00e9 <strong>Tarc\u00edsio de Freitas<\/strong>. A expectativa seria de uma pol\u00edtica fiscal austera, privatiza\u00e7\u00f5es e o Brasil se posicionando favoravelmente na cadeia de suprimento global. Ele afirma: \u201cSe [a vit\u00f3ria nas elei\u00e7\u00f5es] for \u00e0 direita, \u00e9 bolsa em <strong>200.000 pontos para mais<\/strong>.\u201d<\/p>\n<p>No entanto, para os investidores, n\u00e3o h\u00e1 motivo para p\u00e2nico, uma vez que a percep\u00e7\u00e3o dos investidores estrangeiros mostra que as diferen\u00e7as entre os candidatos s\u00e3o vistas de forma menos extrema. \u201c<strong>Tarc\u00edsio n\u00e3o vai levar o Brasil para ser a Noruega, e Lula n\u00e3o vai levar o Brasil para ser a Venezuela<\/strong>\u201d, conclui Miranda.<\/p>\n<h2 id=\"h-virada-da-direita-na-america-latina\" class=\"wp-block-heading\">Virada da direita na Am\u00e9rica Latina<\/h2>\n<p>Durante a conversa, Miranda tamb\u00e9m comentou que o cen\u00e1rio pol\u00edtico global, especialmente na <strong>Am\u00e9rica Latina<\/strong>, tem mostrado um retorno dos governos de direita. Recentemente, pa\u00edses como Argentina, Bol\u00edvia e Chile foram exemplos de mudan\u00e7as significativas no poder pol\u00edtico. Isso pode influenciar n\u00e3o apenas o mercado financeiro, mas tamb\u00e9m a mobilidade e as decis\u00f5es econ\u00f4micas a n\u00edvel regional.<\/p>\n<p>Os motoristas e a popula\u00e7\u00e3o em geral podem sentir os impactos dessas mudan\u00e7as pol\u00edticas nas suas rotinas, por meio de pol\u00edticas que possam afetar os custos de combust\u00edvel, investimentos em infraestrutura e a regulamenta\u00e7\u00e3o do transporte, essencial para a mobilidade urbana. Deste modo, a aten\u00e7\u00e3o aos desdobramentos do mercado e da pol\u00edtica se torna fundamental para uma vis\u00e3o mais ampla do futuro econ\u00f4mico do Brasil.<\/p>\n<p><strong>Fonte:<\/strong> moneytimes<\/p>\n<\/div>\n","protected":false},"excerpt":{"rendered":"<p>CEO da Empiricus aponta que rejei\u00e7\u00f5es de Lula e Bolsonaro pesaram mais do que as agendas pol\u00edticas dos candidatos nas \u00faltimas elei\u00e7\u00f5es. (Imagem: iStock) As vit\u00f3rias de Bolsonaro em 2018 e de Lula em 2022 foram mais influenciadas pelo sentimento do eleitor em rela\u00e7\u00e3o aos candidatos do que por suas propostas pol\u00edticas, de acordo com &hellip;<\/p>\n","protected":false},"author":4,"featured_media":5286,"comment_status":"","ping_status":"open","sticky":false,"template":"","format":"standard","meta":{"footnotes":""},"categories":[61],"tags":[],"coauthors":[42],"class_list":["post-5285","post","type-post","status-publish","format-standard","has-post-thumbnail","hentry","category-mercado-financeiro"],"yoast_head":"<!-- This site is optimized with the Yoast SEO Premium plugin v25.5 (Yoast SEO v27.4) - https:\/\/yoast.com\/product\/yoast-seo-premium-wordpress\/ -->\n<title>Ibovespa pode ultrapassar os 200 mil pontos? - Motorista.com.br<\/title>\n<meta name=\"robots\" content=\"index, follow, max-snippet:-1, max-image-preview:large, max-video-preview:-1\" \/>\n<link rel=\"canonical\" href=\"https:\/\/motorista.com.br\/noticias\/2025\/12\/19\/ibovespa-pode-ultrapassar-os-200-mil-pontos\/\" \/>\n<meta property=\"og:locale\" content=\"pt_BR\" \/>\n<meta property=\"og:type\" content=\"article\" \/>\n<meta property=\"og:title\" content=\"Ibovespa pode ultrapassar os 200 mil pontos?\" \/>\n<meta property=\"og:description\" content=\"CEO da Empiricus aponta que rejei\u00e7\u00f5es de Lula e Bolsonaro pesaram mais do que as agendas pol\u00edticas dos candidatos nas \u00faltimas elei\u00e7\u00f5es. (Imagem: iStock) As vit\u00f3rias de Bolsonaro em 2018 e de Lula em 2022 foram mais influenciadas pelo sentimento do eleitor em rela\u00e7\u00e3o aos candidatos do que por suas propostas pol\u00edticas, de acordo com &hellip;\" \/>\n<meta property=\"og:url\" content=\"https:\/\/motorista.com.br\/noticias\/2025\/12\/19\/ibovespa-pode-ultrapassar-os-200-mil-pontos\/\" \/>\n<meta property=\"og:site_name\" content=\"Motorista.com.br\" \/>\n<meta property=\"article:published_time\" content=\"2025-12-19T05:35:10+00:00\" \/>\n<meta property=\"og:image\" content=\"https:\/\/www.moneytimes.com.br\/uploads\/2025\/11\/ibovespa-bolsa-barata.jpg\" \/>\n<meta name=\"author\" content=\"Equipe Reda\u00e7\u00e3o\" \/>\n<meta name=\"twitter:card\" content=\"summary_large_image\" \/>\n<meta name=\"twitter:label1\" content=\"Escrito por\" \/>\n\t<meta name=\"twitter:data1\" content=\"Equipe Reda\u00e7\u00e3o\" \/>\n\t<meta name=\"twitter:label2\" content=\"Est. tempo de leitura\" \/>\n\t<meta name=\"twitter:data2\" content=\"3 minutos\" \/>\n\t<meta name=\"twitter:label3\" content=\"Written by\" \/>\n\t<meta name=\"twitter:data3\" content=\"Equipe Reda\u00e7\u00e3o\" \/>\n<script type=\"application\/ld+json\" class=\"yoast-schema-graph\">{\"@context\":\"https:\\\/\\\/schema.org\",\"@graph\":[{\"@type\":\"Article\",\"@id\":\"https:\\\/\\\/motorista.com.br\\\/noticias\\\/2025\\\/12\\\/19\\\/ibovespa-pode-ultrapassar-os-200-mil-pontos\\\/#article\",\"isPartOf\":{\"@id\":\"https:\\\/\\\/motorista.com.br\\\/noticias\\\/2025\\\/12\\\/19\\\/ibovespa-pode-ultrapassar-os-200-mil-pontos\\\/\"},\"author\":{\"name\":\"Equipe Reda\u00e7\u00e3o\",\"@id\":\"https:\\\/\\\/motorista.com.br\\\/noticias\\\/#\\\/schema\\\/person\\\/dc93afc2981c0e3ce6bc3c053fd847be\"},\"headline\":\"Ibovespa pode ultrapassar os 200 mil pontos?\",\"datePublished\":\"2025-12-19T05:35:10+00:00\",\"mainEntityOfPage\":{\"@id\":\"https:\\\/\\\/motorista.com.br\\\/noticias\\\/2025\\\/12\\\/19\\\/ibovespa-pode-ultrapassar-os-200-mil-pontos\\\/\"},\"wordCount\":597,\"publisher\":{\"@id\":\"https:\\\/\\\/motorista.com.br\\\/noticias\\\/#organization\"},\"image\":{\"@id\":\"https:\\\/\\\/motorista.com.br\\\/noticias\\\/2025\\\/12\\\/19\\\/ibovespa-pode-ultrapassar-os-200-mil-pontos\\\/#primaryimage\"},\"thumbnailUrl\":\"https:\\\/\\\/motorista.com.br\\\/noticias\\\/wp-content\\\/uploads\\\/2025\\\/12\\\/ibovespa-bolsa-barata.jpg\",\"articleSection\":[\"Mercado Financeiro\"],\"inLanguage\":\"pt-BR\"},{\"@type\":\"WebPage\",\"@id\":\"https:\\\/\\\/motorista.com.br\\\/noticias\\\/2025\\\/12\\\/19\\\/ibovespa-pode-ultrapassar-os-200-mil-pontos\\\/\",\"url\":\"https:\\\/\\\/motorista.com.br\\\/noticias\\\/2025\\\/12\\\/19\\\/ibovespa-pode-ultrapassar-os-200-mil-pontos\\\/\",\"name\":\"Ibovespa pode ultrapassar os 200 mil pontos? - Motorista.com.br\",\"isPartOf\":{\"@id\":\"https:\\\/\\\/motorista.com.br\\\/noticias\\\/#website\"},\"primaryImageOfPage\":{\"@id\":\"https:\\\/\\\/motorista.com.br\\\/noticias\\\/2025\\\/12\\\/19\\\/ibovespa-pode-ultrapassar-os-200-mil-pontos\\\/#primaryimage\"},\"image\":{\"@id\":\"https:\\\/\\\/motorista.com.br\\\/noticias\\\/2025\\\/12\\\/19\\\/ibovespa-pode-ultrapassar-os-200-mil-pontos\\\/#primaryimage\"},\"thumbnailUrl\":\"https:\\\/\\\/motorista.com.br\\\/noticias\\\/wp-content\\\/uploads\\\/2025\\\/12\\\/ibovespa-bolsa-barata.jpg\",\"datePublished\":\"2025-12-19T05:35:10+00:00\",\"breadcrumb\":{\"@id\":\"https:\\\/\\\/motorista.com.br\\\/noticias\\\/2025\\\/12\\\/19\\\/ibovespa-pode-ultrapassar-os-200-mil-pontos\\\/#breadcrumb\"},\"inLanguage\":\"pt-BR\",\"potentialAction\":[{\"@type\":\"ReadAction\",\"target\":[\"https:\\\/\\\/motorista.com.br\\\/noticias\\\/2025\\\/12\\\/19\\\/ibovespa-pode-ultrapassar-os-200-mil-pontos\\\/\"]}]},{\"@type\":\"ImageObject\",\"inLanguage\":\"pt-BR\",\"@id\":\"https:\\\/\\\/motorista.com.br\\\/noticias\\\/2025\\\/12\\\/19\\\/ibovespa-pode-ultrapassar-os-200-mil-pontos\\\/#primaryimage\",\"url\":\"https:\\\/\\\/motorista.com.br\\\/noticias\\\/wp-content\\\/uploads\\\/2025\\\/12\\\/ibovespa-bolsa-barata.jpg\",\"contentUrl\":\"https:\\\/\\\/motorista.com.br\\\/noticias\\\/wp-content\\\/uploads\\\/2025\\\/12\\\/ibovespa-bolsa-barata.jpg\",\"width\":1920,\"height\":1080},{\"@type\":\"BreadcrumbList\",\"@id\":\"https:\\\/\\\/motorista.com.br\\\/noticias\\\/2025\\\/12\\\/19\\\/ibovespa-pode-ultrapassar-os-200-mil-pontos\\\/#breadcrumb\",\"itemListElement\":[{\"@type\":\"ListItem\",\"position\":1,\"name\":\"In\u00edcio\",\"item\":\"https:\\\/\\\/motorista.com.br\\\/noticias\\\/\"},{\"@type\":\"ListItem\",\"position\":2,\"name\":\"Ibovespa pode ultrapassar os 200 mil pontos?\"}]},{\"@type\":\"WebSite\",\"@id\":\"https:\\\/\\\/motorista.com.br\\\/noticias\\\/#website\",\"url\":\"https:\\\/\\\/motorista.com.br\\\/noticias\\\/\",\"name\":\"Motorista.com.br\",\"description\":\"Not\u00edcia do Motorista\",\"publisher\":{\"@id\":\"https:\\\/\\\/motorista.com.br\\\/noticias\\\/#organization\"},\"potentialAction\":[{\"@type\":\"SearchAction\",\"target\":{\"@type\":\"EntryPoint\",\"urlTemplate\":\"https:\\\/\\\/motorista.com.br\\\/noticias\\\/?s={search_term_string}\"},\"query-input\":{\"@type\":\"PropertyValueSpecification\",\"valueRequired\":true,\"valueName\":\"search_term_string\"}}],\"inLanguage\":\"pt-BR\"},{\"@type\":\"Organization\",\"@id\":\"https:\\\/\\\/motorista.com.br\\\/noticias\\\/#organization\",\"name\":\"Motorista.com.br\",\"url\":\"https:\\\/\\\/motorista.com.br\\\/noticias\\\/\",\"logo\":{\"@type\":\"ImageObject\",\"inLanguage\":\"pt-BR\",\"@id\":\"https:\\\/\\\/motorista.com.br\\\/noticias\\\/#\\\/schema\\\/logo\\\/image\\\/\",\"url\":\"https:\\\/\\\/motorista.com.br\\\/noticias\\\/wp-content\\\/uploads\\\/2025\\\/06\\\/Design-sem-nome-9.png\",\"contentUrl\":\"https:\\\/\\\/motorista.com.br\\\/noticias\\\/wp-content\\\/uploads\\\/2025\\\/06\\\/Design-sem-nome-9.png\",\"width\":150,\"height\":85,\"caption\":\"Motorista.com.br\"},\"image\":{\"@id\":\"https:\\\/\\\/motorista.com.br\\\/noticias\\\/#\\\/schema\\\/logo\\\/image\\\/\"}},{\"@type\":\"Person\",\"@id\":\"https:\\\/\\\/motorista.com.br\\\/noticias\\\/#\\\/schema\\\/person\\\/dc93afc2981c0e3ce6bc3c053fd847be\",\"name\":\"Equipe Reda\u00e7\u00e3o\",\"image\":{\"@type\":\"ImageObject\",\"inLanguage\":\"pt-BR\",\"@id\":\"https:\\\/\\\/secure.gravatar.com\\\/avatar\\\/4f525efbf18dd2bb300ccad28bfb99d95a9465a5ba268407c8c37b37e1f28d2d?s=96&d=mm&r=g9e099043a0c61e9ae27e293b9fa75ffc\",\"url\":\"https:\\\/\\\/secure.gravatar.com\\\/avatar\\\/4f525efbf18dd2bb300ccad28bfb99d95a9465a5ba268407c8c37b37e1f28d2d?s=96&d=mm&r=g\",\"contentUrl\":\"https:\\\/\\\/secure.gravatar.com\\\/avatar\\\/4f525efbf18dd2bb300ccad28bfb99d95a9465a5ba268407c8c37b37e1f28d2d?s=96&d=mm&r=g\",\"caption\":\"Equipe Reda\u00e7\u00e3o\"},\"description\":\"Equipe de reda\u00e7\u00e3o \u00e9 um grupo de profissionais que trabalham juntos para criar conte\u00fado escrito para Motorista.com.br\",\"url\":\"https:\\\/\\\/motorista.com.br\\\/noticias\\\/author\\\/equiperedacao\\\/\"}]}<\/script>\n<!-- \/ Yoast SEO Premium plugin. -->","yoast_head_json":{"title":"Ibovespa pode ultrapassar os 200 mil pontos? - Motorista.com.br","robots":{"index":"index","follow":"follow","max-snippet":"max-snippet:-1","max-image-preview":"max-image-preview:large","max-video-preview":"max-video-preview:-1"},"canonical":"https:\/\/motorista.com.br\/noticias\/2025\/12\/19\/ibovespa-pode-ultrapassar-os-200-mil-pontos\/","og_locale":"pt_BR","og_type":"article","og_title":"Ibovespa pode ultrapassar os 200 mil pontos?","og_description":"CEO da Empiricus aponta que rejei\u00e7\u00f5es de Lula e Bolsonaro pesaram mais do que as agendas pol\u00edticas dos candidatos nas \u00faltimas elei\u00e7\u00f5es. (Imagem: iStock) As vit\u00f3rias de Bolsonaro em 2018 e de Lula em 2022 foram mais influenciadas pelo sentimento do eleitor em rela\u00e7\u00e3o aos candidatos do que por suas propostas pol\u00edticas, de acordo com &hellip;","og_url":"https:\/\/motorista.com.br\/noticias\/2025\/12\/19\/ibovespa-pode-ultrapassar-os-200-mil-pontos\/","og_site_name":"Motorista.com.br","article_published_time":"2025-12-19T05:35:10+00:00","og_image":[{"url":"https:\/\/www.moneytimes.com.br\/uploads\/2025\/11\/ibovespa-bolsa-barata.jpg","type":"","width":"","height":""}],"author":"Equipe Reda\u00e7\u00e3o","twitter_card":"summary_large_image","twitter_misc":{"Escrito por":"Equipe Reda\u00e7\u00e3o","Est. tempo de leitura":"3 minutos","Written by":"Equipe Reda\u00e7\u00e3o"},"schema":{"@context":"https:\/\/schema.org","@graph":[{"@type":"Article","@id":"https:\/\/motorista.com.br\/noticias\/2025\/12\/19\/ibovespa-pode-ultrapassar-os-200-mil-pontos\/#article","isPartOf":{"@id":"https:\/\/motorista.com.br\/noticias\/2025\/12\/19\/ibovespa-pode-ultrapassar-os-200-mil-pontos\/"},"author":{"name":"Equipe Reda\u00e7\u00e3o","@id":"https:\/\/motorista.com.br\/noticias\/#\/schema\/person\/dc93afc2981c0e3ce6bc3c053fd847be"},"headline":"Ibovespa pode ultrapassar os 200 mil pontos?","datePublished":"2025-12-19T05:35:10+00:00","mainEntityOfPage":{"@id":"https:\/\/motorista.com.br\/noticias\/2025\/12\/19\/ibovespa-pode-ultrapassar-os-200-mil-pontos\/"},"wordCount":597,"publisher":{"@id":"https:\/\/motorista.com.br\/noticias\/#organization"},"image":{"@id":"https:\/\/motorista.com.br\/noticias\/2025\/12\/19\/ibovespa-pode-ultrapassar-os-200-mil-pontos\/#primaryimage"},"thumbnailUrl":"https:\/\/motorista.com.br\/noticias\/wp-content\/uploads\/2025\/12\/ibovespa-bolsa-barata.jpg","articleSection":["Mercado Financeiro"],"inLanguage":"pt-BR"},{"@type":"WebPage","@id":"https:\/\/motorista.com.br\/noticias\/2025\/12\/19\/ibovespa-pode-ultrapassar-os-200-mil-pontos\/","url":"https:\/\/motorista.com.br\/noticias\/2025\/12\/19\/ibovespa-pode-ultrapassar-os-200-mil-pontos\/","name":"Ibovespa pode ultrapassar os 200 mil pontos? - Motorista.com.br","isPartOf":{"@id":"https:\/\/motorista.com.br\/noticias\/#website"},"primaryImageOfPage":{"@id":"https:\/\/motorista.com.br\/noticias\/2025\/12\/19\/ibovespa-pode-ultrapassar-os-200-mil-pontos\/#primaryimage"},"image":{"@id":"https:\/\/motorista.com.br\/noticias\/2025\/12\/19\/ibovespa-pode-ultrapassar-os-200-mil-pontos\/#primaryimage"},"thumbnailUrl":"https:\/\/motorista.com.br\/noticias\/wp-content\/uploads\/2025\/12\/ibovespa-bolsa-barata.jpg","datePublished":"2025-12-19T05:35:10+00:00","breadcrumb":{"@id":"https:\/\/motorista.com.br\/noticias\/2025\/12\/19\/ibovespa-pode-ultrapassar-os-200-mil-pontos\/#breadcrumb"},"inLanguage":"pt-BR","potentialAction":[{"@type":"ReadAction","target":["https:\/\/motorista.com.br\/noticias\/2025\/12\/19\/ibovespa-pode-ultrapassar-os-200-mil-pontos\/"]}]},{"@type":"ImageObject","inLanguage":"pt-BR","@id":"https:\/\/motorista.com.br\/noticias\/2025\/12\/19\/ibovespa-pode-ultrapassar-os-200-mil-pontos\/#primaryimage","url":"https:\/\/motorista.com.br\/noticias\/wp-content\/uploads\/2025\/12\/ibovespa-bolsa-barata.jpg","contentUrl":"https:\/\/motorista.com.br\/noticias\/wp-content\/uploads\/2025\/12\/ibovespa-bolsa-barata.jpg","width":1920,"height":1080},{"@type":"BreadcrumbList","@id":"https:\/\/motorista.com.br\/noticias\/2025\/12\/19\/ibovespa-pode-ultrapassar-os-200-mil-pontos\/#breadcrumb","itemListElement":[{"@type":"ListItem","position":1,"name":"In\u00edcio","item":"https:\/\/motorista.com.br\/noticias\/"},{"@type":"ListItem","position":2,"name":"Ibovespa pode ultrapassar os 200 mil pontos?"}]},{"@type":"WebSite","@id":"https:\/\/motorista.com.br\/noticias\/#website","url":"https:\/\/motorista.com.br\/noticias\/","name":"Motorista.com.br","description":"Not\u00edcia do Motorista","publisher":{"@id":"https:\/\/motorista.com.br\/noticias\/#organization"},"potentialAction":[{"@type":"SearchAction","target":{"@type":"EntryPoint","urlTemplate":"https:\/\/motorista.com.br\/noticias\/?s={search_term_string}"},"query-input":{"@type":"PropertyValueSpecification","valueRequired":true,"valueName":"search_term_string"}}],"inLanguage":"pt-BR"},{"@type":"Organization","@id":"https:\/\/motorista.com.br\/noticias\/#organization","name":"Motorista.com.br","url":"https:\/\/motorista.com.br\/noticias\/","logo":{"@type":"ImageObject","inLanguage":"pt-BR","@id":"https:\/\/motorista.com.br\/noticias\/#\/schema\/logo\/image\/","url":"https:\/\/motorista.com.br\/noticias\/wp-content\/uploads\/2025\/06\/Design-sem-nome-9.png","contentUrl":"https:\/\/motorista.com.br\/noticias\/wp-content\/uploads\/2025\/06\/Design-sem-nome-9.png","width":150,"height":85,"caption":"Motorista.com.br"},"image":{"@id":"https:\/\/motorista.com.br\/noticias\/#\/schema\/logo\/image\/"}},{"@type":"Person","@id":"https:\/\/motorista.com.br\/noticias\/#\/schema\/person\/dc93afc2981c0e3ce6bc3c053fd847be","name":"Equipe Reda\u00e7\u00e3o","image":{"@type":"ImageObject","inLanguage":"pt-BR","@id":"https:\/\/secure.gravatar.com\/avatar\/4f525efbf18dd2bb300ccad28bfb99d95a9465a5ba268407c8c37b37e1f28d2d?s=96&d=mm&r=g9e099043a0c61e9ae27e293b9fa75ffc","url":"https:\/\/secure.gravatar.com\/avatar\/4f525efbf18dd2bb300ccad28bfb99d95a9465a5ba268407c8c37b37e1f28d2d?s=96&d=mm&r=g","contentUrl":"https:\/\/secure.gravatar.com\/avatar\/4f525efbf18dd2bb300ccad28bfb99d95a9465a5ba268407c8c37b37e1f28d2d?s=96&d=mm&r=g","caption":"Equipe Reda\u00e7\u00e3o"},"description":"Equipe de reda\u00e7\u00e3o \u00e9 um grupo de profissionais que trabalham juntos para criar conte\u00fado escrito para Motorista.com.br","url":"https:\/\/motorista.com.br\/noticias\/author\/equiperedacao\/"}]}},"_links":{"self":[{"href":"https:\/\/motorista.com.br\/noticias\/wp-json\/wp\/v2\/posts\/5285","targetHints":{"allow":["GET"]}}],"collection":[{"href":"https:\/\/motorista.com.br\/noticias\/wp-json\/wp\/v2\/posts"}],"about":[{"href":"https:\/\/motorista.com.br\/noticias\/wp-json\/wp\/v2\/types\/post"}],"author":[{"embeddable":true,"href":"https:\/\/motorista.com.br\/noticias\/wp-json\/wp\/v2\/users\/4"}],"replies":[{"embeddable":true,"href":"https:\/\/motorista.com.br\/noticias\/wp-json\/wp\/v2\/comments?post=5285"}],"version-history":[{"count":0,"href":"https:\/\/motorista.com.br\/noticias\/wp-json\/wp\/v2\/posts\/5285\/revisions"}],"wp:featuredmedia":[{"embeddable":true,"href":"https:\/\/motorista.com.br\/noticias\/wp-json\/wp\/v2\/media\/5286"}],"wp:attachment":[{"href":"https:\/\/motorista.com.br\/noticias\/wp-json\/wp\/v2\/media?parent=5285"}],"wp:term":[{"taxonomy":"category","embeddable":true,"href":"https:\/\/motorista.com.br\/noticias\/wp-json\/wp\/v2\/categories?post=5285"},{"taxonomy":"post_tag","embeddable":true,"href":"https:\/\/motorista.com.br\/noticias\/wp-json\/wp\/v2\/tags?post=5285"},{"taxonomy":"author","embeddable":true,"href":"https:\/\/motorista.com.br\/noticias\/wp-json\/wp\/v2\/coauthors?post=5285"}],"curies":[{"name":"wp","href":"https:\/\/api.w.org\/{rel}","templated":true}]}}