{"id":5283,"date":"2025-12-19T02:29:31","date_gmt":"2025-12-19T05:29:31","guid":{"rendered":"https:\/\/motorista.com.br\/noticias\/2025\/12\/19\/diesel-s-10-registra-pequeno-aumento-em-dezembro\/"},"modified":"2025-12-19T02:29:31","modified_gmt":"2025-12-19T05:29:31","slug":"diesel-s-10-registra-pequeno-aumento-em-dezembro","status":"publish","type":"post","link":"https:\/\/motorista.com.br\/noticias\/2025\/12\/19\/diesel-s-10-registra-pequeno-aumento-em-dezembro\/","title":{"rendered":"Diesel S-10 registra pequeno aumento em dezembro"},"content":{"rendered":"<p><\/p>\n<h2>Diesel S-10 Tem Leve Alta no In\u00edcio de Dezembro<\/h2>\n<p>No in\u00edcio de dezembro, a an\u00e1lise do \u00cdndice de Pre\u00e7os Edenred Ticket Log (IPTL) revelou uma leve alta nos pre\u00e7os do diesel S-10, que chegou a R$6,22, um aumento de 0,16% em rela\u00e7\u00e3o ao m\u00eas anterior. Em contrapartida, o diesel comum apresentou uma pequena queda, com o valor m\u00e9dio sendo de R$6,18, marcando um recuo de 0,16%. Esses dados refletem as din\u00e2micas de oferta e demanda, al\u00e9m de ajustes regionais no setor.<\/p>\n<p>As varia\u00e7\u00f5es nos pre\u00e7os de combust\u00edveis impactam diretamente a rotina dos motoristas e a mobilidade urbana. A alta do diesel S-10, embora modesta, pode afetar os custo-operacionais de empresas que dependem desse combust\u00edvel, refletindo em poss\u00edveis aumentos nas tarifas de frete e transporte. Para motoristas aut\u00f4nomos, isso pode significar uma balan\u00e7a financeira mais delicada, exigindo um planejamento mais rigoroso.<\/p>\n<p>Por outro lado, a maior disponibilidade do diesel comum em algumas regi\u00f5es, assim como a queda em seus pre\u00e7os, pode oferecer um al\u00edvio tempor\u00e1rio para transportadores e usu\u00e1rios. Em regi\u00f5es como o Sul, que registraram a m\u00e9dia mais competitiva de pre\u00e7os, essa tend\u00eancia pode contribuir para uma diminui\u00e7\u00e3o no custo do transporte, beneficiando tanto consumidores quanto empresas que dependem de log\u00edstica eficiente.<\/p>\n<p>Al\u00e9m disso, a an\u00e1lise por estados mostra que a variabilidade nos pre\u00e7os, com Roraima e Acre apresentando os valores mais altos, sublinha a import\u00e2ncia da mobilidade inter-regional. Essa diferen\u00e7a acentua a necessidade de sistemas de transporte mais eficientes e integrados, que possam facilitar o deslocamento de cargas e pessoas com custos mais vi\u00e1veis.<\/p>\n<p>Em resumo, as recentes mudan\u00e7as nos pre\u00e7os do diesel S-10 e do diesel comum n\u00e3o s\u00e3o apenas n\u00fameros que aparecem nas tabelas, mas indicadores que t\u00eam o potencial de impactar a mobilidade e a economia de diversas maneiras. Para motoristas e profissionais do transporte, a gest\u00e3o eficiente dos custos e a escolha do combust\u00edvel adequado ser\u00e1 crucial neste cen\u00e1rio.<\/p>\n<p><strong>Fonte: blogdocaminhoneiro<\/strong><\/p>\n","protected":false},"excerpt":{"rendered":"<p>Diesel S-10 Tem Leve Alta no In\u00edcio de Dezembro No in\u00edcio de dezembro, a an\u00e1lise do \u00cdndice de Pre\u00e7os Edenred Ticket Log (IPTL) revelou uma leve alta nos pre\u00e7os do diesel S-10, que chegou a R$6,22, um aumento de 0,16% em rela\u00e7\u00e3o ao m\u00eas anterior. Em contrapartida, o diesel comum apresentou uma pequena queda, com &hellip;<\/p>\n","protected":false},"author":4,"featured_media":5284,"comment_status":"","ping_status":"open","sticky":false,"template":"","format":"standard","meta":{"footnotes":""},"categories":[78,77],"tags":[],"coauthors":[42],"class_list":["post-5283","post","type-post","status-publish","format-standard","has-post-thumbnail","hentry","category-carreteiro","category-motorista"],"yoast_head":"<!-- This site is optimized with the Yoast SEO Premium plugin v25.5 (Yoast SEO v27.4) - https:\/\/yoast.com\/product\/yoast-seo-premium-wordpress\/ -->\n<title>Diesel S-10 registra pequeno aumento em dezembro - Motorista.com.br<\/title>\n<meta name=\"robots\" content=\"index, follow, max-snippet:-1, max-image-preview:large, max-video-preview:-1\" \/>\n<link rel=\"canonical\" href=\"https:\/\/motorista.com.br\/noticias\/2025\/12\/19\/diesel-s-10-registra-pequeno-aumento-em-dezembro\/\" \/>\n<meta property=\"og:locale\" content=\"pt_BR\" \/>\n<meta property=\"og:type\" content=\"article\" \/>\n<meta property=\"og:title\" content=\"Diesel S-10 registra pequeno aumento em dezembro\" \/>\n<meta property=\"og:description\" content=\"Diesel S-10 Tem Leve Alta no In\u00edcio de Dezembro No in\u00edcio de dezembro, a an\u00e1lise do \u00cdndice de Pre\u00e7os Edenred Ticket Log (IPTL) revelou uma leve alta nos pre\u00e7os do diesel S-10, que chegou a R$6,22, um aumento de 0,16% em rela\u00e7\u00e3o ao m\u00eas anterior. Em contrapartida, o diesel comum apresentou uma pequena queda, com &hellip;\" \/>\n<meta property=\"og:url\" content=\"https:\/\/motorista.com.br\/noticias\/2025\/12\/19\/diesel-s-10-registra-pequeno-aumento-em-dezembro\/\" \/>\n<meta property=\"og:site_name\" content=\"Motorista.com.br\" \/>\n<meta property=\"article:published_time\" content=\"2025-12-19T05:29:31+00:00\" \/>\n<meta name=\"author\" content=\"Equipe Reda\u00e7\u00e3o\" \/>\n<meta name=\"twitter:card\" content=\"summary_large_image\" \/>\n<meta name=\"twitter:label1\" content=\"Escrito por\" \/>\n\t<meta name=\"twitter:data1\" content=\"Equipe Reda\u00e7\u00e3o\" \/>\n\t<meta name=\"twitter:label2\" content=\"Est. tempo de leitura\" \/>\n\t<meta name=\"twitter:data2\" content=\"2 minutos\" \/>\n\t<meta name=\"twitter:label3\" content=\"Written by\" \/>\n\t<meta name=\"twitter:data3\" content=\"Equipe Reda\u00e7\u00e3o\" \/>\n<script type=\"application\/ld+json\" class=\"yoast-schema-graph\">{\"@context\":\"https:\\\/\\\/schema.org\",\"@graph\":[{\"@type\":\"Article\",\"@id\":\"https:\\\/\\\/motorista.com.br\\\/noticias\\\/2025\\\/12\\\/19\\\/diesel-s-10-registra-pequeno-aumento-em-dezembro\\\/#article\",\"isPartOf\":{\"@id\":\"https:\\\/\\\/motorista.com.br\\\/noticias\\\/2025\\\/12\\\/19\\\/diesel-s-10-registra-pequeno-aumento-em-dezembro\\\/\"},\"author\":{\"name\":\"Equipe Reda\u00e7\u00e3o\",\"@id\":\"https:\\\/\\\/motorista.com.br\\\/noticias\\\/#\\\/schema\\\/person\\\/dc93afc2981c0e3ce6bc3c053fd847be\"},\"headline\":\"Diesel S-10 registra pequeno aumento em dezembro\",\"datePublished\":\"2025-12-19T05:29:31+00:00\",\"mainEntityOfPage\":{\"@id\":\"https:\\\/\\\/motorista.com.br\\\/noticias\\\/2025\\\/12\\\/19\\\/diesel-s-10-registra-pequeno-aumento-em-dezembro\\\/\"},\"wordCount\":364,\"publisher\":{\"@id\":\"https:\\\/\\\/motorista.com.br\\\/noticias\\\/#organization\"},\"image\":{\"@id\":\"https:\\\/\\\/motorista.com.br\\\/noticias\\\/2025\\\/12\\\/19\\\/diesel-s-10-registra-pequeno-aumento-em-dezembro\\\/#primaryimage\"},\"thumbnailUrl\":\"https:\\\/\\\/motorista.com.br\\\/noticias\\\/wp-content\\\/uploads\\\/2025\\\/12\\\/abastecendo-caminhao-com-diesel.jpg\",\"articleSection\":[\"Carreteiro\",\"Motorista\"],\"inLanguage\":\"pt-BR\"},{\"@type\":\"WebPage\",\"@id\":\"https:\\\/\\\/motorista.com.br\\\/noticias\\\/2025\\\/12\\\/19\\\/diesel-s-10-registra-pequeno-aumento-em-dezembro\\\/\",\"url\":\"https:\\\/\\\/motorista.com.br\\\/noticias\\\/2025\\\/12\\\/19\\\/diesel-s-10-registra-pequeno-aumento-em-dezembro\\\/\",\"name\":\"Diesel S-10 registra pequeno aumento em dezembro - Motorista.com.br\",\"isPartOf\":{\"@id\":\"https:\\\/\\\/motorista.com.br\\\/noticias\\\/#website\"},\"primaryImageOfPage\":{\"@id\":\"https:\\\/\\\/motorista.com.br\\\/noticias\\\/2025\\\/12\\\/19\\\/diesel-s-10-registra-pequeno-aumento-em-dezembro\\\/#primaryimage\"},\"image\":{\"@id\":\"https:\\\/\\\/motorista.com.br\\\/noticias\\\/2025\\\/12\\\/19\\\/diesel-s-10-registra-pequeno-aumento-em-dezembro\\\/#primaryimage\"},\"thumbnailUrl\":\"https:\\\/\\\/motorista.com.br\\\/noticias\\\/wp-content\\\/uploads\\\/2025\\\/12\\\/abastecendo-caminhao-com-diesel.jpg\",\"datePublished\":\"2025-12-19T05:29:31+00:00\",\"breadcrumb\":{\"@id\":\"https:\\\/\\\/motorista.com.br\\\/noticias\\\/2025\\\/12\\\/19\\\/diesel-s-10-registra-pequeno-aumento-em-dezembro\\\/#breadcrumb\"},\"inLanguage\":\"pt-BR\",\"potentialAction\":[{\"@type\":\"ReadAction\",\"target\":[\"https:\\\/\\\/motorista.com.br\\\/noticias\\\/2025\\\/12\\\/19\\\/diesel-s-10-registra-pequeno-aumento-em-dezembro\\\/\"]}]},{\"@type\":\"ImageObject\",\"inLanguage\":\"pt-BR\",\"@id\":\"https:\\\/\\\/motorista.com.br\\\/noticias\\\/2025\\\/12\\\/19\\\/diesel-s-10-registra-pequeno-aumento-em-dezembro\\\/#primaryimage\",\"url\":\"https:\\\/\\\/motorista.com.br\\\/noticias\\\/wp-content\\\/uploads\\\/2025\\\/12\\\/abastecendo-caminhao-com-diesel.jpg\",\"contentUrl\":\"https:\\\/\\\/motorista.com.br\\\/noticias\\\/wp-content\\\/uploads\\\/2025\\\/12\\\/abastecendo-caminhao-com-diesel.jpg\",\"width\":1200,\"height\":802},{\"@type\":\"BreadcrumbList\",\"@id\":\"https:\\\/\\\/motorista.com.br\\\/noticias\\\/2025\\\/12\\\/19\\\/diesel-s-10-registra-pequeno-aumento-em-dezembro\\\/#breadcrumb\",\"itemListElement\":[{\"@type\":\"ListItem\",\"position\":1,\"name\":\"In\u00edcio\",\"item\":\"https:\\\/\\\/motorista.com.br\\\/noticias\\\/\"},{\"@type\":\"ListItem\",\"position\":2,\"name\":\"Diesel S-10 registra pequeno aumento em dezembro\"}]},{\"@type\":\"WebSite\",\"@id\":\"https:\\\/\\\/motorista.com.br\\\/noticias\\\/#website\",\"url\":\"https:\\\/\\\/motorista.com.br\\\/noticias\\\/\",\"name\":\"Motorista.com.br\",\"description\":\"Not\u00edcia do Motorista\",\"publisher\":{\"@id\":\"https:\\\/\\\/motorista.com.br\\\/noticias\\\/#organization\"},\"potentialAction\":[{\"@type\":\"SearchAction\",\"target\":{\"@type\":\"EntryPoint\",\"urlTemplate\":\"https:\\\/\\\/motorista.com.br\\\/noticias\\\/?s={search_term_string}\"},\"query-input\":{\"@type\":\"PropertyValueSpecification\",\"valueRequired\":true,\"valueName\":\"search_term_string\"}}],\"inLanguage\":\"pt-BR\"},{\"@type\":\"Organization\",\"@id\":\"https:\\\/\\\/motorista.com.br\\\/noticias\\\/#organization\",\"name\":\"Motorista.com.br\",\"url\":\"https:\\\/\\\/motorista.com.br\\\/noticias\\\/\",\"logo\":{\"@type\":\"ImageObject\",\"inLanguage\":\"pt-BR\",\"@id\":\"https:\\\/\\\/motorista.com.br\\\/noticias\\\/#\\\/schema\\\/logo\\\/image\\\/\",\"url\":\"https:\\\/\\\/motorista.com.br\\\/noticias\\\/wp-content\\\/uploads\\\/2025\\\/06\\\/Design-sem-nome-9.png\",\"contentUrl\":\"https:\\\/\\\/motorista.com.br\\\/noticias\\\/wp-content\\\/uploads\\\/2025\\\/06\\\/Design-sem-nome-9.png\",\"width\":150,\"height\":85,\"caption\":\"Motorista.com.br\"},\"image\":{\"@id\":\"https:\\\/\\\/motorista.com.br\\\/noticias\\\/#\\\/schema\\\/logo\\\/image\\\/\"}},{\"@type\":\"Person\",\"@id\":\"https:\\\/\\\/motorista.com.br\\\/noticias\\\/#\\\/schema\\\/person\\\/dc93afc2981c0e3ce6bc3c053fd847be\",\"name\":\"Equipe Reda\u00e7\u00e3o\",\"image\":{\"@type\":\"ImageObject\",\"inLanguage\":\"pt-BR\",\"@id\":\"https:\\\/\\\/secure.gravatar.com\\\/avatar\\\/4f525efbf18dd2bb300ccad28bfb99d95a9465a5ba268407c8c37b37e1f28d2d?s=96&d=mm&r=g9e099043a0c61e9ae27e293b9fa75ffc\",\"url\":\"https:\\\/\\\/secure.gravatar.com\\\/avatar\\\/4f525efbf18dd2bb300ccad28bfb99d95a9465a5ba268407c8c37b37e1f28d2d?s=96&d=mm&r=g\",\"contentUrl\":\"https:\\\/\\\/secure.gravatar.com\\\/avatar\\\/4f525efbf18dd2bb300ccad28bfb99d95a9465a5ba268407c8c37b37e1f28d2d?s=96&d=mm&r=g\",\"caption\":\"Equipe Reda\u00e7\u00e3o\"},\"description\":\"Equipe de reda\u00e7\u00e3o \u00e9 um grupo de profissionais que trabalham juntos para criar conte\u00fado escrito para Motorista.com.br\",\"url\":\"https:\\\/\\\/motorista.com.br\\\/noticias\\\/author\\\/equiperedacao\\\/\"}]}<\/script>\n<!-- \/ Yoast SEO Premium plugin. -->","yoast_head_json":{"title":"Diesel S-10 registra pequeno aumento em dezembro - Motorista.com.br","robots":{"index":"index","follow":"follow","max-snippet":"max-snippet:-1","max-image-preview":"max-image-preview:large","max-video-preview":"max-video-preview:-1"},"canonical":"https:\/\/motorista.com.br\/noticias\/2025\/12\/19\/diesel-s-10-registra-pequeno-aumento-em-dezembro\/","og_locale":"pt_BR","og_type":"article","og_title":"Diesel S-10 registra pequeno aumento em dezembro","og_description":"Diesel S-10 Tem Leve Alta no In\u00edcio de Dezembro No in\u00edcio de dezembro, a an\u00e1lise do \u00cdndice de Pre\u00e7os Edenred Ticket Log (IPTL) revelou uma leve alta nos pre\u00e7os do diesel S-10, que chegou a R$6,22, um aumento de 0,16% em rela\u00e7\u00e3o ao m\u00eas anterior. Em contrapartida, o diesel comum apresentou uma pequena queda, com &hellip;","og_url":"https:\/\/motorista.com.br\/noticias\/2025\/12\/19\/diesel-s-10-registra-pequeno-aumento-em-dezembro\/","og_site_name":"Motorista.com.br","article_published_time":"2025-12-19T05:29:31+00:00","author":"Equipe Reda\u00e7\u00e3o","twitter_card":"summary_large_image","twitter_misc":{"Escrito por":"Equipe Reda\u00e7\u00e3o","Est. tempo de leitura":"2 minutos","Written by":"Equipe Reda\u00e7\u00e3o"},"schema":{"@context":"https:\/\/schema.org","@graph":[{"@type":"Article","@id":"https:\/\/motorista.com.br\/noticias\/2025\/12\/19\/diesel-s-10-registra-pequeno-aumento-em-dezembro\/#article","isPartOf":{"@id":"https:\/\/motorista.com.br\/noticias\/2025\/12\/19\/diesel-s-10-registra-pequeno-aumento-em-dezembro\/"},"author":{"name":"Equipe Reda\u00e7\u00e3o","@id":"https:\/\/motorista.com.br\/noticias\/#\/schema\/person\/dc93afc2981c0e3ce6bc3c053fd847be"},"headline":"Diesel S-10 registra pequeno aumento em dezembro","datePublished":"2025-12-19T05:29:31+00:00","mainEntityOfPage":{"@id":"https:\/\/motorista.com.br\/noticias\/2025\/12\/19\/diesel-s-10-registra-pequeno-aumento-em-dezembro\/"},"wordCount":364,"publisher":{"@id":"https:\/\/motorista.com.br\/noticias\/#organization"},"image":{"@id":"https:\/\/motorista.com.br\/noticias\/2025\/12\/19\/diesel-s-10-registra-pequeno-aumento-em-dezembro\/#primaryimage"},"thumbnailUrl":"https:\/\/motorista.com.br\/noticias\/wp-content\/uploads\/2025\/12\/abastecendo-caminhao-com-diesel.jpg","articleSection":["Carreteiro","Motorista"],"inLanguage":"pt-BR"},{"@type":"WebPage","@id":"https:\/\/motorista.com.br\/noticias\/2025\/12\/19\/diesel-s-10-registra-pequeno-aumento-em-dezembro\/","url":"https:\/\/motorista.com.br\/noticias\/2025\/12\/19\/diesel-s-10-registra-pequeno-aumento-em-dezembro\/","name":"Diesel S-10 registra pequeno aumento em dezembro - Motorista.com.br","isPartOf":{"@id":"https:\/\/motorista.com.br\/noticias\/#website"},"primaryImageOfPage":{"@id":"https:\/\/motorista.com.br\/noticias\/2025\/12\/19\/diesel-s-10-registra-pequeno-aumento-em-dezembro\/#primaryimage"},"image":{"@id":"https:\/\/motorista.com.br\/noticias\/2025\/12\/19\/diesel-s-10-registra-pequeno-aumento-em-dezembro\/#primaryimage"},"thumbnailUrl":"https:\/\/motorista.com.br\/noticias\/wp-content\/uploads\/2025\/12\/abastecendo-caminhao-com-diesel.jpg","datePublished":"2025-12-19T05:29:31+00:00","breadcrumb":{"@id":"https:\/\/motorista.com.br\/noticias\/2025\/12\/19\/diesel-s-10-registra-pequeno-aumento-em-dezembro\/#breadcrumb"},"inLanguage":"pt-BR","potentialAction":[{"@type":"ReadAction","target":["https:\/\/motorista.com.br\/noticias\/2025\/12\/19\/diesel-s-10-registra-pequeno-aumento-em-dezembro\/"]}]},{"@type":"ImageObject","inLanguage":"pt-BR","@id":"https:\/\/motorista.com.br\/noticias\/2025\/12\/19\/diesel-s-10-registra-pequeno-aumento-em-dezembro\/#primaryimage","url":"https:\/\/motorista.com.br\/noticias\/wp-content\/uploads\/2025\/12\/abastecendo-caminhao-com-diesel.jpg","contentUrl":"https:\/\/motorista.com.br\/noticias\/wp-content\/uploads\/2025\/12\/abastecendo-caminhao-com-diesel.jpg","width":1200,"height":802},{"@type":"BreadcrumbList","@id":"https:\/\/motorista.com.br\/noticias\/2025\/12\/19\/diesel-s-10-registra-pequeno-aumento-em-dezembro\/#breadcrumb","itemListElement":[{"@type":"ListItem","position":1,"name":"In\u00edcio","item":"https:\/\/motorista.com.br\/noticias\/"},{"@type":"ListItem","position":2,"name":"Diesel S-10 registra pequeno aumento em dezembro"}]},{"@type":"WebSite","@id":"https:\/\/motorista.com.br\/noticias\/#website","url":"https:\/\/motorista.com.br\/noticias\/","name":"Motorista.com.br","description":"Not\u00edcia do Motorista","publisher":{"@id":"https:\/\/motorista.com.br\/noticias\/#organization"},"potentialAction":[{"@type":"SearchAction","target":{"@type":"EntryPoint","urlTemplate":"https:\/\/motorista.com.br\/noticias\/?s={search_term_string}"},"query-input":{"@type":"PropertyValueSpecification","valueRequired":true,"valueName":"search_term_string"}}],"inLanguage":"pt-BR"},{"@type":"Organization","@id":"https:\/\/motorista.com.br\/noticias\/#organization","name":"Motorista.com.br","url":"https:\/\/motorista.com.br\/noticias\/","logo":{"@type":"ImageObject","inLanguage":"pt-BR","@id":"https:\/\/motorista.com.br\/noticias\/#\/schema\/logo\/image\/","url":"https:\/\/motorista.com.br\/noticias\/wp-content\/uploads\/2025\/06\/Design-sem-nome-9.png","contentUrl":"https:\/\/motorista.com.br\/noticias\/wp-content\/uploads\/2025\/06\/Design-sem-nome-9.png","width":150,"height":85,"caption":"Motorista.com.br"},"image":{"@id":"https:\/\/motorista.com.br\/noticias\/#\/schema\/logo\/image\/"}},{"@type":"Person","@id":"https:\/\/motorista.com.br\/noticias\/#\/schema\/person\/dc93afc2981c0e3ce6bc3c053fd847be","name":"Equipe Reda\u00e7\u00e3o","image":{"@type":"ImageObject","inLanguage":"pt-BR","@id":"https:\/\/secure.gravatar.com\/avatar\/4f525efbf18dd2bb300ccad28bfb99d95a9465a5ba268407c8c37b37e1f28d2d?s=96&d=mm&r=g9e099043a0c61e9ae27e293b9fa75ffc","url":"https:\/\/secure.gravatar.com\/avatar\/4f525efbf18dd2bb300ccad28bfb99d95a9465a5ba268407c8c37b37e1f28d2d?s=96&d=mm&r=g","contentUrl":"https:\/\/secure.gravatar.com\/avatar\/4f525efbf18dd2bb300ccad28bfb99d95a9465a5ba268407c8c37b37e1f28d2d?s=96&d=mm&r=g","caption":"Equipe Reda\u00e7\u00e3o"},"description":"Equipe de reda\u00e7\u00e3o \u00e9 um grupo de profissionais que trabalham juntos para criar conte\u00fado escrito para Motorista.com.br","url":"https:\/\/motorista.com.br\/noticias\/author\/equiperedacao\/"}]}},"_links":{"self":[{"href":"https:\/\/motorista.com.br\/noticias\/wp-json\/wp\/v2\/posts\/5283","targetHints":{"allow":["GET"]}}],"collection":[{"href":"https:\/\/motorista.com.br\/noticias\/wp-json\/wp\/v2\/posts"}],"about":[{"href":"https:\/\/motorista.com.br\/noticias\/wp-json\/wp\/v2\/types\/post"}],"author":[{"embeddable":true,"href":"https:\/\/motorista.com.br\/noticias\/wp-json\/wp\/v2\/users\/4"}],"replies":[{"embeddable":true,"href":"https:\/\/motorista.com.br\/noticias\/wp-json\/wp\/v2\/comments?post=5283"}],"version-history":[{"count":0,"href":"https:\/\/motorista.com.br\/noticias\/wp-json\/wp\/v2\/posts\/5283\/revisions"}],"wp:featuredmedia":[{"embeddable":true,"href":"https:\/\/motorista.com.br\/noticias\/wp-json\/wp\/v2\/media\/5284"}],"wp:attachment":[{"href":"https:\/\/motorista.com.br\/noticias\/wp-json\/wp\/v2\/media?parent=5283"}],"wp:term":[{"taxonomy":"category","embeddable":true,"href":"https:\/\/motorista.com.br\/noticias\/wp-json\/wp\/v2\/categories?post=5283"},{"taxonomy":"post_tag","embeddable":true,"href":"https:\/\/motorista.com.br\/noticias\/wp-json\/wp\/v2\/tags?post=5283"},{"taxonomy":"author","embeddable":true,"href":"https:\/\/motorista.com.br\/noticias\/wp-json\/wp\/v2\/coauthors?post=5283"}],"curies":[{"name":"wp","href":"https:\/\/api.w.org\/{rel}","templated":true}]}}