{"id":5281,"date":"2025-12-19T01:48:19","date_gmt":"2025-12-19T04:48:19","guid":{"rendered":"https:\/\/motorista.com.br\/noticias\/2025\/12\/19\/cooperativa-de-motoristas-de-app-em-alfenas-oferece-corridas-a-r-1099\/"},"modified":"2025-12-19T01:48:19","modified_gmt":"2025-12-19T04:48:19","slug":"cooperativa-de-motoristas-de-app-em-alfenas-oferece-corridas-a-r-1099","status":"publish","type":"post","link":"https:\/\/motorista.com.br\/noticias\/2025\/12\/19\/cooperativa-de-motoristas-de-app-em-alfenas-oferece-corridas-a-r-1099\/","title":{"rendered":"Cooperativa de motoristas de app em Alfenas oferece corridas a R$ 10,99"},"content":{"rendered":"<p><\/p>\n<h3>Motoristas de app se re\u00fanem e criam cooperativa em Alfenas<\/h3>\n<p>Motivados pela insatisfa\u00e7\u00e3o com as plataformas de mobilidade dispon\u00edveis no mercado, um grupo de motoristas na cidade de Alfenas (MG) uniu esfor\u00e7os para criar uma cooperativa, a AlfaCar, buscando melhores condi\u00e7\u00f5es de trabalho e maior retorno financeiro para a categoria. O presidente da cooperativa, Paulo Ubiratan, expressa claramente a frustra\u00e7\u00e3o comum entre motoristas que, ao trabalhar arduamente, enfrentam altos custos e taxas, enquanto os empres\u00e1rios por tr\u00e1s dessas plataformas se beneficiam.<\/p>\n<p>Em 2022, 21 motoristas decidiram se organizar e fundar a cooperativa, obtendo a regulariza\u00e7\u00e3o jur\u00eddica necess\u00e1ria e investindo no desenvolvimento da plataforma. O ingresso na AlfaCar exige um aporte inicial que foi ajustado para 50% de um sal\u00e1rio m\u00ednimo, refletindo uma gest\u00e3o respons\u00e1vel e adapt\u00e1vel \u00e0s condi\u00e7\u00f5es econ\u00f4micas.<\/p>\n<h3>Uma Iniciativa Aut\u00f4noma<\/h3>\n<p>A cria\u00e7\u00e3o da cooperativa representa n\u00e3o apenas uma alternativa \u00e0s plataformas tradicionais, mas tamb\u00e9m um modelo de autogest\u00e3o que prioriza o bem-estar dos motoristas. Com tarifas m\u00ednimas a partir de R$ 10,99 para trajetos curtos, a AlfaCar adota um sistema de pre\u00e7o justo e transparente, que considera as necessidades tanto dos motoristas quanto dos passageiros. Isso \u00e9 reflexo de um compromisso que visa uma mobilidade mais humana e equilibrada, essencial para o cotidiano das cidades.<\/p>\n<p>A sele\u00e7\u00e3o rigorosa dos motoristas para garantir um padr\u00e3o de qualidade, al\u00e9m do crescimento org\u00e2nico da cooperativa, demonstra que um modelo cooperativo pode ser n\u00e3o apenas vi\u00e1vel, mas tamb\u00e9m pr\u00f3spero, contribuindo para uma mobilidade urbana mais eficiente.<\/p>\n<h3>Benef\u00edcios para a Mobilidade e a Comunidade<\/h3>\n<p>Al\u00e9m de oferecer transporte urbano, a cooperativa se destaca por servi\u00e7os diversificados, abrangendo categorias espec\u00edficas como corridas para compras e viagens intermunicipais. Essas op\u00e7\u00f5es n\u00e3o s\u00f3 atendem \u00e0 demanda local, mas tamb\u00e9m proporcionam mais efici\u00eancia e conforto para os usu\u00e1rios, ampliando o acesso \u00e0 mobilidade.<\/p>\n<p>Os motoristas cooperados desfrutam ainda de parcerias que oferecem benef\u00edcios variados, como descontos em manuten\u00e7\u00e3o de ve\u00edculos e servi\u00e7os de sa\u00fade. Essas iniciativas fortalecem a qualidade de vida deles e, consequentemente, a efici\u00eancia do servi\u00e7o prestado \u00e0 popula\u00e7\u00e3o. Com eventos frequentes patrocinados pela cooperativa, a presen\u00e7a da AlfaCar na comunidade de Alfenas \u00e9 refor\u00e7ada, promovendo uma rela\u00e7\u00e3o mais pr\u00f3xima com usu\u00e1rios e potenciais clientes.<\/p>\n<h3>Um Modelo Sustent\u00e1vel e Lucrativo<\/h3>\n<p>A possibilidade de os motoristas manterem uma maior parte de seus ganhos \u00e9 um dos grandes atrativos do modelo cooperativo. Paulo Ubiratan enfatiza que os motoristas da AlfaCar t\u00eam uma margem de lucro muito mais significativa em compara\u00e7\u00e3o com plataformas tradicionais, onde taxas podem consumir uma parte substancial da renda. Essa abordagem n\u00e3o apenas melhora as condi\u00e7\u00f5es econ\u00f4micas dos motoristas, mas tamb\u00e9m impacta positivamente na mobilidade local, garantindo um servi\u00e7o dispon\u00edvel e acess\u00edvel aos cidad\u00e3os.<\/p>\n<p>Ao olhar para o futuro, a expectativa \u00e9 de que esse modelo se expanda ainda mais, especialmente em cidades menores, onde a constru\u00e7\u00e3o de rela\u00e7\u00f5es comunit\u00e1rias \u00e9 fundamental. Com um planejamento eficaz e uma vis\u00e3o bem definida, a cooperativa prepara-se para ser um exemplo de como a mobilidade pode ser reimaginada em territ\u00f3rios com potencial inexplorado.<\/p>\n<p>Esta iniciativa n\u00e3o apenas transforma a realidade dos motoristas em Alfenas, mas tamb\u00e9m oferece uma alternativa que pode servir de modelo para outras cidades, promovendo uma mobilidade urbana mais colaborativa e sustent\u00e1vel.<\/p>\n<p><strong>Fonte: motorista.com.br<\/strong><\/p>\n","protected":false},"excerpt":{"rendered":"<p>Motoristas de app se re\u00fanem e criam cooperativa em Alfenas Motivados pela insatisfa\u00e7\u00e3o com as plataformas de mobilidade dispon\u00edveis no mercado, um grupo de motoristas na cidade de Alfenas (MG) uniu esfor\u00e7os para criar uma cooperativa, a AlfaCar, buscando melhores condi\u00e7\u00f5es de trabalho e maior retorno financeiro para a categoria. O presidente da cooperativa, Paulo &hellip;<\/p>\n","protected":false},"author":4,"featured_media":0,"comment_status":"","ping_status":"open","sticky":false,"template":"","format":"standard","meta":{"footnotes":""},"categories":[49,77],"tags":[],"coauthors":[42],"class_list":["post-5281","post","type-post","status-publish","format-standard","hentry","category-aplicativos","category-motorista"],"yoast_head":"<!-- This site is optimized with the Yoast SEO Premium plugin v25.5 (Yoast SEO v27.4) - https:\/\/yoast.com\/product\/yoast-seo-premium-wordpress\/ -->\n<title>Cooperativa de motoristas de app em Alfenas oferece corridas a R$ 10,99 - Motorista.com.br<\/title>\n<meta name=\"robots\" content=\"index, follow, max-snippet:-1, max-image-preview:large, max-video-preview:-1\" \/>\n<link rel=\"canonical\" href=\"https:\/\/motorista.com.br\/noticias\/2025\/12\/19\/cooperativa-de-motoristas-de-app-em-alfenas-oferece-corridas-a-r-1099\/\" \/>\n<meta property=\"og:locale\" content=\"pt_BR\" \/>\n<meta property=\"og:type\" content=\"article\" \/>\n<meta property=\"og:title\" content=\"Cooperativa de motoristas de app em Alfenas oferece corridas a R$ 10,99\" \/>\n<meta property=\"og:description\" content=\"Motoristas de app se re\u00fanem e criam cooperativa em Alfenas Motivados pela insatisfa\u00e7\u00e3o com as plataformas de mobilidade dispon\u00edveis no mercado, um grupo de motoristas na cidade de Alfenas (MG) uniu esfor\u00e7os para criar uma cooperativa, a AlfaCar, buscando melhores condi\u00e7\u00f5es de trabalho e maior retorno financeiro para a categoria. O presidente da cooperativa, Paulo &hellip;\" \/>\n<meta property=\"og:url\" content=\"https:\/\/motorista.com.br\/noticias\/2025\/12\/19\/cooperativa-de-motoristas-de-app-em-alfenas-oferece-corridas-a-r-1099\/\" \/>\n<meta property=\"og:site_name\" content=\"Motorista.com.br\" \/>\n<meta property=\"article:published_time\" content=\"2025-12-19T04:48:19+00:00\" \/>\n<meta name=\"author\" content=\"Equipe Reda\u00e7\u00e3o\" \/>\n<meta name=\"twitter:card\" content=\"summary_large_image\" \/>\n<meta name=\"twitter:label1\" content=\"Escrito por\" \/>\n\t<meta name=\"twitter:data1\" content=\"Equipe Reda\u00e7\u00e3o\" \/>\n\t<meta name=\"twitter:label2\" content=\"Est. tempo de leitura\" \/>\n\t<meta name=\"twitter:data2\" content=\"3 minutos\" \/>\n\t<meta name=\"twitter:label3\" content=\"Written by\" \/>\n\t<meta name=\"twitter:data3\" content=\"Equipe Reda\u00e7\u00e3o\" \/>\n<script type=\"application\/ld+json\" class=\"yoast-schema-graph\">{\"@context\":\"https:\\\/\\\/schema.org\",\"@graph\":[{\"@type\":\"Article\",\"@id\":\"https:\\\/\\\/motorista.com.br\\\/noticias\\\/2025\\\/12\\\/19\\\/cooperativa-de-motoristas-de-app-em-alfenas-oferece-corridas-a-r-1099\\\/#article\",\"isPartOf\":{\"@id\":\"https:\\\/\\\/motorista.com.br\\\/noticias\\\/2025\\\/12\\\/19\\\/cooperativa-de-motoristas-de-app-em-alfenas-oferece-corridas-a-r-1099\\\/\"},\"author\":{\"name\":\"Equipe Reda\u00e7\u00e3o\",\"@id\":\"https:\\\/\\\/motorista.com.br\\\/noticias\\\/#\\\/schema\\\/person\\\/dc93afc2981c0e3ce6bc3c053fd847be\"},\"headline\":\"Cooperativa de motoristas de app em Alfenas oferece corridas a R$ 10,99\",\"datePublished\":\"2025-12-19T04:48:19+00:00\",\"mainEntityOfPage\":{\"@id\":\"https:\\\/\\\/motorista.com.br\\\/noticias\\\/2025\\\/12\\\/19\\\/cooperativa-de-motoristas-de-app-em-alfenas-oferece-corridas-a-r-1099\\\/\"},\"wordCount\":605,\"publisher\":{\"@id\":\"https:\\\/\\\/motorista.com.br\\\/noticias\\\/#organization\"},\"articleSection\":[\"Aplicativos\",\"Motorista\"],\"inLanguage\":\"pt-BR\"},{\"@type\":\"WebPage\",\"@id\":\"https:\\\/\\\/motorista.com.br\\\/noticias\\\/2025\\\/12\\\/19\\\/cooperativa-de-motoristas-de-app-em-alfenas-oferece-corridas-a-r-1099\\\/\",\"url\":\"https:\\\/\\\/motorista.com.br\\\/noticias\\\/2025\\\/12\\\/19\\\/cooperativa-de-motoristas-de-app-em-alfenas-oferece-corridas-a-r-1099\\\/\",\"name\":\"Cooperativa de motoristas de app em Alfenas oferece corridas a R$ 10,99 - Motorista.com.br\",\"isPartOf\":{\"@id\":\"https:\\\/\\\/motorista.com.br\\\/noticias\\\/#website\"},\"datePublished\":\"2025-12-19T04:48:19+00:00\",\"breadcrumb\":{\"@id\":\"https:\\\/\\\/motorista.com.br\\\/noticias\\\/2025\\\/12\\\/19\\\/cooperativa-de-motoristas-de-app-em-alfenas-oferece-corridas-a-r-1099\\\/#breadcrumb\"},\"inLanguage\":\"pt-BR\",\"potentialAction\":[{\"@type\":\"ReadAction\",\"target\":[\"https:\\\/\\\/motorista.com.br\\\/noticias\\\/2025\\\/12\\\/19\\\/cooperativa-de-motoristas-de-app-em-alfenas-oferece-corridas-a-r-1099\\\/\"]}]},{\"@type\":\"BreadcrumbList\",\"@id\":\"https:\\\/\\\/motorista.com.br\\\/noticias\\\/2025\\\/12\\\/19\\\/cooperativa-de-motoristas-de-app-em-alfenas-oferece-corridas-a-r-1099\\\/#breadcrumb\",\"itemListElement\":[{\"@type\":\"ListItem\",\"position\":1,\"name\":\"In\u00edcio\",\"item\":\"https:\\\/\\\/motorista.com.br\\\/noticias\\\/\"},{\"@type\":\"ListItem\",\"position\":2,\"name\":\"Cooperativa de motoristas de app em Alfenas oferece corridas a R$ 10,99\"}]},{\"@type\":\"WebSite\",\"@id\":\"https:\\\/\\\/motorista.com.br\\\/noticias\\\/#website\",\"url\":\"https:\\\/\\\/motorista.com.br\\\/noticias\\\/\",\"name\":\"Motorista.com.br\",\"description\":\"Not\u00edcia do Motorista\",\"publisher\":{\"@id\":\"https:\\\/\\\/motorista.com.br\\\/noticias\\\/#organization\"},\"potentialAction\":[{\"@type\":\"SearchAction\",\"target\":{\"@type\":\"EntryPoint\",\"urlTemplate\":\"https:\\\/\\\/motorista.com.br\\\/noticias\\\/?s={search_term_string}\"},\"query-input\":{\"@type\":\"PropertyValueSpecification\",\"valueRequired\":true,\"valueName\":\"search_term_string\"}}],\"inLanguage\":\"pt-BR\"},{\"@type\":\"Organization\",\"@id\":\"https:\\\/\\\/motorista.com.br\\\/noticias\\\/#organization\",\"name\":\"Motorista.com.br\",\"url\":\"https:\\\/\\\/motorista.com.br\\\/noticias\\\/\",\"logo\":{\"@type\":\"ImageObject\",\"inLanguage\":\"pt-BR\",\"@id\":\"https:\\\/\\\/motorista.com.br\\\/noticias\\\/#\\\/schema\\\/logo\\\/image\\\/\",\"url\":\"https:\\\/\\\/motorista.com.br\\\/noticias\\\/wp-content\\\/uploads\\\/2025\\\/06\\\/Design-sem-nome-9.png\",\"contentUrl\":\"https:\\\/\\\/motorista.com.br\\\/noticias\\\/wp-content\\\/uploads\\\/2025\\\/06\\\/Design-sem-nome-9.png\",\"width\":150,\"height\":85,\"caption\":\"Motorista.com.br\"},\"image\":{\"@id\":\"https:\\\/\\\/motorista.com.br\\\/noticias\\\/#\\\/schema\\\/logo\\\/image\\\/\"}},{\"@type\":\"Person\",\"@id\":\"https:\\\/\\\/motorista.com.br\\\/noticias\\\/#\\\/schema\\\/person\\\/dc93afc2981c0e3ce6bc3c053fd847be\",\"name\":\"Equipe Reda\u00e7\u00e3o\",\"image\":{\"@type\":\"ImageObject\",\"inLanguage\":\"pt-BR\",\"@id\":\"https:\\\/\\\/secure.gravatar.com\\\/avatar\\\/4f525efbf18dd2bb300ccad28bfb99d95a9465a5ba268407c8c37b37e1f28d2d?s=96&d=mm&r=g9e099043a0c61e9ae27e293b9fa75ffc\",\"url\":\"https:\\\/\\\/secure.gravatar.com\\\/avatar\\\/4f525efbf18dd2bb300ccad28bfb99d95a9465a5ba268407c8c37b37e1f28d2d?s=96&d=mm&r=g\",\"contentUrl\":\"https:\\\/\\\/secure.gravatar.com\\\/avatar\\\/4f525efbf18dd2bb300ccad28bfb99d95a9465a5ba268407c8c37b37e1f28d2d?s=96&d=mm&r=g\",\"caption\":\"Equipe Reda\u00e7\u00e3o\"},\"description\":\"Equipe de reda\u00e7\u00e3o \u00e9 um grupo de profissionais que trabalham juntos para criar conte\u00fado escrito para Motorista.com.br\",\"url\":\"https:\\\/\\\/motorista.com.br\\\/noticias\\\/author\\\/equiperedacao\\\/\"}]}<\/script>\n<!-- \/ Yoast SEO Premium plugin. -->","yoast_head_json":{"title":"Cooperativa de motoristas de app em Alfenas oferece corridas a R$ 10,99 - Motorista.com.br","robots":{"index":"index","follow":"follow","max-snippet":"max-snippet:-1","max-image-preview":"max-image-preview:large","max-video-preview":"max-video-preview:-1"},"canonical":"https:\/\/motorista.com.br\/noticias\/2025\/12\/19\/cooperativa-de-motoristas-de-app-em-alfenas-oferece-corridas-a-r-1099\/","og_locale":"pt_BR","og_type":"article","og_title":"Cooperativa de motoristas de app em Alfenas oferece corridas a R$ 10,99","og_description":"Motoristas de app se re\u00fanem e criam cooperativa em Alfenas Motivados pela insatisfa\u00e7\u00e3o com as plataformas de mobilidade dispon\u00edveis no mercado, um grupo de motoristas na cidade de Alfenas (MG) uniu esfor\u00e7os para criar uma cooperativa, a AlfaCar, buscando melhores condi\u00e7\u00f5es de trabalho e maior retorno financeiro para a categoria. O presidente da cooperativa, Paulo &hellip;","og_url":"https:\/\/motorista.com.br\/noticias\/2025\/12\/19\/cooperativa-de-motoristas-de-app-em-alfenas-oferece-corridas-a-r-1099\/","og_site_name":"Motorista.com.br","article_published_time":"2025-12-19T04:48:19+00:00","author":"Equipe Reda\u00e7\u00e3o","twitter_card":"summary_large_image","twitter_misc":{"Escrito por":"Equipe Reda\u00e7\u00e3o","Est. tempo de leitura":"3 minutos","Written by":"Equipe Reda\u00e7\u00e3o"},"schema":{"@context":"https:\/\/schema.org","@graph":[{"@type":"Article","@id":"https:\/\/motorista.com.br\/noticias\/2025\/12\/19\/cooperativa-de-motoristas-de-app-em-alfenas-oferece-corridas-a-r-1099\/#article","isPartOf":{"@id":"https:\/\/motorista.com.br\/noticias\/2025\/12\/19\/cooperativa-de-motoristas-de-app-em-alfenas-oferece-corridas-a-r-1099\/"},"author":{"name":"Equipe Reda\u00e7\u00e3o","@id":"https:\/\/motorista.com.br\/noticias\/#\/schema\/person\/dc93afc2981c0e3ce6bc3c053fd847be"},"headline":"Cooperativa de motoristas de app em Alfenas oferece corridas a R$ 10,99","datePublished":"2025-12-19T04:48:19+00:00","mainEntityOfPage":{"@id":"https:\/\/motorista.com.br\/noticias\/2025\/12\/19\/cooperativa-de-motoristas-de-app-em-alfenas-oferece-corridas-a-r-1099\/"},"wordCount":605,"publisher":{"@id":"https:\/\/motorista.com.br\/noticias\/#organization"},"articleSection":["Aplicativos","Motorista"],"inLanguage":"pt-BR"},{"@type":"WebPage","@id":"https:\/\/motorista.com.br\/noticias\/2025\/12\/19\/cooperativa-de-motoristas-de-app-em-alfenas-oferece-corridas-a-r-1099\/","url":"https:\/\/motorista.com.br\/noticias\/2025\/12\/19\/cooperativa-de-motoristas-de-app-em-alfenas-oferece-corridas-a-r-1099\/","name":"Cooperativa de motoristas de app em Alfenas oferece corridas a R$ 10,99 - Motorista.com.br","isPartOf":{"@id":"https:\/\/motorista.com.br\/noticias\/#website"},"datePublished":"2025-12-19T04:48:19+00:00","breadcrumb":{"@id":"https:\/\/motorista.com.br\/noticias\/2025\/12\/19\/cooperativa-de-motoristas-de-app-em-alfenas-oferece-corridas-a-r-1099\/#breadcrumb"},"inLanguage":"pt-BR","potentialAction":[{"@type":"ReadAction","target":["https:\/\/motorista.com.br\/noticias\/2025\/12\/19\/cooperativa-de-motoristas-de-app-em-alfenas-oferece-corridas-a-r-1099\/"]}]},{"@type":"BreadcrumbList","@id":"https:\/\/motorista.com.br\/noticias\/2025\/12\/19\/cooperativa-de-motoristas-de-app-em-alfenas-oferece-corridas-a-r-1099\/#breadcrumb","itemListElement":[{"@type":"ListItem","position":1,"name":"In\u00edcio","item":"https:\/\/motorista.com.br\/noticias\/"},{"@type":"ListItem","position":2,"name":"Cooperativa de motoristas de app em Alfenas oferece corridas a R$ 10,99"}]},{"@type":"WebSite","@id":"https:\/\/motorista.com.br\/noticias\/#website","url":"https:\/\/motorista.com.br\/noticias\/","name":"Motorista.com.br","description":"Not\u00edcia do Motorista","publisher":{"@id":"https:\/\/motorista.com.br\/noticias\/#organization"},"potentialAction":[{"@type":"SearchAction","target":{"@type":"EntryPoint","urlTemplate":"https:\/\/motorista.com.br\/noticias\/?s={search_term_string}"},"query-input":{"@type":"PropertyValueSpecification","valueRequired":true,"valueName":"search_term_string"}}],"inLanguage":"pt-BR"},{"@type":"Organization","@id":"https:\/\/motorista.com.br\/noticias\/#organization","name":"Motorista.com.br","url":"https:\/\/motorista.com.br\/noticias\/","logo":{"@type":"ImageObject","inLanguage":"pt-BR","@id":"https:\/\/motorista.com.br\/noticias\/#\/schema\/logo\/image\/","url":"https:\/\/motorista.com.br\/noticias\/wp-content\/uploads\/2025\/06\/Design-sem-nome-9.png","contentUrl":"https:\/\/motorista.com.br\/noticias\/wp-content\/uploads\/2025\/06\/Design-sem-nome-9.png","width":150,"height":85,"caption":"Motorista.com.br"},"image":{"@id":"https:\/\/motorista.com.br\/noticias\/#\/schema\/logo\/image\/"}},{"@type":"Person","@id":"https:\/\/motorista.com.br\/noticias\/#\/schema\/person\/dc93afc2981c0e3ce6bc3c053fd847be","name":"Equipe Reda\u00e7\u00e3o","image":{"@type":"ImageObject","inLanguage":"pt-BR","@id":"https:\/\/secure.gravatar.com\/avatar\/4f525efbf18dd2bb300ccad28bfb99d95a9465a5ba268407c8c37b37e1f28d2d?s=96&d=mm&r=g9e099043a0c61e9ae27e293b9fa75ffc","url":"https:\/\/secure.gravatar.com\/avatar\/4f525efbf18dd2bb300ccad28bfb99d95a9465a5ba268407c8c37b37e1f28d2d?s=96&d=mm&r=g","contentUrl":"https:\/\/secure.gravatar.com\/avatar\/4f525efbf18dd2bb300ccad28bfb99d95a9465a5ba268407c8c37b37e1f28d2d?s=96&d=mm&r=g","caption":"Equipe Reda\u00e7\u00e3o"},"description":"Equipe de reda\u00e7\u00e3o \u00e9 um grupo de profissionais que trabalham juntos para criar conte\u00fado escrito para Motorista.com.br","url":"https:\/\/motorista.com.br\/noticias\/author\/equiperedacao\/"}]}},"_links":{"self":[{"href":"https:\/\/motorista.com.br\/noticias\/wp-json\/wp\/v2\/posts\/5281","targetHints":{"allow":["GET"]}}],"collection":[{"href":"https:\/\/motorista.com.br\/noticias\/wp-json\/wp\/v2\/posts"}],"about":[{"href":"https:\/\/motorista.com.br\/noticias\/wp-json\/wp\/v2\/types\/post"}],"author":[{"embeddable":true,"href":"https:\/\/motorista.com.br\/noticias\/wp-json\/wp\/v2\/users\/4"}],"replies":[{"embeddable":true,"href":"https:\/\/motorista.com.br\/noticias\/wp-json\/wp\/v2\/comments?post=5281"}],"version-history":[{"count":0,"href":"https:\/\/motorista.com.br\/noticias\/wp-json\/wp\/v2\/posts\/5281\/revisions"}],"wp:attachment":[{"href":"https:\/\/motorista.com.br\/noticias\/wp-json\/wp\/v2\/media?parent=5281"}],"wp:term":[{"taxonomy":"category","embeddable":true,"href":"https:\/\/motorista.com.br\/noticias\/wp-json\/wp\/v2\/categories?post=5281"},{"taxonomy":"post_tag","embeddable":true,"href":"https:\/\/motorista.com.br\/noticias\/wp-json\/wp\/v2\/tags?post=5281"},{"taxonomy":"author","embeddable":true,"href":"https:\/\/motorista.com.br\/noticias\/wp-json\/wp\/v2\/coauthors?post=5281"}],"curies":[{"name":"wp","href":"https:\/\/api.w.org\/{rel}","templated":true}]}}