{"id":5265,"date":"2025-12-18T09:32:54","date_gmt":"2025-12-18T12:32:54","guid":{"rendered":"https:\/\/motorista.com.br\/noticias\/2025\/12\/18\/daniel-agrobom-solicita-mais-prazo-para-analisar-pl-dos-apps-e-propoe-taxa-de-20-para-plataformas\/"},"modified":"2025-12-18T09:32:54","modified_gmt":"2025-12-18T12:32:54","slug":"daniel-agrobom-solicita-mais-prazo-para-analisar-pl-dos-apps-e-propoe-taxa-de-20-para-plataformas","status":"publish","type":"post","link":"https:\/\/motorista.com.br\/noticias\/2025\/12\/18\/daniel-agrobom-solicita-mais-prazo-para-analisar-pl-dos-apps-e-propoe-taxa-de-20-para-plataformas\/","title":{"rendered":"Daniel Agrobom solicita mais prazo para analisar PL dos apps e prop\u00f5e taxa de 20% para plataformas."},"content":{"rendered":"<p><\/p>\n<p><strong>Daniel Agrobom pede mais tempo para avaliar PL dos apps e defende taxa de 20% para plataformas<\/strong><\/p>\n<p>O deputado federal Daniel Agrobom (PL-GO) destacou a necessidade de mais prazo para an\u00e1lise do PLP 152\/25, que regula o trabalho por aplicativos de transporte e entrega no Brasil. Durante uma reuni\u00e3o da comiss\u00e3o que discute o projeto, ele enfatizou a import\u00e2ncia de uma avalia\u00e7\u00e3o cuidadosa do relat\u00f3rio extensa de 65 p\u00e1ginas apresentado pelo relator.<\/p>\n<p>Agrobom expressou preocupa\u00e7\u00e3o com a tramita\u00e7\u00e3o simult\u00e2nea de propostas semelhantes em outras comiss\u00f5es, argumentando que isso pode gerar confus\u00e3o e diverg\u00eancias na regulamenta\u00e7\u00e3o. A diferen\u00e7a nas taxas de reten\u00e7\u00e3o das plataformas, propostas em diferentes textos, \u00e9 um exemplo claro da necessidade de um debate mais aprofundado. Enquanto alguns projetos estipulam um limite de 20%, outros falam de 25% ou at\u00e9 30%. Segundo o deputado, um consenso sobre a taxa de 20% seria mais adequado e deveria ser revisado com cuidado.<\/p>\n<p>Por outro lado, o parlamentar ressaltou a relev\u00e2ncia do PLP, que impacta diretamente mais de 2 milh\u00f5es de trabalhadores, muitos dos quais dependem dessa atividade como fonte prim\u00e1ria de renda. Portanto, uma an\u00e1lise minuciosa e uma conversa aberta com motoristas e as empresas envolvidas s\u00e3o cruciais antes de qualquer delibera\u00e7\u00e3o.<\/p>\n<p>Na proposta de encaminhamento, Agrobom sugere que se fa\u00e7a uma leitura formal do parecer nesta semana, evitando vota\u00e7\u00f5es ou prazos imediatos. Ele acredita que isso permitir\u00e1 que todos os deputados possam se aprofundar no texto e trazer contribui\u00e7\u00f5es valiosas na pr\u00f3xima sess\u00e3o.<\/p>\n<p>O presidente da comiss\u00e3o, Joaquim Passarinho, reconheceu a proposta de Agrobom, embora tenha ressaltado que o regimento n\u00e3o prev\u00ea exatamente esse modelo de tramita\u00e7\u00e3o. Ele ponderou que a constru\u00e7\u00e3o de um consenso \u00e9 necess\u00e1ria para evitar a possibilidade de que a vota\u00e7\u00e3o se prolongue at\u00e9 2026.<\/p>\n<p>Os desdobramentos desta discuss\u00e3o n\u00e3o s\u00f3 t\u00eam o potencial de moldar a legisla\u00e7\u00e3o relacionada ao trabalho por aplicativos, mas tamb\u00e9m podem influenciar a mobilidade urbana de v\u00e1rias maneiras. Um modelo bem estruturado pode aumentar a seguran\u00e7a e a renda dos motoristas, o que, por sua vez, pode melhorar a qualidade do servi\u00e7o prestado aos usu\u00e1rios e a confian\u00e7a nos aplicativos. Portanto, a import\u00e2ncia desse debate transcende a simples an\u00e1lise de um projeto, refletindo em como a mobilidade ser\u00e1 gerida e regulamentada no futuro.<\/p>\n<p><strong>Fonte: 55content<\/strong><\/p>\n","protected":false},"excerpt":{"rendered":"<p>Daniel Agrobom pede mais tempo para avaliar PL dos apps e defende taxa de 20% para plataformas O deputado federal Daniel Agrobom (PL-GO) destacou a necessidade de mais prazo para an\u00e1lise do PLP 152\/25, que regula o trabalho por aplicativos de transporte e entrega no Brasil. Durante uma reuni\u00e3o da comiss\u00e3o que discute o projeto, &hellip;<\/p>\n","protected":false},"author":4,"featured_media":5266,"comment_status":"","ping_status":"open","sticky":false,"template":"","format":"standard","meta":{"footnotes":""},"categories":[49,77],"tags":[],"coauthors":[42],"class_list":["post-5265","post","type-post","status-publish","format-standard","has-post-thumbnail","hentry","category-aplicativos","category-motorista"],"yoast_head":"<!-- This site is optimized with the Yoast SEO Premium plugin v25.5 (Yoast SEO v27.4) - https:\/\/yoast.com\/product\/yoast-seo-premium-wordpress\/ -->\n<title>Daniel Agrobom solicita mais prazo para analisar PL dos apps e prop\u00f5e taxa de 20% para plataformas. - Motorista.com.br<\/title>\n<meta name=\"robots\" content=\"index, follow, max-snippet:-1, max-image-preview:large, max-video-preview:-1\" \/>\n<link rel=\"canonical\" href=\"https:\/\/motorista.com.br\/noticias\/2025\/12\/18\/daniel-agrobom-solicita-mais-prazo-para-analisar-pl-dos-apps-e-propoe-taxa-de-20-para-plataformas\/\" \/>\n<meta property=\"og:locale\" content=\"pt_BR\" \/>\n<meta property=\"og:type\" content=\"article\" \/>\n<meta property=\"og:title\" content=\"Daniel Agrobom solicita mais prazo para analisar PL dos apps e prop\u00f5e taxa de 20% para plataformas.\" \/>\n<meta property=\"og:description\" content=\"Daniel Agrobom pede mais tempo para avaliar PL dos apps e defende taxa de 20% para plataformas O deputado federal Daniel Agrobom (PL-GO) destacou a necessidade de mais prazo para an\u00e1lise do PLP 152\/25, que regula o trabalho por aplicativos de transporte e entrega no Brasil. Durante uma reuni\u00e3o da comiss\u00e3o que discute o projeto, &hellip;\" \/>\n<meta property=\"og:url\" content=\"https:\/\/motorista.com.br\/noticias\/2025\/12\/18\/daniel-agrobom-solicita-mais-prazo-para-analisar-pl-dos-apps-e-propoe-taxa-de-20-para-plataformas\/\" \/>\n<meta property=\"og:site_name\" content=\"Motorista.com.br\" \/>\n<meta property=\"article:published_time\" content=\"2025-12-18T12:32:54+00:00\" \/>\n<meta name=\"author\" content=\"Equipe Reda\u00e7\u00e3o\" \/>\n<meta name=\"twitter:card\" content=\"summary_large_image\" \/>\n<meta name=\"twitter:label1\" content=\"Escrito por\" \/>\n\t<meta name=\"twitter:data1\" content=\"Equipe Reda\u00e7\u00e3o\" \/>\n\t<meta name=\"twitter:label2\" content=\"Est. tempo de leitura\" \/>\n\t<meta name=\"twitter:data2\" content=\"2 minutos\" \/>\n\t<meta name=\"twitter:label3\" content=\"Written by\" \/>\n\t<meta name=\"twitter:data3\" content=\"Equipe Reda\u00e7\u00e3o\" \/>\n<script type=\"application\/ld+json\" class=\"yoast-schema-graph\">{\"@context\":\"https:\\\/\\\/schema.org\",\"@graph\":[{\"@type\":\"Article\",\"@id\":\"https:\\\/\\\/motorista.com.br\\\/noticias\\\/2025\\\/12\\\/18\\\/daniel-agrobom-solicita-mais-prazo-para-analisar-pl-dos-apps-e-propoe-taxa-de-20-para-plataformas\\\/#article\",\"isPartOf\":{\"@id\":\"https:\\\/\\\/motorista.com.br\\\/noticias\\\/2025\\\/12\\\/18\\\/daniel-agrobom-solicita-mais-prazo-para-analisar-pl-dos-apps-e-propoe-taxa-de-20-para-plataformas\\\/\"},\"author\":{\"name\":\"Equipe Reda\u00e7\u00e3o\",\"@id\":\"https:\\\/\\\/motorista.com.br\\\/noticias\\\/#\\\/schema\\\/person\\\/dc93afc2981c0e3ce6bc3c053fd847be\"},\"headline\":\"Daniel Agrobom solicita mais prazo para analisar PL dos apps e prop\u00f5e taxa de 20% para plataformas.\",\"datePublished\":\"2025-12-18T12:32:54+00:00\",\"mainEntityOfPage\":{\"@id\":\"https:\\\/\\\/motorista.com.br\\\/noticias\\\/2025\\\/12\\\/18\\\/daniel-agrobom-solicita-mais-prazo-para-analisar-pl-dos-apps-e-propoe-taxa-de-20-para-plataformas\\\/\"},\"wordCount\":426,\"publisher\":{\"@id\":\"https:\\\/\\\/motorista.com.br\\\/noticias\\\/#organization\"},\"image\":{\"@id\":\"https:\\\/\\\/motorista.com.br\\\/noticias\\\/2025\\\/12\\\/18\\\/daniel-agrobom-solicita-mais-prazo-para-analisar-pl-dos-apps-e-propoe-taxa-de-20-para-plataformas\\\/#primaryimage\"},\"thumbnailUrl\":\"https:\\\/\\\/motorista.com.br\\\/noticias\\\/wp-content\\\/uploads\\\/2025\\\/12\\\/Deputado-Daniel-Agrobom-Foto-ReproducaoYouTube-1.png\",\"articleSection\":[\"Aplicativos\",\"Motorista\"],\"inLanguage\":\"pt-BR\"},{\"@type\":\"WebPage\",\"@id\":\"https:\\\/\\\/motorista.com.br\\\/noticias\\\/2025\\\/12\\\/18\\\/daniel-agrobom-solicita-mais-prazo-para-analisar-pl-dos-apps-e-propoe-taxa-de-20-para-plataformas\\\/\",\"url\":\"https:\\\/\\\/motorista.com.br\\\/noticias\\\/2025\\\/12\\\/18\\\/daniel-agrobom-solicita-mais-prazo-para-analisar-pl-dos-apps-e-propoe-taxa-de-20-para-plataformas\\\/\",\"name\":\"Daniel Agrobom solicita mais prazo para analisar PL dos apps e prop\u00f5e taxa de 20% para plataformas. - Motorista.com.br\",\"isPartOf\":{\"@id\":\"https:\\\/\\\/motorista.com.br\\\/noticias\\\/#website\"},\"primaryImageOfPage\":{\"@id\":\"https:\\\/\\\/motorista.com.br\\\/noticias\\\/2025\\\/12\\\/18\\\/daniel-agrobom-solicita-mais-prazo-para-analisar-pl-dos-apps-e-propoe-taxa-de-20-para-plataformas\\\/#primaryimage\"},\"image\":{\"@id\":\"https:\\\/\\\/motorista.com.br\\\/noticias\\\/2025\\\/12\\\/18\\\/daniel-agrobom-solicita-mais-prazo-para-analisar-pl-dos-apps-e-propoe-taxa-de-20-para-plataformas\\\/#primaryimage\"},\"thumbnailUrl\":\"https:\\\/\\\/motorista.com.br\\\/noticias\\\/wp-content\\\/uploads\\\/2025\\\/12\\\/Deputado-Daniel-Agrobom-Foto-ReproducaoYouTube-1.png\",\"datePublished\":\"2025-12-18T12:32:54+00:00\",\"breadcrumb\":{\"@id\":\"https:\\\/\\\/motorista.com.br\\\/noticias\\\/2025\\\/12\\\/18\\\/daniel-agrobom-solicita-mais-prazo-para-analisar-pl-dos-apps-e-propoe-taxa-de-20-para-plataformas\\\/#breadcrumb\"},\"inLanguage\":\"pt-BR\",\"potentialAction\":[{\"@type\":\"ReadAction\",\"target\":[\"https:\\\/\\\/motorista.com.br\\\/noticias\\\/2025\\\/12\\\/18\\\/daniel-agrobom-solicita-mais-prazo-para-analisar-pl-dos-apps-e-propoe-taxa-de-20-para-plataformas\\\/\"]}]},{\"@type\":\"ImageObject\",\"inLanguage\":\"pt-BR\",\"@id\":\"https:\\\/\\\/motorista.com.br\\\/noticias\\\/2025\\\/12\\\/18\\\/daniel-agrobom-solicita-mais-prazo-para-analisar-pl-dos-apps-e-propoe-taxa-de-20-para-plataformas\\\/#primaryimage\",\"url\":\"https:\\\/\\\/motorista.com.br\\\/noticias\\\/wp-content\\\/uploads\\\/2025\\\/12\\\/Deputado-Daniel-Agrobom-Foto-ReproducaoYouTube-1.png\",\"contentUrl\":\"https:\\\/\\\/motorista.com.br\\\/noticias\\\/wp-content\\\/uploads\\\/2025\\\/12\\\/Deputado-Daniel-Agrobom-Foto-ReproducaoYouTube-1.png\",\"width\":600,\"height\":350},{\"@type\":\"BreadcrumbList\",\"@id\":\"https:\\\/\\\/motorista.com.br\\\/noticias\\\/2025\\\/12\\\/18\\\/daniel-agrobom-solicita-mais-prazo-para-analisar-pl-dos-apps-e-propoe-taxa-de-20-para-plataformas\\\/#breadcrumb\",\"itemListElement\":[{\"@type\":\"ListItem\",\"position\":1,\"name\":\"In\u00edcio\",\"item\":\"https:\\\/\\\/motorista.com.br\\\/noticias\\\/\"},{\"@type\":\"ListItem\",\"position\":2,\"name\":\"Daniel Agrobom solicita mais prazo para analisar PL dos apps e prop\u00f5e taxa de 20% para plataformas.\"}]},{\"@type\":\"WebSite\",\"@id\":\"https:\\\/\\\/motorista.com.br\\\/noticias\\\/#website\",\"url\":\"https:\\\/\\\/motorista.com.br\\\/noticias\\\/\",\"name\":\"Motorista.com.br\",\"description\":\"Not\u00edcia do Motorista\",\"publisher\":{\"@id\":\"https:\\\/\\\/motorista.com.br\\\/noticias\\\/#organization\"},\"potentialAction\":[{\"@type\":\"SearchAction\",\"target\":{\"@type\":\"EntryPoint\",\"urlTemplate\":\"https:\\\/\\\/motorista.com.br\\\/noticias\\\/?s={search_term_string}\"},\"query-input\":{\"@type\":\"PropertyValueSpecification\",\"valueRequired\":true,\"valueName\":\"search_term_string\"}}],\"inLanguage\":\"pt-BR\"},{\"@type\":\"Organization\",\"@id\":\"https:\\\/\\\/motorista.com.br\\\/noticias\\\/#organization\",\"name\":\"Motorista.com.br\",\"url\":\"https:\\\/\\\/motorista.com.br\\\/noticias\\\/\",\"logo\":{\"@type\":\"ImageObject\",\"inLanguage\":\"pt-BR\",\"@id\":\"https:\\\/\\\/motorista.com.br\\\/noticias\\\/#\\\/schema\\\/logo\\\/image\\\/\",\"url\":\"https:\\\/\\\/motorista.com.br\\\/noticias\\\/wp-content\\\/uploads\\\/2025\\\/06\\\/Design-sem-nome-9.png\",\"contentUrl\":\"https:\\\/\\\/motorista.com.br\\\/noticias\\\/wp-content\\\/uploads\\\/2025\\\/06\\\/Design-sem-nome-9.png\",\"width\":150,\"height\":85,\"caption\":\"Motorista.com.br\"},\"image\":{\"@id\":\"https:\\\/\\\/motorista.com.br\\\/noticias\\\/#\\\/schema\\\/logo\\\/image\\\/\"}},{\"@type\":\"Person\",\"@id\":\"https:\\\/\\\/motorista.com.br\\\/noticias\\\/#\\\/schema\\\/person\\\/dc93afc2981c0e3ce6bc3c053fd847be\",\"name\":\"Equipe Reda\u00e7\u00e3o\",\"image\":{\"@type\":\"ImageObject\",\"inLanguage\":\"pt-BR\",\"@id\":\"https:\\\/\\\/secure.gravatar.com\\\/avatar\\\/4f525efbf18dd2bb300ccad28bfb99d95a9465a5ba268407c8c37b37e1f28d2d?s=96&d=mm&r=g9e099043a0c61e9ae27e293b9fa75ffc\",\"url\":\"https:\\\/\\\/secure.gravatar.com\\\/avatar\\\/4f525efbf18dd2bb300ccad28bfb99d95a9465a5ba268407c8c37b37e1f28d2d?s=96&d=mm&r=g\",\"contentUrl\":\"https:\\\/\\\/secure.gravatar.com\\\/avatar\\\/4f525efbf18dd2bb300ccad28bfb99d95a9465a5ba268407c8c37b37e1f28d2d?s=96&d=mm&r=g\",\"caption\":\"Equipe Reda\u00e7\u00e3o\"},\"description\":\"Equipe de reda\u00e7\u00e3o \u00e9 um grupo de profissionais que trabalham juntos para criar conte\u00fado escrito para Motorista.com.br\",\"url\":\"https:\\\/\\\/motorista.com.br\\\/noticias\\\/author\\\/equiperedacao\\\/\"}]}<\/script>\n<!-- \/ Yoast SEO Premium plugin. -->","yoast_head_json":{"title":"Daniel Agrobom solicita mais prazo para analisar PL dos apps e prop\u00f5e taxa de 20% para plataformas. - Motorista.com.br","robots":{"index":"index","follow":"follow","max-snippet":"max-snippet:-1","max-image-preview":"max-image-preview:large","max-video-preview":"max-video-preview:-1"},"canonical":"https:\/\/motorista.com.br\/noticias\/2025\/12\/18\/daniel-agrobom-solicita-mais-prazo-para-analisar-pl-dos-apps-e-propoe-taxa-de-20-para-plataformas\/","og_locale":"pt_BR","og_type":"article","og_title":"Daniel Agrobom solicita mais prazo para analisar PL dos apps e prop\u00f5e taxa de 20% para plataformas.","og_description":"Daniel Agrobom pede mais tempo para avaliar PL dos apps e defende taxa de 20% para plataformas O deputado federal Daniel Agrobom (PL-GO) destacou a necessidade de mais prazo para an\u00e1lise do PLP 152\/25, que regula o trabalho por aplicativos de transporte e entrega no Brasil. Durante uma reuni\u00e3o da comiss\u00e3o que discute o projeto, &hellip;","og_url":"https:\/\/motorista.com.br\/noticias\/2025\/12\/18\/daniel-agrobom-solicita-mais-prazo-para-analisar-pl-dos-apps-e-propoe-taxa-de-20-para-plataformas\/","og_site_name":"Motorista.com.br","article_published_time":"2025-12-18T12:32:54+00:00","author":"Equipe Reda\u00e7\u00e3o","twitter_card":"summary_large_image","twitter_misc":{"Escrito por":"Equipe Reda\u00e7\u00e3o","Est. tempo de leitura":"2 minutos","Written by":"Equipe Reda\u00e7\u00e3o"},"schema":{"@context":"https:\/\/schema.org","@graph":[{"@type":"Article","@id":"https:\/\/motorista.com.br\/noticias\/2025\/12\/18\/daniel-agrobom-solicita-mais-prazo-para-analisar-pl-dos-apps-e-propoe-taxa-de-20-para-plataformas\/#article","isPartOf":{"@id":"https:\/\/motorista.com.br\/noticias\/2025\/12\/18\/daniel-agrobom-solicita-mais-prazo-para-analisar-pl-dos-apps-e-propoe-taxa-de-20-para-plataformas\/"},"author":{"name":"Equipe Reda\u00e7\u00e3o","@id":"https:\/\/motorista.com.br\/noticias\/#\/schema\/person\/dc93afc2981c0e3ce6bc3c053fd847be"},"headline":"Daniel Agrobom solicita mais prazo para analisar PL dos apps e prop\u00f5e taxa de 20% para plataformas.","datePublished":"2025-12-18T12:32:54+00:00","mainEntityOfPage":{"@id":"https:\/\/motorista.com.br\/noticias\/2025\/12\/18\/daniel-agrobom-solicita-mais-prazo-para-analisar-pl-dos-apps-e-propoe-taxa-de-20-para-plataformas\/"},"wordCount":426,"publisher":{"@id":"https:\/\/motorista.com.br\/noticias\/#organization"},"image":{"@id":"https:\/\/motorista.com.br\/noticias\/2025\/12\/18\/daniel-agrobom-solicita-mais-prazo-para-analisar-pl-dos-apps-e-propoe-taxa-de-20-para-plataformas\/#primaryimage"},"thumbnailUrl":"https:\/\/motorista.com.br\/noticias\/wp-content\/uploads\/2025\/12\/Deputado-Daniel-Agrobom-Foto-ReproducaoYouTube-1.png","articleSection":["Aplicativos","Motorista"],"inLanguage":"pt-BR"},{"@type":"WebPage","@id":"https:\/\/motorista.com.br\/noticias\/2025\/12\/18\/daniel-agrobom-solicita-mais-prazo-para-analisar-pl-dos-apps-e-propoe-taxa-de-20-para-plataformas\/","url":"https:\/\/motorista.com.br\/noticias\/2025\/12\/18\/daniel-agrobom-solicita-mais-prazo-para-analisar-pl-dos-apps-e-propoe-taxa-de-20-para-plataformas\/","name":"Daniel Agrobom solicita mais prazo para analisar PL dos apps e prop\u00f5e taxa de 20% para plataformas. - Motorista.com.br","isPartOf":{"@id":"https:\/\/motorista.com.br\/noticias\/#website"},"primaryImageOfPage":{"@id":"https:\/\/motorista.com.br\/noticias\/2025\/12\/18\/daniel-agrobom-solicita-mais-prazo-para-analisar-pl-dos-apps-e-propoe-taxa-de-20-para-plataformas\/#primaryimage"},"image":{"@id":"https:\/\/motorista.com.br\/noticias\/2025\/12\/18\/daniel-agrobom-solicita-mais-prazo-para-analisar-pl-dos-apps-e-propoe-taxa-de-20-para-plataformas\/#primaryimage"},"thumbnailUrl":"https:\/\/motorista.com.br\/noticias\/wp-content\/uploads\/2025\/12\/Deputado-Daniel-Agrobom-Foto-ReproducaoYouTube-1.png","datePublished":"2025-12-18T12:32:54+00:00","breadcrumb":{"@id":"https:\/\/motorista.com.br\/noticias\/2025\/12\/18\/daniel-agrobom-solicita-mais-prazo-para-analisar-pl-dos-apps-e-propoe-taxa-de-20-para-plataformas\/#breadcrumb"},"inLanguage":"pt-BR","potentialAction":[{"@type":"ReadAction","target":["https:\/\/motorista.com.br\/noticias\/2025\/12\/18\/daniel-agrobom-solicita-mais-prazo-para-analisar-pl-dos-apps-e-propoe-taxa-de-20-para-plataformas\/"]}]},{"@type":"ImageObject","inLanguage":"pt-BR","@id":"https:\/\/motorista.com.br\/noticias\/2025\/12\/18\/daniel-agrobom-solicita-mais-prazo-para-analisar-pl-dos-apps-e-propoe-taxa-de-20-para-plataformas\/#primaryimage","url":"https:\/\/motorista.com.br\/noticias\/wp-content\/uploads\/2025\/12\/Deputado-Daniel-Agrobom-Foto-ReproducaoYouTube-1.png","contentUrl":"https:\/\/motorista.com.br\/noticias\/wp-content\/uploads\/2025\/12\/Deputado-Daniel-Agrobom-Foto-ReproducaoYouTube-1.png","width":600,"height":350},{"@type":"BreadcrumbList","@id":"https:\/\/motorista.com.br\/noticias\/2025\/12\/18\/daniel-agrobom-solicita-mais-prazo-para-analisar-pl-dos-apps-e-propoe-taxa-de-20-para-plataformas\/#breadcrumb","itemListElement":[{"@type":"ListItem","position":1,"name":"In\u00edcio","item":"https:\/\/motorista.com.br\/noticias\/"},{"@type":"ListItem","position":2,"name":"Daniel Agrobom solicita mais prazo para analisar PL dos apps e prop\u00f5e taxa de 20% para plataformas."}]},{"@type":"WebSite","@id":"https:\/\/motorista.com.br\/noticias\/#website","url":"https:\/\/motorista.com.br\/noticias\/","name":"Motorista.com.br","description":"Not\u00edcia do Motorista","publisher":{"@id":"https:\/\/motorista.com.br\/noticias\/#organization"},"potentialAction":[{"@type":"SearchAction","target":{"@type":"EntryPoint","urlTemplate":"https:\/\/motorista.com.br\/noticias\/?s={search_term_string}"},"query-input":{"@type":"PropertyValueSpecification","valueRequired":true,"valueName":"search_term_string"}}],"inLanguage":"pt-BR"},{"@type":"Organization","@id":"https:\/\/motorista.com.br\/noticias\/#organization","name":"Motorista.com.br","url":"https:\/\/motorista.com.br\/noticias\/","logo":{"@type":"ImageObject","inLanguage":"pt-BR","@id":"https:\/\/motorista.com.br\/noticias\/#\/schema\/logo\/image\/","url":"https:\/\/motorista.com.br\/noticias\/wp-content\/uploads\/2025\/06\/Design-sem-nome-9.png","contentUrl":"https:\/\/motorista.com.br\/noticias\/wp-content\/uploads\/2025\/06\/Design-sem-nome-9.png","width":150,"height":85,"caption":"Motorista.com.br"},"image":{"@id":"https:\/\/motorista.com.br\/noticias\/#\/schema\/logo\/image\/"}},{"@type":"Person","@id":"https:\/\/motorista.com.br\/noticias\/#\/schema\/person\/dc93afc2981c0e3ce6bc3c053fd847be","name":"Equipe Reda\u00e7\u00e3o","image":{"@type":"ImageObject","inLanguage":"pt-BR","@id":"https:\/\/secure.gravatar.com\/avatar\/4f525efbf18dd2bb300ccad28bfb99d95a9465a5ba268407c8c37b37e1f28d2d?s=96&d=mm&r=g9e099043a0c61e9ae27e293b9fa75ffc","url":"https:\/\/secure.gravatar.com\/avatar\/4f525efbf18dd2bb300ccad28bfb99d95a9465a5ba268407c8c37b37e1f28d2d?s=96&d=mm&r=g","contentUrl":"https:\/\/secure.gravatar.com\/avatar\/4f525efbf18dd2bb300ccad28bfb99d95a9465a5ba268407c8c37b37e1f28d2d?s=96&d=mm&r=g","caption":"Equipe Reda\u00e7\u00e3o"},"description":"Equipe de reda\u00e7\u00e3o \u00e9 um grupo de profissionais que trabalham juntos para criar conte\u00fado escrito para Motorista.com.br","url":"https:\/\/motorista.com.br\/noticias\/author\/equiperedacao\/"}]}},"_links":{"self":[{"href":"https:\/\/motorista.com.br\/noticias\/wp-json\/wp\/v2\/posts\/5265","targetHints":{"allow":["GET"]}}],"collection":[{"href":"https:\/\/motorista.com.br\/noticias\/wp-json\/wp\/v2\/posts"}],"about":[{"href":"https:\/\/motorista.com.br\/noticias\/wp-json\/wp\/v2\/types\/post"}],"author":[{"embeddable":true,"href":"https:\/\/motorista.com.br\/noticias\/wp-json\/wp\/v2\/users\/4"}],"replies":[{"embeddable":true,"href":"https:\/\/motorista.com.br\/noticias\/wp-json\/wp\/v2\/comments?post=5265"}],"version-history":[{"count":0,"href":"https:\/\/motorista.com.br\/noticias\/wp-json\/wp\/v2\/posts\/5265\/revisions"}],"wp:featuredmedia":[{"embeddable":true,"href":"https:\/\/motorista.com.br\/noticias\/wp-json\/wp\/v2\/media\/5266"}],"wp:attachment":[{"href":"https:\/\/motorista.com.br\/noticias\/wp-json\/wp\/v2\/media?parent=5265"}],"wp:term":[{"taxonomy":"category","embeddable":true,"href":"https:\/\/motorista.com.br\/noticias\/wp-json\/wp\/v2\/categories?post=5265"},{"taxonomy":"post_tag","embeddable":true,"href":"https:\/\/motorista.com.br\/noticias\/wp-json\/wp\/v2\/tags?post=5265"},{"taxonomy":"author","embeddable":true,"href":"https:\/\/motorista.com.br\/noticias\/wp-json\/wp\/v2\/coauthors?post=5265"}],"curies":[{"name":"wp","href":"https:\/\/api.w.org\/{rel}","templated":true}]}}