{"id":5261,"date":"2025-12-18T02:45:00","date_gmt":"2025-12-18T05:45:00","guid":{"rendered":"https:\/\/motorista.com.br\/noticias\/2025\/12\/18\/projeto-de-lei-foca-na-tesla-e-estabelece-restricoes-para-direcao-autonoma\/"},"modified":"2025-12-18T02:45:00","modified_gmt":"2025-12-18T05:45:00","slug":"projeto-de-lei-foca-na-tesla-e-estabelece-restricoes-para-direcao-autonoma","status":"publish","type":"post","link":"https:\/\/motorista.com.br\/noticias\/2025\/12\/18\/projeto-de-lei-foca-na-tesla-e-estabelece-restricoes-para-direcao-autonoma\/","title":{"rendered":"Projeto de lei foca na Tesla e estabelece restri\u00e7\u00f5es para dire\u00e7\u00e3o aut\u00f4noma."},"content":{"rendered":"<p><\/p>\n<div class=\"sng-hdr\">\n<p>Projeto de lei visa regular a atua\u00e7\u00e3o de ve\u00edculos aut\u00f4nomos como os da Tesla<\/p>\n<\/div>\n<article class=\"sng-cnt wp-embed-responsive\">\n<p>Um recente projeto de lei apresentado no Senado dos Estados Unidos busca estabelecer regras mais rigorosas para a utiliza\u00e7\u00e3o de sistemas de dire\u00e7\u00e3o aut\u00f4noma e semiaut\u00f4noma. Proposto pelo senador Ed Markey, democrata de Massachusetts, o texto determina que montadoras, como a Tesla, devem restringir esses sistemas a vias e condi\u00e7\u00f5es espec\u00edficas que j\u00e1 estejam claramente definidas.<\/p>\n<p>A proposta se aplica a ve\u00edculos com automa\u00e7\u00e3o de N\u00edvel 2 ou superior, abrangendo tecnologias que controlam acelera\u00e7\u00e3o, frenagem e dire\u00e7\u00e3o, mas que ainda requerem supervis\u00e3o humana. Essa iniciativa reflete uma crescente preocupa\u00e7\u00e3o com a seguran\u00e7a p\u00fablica e visa evitar riscos associados \u00e0 utiliza\u00e7\u00e3o indiscriminada desses sistemas em diversas condi\u00e7\u00f5es de tr\u00e1fego.<\/p>\n<p>Nomeada de <strong>Stay in Your Lane Act<\/strong> (\u201cLei Mantenha-se na Sua Faixa\u201d), a medida exige que as montadoras definam os dom\u00ednios de projeto operacional (ODDs). Esses dom\u00ednios especificam as condi\u00e7\u00f5es em que o sistema pode operar com seguran\u00e7a, incluindo limita\u00e7\u00f5es geogr\u00e1ficas e clim\u00e1ticas. Marcas como GM e Ford j\u00e1 adotam esse modelo, fazendo com que seus sistemas, como o Super Cruise e o BlueCruise, operem somente em rodovias previamente mapeadas. Contudo, a Tesla permite que seu sistema de Dire\u00e7\u00e3o Aut\u00f4noma Total atue em uma variedade de vias, incluindo \u00e1reas residenciais.<\/p>\n<p>As implica\u00e7\u00f5es desse projeto de lei v\u00e3o al\u00e9m da seguran\u00e7a. Para motoristas e a mobilidade geral, a ado\u00e7\u00e3o de limites claros pode resultar em uma maior confian\u00e7a na tecnologia automotiva, facilitando a aceita\u00e7\u00e3o e a integra\u00e7\u00e3o dos ve\u00edculos aut\u00f4nomos na rotina das cidades. Um controle efetivo pode levar a um menor n\u00famero de acidentes e a uma diminui\u00e7\u00e3o do estresse no tr\u00e2nsito, pois motoristas saber\u00e3o que sistemas aut\u00f4nomos operar\u00e3o em condi\u00e7\u00f5es mais seguras.<\/p>\n<p>A proposta tamb\u00e9m confere \u00e0 Administra\u00e7\u00e3o Nacional de Seguran\u00e7a Rodovi\u00e1ria (NHTSA) a autoridade de fiscalizar e aplicar multas \u00e0s empresas que n\u00e3o seguirem as defini\u00e7\u00f5es estabelecidas. O objetivo \u00e9 evitar ferimentos e fatalidades que possam ser considerados \u201cevit\u00e1veis\u201d. Entretanto, o caminho para a aprova\u00e7\u00e3o da lei esbarra em desafios pol\u00edticos, especialmente com a atual din\u00e2mica do Congresso.<\/p>\n<p>As discuss\u00f5es sobre a regulamenta\u00e7\u00e3o dos ve\u00edculos aut\u00f4nomos revelam n\u00e3o apenas a necessidade de maior seguran\u00e7a, mas tamb\u00e9m a import\u00e2ncia de um di\u00e1logo cont\u00ednuo entre inova\u00e7\u00e3o e responsabilidade, moldando um futuro onde a mobilidade urbana possa ser mais segura e eficiente para todos.<\/p>\n<\/article>\n<p>Fonte: Olhar Digital<\/p>\n","protected":false},"excerpt":{"rendered":"<p>Projeto de lei visa regular a atua\u00e7\u00e3o de ve\u00edculos aut\u00f4nomos como os da Tesla Um recente projeto de lei apresentado no Senado dos Estados Unidos busca estabelecer regras mais rigorosas para a utiliza\u00e7\u00e3o de sistemas de dire\u00e7\u00e3o aut\u00f4noma e semiaut\u00f4noma. Proposto pelo senador Ed Markey, democrata de Massachusetts, o texto determina que montadoras, como a &hellip;<\/p>\n","protected":false},"author":4,"featured_media":5262,"comment_status":"","ping_status":"open","sticky":false,"template":"","format":"standard","meta":{"footnotes":""},"categories":[56],"tags":[],"coauthors":[42],"class_list":["post-5261","post","type-post","status-publish","format-standard","has-post-thumbnail","hentry","category-tecnologia"],"yoast_head":"<!-- This site is optimized with the Yoast SEO Premium plugin v25.5 (Yoast SEO v27.4) - https:\/\/yoast.com\/product\/yoast-seo-premium-wordpress\/ -->\n<title>Projeto de lei foca na Tesla e estabelece restri\u00e7\u00f5es para dire\u00e7\u00e3o aut\u00f4noma. - Motorista.com.br<\/title>\n<meta name=\"robots\" content=\"index, follow, max-snippet:-1, max-image-preview:large, max-video-preview:-1\" \/>\n<link rel=\"canonical\" href=\"https:\/\/motorista.com.br\/noticias\/2025\/12\/18\/projeto-de-lei-foca-na-tesla-e-estabelece-restricoes-para-direcao-autonoma\/\" \/>\n<meta property=\"og:locale\" content=\"pt_BR\" \/>\n<meta property=\"og:type\" content=\"article\" \/>\n<meta property=\"og:title\" content=\"Projeto de lei foca na Tesla e estabelece restri\u00e7\u00f5es para dire\u00e7\u00e3o aut\u00f4noma.\" \/>\n<meta property=\"og:description\" content=\"Projeto de lei visa regular a atua\u00e7\u00e3o de ve\u00edculos aut\u00f4nomos como os da Tesla Um recente projeto de lei apresentado no Senado dos Estados Unidos busca estabelecer regras mais rigorosas para a utiliza\u00e7\u00e3o de sistemas de dire\u00e7\u00e3o aut\u00f4noma e semiaut\u00f4noma. Proposto pelo senador Ed Markey, democrata de Massachusetts, o texto determina que montadoras, como a &hellip;\" \/>\n<meta property=\"og:url\" content=\"https:\/\/motorista.com.br\/noticias\/2025\/12\/18\/projeto-de-lei-foca-na-tesla-e-estabelece-restricoes-para-direcao-autonoma\/\" \/>\n<meta property=\"og:site_name\" content=\"Motorista.com.br\" \/>\n<meta property=\"article:published_time\" content=\"2025-12-18T05:45:00+00:00\" \/>\n<meta name=\"author\" content=\"Equipe Reda\u00e7\u00e3o\" \/>\n<meta name=\"twitter:card\" content=\"summary_large_image\" \/>\n<meta name=\"twitter:label1\" content=\"Escrito por\" \/>\n\t<meta name=\"twitter:data1\" content=\"Equipe Reda\u00e7\u00e3o\" \/>\n\t<meta name=\"twitter:label2\" content=\"Est. tempo de leitura\" \/>\n\t<meta name=\"twitter:data2\" content=\"2 minutos\" \/>\n\t<meta name=\"twitter:label3\" content=\"Written by\" \/>\n\t<meta name=\"twitter:data3\" content=\"Equipe Reda\u00e7\u00e3o\" \/>\n<script type=\"application\/ld+json\" class=\"yoast-schema-graph\">{\"@context\":\"https:\\\/\\\/schema.org\",\"@graph\":[{\"@type\":\"Article\",\"@id\":\"https:\\\/\\\/motorista.com.br\\\/noticias\\\/2025\\\/12\\\/18\\\/projeto-de-lei-foca-na-tesla-e-estabelece-restricoes-para-direcao-autonoma\\\/#article\",\"isPartOf\":{\"@id\":\"https:\\\/\\\/motorista.com.br\\\/noticias\\\/2025\\\/12\\\/18\\\/projeto-de-lei-foca-na-tesla-e-estabelece-restricoes-para-direcao-autonoma\\\/\"},\"author\":{\"name\":\"Equipe Reda\u00e7\u00e3o\",\"@id\":\"https:\\\/\\\/motorista.com.br\\\/noticias\\\/#\\\/schema\\\/person\\\/dc93afc2981c0e3ce6bc3c053fd847be\"},\"headline\":\"Projeto de lei foca na Tesla e estabelece restri\u00e7\u00f5es para dire\u00e7\u00e3o aut\u00f4noma.\",\"datePublished\":\"2025-12-18T05:45:00+00:00\",\"mainEntityOfPage\":{\"@id\":\"https:\\\/\\\/motorista.com.br\\\/noticias\\\/2025\\\/12\\\/18\\\/projeto-de-lei-foca-na-tesla-e-estabelece-restricoes-para-direcao-autonoma\\\/\"},\"wordCount\":467,\"publisher\":{\"@id\":\"https:\\\/\\\/motorista.com.br\\\/noticias\\\/#organization\"},\"image\":{\"@id\":\"https:\\\/\\\/motorista.com.br\\\/noticias\\\/2025\\\/12\\\/18\\\/projeto-de-lei-foca-na-tesla-e-estabelece-restricoes-para-direcao-autonoma\\\/#primaryimage\"},\"thumbnailUrl\":\"https:\\\/\\\/motorista.com.br\\\/noticias\\\/wp-content\\\/uploads\\\/2025\\\/12\\\/tesla1.jpg\",\"articleSection\":[\"Tecnologia\"],\"inLanguage\":\"pt-BR\"},{\"@type\":\"WebPage\",\"@id\":\"https:\\\/\\\/motorista.com.br\\\/noticias\\\/2025\\\/12\\\/18\\\/projeto-de-lei-foca-na-tesla-e-estabelece-restricoes-para-direcao-autonoma\\\/\",\"url\":\"https:\\\/\\\/motorista.com.br\\\/noticias\\\/2025\\\/12\\\/18\\\/projeto-de-lei-foca-na-tesla-e-estabelece-restricoes-para-direcao-autonoma\\\/\",\"name\":\"Projeto de lei foca na Tesla e estabelece restri\u00e7\u00f5es para dire\u00e7\u00e3o aut\u00f4noma. - Motorista.com.br\",\"isPartOf\":{\"@id\":\"https:\\\/\\\/motorista.com.br\\\/noticias\\\/#website\"},\"primaryImageOfPage\":{\"@id\":\"https:\\\/\\\/motorista.com.br\\\/noticias\\\/2025\\\/12\\\/18\\\/projeto-de-lei-foca-na-tesla-e-estabelece-restricoes-para-direcao-autonoma\\\/#primaryimage\"},\"image\":{\"@id\":\"https:\\\/\\\/motorista.com.br\\\/noticias\\\/2025\\\/12\\\/18\\\/projeto-de-lei-foca-na-tesla-e-estabelece-restricoes-para-direcao-autonoma\\\/#primaryimage\"},\"thumbnailUrl\":\"https:\\\/\\\/motorista.com.br\\\/noticias\\\/wp-content\\\/uploads\\\/2025\\\/12\\\/tesla1.jpg\",\"datePublished\":\"2025-12-18T05:45:00+00:00\",\"breadcrumb\":{\"@id\":\"https:\\\/\\\/motorista.com.br\\\/noticias\\\/2025\\\/12\\\/18\\\/projeto-de-lei-foca-na-tesla-e-estabelece-restricoes-para-direcao-autonoma\\\/#breadcrumb\"},\"inLanguage\":\"pt-BR\",\"potentialAction\":[{\"@type\":\"ReadAction\",\"target\":[\"https:\\\/\\\/motorista.com.br\\\/noticias\\\/2025\\\/12\\\/18\\\/projeto-de-lei-foca-na-tesla-e-estabelece-restricoes-para-direcao-autonoma\\\/\"]}]},{\"@type\":\"ImageObject\",\"inLanguage\":\"pt-BR\",\"@id\":\"https:\\\/\\\/motorista.com.br\\\/noticias\\\/2025\\\/12\\\/18\\\/projeto-de-lei-foca-na-tesla-e-estabelece-restricoes-para-direcao-autonoma\\\/#primaryimage\",\"url\":\"https:\\\/\\\/motorista.com.br\\\/noticias\\\/wp-content\\\/uploads\\\/2025\\\/12\\\/tesla1.jpg\",\"contentUrl\":\"https:\\\/\\\/motorista.com.br\\\/noticias\\\/wp-content\\\/uploads\\\/2025\\\/12\\\/tesla1.jpg\",\"width\":2002,\"height\":1335},{\"@type\":\"BreadcrumbList\",\"@id\":\"https:\\\/\\\/motorista.com.br\\\/noticias\\\/2025\\\/12\\\/18\\\/projeto-de-lei-foca-na-tesla-e-estabelece-restricoes-para-direcao-autonoma\\\/#breadcrumb\",\"itemListElement\":[{\"@type\":\"ListItem\",\"position\":1,\"name\":\"In\u00edcio\",\"item\":\"https:\\\/\\\/motorista.com.br\\\/noticias\\\/\"},{\"@type\":\"ListItem\",\"position\":2,\"name\":\"Projeto de lei foca na Tesla e estabelece restri\u00e7\u00f5es para dire\u00e7\u00e3o aut\u00f4noma.\"}]},{\"@type\":\"WebSite\",\"@id\":\"https:\\\/\\\/motorista.com.br\\\/noticias\\\/#website\",\"url\":\"https:\\\/\\\/motorista.com.br\\\/noticias\\\/\",\"name\":\"Motorista.com.br\",\"description\":\"Not\u00edcia do Motorista\",\"publisher\":{\"@id\":\"https:\\\/\\\/motorista.com.br\\\/noticias\\\/#organization\"},\"potentialAction\":[{\"@type\":\"SearchAction\",\"target\":{\"@type\":\"EntryPoint\",\"urlTemplate\":\"https:\\\/\\\/motorista.com.br\\\/noticias\\\/?s={search_term_string}\"},\"query-input\":{\"@type\":\"PropertyValueSpecification\",\"valueRequired\":true,\"valueName\":\"search_term_string\"}}],\"inLanguage\":\"pt-BR\"},{\"@type\":\"Organization\",\"@id\":\"https:\\\/\\\/motorista.com.br\\\/noticias\\\/#organization\",\"name\":\"Motorista.com.br\",\"url\":\"https:\\\/\\\/motorista.com.br\\\/noticias\\\/\",\"logo\":{\"@type\":\"ImageObject\",\"inLanguage\":\"pt-BR\",\"@id\":\"https:\\\/\\\/motorista.com.br\\\/noticias\\\/#\\\/schema\\\/logo\\\/image\\\/\",\"url\":\"https:\\\/\\\/motorista.com.br\\\/noticias\\\/wp-content\\\/uploads\\\/2025\\\/06\\\/Design-sem-nome-9.png\",\"contentUrl\":\"https:\\\/\\\/motorista.com.br\\\/noticias\\\/wp-content\\\/uploads\\\/2025\\\/06\\\/Design-sem-nome-9.png\",\"width\":150,\"height\":85,\"caption\":\"Motorista.com.br\"},\"image\":{\"@id\":\"https:\\\/\\\/motorista.com.br\\\/noticias\\\/#\\\/schema\\\/logo\\\/image\\\/\"}},{\"@type\":\"Person\",\"@id\":\"https:\\\/\\\/motorista.com.br\\\/noticias\\\/#\\\/schema\\\/person\\\/dc93afc2981c0e3ce6bc3c053fd847be\",\"name\":\"Equipe Reda\u00e7\u00e3o\",\"image\":{\"@type\":\"ImageObject\",\"inLanguage\":\"pt-BR\",\"@id\":\"https:\\\/\\\/secure.gravatar.com\\\/avatar\\\/4f525efbf18dd2bb300ccad28bfb99d95a9465a5ba268407c8c37b37e1f28d2d?s=96&d=mm&r=g9e099043a0c61e9ae27e293b9fa75ffc\",\"url\":\"https:\\\/\\\/secure.gravatar.com\\\/avatar\\\/4f525efbf18dd2bb300ccad28bfb99d95a9465a5ba268407c8c37b37e1f28d2d?s=96&d=mm&r=g\",\"contentUrl\":\"https:\\\/\\\/secure.gravatar.com\\\/avatar\\\/4f525efbf18dd2bb300ccad28bfb99d95a9465a5ba268407c8c37b37e1f28d2d?s=96&d=mm&r=g\",\"caption\":\"Equipe Reda\u00e7\u00e3o\"},\"description\":\"Equipe de reda\u00e7\u00e3o \u00e9 um grupo de profissionais que trabalham juntos para criar conte\u00fado escrito para Motorista.com.br\",\"url\":\"https:\\\/\\\/motorista.com.br\\\/noticias\\\/author\\\/equiperedacao\\\/\"}]}<\/script>\n<!-- \/ Yoast SEO Premium plugin. -->","yoast_head_json":{"title":"Projeto de lei foca na Tesla e estabelece restri\u00e7\u00f5es para dire\u00e7\u00e3o aut\u00f4noma. - Motorista.com.br","robots":{"index":"index","follow":"follow","max-snippet":"max-snippet:-1","max-image-preview":"max-image-preview:large","max-video-preview":"max-video-preview:-1"},"canonical":"https:\/\/motorista.com.br\/noticias\/2025\/12\/18\/projeto-de-lei-foca-na-tesla-e-estabelece-restricoes-para-direcao-autonoma\/","og_locale":"pt_BR","og_type":"article","og_title":"Projeto de lei foca na Tesla e estabelece restri\u00e7\u00f5es para dire\u00e7\u00e3o aut\u00f4noma.","og_description":"Projeto de lei visa regular a atua\u00e7\u00e3o de ve\u00edculos aut\u00f4nomos como os da Tesla Um recente projeto de lei apresentado no Senado dos Estados Unidos busca estabelecer regras mais rigorosas para a utiliza\u00e7\u00e3o de sistemas de dire\u00e7\u00e3o aut\u00f4noma e semiaut\u00f4noma. Proposto pelo senador Ed Markey, democrata de Massachusetts, o texto determina que montadoras, como a &hellip;","og_url":"https:\/\/motorista.com.br\/noticias\/2025\/12\/18\/projeto-de-lei-foca-na-tesla-e-estabelece-restricoes-para-direcao-autonoma\/","og_site_name":"Motorista.com.br","article_published_time":"2025-12-18T05:45:00+00:00","author":"Equipe Reda\u00e7\u00e3o","twitter_card":"summary_large_image","twitter_misc":{"Escrito por":"Equipe Reda\u00e7\u00e3o","Est. tempo de leitura":"2 minutos","Written by":"Equipe Reda\u00e7\u00e3o"},"schema":{"@context":"https:\/\/schema.org","@graph":[{"@type":"Article","@id":"https:\/\/motorista.com.br\/noticias\/2025\/12\/18\/projeto-de-lei-foca-na-tesla-e-estabelece-restricoes-para-direcao-autonoma\/#article","isPartOf":{"@id":"https:\/\/motorista.com.br\/noticias\/2025\/12\/18\/projeto-de-lei-foca-na-tesla-e-estabelece-restricoes-para-direcao-autonoma\/"},"author":{"name":"Equipe Reda\u00e7\u00e3o","@id":"https:\/\/motorista.com.br\/noticias\/#\/schema\/person\/dc93afc2981c0e3ce6bc3c053fd847be"},"headline":"Projeto de lei foca na Tesla e estabelece restri\u00e7\u00f5es para dire\u00e7\u00e3o aut\u00f4noma.","datePublished":"2025-12-18T05:45:00+00:00","mainEntityOfPage":{"@id":"https:\/\/motorista.com.br\/noticias\/2025\/12\/18\/projeto-de-lei-foca-na-tesla-e-estabelece-restricoes-para-direcao-autonoma\/"},"wordCount":467,"publisher":{"@id":"https:\/\/motorista.com.br\/noticias\/#organization"},"image":{"@id":"https:\/\/motorista.com.br\/noticias\/2025\/12\/18\/projeto-de-lei-foca-na-tesla-e-estabelece-restricoes-para-direcao-autonoma\/#primaryimage"},"thumbnailUrl":"https:\/\/motorista.com.br\/noticias\/wp-content\/uploads\/2025\/12\/tesla1.jpg","articleSection":["Tecnologia"],"inLanguage":"pt-BR"},{"@type":"WebPage","@id":"https:\/\/motorista.com.br\/noticias\/2025\/12\/18\/projeto-de-lei-foca-na-tesla-e-estabelece-restricoes-para-direcao-autonoma\/","url":"https:\/\/motorista.com.br\/noticias\/2025\/12\/18\/projeto-de-lei-foca-na-tesla-e-estabelece-restricoes-para-direcao-autonoma\/","name":"Projeto de lei foca na Tesla e estabelece restri\u00e7\u00f5es para dire\u00e7\u00e3o aut\u00f4noma. - Motorista.com.br","isPartOf":{"@id":"https:\/\/motorista.com.br\/noticias\/#website"},"primaryImageOfPage":{"@id":"https:\/\/motorista.com.br\/noticias\/2025\/12\/18\/projeto-de-lei-foca-na-tesla-e-estabelece-restricoes-para-direcao-autonoma\/#primaryimage"},"image":{"@id":"https:\/\/motorista.com.br\/noticias\/2025\/12\/18\/projeto-de-lei-foca-na-tesla-e-estabelece-restricoes-para-direcao-autonoma\/#primaryimage"},"thumbnailUrl":"https:\/\/motorista.com.br\/noticias\/wp-content\/uploads\/2025\/12\/tesla1.jpg","datePublished":"2025-12-18T05:45:00+00:00","breadcrumb":{"@id":"https:\/\/motorista.com.br\/noticias\/2025\/12\/18\/projeto-de-lei-foca-na-tesla-e-estabelece-restricoes-para-direcao-autonoma\/#breadcrumb"},"inLanguage":"pt-BR","potentialAction":[{"@type":"ReadAction","target":["https:\/\/motorista.com.br\/noticias\/2025\/12\/18\/projeto-de-lei-foca-na-tesla-e-estabelece-restricoes-para-direcao-autonoma\/"]}]},{"@type":"ImageObject","inLanguage":"pt-BR","@id":"https:\/\/motorista.com.br\/noticias\/2025\/12\/18\/projeto-de-lei-foca-na-tesla-e-estabelece-restricoes-para-direcao-autonoma\/#primaryimage","url":"https:\/\/motorista.com.br\/noticias\/wp-content\/uploads\/2025\/12\/tesla1.jpg","contentUrl":"https:\/\/motorista.com.br\/noticias\/wp-content\/uploads\/2025\/12\/tesla1.jpg","width":2002,"height":1335},{"@type":"BreadcrumbList","@id":"https:\/\/motorista.com.br\/noticias\/2025\/12\/18\/projeto-de-lei-foca-na-tesla-e-estabelece-restricoes-para-direcao-autonoma\/#breadcrumb","itemListElement":[{"@type":"ListItem","position":1,"name":"In\u00edcio","item":"https:\/\/motorista.com.br\/noticias\/"},{"@type":"ListItem","position":2,"name":"Projeto de lei foca na Tesla e estabelece restri\u00e7\u00f5es para dire\u00e7\u00e3o aut\u00f4noma."}]},{"@type":"WebSite","@id":"https:\/\/motorista.com.br\/noticias\/#website","url":"https:\/\/motorista.com.br\/noticias\/","name":"Motorista.com.br","description":"Not\u00edcia do Motorista","publisher":{"@id":"https:\/\/motorista.com.br\/noticias\/#organization"},"potentialAction":[{"@type":"SearchAction","target":{"@type":"EntryPoint","urlTemplate":"https:\/\/motorista.com.br\/noticias\/?s={search_term_string}"},"query-input":{"@type":"PropertyValueSpecification","valueRequired":true,"valueName":"search_term_string"}}],"inLanguage":"pt-BR"},{"@type":"Organization","@id":"https:\/\/motorista.com.br\/noticias\/#organization","name":"Motorista.com.br","url":"https:\/\/motorista.com.br\/noticias\/","logo":{"@type":"ImageObject","inLanguage":"pt-BR","@id":"https:\/\/motorista.com.br\/noticias\/#\/schema\/logo\/image\/","url":"https:\/\/motorista.com.br\/noticias\/wp-content\/uploads\/2025\/06\/Design-sem-nome-9.png","contentUrl":"https:\/\/motorista.com.br\/noticias\/wp-content\/uploads\/2025\/06\/Design-sem-nome-9.png","width":150,"height":85,"caption":"Motorista.com.br"},"image":{"@id":"https:\/\/motorista.com.br\/noticias\/#\/schema\/logo\/image\/"}},{"@type":"Person","@id":"https:\/\/motorista.com.br\/noticias\/#\/schema\/person\/dc93afc2981c0e3ce6bc3c053fd847be","name":"Equipe Reda\u00e7\u00e3o","image":{"@type":"ImageObject","inLanguage":"pt-BR","@id":"https:\/\/secure.gravatar.com\/avatar\/4f525efbf18dd2bb300ccad28bfb99d95a9465a5ba268407c8c37b37e1f28d2d?s=96&d=mm&r=g9e099043a0c61e9ae27e293b9fa75ffc","url":"https:\/\/secure.gravatar.com\/avatar\/4f525efbf18dd2bb300ccad28bfb99d95a9465a5ba268407c8c37b37e1f28d2d?s=96&d=mm&r=g","contentUrl":"https:\/\/secure.gravatar.com\/avatar\/4f525efbf18dd2bb300ccad28bfb99d95a9465a5ba268407c8c37b37e1f28d2d?s=96&d=mm&r=g","caption":"Equipe Reda\u00e7\u00e3o"},"description":"Equipe de reda\u00e7\u00e3o \u00e9 um grupo de profissionais que trabalham juntos para criar conte\u00fado escrito para Motorista.com.br","url":"https:\/\/motorista.com.br\/noticias\/author\/equiperedacao\/"}]}},"_links":{"self":[{"href":"https:\/\/motorista.com.br\/noticias\/wp-json\/wp\/v2\/posts\/5261","targetHints":{"allow":["GET"]}}],"collection":[{"href":"https:\/\/motorista.com.br\/noticias\/wp-json\/wp\/v2\/posts"}],"about":[{"href":"https:\/\/motorista.com.br\/noticias\/wp-json\/wp\/v2\/types\/post"}],"author":[{"embeddable":true,"href":"https:\/\/motorista.com.br\/noticias\/wp-json\/wp\/v2\/users\/4"}],"replies":[{"embeddable":true,"href":"https:\/\/motorista.com.br\/noticias\/wp-json\/wp\/v2\/comments?post=5261"}],"version-history":[{"count":0,"href":"https:\/\/motorista.com.br\/noticias\/wp-json\/wp\/v2\/posts\/5261\/revisions"}],"wp:featuredmedia":[{"embeddable":true,"href":"https:\/\/motorista.com.br\/noticias\/wp-json\/wp\/v2\/media\/5262"}],"wp:attachment":[{"href":"https:\/\/motorista.com.br\/noticias\/wp-json\/wp\/v2\/media?parent=5261"}],"wp:term":[{"taxonomy":"category","embeddable":true,"href":"https:\/\/motorista.com.br\/noticias\/wp-json\/wp\/v2\/categories?post=5261"},{"taxonomy":"post_tag","embeddable":true,"href":"https:\/\/motorista.com.br\/noticias\/wp-json\/wp\/v2\/tags?post=5261"},{"taxonomy":"author","embeddable":true,"href":"https:\/\/motorista.com.br\/noticias\/wp-json\/wp\/v2\/coauthors?post=5261"}],"curies":[{"name":"wp","href":"https:\/\/api.w.org\/{rel}","templated":true}]}}