{"id":5259,"date":"2025-12-18T02:28:29","date_gmt":"2025-12-18T05:28:29","guid":{"rendered":"https:\/\/motorista.com.br\/noticias\/2025\/12\/18\/quando-as-canetas-para-emagrecer-terao-precos-mais-baixos\/"},"modified":"2025-12-18T02:28:29","modified_gmt":"2025-12-18T05:28:29","slug":"quando-as-canetas-para-emagrecer-terao-precos-mais-baixos","status":"publish","type":"post","link":"https:\/\/motorista.com.br\/noticias\/2025\/12\/18\/quando-as-canetas-para-emagrecer-terao-precos-mais-baixos\/","title":{"rendered":"Quando as canetas para emagrecer ter\u00e3o pre\u00e7os mais baixos?"},"content":{"rendered":"<p><\/p>\n<p><strong>Quando as Canetas Emagrecedoras Ficar\u00e3o Mais Baratas?<\/strong><\/p>\n<p>As canetas emagrecedoras, como o Ozempic, tornaram-se populares recentemente, trazendo esperan\u00e7a para muitos que buscam o emagrecimento. Contudo, o pre\u00e7o elevado desses medicamentos continua a ser um obst\u00e1culo. Recentemente, o Superior Tribunal de Justi\u00e7a (STJ) decidiu n\u00e3o prorrogar a patente da semaglutida, o princ\u00edpio ativo do Ozempic, abrindo espa\u00e7o te\u00f3rico para a entrada de gen\u00e9ricos no mercado e a consequente expectativa de queda nos pre\u00e7os. Entretanto, especialistas apontam que essa redu\u00e7\u00e3o de pre\u00e7os pode n\u00e3o ocorrer t\u00e3o rapidamente quanto se imagina.<\/p>\n<p>A decis\u00e3o do STJ reafirma que a prote\u00e7\u00e3o de patentes n\u00e3o pode exceder 20 anos, impedindo a farmac\u00eautica Novo Nordisk de extender a exclusividade sobre o Ozempic al\u00e9m de mar\u00e7o de 2026. No entanto, conforme ressalta a advogada Lea Vidigal, o fim da patente \u00e9 apenas o primeiro passo e n\u00e3o assegura uma diminui\u00e7\u00e3o imediata nos pre\u00e7os. Os medicamentos biol\u00f3gicos, como as canetas emagrecedoras, s\u00e3o complexos e a introdu\u00e7\u00e3o de concorrentes gen\u00e9ricos no mercado enfrenta barreiras regulat\u00f3rias e tecnol\u00f3gicas significativas.<\/p>\n<p>No Brasil, o processo para a aprova\u00e7\u00e3o de novos medicamentos \u00e9 rigoroso e pode levar tempo. Mesmo ap\u00f3s a expira\u00e7\u00e3o da patente, ser\u00e1 um desafio para muitos laborat\u00f3rios cumprirem as exig\u00eancias da Ag\u00eancia Nacional de Vigil\u00e2ncia Sanit\u00e1ria (ANVISA), o que limita a competi\u00e7\u00e3o e, por conseguinte, a press\u00e3o sobre os pre\u00e7os.<\/p>\n<p>Outro aspecto a considerar \u00e9 a estrutura do mercado farmac\u00eautico brasileiro. O Sistema \u00danico de Sa\u00fade (SUS) \u00e9 o maior comprador de medicamentos no pa\u00eds e suas estrat\u00e9gias de compras e contratos de longo prazo impactam diretamente a forma\u00e7\u00e3o de pre\u00e7os. Isso significa que, mesmo com a entrada de novos concorrentes, a diminui\u00e7\u00e3o dos custos pode ser lenta e gradual.<\/p>\n<p>Atualmente, as canetas emagrecedoras podem custar entre R$ 900 e R$ 1.300 por embalagem, um pre\u00e7o que ainda \u00e9 inacess\u00edvel para muitos. Por exemplo, o Ozempic e o Wegovy est\u00e3o na faixa de R$ 925 a R$ 1.799, enquanto outras op\u00e7\u00f5es, como o Mounjaro, podem chegar a pre\u00e7os exorbitantes, dependendo da condi\u00e7\u00e3o de uso e da farm\u00e1cia.<\/p>\n<p>Essa discuss\u00e3o sobre pre\u00e7os e acessibilidade n\u00e3o toca apenas na economia individual, mas tamb\u00e9m reflete um panorama maior de sa\u00fade p\u00fablica. O acesso a tratamentos eficazes pode melhorar a qualidade de vida e a sa\u00fade da popula\u00e7\u00e3o, reduzindo o \u00f4nus sobre o sistema de sa\u00fade e promovendo uma recupera\u00e7\u00e3o mais saud\u00e1vel e eficaz dos pacientes. Assim, o impacto da redu\u00e7\u00e3o de pre\u00e7os das canetas emagrecedoras, quando finalmente ocorrer, poder\u00e1 beneficiar n\u00e3o apenas os consumidores diretos, mas todo o sistema de sa\u00fade, promovendo uma mobilidade mais eficiente de recursos e cuidados.<\/p>\n<p><strong>Fonte: Money Times<\/strong><\/p>\n","protected":false},"excerpt":{"rendered":"<p>Quando as Canetas Emagrecedoras Ficar\u00e3o Mais Baratas? As canetas emagrecedoras, como o Ozempic, tornaram-se populares recentemente, trazendo esperan\u00e7a para muitos que buscam o emagrecimento. Contudo, o pre\u00e7o elevado desses medicamentos continua a ser um obst\u00e1culo. Recentemente, o Superior Tribunal de Justi\u00e7a (STJ) decidiu n\u00e3o prorrogar a patente da semaglutida, o princ\u00edpio ativo do Ozempic, abrindo &hellip;<\/p>\n","protected":false},"author":4,"featured_media":0,"comment_status":"","ping_status":"open","sticky":false,"template":"","format":"standard","meta":{"footnotes":""},"categories":[61],"tags":[],"coauthors":[42],"class_list":["post-5259","post","type-post","status-publish","format-standard","hentry","category-mercado-financeiro"],"yoast_head":"<!-- This site is optimized with the Yoast SEO Premium plugin v25.5 (Yoast SEO v27.4) - https:\/\/yoast.com\/product\/yoast-seo-premium-wordpress\/ -->\n<title>Quando as canetas para emagrecer ter\u00e3o pre\u00e7os mais baixos? - Motorista.com.br<\/title>\n<meta name=\"robots\" content=\"index, follow, max-snippet:-1, max-image-preview:large, max-video-preview:-1\" \/>\n<link rel=\"canonical\" href=\"https:\/\/motorista.com.br\/noticias\/2025\/12\/18\/quando-as-canetas-para-emagrecer-terao-precos-mais-baixos\/\" \/>\n<meta property=\"og:locale\" content=\"pt_BR\" \/>\n<meta property=\"og:type\" content=\"article\" \/>\n<meta property=\"og:title\" content=\"Quando as canetas para emagrecer ter\u00e3o pre\u00e7os mais baixos?\" \/>\n<meta property=\"og:description\" content=\"Quando as Canetas Emagrecedoras Ficar\u00e3o Mais Baratas? As canetas emagrecedoras, como o Ozempic, tornaram-se populares recentemente, trazendo esperan\u00e7a para muitos que buscam o emagrecimento. Contudo, o pre\u00e7o elevado desses medicamentos continua a ser um obst\u00e1culo. Recentemente, o Superior Tribunal de Justi\u00e7a (STJ) decidiu n\u00e3o prorrogar a patente da semaglutida, o princ\u00edpio ativo do Ozempic, abrindo &hellip;\" \/>\n<meta property=\"og:url\" content=\"https:\/\/motorista.com.br\/noticias\/2025\/12\/18\/quando-as-canetas-para-emagrecer-terao-precos-mais-baixos\/\" \/>\n<meta property=\"og:site_name\" content=\"Motorista.com.br\" \/>\n<meta property=\"article:published_time\" content=\"2025-12-18T05:28:29+00:00\" \/>\n<meta name=\"author\" content=\"Equipe Reda\u00e7\u00e3o\" \/>\n<meta name=\"twitter:card\" content=\"summary_large_image\" \/>\n<meta name=\"twitter:label1\" content=\"Escrito por\" \/>\n\t<meta name=\"twitter:data1\" content=\"Equipe Reda\u00e7\u00e3o\" \/>\n\t<meta name=\"twitter:label2\" content=\"Est. tempo de leitura\" \/>\n\t<meta name=\"twitter:data2\" content=\"2 minutos\" \/>\n\t<meta name=\"twitter:label3\" content=\"Written by\" \/>\n\t<meta name=\"twitter:data3\" content=\"Equipe Reda\u00e7\u00e3o\" \/>\n<script type=\"application\/ld+json\" class=\"yoast-schema-graph\">{\"@context\":\"https:\\\/\\\/schema.org\",\"@graph\":[{\"@type\":\"Article\",\"@id\":\"https:\\\/\\\/motorista.com.br\\\/noticias\\\/2025\\\/12\\\/18\\\/quando-as-canetas-para-emagrecer-terao-precos-mais-baixos\\\/#article\",\"isPartOf\":{\"@id\":\"https:\\\/\\\/motorista.com.br\\\/noticias\\\/2025\\\/12\\\/18\\\/quando-as-canetas-para-emagrecer-terao-precos-mais-baixos\\\/\"},\"author\":{\"name\":\"Equipe Reda\u00e7\u00e3o\",\"@id\":\"https:\\\/\\\/motorista.com.br\\\/noticias\\\/#\\\/schema\\\/person\\\/dc93afc2981c0e3ce6bc3c053fd847be\"},\"headline\":\"Quando as canetas para emagrecer ter\u00e3o pre\u00e7os mais baixos?\",\"datePublished\":\"2025-12-18T05:28:29+00:00\",\"mainEntityOfPage\":{\"@id\":\"https:\\\/\\\/motorista.com.br\\\/noticias\\\/2025\\\/12\\\/18\\\/quando-as-canetas-para-emagrecer-terao-precos-mais-baixos\\\/\"},\"wordCount\":499,\"publisher\":{\"@id\":\"https:\\\/\\\/motorista.com.br\\\/noticias\\\/#organization\"},\"articleSection\":[\"Mercado Financeiro\"],\"inLanguage\":\"pt-BR\"},{\"@type\":\"WebPage\",\"@id\":\"https:\\\/\\\/motorista.com.br\\\/noticias\\\/2025\\\/12\\\/18\\\/quando-as-canetas-para-emagrecer-terao-precos-mais-baixos\\\/\",\"url\":\"https:\\\/\\\/motorista.com.br\\\/noticias\\\/2025\\\/12\\\/18\\\/quando-as-canetas-para-emagrecer-terao-precos-mais-baixos\\\/\",\"name\":\"Quando as canetas para emagrecer ter\u00e3o pre\u00e7os mais baixos? - Motorista.com.br\",\"isPartOf\":{\"@id\":\"https:\\\/\\\/motorista.com.br\\\/noticias\\\/#website\"},\"datePublished\":\"2025-12-18T05:28:29+00:00\",\"breadcrumb\":{\"@id\":\"https:\\\/\\\/motorista.com.br\\\/noticias\\\/2025\\\/12\\\/18\\\/quando-as-canetas-para-emagrecer-terao-precos-mais-baixos\\\/#breadcrumb\"},\"inLanguage\":\"pt-BR\",\"potentialAction\":[{\"@type\":\"ReadAction\",\"target\":[\"https:\\\/\\\/motorista.com.br\\\/noticias\\\/2025\\\/12\\\/18\\\/quando-as-canetas-para-emagrecer-terao-precos-mais-baixos\\\/\"]}]},{\"@type\":\"BreadcrumbList\",\"@id\":\"https:\\\/\\\/motorista.com.br\\\/noticias\\\/2025\\\/12\\\/18\\\/quando-as-canetas-para-emagrecer-terao-precos-mais-baixos\\\/#breadcrumb\",\"itemListElement\":[{\"@type\":\"ListItem\",\"position\":1,\"name\":\"In\u00edcio\",\"item\":\"https:\\\/\\\/motorista.com.br\\\/noticias\\\/\"},{\"@type\":\"ListItem\",\"position\":2,\"name\":\"Quando as canetas para emagrecer ter\u00e3o pre\u00e7os mais baixos?\"}]},{\"@type\":\"WebSite\",\"@id\":\"https:\\\/\\\/motorista.com.br\\\/noticias\\\/#website\",\"url\":\"https:\\\/\\\/motorista.com.br\\\/noticias\\\/\",\"name\":\"Motorista.com.br\",\"description\":\"Not\u00edcia do Motorista\",\"publisher\":{\"@id\":\"https:\\\/\\\/motorista.com.br\\\/noticias\\\/#organization\"},\"potentialAction\":[{\"@type\":\"SearchAction\",\"target\":{\"@type\":\"EntryPoint\",\"urlTemplate\":\"https:\\\/\\\/motorista.com.br\\\/noticias\\\/?s={search_term_string}\"},\"query-input\":{\"@type\":\"PropertyValueSpecification\",\"valueRequired\":true,\"valueName\":\"search_term_string\"}}],\"inLanguage\":\"pt-BR\"},{\"@type\":\"Organization\",\"@id\":\"https:\\\/\\\/motorista.com.br\\\/noticias\\\/#organization\",\"name\":\"Motorista.com.br\",\"url\":\"https:\\\/\\\/motorista.com.br\\\/noticias\\\/\",\"logo\":{\"@type\":\"ImageObject\",\"inLanguage\":\"pt-BR\",\"@id\":\"https:\\\/\\\/motorista.com.br\\\/noticias\\\/#\\\/schema\\\/logo\\\/image\\\/\",\"url\":\"https:\\\/\\\/motorista.com.br\\\/noticias\\\/wp-content\\\/uploads\\\/2025\\\/06\\\/Design-sem-nome-9.png\",\"contentUrl\":\"https:\\\/\\\/motorista.com.br\\\/noticias\\\/wp-content\\\/uploads\\\/2025\\\/06\\\/Design-sem-nome-9.png\",\"width\":150,\"height\":85,\"caption\":\"Motorista.com.br\"},\"image\":{\"@id\":\"https:\\\/\\\/motorista.com.br\\\/noticias\\\/#\\\/schema\\\/logo\\\/image\\\/\"}},{\"@type\":\"Person\",\"@id\":\"https:\\\/\\\/motorista.com.br\\\/noticias\\\/#\\\/schema\\\/person\\\/dc93afc2981c0e3ce6bc3c053fd847be\",\"name\":\"Equipe Reda\u00e7\u00e3o\",\"image\":{\"@type\":\"ImageObject\",\"inLanguage\":\"pt-BR\",\"@id\":\"https:\\\/\\\/secure.gravatar.com\\\/avatar\\\/4f525efbf18dd2bb300ccad28bfb99d95a9465a5ba268407c8c37b37e1f28d2d?s=96&d=mm&r=g9e099043a0c61e9ae27e293b9fa75ffc\",\"url\":\"https:\\\/\\\/secure.gravatar.com\\\/avatar\\\/4f525efbf18dd2bb300ccad28bfb99d95a9465a5ba268407c8c37b37e1f28d2d?s=96&d=mm&r=g\",\"contentUrl\":\"https:\\\/\\\/secure.gravatar.com\\\/avatar\\\/4f525efbf18dd2bb300ccad28bfb99d95a9465a5ba268407c8c37b37e1f28d2d?s=96&d=mm&r=g\",\"caption\":\"Equipe Reda\u00e7\u00e3o\"},\"description\":\"Equipe de reda\u00e7\u00e3o \u00e9 um grupo de profissionais que trabalham juntos para criar conte\u00fado escrito para Motorista.com.br\",\"url\":\"https:\\\/\\\/motorista.com.br\\\/noticias\\\/author\\\/equiperedacao\\\/\"}]}<\/script>\n<!-- \/ Yoast SEO Premium plugin. -->","yoast_head_json":{"title":"Quando as canetas para emagrecer ter\u00e3o pre\u00e7os mais baixos? - Motorista.com.br","robots":{"index":"index","follow":"follow","max-snippet":"max-snippet:-1","max-image-preview":"max-image-preview:large","max-video-preview":"max-video-preview:-1"},"canonical":"https:\/\/motorista.com.br\/noticias\/2025\/12\/18\/quando-as-canetas-para-emagrecer-terao-precos-mais-baixos\/","og_locale":"pt_BR","og_type":"article","og_title":"Quando as canetas para emagrecer ter\u00e3o pre\u00e7os mais baixos?","og_description":"Quando as Canetas Emagrecedoras Ficar\u00e3o Mais Baratas? As canetas emagrecedoras, como o Ozempic, tornaram-se populares recentemente, trazendo esperan\u00e7a para muitos que buscam o emagrecimento. Contudo, o pre\u00e7o elevado desses medicamentos continua a ser um obst\u00e1culo. Recentemente, o Superior Tribunal de Justi\u00e7a (STJ) decidiu n\u00e3o prorrogar a patente da semaglutida, o princ\u00edpio ativo do Ozempic, abrindo &hellip;","og_url":"https:\/\/motorista.com.br\/noticias\/2025\/12\/18\/quando-as-canetas-para-emagrecer-terao-precos-mais-baixos\/","og_site_name":"Motorista.com.br","article_published_time":"2025-12-18T05:28:29+00:00","author":"Equipe Reda\u00e7\u00e3o","twitter_card":"summary_large_image","twitter_misc":{"Escrito por":"Equipe Reda\u00e7\u00e3o","Est. tempo de leitura":"2 minutos","Written by":"Equipe Reda\u00e7\u00e3o"},"schema":{"@context":"https:\/\/schema.org","@graph":[{"@type":"Article","@id":"https:\/\/motorista.com.br\/noticias\/2025\/12\/18\/quando-as-canetas-para-emagrecer-terao-precos-mais-baixos\/#article","isPartOf":{"@id":"https:\/\/motorista.com.br\/noticias\/2025\/12\/18\/quando-as-canetas-para-emagrecer-terao-precos-mais-baixos\/"},"author":{"name":"Equipe Reda\u00e7\u00e3o","@id":"https:\/\/motorista.com.br\/noticias\/#\/schema\/person\/dc93afc2981c0e3ce6bc3c053fd847be"},"headline":"Quando as canetas para emagrecer ter\u00e3o pre\u00e7os mais baixos?","datePublished":"2025-12-18T05:28:29+00:00","mainEntityOfPage":{"@id":"https:\/\/motorista.com.br\/noticias\/2025\/12\/18\/quando-as-canetas-para-emagrecer-terao-precos-mais-baixos\/"},"wordCount":499,"publisher":{"@id":"https:\/\/motorista.com.br\/noticias\/#organization"},"articleSection":["Mercado Financeiro"],"inLanguage":"pt-BR"},{"@type":"WebPage","@id":"https:\/\/motorista.com.br\/noticias\/2025\/12\/18\/quando-as-canetas-para-emagrecer-terao-precos-mais-baixos\/","url":"https:\/\/motorista.com.br\/noticias\/2025\/12\/18\/quando-as-canetas-para-emagrecer-terao-precos-mais-baixos\/","name":"Quando as canetas para emagrecer ter\u00e3o pre\u00e7os mais baixos? - Motorista.com.br","isPartOf":{"@id":"https:\/\/motorista.com.br\/noticias\/#website"},"datePublished":"2025-12-18T05:28:29+00:00","breadcrumb":{"@id":"https:\/\/motorista.com.br\/noticias\/2025\/12\/18\/quando-as-canetas-para-emagrecer-terao-precos-mais-baixos\/#breadcrumb"},"inLanguage":"pt-BR","potentialAction":[{"@type":"ReadAction","target":["https:\/\/motorista.com.br\/noticias\/2025\/12\/18\/quando-as-canetas-para-emagrecer-terao-precos-mais-baixos\/"]}]},{"@type":"BreadcrumbList","@id":"https:\/\/motorista.com.br\/noticias\/2025\/12\/18\/quando-as-canetas-para-emagrecer-terao-precos-mais-baixos\/#breadcrumb","itemListElement":[{"@type":"ListItem","position":1,"name":"In\u00edcio","item":"https:\/\/motorista.com.br\/noticias\/"},{"@type":"ListItem","position":2,"name":"Quando as canetas para emagrecer ter\u00e3o pre\u00e7os mais baixos?"}]},{"@type":"WebSite","@id":"https:\/\/motorista.com.br\/noticias\/#website","url":"https:\/\/motorista.com.br\/noticias\/","name":"Motorista.com.br","description":"Not\u00edcia do Motorista","publisher":{"@id":"https:\/\/motorista.com.br\/noticias\/#organization"},"potentialAction":[{"@type":"SearchAction","target":{"@type":"EntryPoint","urlTemplate":"https:\/\/motorista.com.br\/noticias\/?s={search_term_string}"},"query-input":{"@type":"PropertyValueSpecification","valueRequired":true,"valueName":"search_term_string"}}],"inLanguage":"pt-BR"},{"@type":"Organization","@id":"https:\/\/motorista.com.br\/noticias\/#organization","name":"Motorista.com.br","url":"https:\/\/motorista.com.br\/noticias\/","logo":{"@type":"ImageObject","inLanguage":"pt-BR","@id":"https:\/\/motorista.com.br\/noticias\/#\/schema\/logo\/image\/","url":"https:\/\/motorista.com.br\/noticias\/wp-content\/uploads\/2025\/06\/Design-sem-nome-9.png","contentUrl":"https:\/\/motorista.com.br\/noticias\/wp-content\/uploads\/2025\/06\/Design-sem-nome-9.png","width":150,"height":85,"caption":"Motorista.com.br"},"image":{"@id":"https:\/\/motorista.com.br\/noticias\/#\/schema\/logo\/image\/"}},{"@type":"Person","@id":"https:\/\/motorista.com.br\/noticias\/#\/schema\/person\/dc93afc2981c0e3ce6bc3c053fd847be","name":"Equipe Reda\u00e7\u00e3o","image":{"@type":"ImageObject","inLanguage":"pt-BR","@id":"https:\/\/secure.gravatar.com\/avatar\/4f525efbf18dd2bb300ccad28bfb99d95a9465a5ba268407c8c37b37e1f28d2d?s=96&d=mm&r=g9e099043a0c61e9ae27e293b9fa75ffc","url":"https:\/\/secure.gravatar.com\/avatar\/4f525efbf18dd2bb300ccad28bfb99d95a9465a5ba268407c8c37b37e1f28d2d?s=96&d=mm&r=g","contentUrl":"https:\/\/secure.gravatar.com\/avatar\/4f525efbf18dd2bb300ccad28bfb99d95a9465a5ba268407c8c37b37e1f28d2d?s=96&d=mm&r=g","caption":"Equipe Reda\u00e7\u00e3o"},"description":"Equipe de reda\u00e7\u00e3o \u00e9 um grupo de profissionais que trabalham juntos para criar conte\u00fado escrito para Motorista.com.br","url":"https:\/\/motorista.com.br\/noticias\/author\/equiperedacao\/"}]}},"_links":{"self":[{"href":"https:\/\/motorista.com.br\/noticias\/wp-json\/wp\/v2\/posts\/5259","targetHints":{"allow":["GET"]}}],"collection":[{"href":"https:\/\/motorista.com.br\/noticias\/wp-json\/wp\/v2\/posts"}],"about":[{"href":"https:\/\/motorista.com.br\/noticias\/wp-json\/wp\/v2\/types\/post"}],"author":[{"embeddable":true,"href":"https:\/\/motorista.com.br\/noticias\/wp-json\/wp\/v2\/users\/4"}],"replies":[{"embeddable":true,"href":"https:\/\/motorista.com.br\/noticias\/wp-json\/wp\/v2\/comments?post=5259"}],"version-history":[{"count":0,"href":"https:\/\/motorista.com.br\/noticias\/wp-json\/wp\/v2\/posts\/5259\/revisions"}],"wp:attachment":[{"href":"https:\/\/motorista.com.br\/noticias\/wp-json\/wp\/v2\/media?parent=5259"}],"wp:term":[{"taxonomy":"category","embeddable":true,"href":"https:\/\/motorista.com.br\/noticias\/wp-json\/wp\/v2\/categories?post=5259"},{"taxonomy":"post_tag","embeddable":true,"href":"https:\/\/motorista.com.br\/noticias\/wp-json\/wp\/v2\/tags?post=5259"},{"taxonomy":"author","embeddable":true,"href":"https:\/\/motorista.com.br\/noticias\/wp-json\/wp\/v2\/coauthors?post=5259"}],"curies":[{"name":"wp","href":"https:\/\/api.w.org\/{rel}","templated":true}]}}