{"id":5258,"date":"2025-12-18T01:28:03","date_gmt":"2025-12-18T04:28:03","guid":{"rendered":"https:\/\/motorista.com.br\/noticias\/2025\/12\/18\/atualizar-a-frota-aumenta-eficiencia-e-seguranca-no-transporte-afirma-welter-sobre-a-mp-1-328-25\/"},"modified":"2025-12-18T01:28:03","modified_gmt":"2025-12-18T04:28:03","slug":"atualizar-a-frota-aumenta-eficiencia-e-seguranca-no-transporte-afirma-welter-sobre-a-mp-1-328-25","status":"publish","type":"post","link":"https:\/\/motorista.com.br\/noticias\/2025\/12\/18\/atualizar-a-frota-aumenta-eficiencia-e-seguranca-no-transporte-afirma-welter-sobre-a-mp-1-328-25\/","title":{"rendered":"Atualizar a frota aumenta efici\u00eancia e seguran\u00e7a no transporte, afirma Welter sobre a MP 1.328\/25"},"content":{"rendered":"<p><\/p>\n<div>\n<p><strong><u>RENOVAR A FROTA: PRODUTIVIDADE E SEGURAN\u00c7A NO TRANSPORTE<\/u><\/strong><\/p>\n<p>A moderniza\u00e7\u00e3o da frota de ve\u00edculos \u00e9 um tema crucial, especialmente em tempos em que a efici\u00eancia e a seguran\u00e7a no transporte s\u00e3o priorit\u00e1rias. A declara\u00e7\u00e3o de Welter sobre a Medida Provis\u00f3ria 1.328\/25 destaca que revitalizar a frota n\u00e3o apenas melhora a produtividade, mas tamb\u00e9m tem um impacto significativo na seguran\u00e7a nas estradas.<\/p>\n<p>Um dos principais benef\u00edcios de uma frota renovada \u00e9 a redu\u00e7\u00e3o de custos operacionais. Ve\u00edculos mais novos tendem a ser mais eficientes em termos de consumo de combust\u00edvel e manuten\u00e7\u00e3o, resultando em menor gasto por parte dos motoristas. Isso se traduz em menos press\u00e3o financeira sobre os profissionais aut\u00f4nomos e empresas, permitindo que recursos sejam redirecionados para outras \u00e1reas, como treinamento e melhoria das condi\u00e7\u00f5es de trabalho.<\/p>\n<p>A seguran\u00e7a tamb\u00e9m \u00e9 um aspecto cr\u00edtico. Ve\u00edculos modernos v\u00eam equipados com tecnologias avan\u00e7adas de seguran\u00e7a, como sistemas de frenagem autom\u00e1tica e controle de estabilidade. A ado\u00e7\u00e3o dessas inova\u00e7\u00f5es pode significar a diferen\u00e7a entre um incidente grave e uma viagem tranquila. Para os motoristas, isso representa n\u00e3o apenas uma prote\u00e7\u00e3o maior, mas tamb\u00e9m um aumento na confian\u00e7a durante a condu\u00e7\u00e3o.<\/p>\n<p>Al\u00e9m disso, a renova\u00e7\u00e3o da frota implica em uma redu\u00e7\u00e3o simult\u00e2nea de emiss\u00f5es poluentes. Com uma crescente conscientiza\u00e7\u00e3o ambiental, motoristas e empresas podem contribuir para um futuro mais sustent\u00e1vel. Isso n\u00e3o apenas melhora a imagem das empresas envolvidas no transporte, mas tamb\u00e9m atende a demandas sociais e normativas cada vez mais rigorosas sobre a prote\u00e7\u00e3o ambiental.<\/p>\n<p>Importante notar que a mobilidade como um todo se beneficia da proposta de renova\u00e7\u00e3o. Quando os ve\u00edculos em circula\u00e7\u00e3o s\u00e3o mais seguros e eficientes, o tr\u00e2nsito nas cidades tende a fluir de maneira mais ordenada. Isso pode resultar em menos congestionamentos e em uma redu\u00e7\u00e3o do estresse di\u00e1rio enfrentado por motoristas e passageiros. Em um cen\u00e1rio onde as cidades est\u00e3o em constante crescimento, otimizar a mobilidade urbana \u00e9 essencial para a qualidade de vida dos cidad\u00e3os.<\/p>\n<p>Assim, a renova\u00e7\u00e3o da frota proposta na MP 1.328\/25 n\u00e3o \u00e9 apenas uma quest\u00e3o de moderniza\u00e7\u00e3o, mas tamb\u00e9m uma estrat\u00e9gia que promove seguran\u00e7a, efici\u00eancia econ\u00f4mica e aprimora a mobilidade geral nas cidades. Para os motoristas e a sociedade em geral, investir nessa mudan\u00e7a \u00e9 investir em um futuro mais seguro e produtivo.<\/p>\n<p><strong>Fonte: IBL<\/strong><\/p>\n<\/div>\n","protected":false},"excerpt":{"rendered":"<p>RENOVAR A FROTA: PRODUTIVIDADE E SEGURAN\u00c7A NO TRANSPORTE A moderniza\u00e7\u00e3o da frota de ve\u00edculos \u00e9 um tema crucial, especialmente em tempos em que a efici\u00eancia e a seguran\u00e7a no transporte s\u00e3o priorit\u00e1rias. A declara\u00e7\u00e3o de Welter sobre a Medida Provis\u00f3ria 1.328\/25 destaca que revitalizar a frota n\u00e3o apenas melhora a produtividade, mas tamb\u00e9m tem um &hellip;<\/p>\n","protected":false},"author":4,"featured_media":5251,"comment_status":"","ping_status":"open","sticky":false,"template":"","format":"standard","meta":{"footnotes":""},"categories":[77],"tags":[],"coauthors":[42],"class_list":["post-5258","post","type-post","status-publish","format-standard","has-post-thumbnail","hentry","category-motorista"],"yoast_head":"<!-- This site is optimized with the Yoast SEO Premium plugin v25.5 (Yoast SEO v27.4) - https:\/\/yoast.com\/product\/yoast-seo-premium-wordpress\/ -->\n<title>Atualizar a frota aumenta efici\u00eancia e seguran\u00e7a no transporte, afirma Welter sobre a MP 1.328\/25 - Motorista.com.br<\/title>\n<meta name=\"robots\" content=\"index, follow, max-snippet:-1, max-image-preview:large, max-video-preview:-1\" \/>\n<link rel=\"canonical\" href=\"https:\/\/motorista.com.br\/noticias\/2025\/12\/18\/atualizar-a-frota-aumenta-eficiencia-e-seguranca-no-transporte-afirma-welter-sobre-a-mp-1-328-25\/\" \/>\n<meta property=\"og:locale\" content=\"pt_BR\" \/>\n<meta property=\"og:type\" content=\"article\" \/>\n<meta property=\"og:title\" content=\"Atualizar a frota aumenta efici\u00eancia e seguran\u00e7a no transporte, afirma Welter sobre a MP 1.328\/25\" \/>\n<meta property=\"og:description\" content=\"RENOVAR A FROTA: PRODUTIVIDADE E SEGURAN\u00c7A NO TRANSPORTE A moderniza\u00e7\u00e3o da frota de ve\u00edculos \u00e9 um tema crucial, especialmente em tempos em que a efici\u00eancia e a seguran\u00e7a no transporte s\u00e3o priorit\u00e1rias. A declara\u00e7\u00e3o de Welter sobre a Medida Provis\u00f3ria 1.328\/25 destaca que revitalizar a frota n\u00e3o apenas melhora a produtividade, mas tamb\u00e9m tem um &hellip;\" \/>\n<meta property=\"og:url\" content=\"https:\/\/motorista.com.br\/noticias\/2025\/12\/18\/atualizar-a-frota-aumenta-eficiencia-e-seguranca-no-transporte-afirma-welter-sobre-a-mp-1-328-25\/\" \/>\n<meta property=\"og:site_name\" content=\"Motorista.com.br\" \/>\n<meta property=\"article:published_time\" content=\"2025-12-18T04:28:03+00:00\" \/>\n<meta name=\"author\" content=\"Equipe Reda\u00e7\u00e3o\" \/>\n<meta name=\"twitter:card\" content=\"summary_large_image\" \/>\n<meta name=\"twitter:label1\" content=\"Escrito por\" \/>\n\t<meta name=\"twitter:data1\" content=\"Equipe Reda\u00e7\u00e3o\" \/>\n\t<meta name=\"twitter:label2\" content=\"Est. tempo de leitura\" \/>\n\t<meta name=\"twitter:data2\" content=\"2 minutos\" \/>\n\t<meta name=\"twitter:label3\" content=\"Written by\" \/>\n\t<meta name=\"twitter:data3\" content=\"Equipe Reda\u00e7\u00e3o\" \/>\n<script type=\"application\/ld+json\" class=\"yoast-schema-graph\">{\"@context\":\"https:\\\/\\\/schema.org\",\"@graph\":[{\"@type\":\"Article\",\"@id\":\"https:\\\/\\\/motorista.com.br\\\/noticias\\\/2025\\\/12\\\/18\\\/atualizar-a-frota-aumenta-eficiencia-e-seguranca-no-transporte-afirma-welter-sobre-a-mp-1-328-25\\\/#article\",\"isPartOf\":{\"@id\":\"https:\\\/\\\/motorista.com.br\\\/noticias\\\/2025\\\/12\\\/18\\\/atualizar-a-frota-aumenta-eficiencia-e-seguranca-no-transporte-afirma-welter-sobre-a-mp-1-328-25\\\/\"},\"author\":{\"name\":\"Equipe Reda\u00e7\u00e3o\",\"@id\":\"https:\\\/\\\/motorista.com.br\\\/noticias\\\/#\\\/schema\\\/person\\\/dc93afc2981c0e3ce6bc3c053fd847be\"},\"headline\":\"Atualizar a frota aumenta efici\u00eancia e seguran\u00e7a no transporte, afirma Welter sobre a MP 1.328\\\/25\",\"datePublished\":\"2025-12-18T04:28:03+00:00\",\"mainEntityOfPage\":{\"@id\":\"https:\\\/\\\/motorista.com.br\\\/noticias\\\/2025\\\/12\\\/18\\\/atualizar-a-frota-aumenta-eficiencia-e-seguranca-no-transporte-afirma-welter-sobre-a-mp-1-328-25\\\/\"},\"wordCount\":448,\"publisher\":{\"@id\":\"https:\\\/\\\/motorista.com.br\\\/noticias\\\/#organization\"},\"image\":{\"@id\":\"https:\\\/\\\/motorista.com.br\\\/noticias\\\/2025\\\/12\\\/18\\\/atualizar-a-frota-aumenta-eficiencia-e-seguranca-no-transporte-afirma-welter-sobre-a-mp-1-328-25\\\/#primaryimage\"},\"thumbnailUrl\":\"https:\\\/\\\/motorista.com.br\\\/noticias\\\/wp-content\\\/uploads\\\/2025\\\/12\\\/WhatsApp-Image-2025-12-17-at-15.41.55.jpeg\",\"articleSection\":[\"Motorista\"],\"inLanguage\":\"pt-BR\"},{\"@type\":\"WebPage\",\"@id\":\"https:\\\/\\\/motorista.com.br\\\/noticias\\\/2025\\\/12\\\/18\\\/atualizar-a-frota-aumenta-eficiencia-e-seguranca-no-transporte-afirma-welter-sobre-a-mp-1-328-25\\\/\",\"url\":\"https:\\\/\\\/motorista.com.br\\\/noticias\\\/2025\\\/12\\\/18\\\/atualizar-a-frota-aumenta-eficiencia-e-seguranca-no-transporte-afirma-welter-sobre-a-mp-1-328-25\\\/\",\"name\":\"Atualizar a frota aumenta efici\u00eancia e seguran\u00e7a no transporte, afirma Welter sobre a MP 1.328\\\/25 - Motorista.com.br\",\"isPartOf\":{\"@id\":\"https:\\\/\\\/motorista.com.br\\\/noticias\\\/#website\"},\"primaryImageOfPage\":{\"@id\":\"https:\\\/\\\/motorista.com.br\\\/noticias\\\/2025\\\/12\\\/18\\\/atualizar-a-frota-aumenta-eficiencia-e-seguranca-no-transporte-afirma-welter-sobre-a-mp-1-328-25\\\/#primaryimage\"},\"image\":{\"@id\":\"https:\\\/\\\/motorista.com.br\\\/noticias\\\/2025\\\/12\\\/18\\\/atualizar-a-frota-aumenta-eficiencia-e-seguranca-no-transporte-afirma-welter-sobre-a-mp-1-328-25\\\/#primaryimage\"},\"thumbnailUrl\":\"https:\\\/\\\/motorista.com.br\\\/noticias\\\/wp-content\\\/uploads\\\/2025\\\/12\\\/WhatsApp-Image-2025-12-17-at-15.41.55.jpeg\",\"datePublished\":\"2025-12-18T04:28:03+00:00\",\"breadcrumb\":{\"@id\":\"https:\\\/\\\/motorista.com.br\\\/noticias\\\/2025\\\/12\\\/18\\\/atualizar-a-frota-aumenta-eficiencia-e-seguranca-no-transporte-afirma-welter-sobre-a-mp-1-328-25\\\/#breadcrumb\"},\"inLanguage\":\"pt-BR\",\"potentialAction\":[{\"@type\":\"ReadAction\",\"target\":[\"https:\\\/\\\/motorista.com.br\\\/noticias\\\/2025\\\/12\\\/18\\\/atualizar-a-frota-aumenta-eficiencia-e-seguranca-no-transporte-afirma-welter-sobre-a-mp-1-328-25\\\/\"]}]},{\"@type\":\"ImageObject\",\"inLanguage\":\"pt-BR\",\"@id\":\"https:\\\/\\\/motorista.com.br\\\/noticias\\\/2025\\\/12\\\/18\\\/atualizar-a-frota-aumenta-eficiencia-e-seguranca-no-transporte-afirma-welter-sobre-a-mp-1-328-25\\\/#primaryimage\",\"url\":\"https:\\\/\\\/motorista.com.br\\\/noticias\\\/wp-content\\\/uploads\\\/2025\\\/12\\\/WhatsApp-Image-2025-12-17-at-15.41.55.jpeg\",\"contentUrl\":\"https:\\\/\\\/motorista.com.br\\\/noticias\\\/wp-content\\\/uploads\\\/2025\\\/12\\\/WhatsApp-Image-2025-12-17-at-15.41.55.jpeg\",\"width\":1600,\"height\":900},{\"@type\":\"BreadcrumbList\",\"@id\":\"https:\\\/\\\/motorista.com.br\\\/noticias\\\/2025\\\/12\\\/18\\\/atualizar-a-frota-aumenta-eficiencia-e-seguranca-no-transporte-afirma-welter-sobre-a-mp-1-328-25\\\/#breadcrumb\",\"itemListElement\":[{\"@type\":\"ListItem\",\"position\":1,\"name\":\"In\u00edcio\",\"item\":\"https:\\\/\\\/motorista.com.br\\\/noticias\\\/\"},{\"@type\":\"ListItem\",\"position\":2,\"name\":\"Atualizar a frota aumenta efici\u00eancia e seguran\u00e7a no transporte, afirma Welter sobre a MP 1.328\\\/25\"}]},{\"@type\":\"WebSite\",\"@id\":\"https:\\\/\\\/motorista.com.br\\\/noticias\\\/#website\",\"url\":\"https:\\\/\\\/motorista.com.br\\\/noticias\\\/\",\"name\":\"Motorista.com.br\",\"description\":\"Not\u00edcia do Motorista\",\"publisher\":{\"@id\":\"https:\\\/\\\/motorista.com.br\\\/noticias\\\/#organization\"},\"potentialAction\":[{\"@type\":\"SearchAction\",\"target\":{\"@type\":\"EntryPoint\",\"urlTemplate\":\"https:\\\/\\\/motorista.com.br\\\/noticias\\\/?s={search_term_string}\"},\"query-input\":{\"@type\":\"PropertyValueSpecification\",\"valueRequired\":true,\"valueName\":\"search_term_string\"}}],\"inLanguage\":\"pt-BR\"},{\"@type\":\"Organization\",\"@id\":\"https:\\\/\\\/motorista.com.br\\\/noticias\\\/#organization\",\"name\":\"Motorista.com.br\",\"url\":\"https:\\\/\\\/motorista.com.br\\\/noticias\\\/\",\"logo\":{\"@type\":\"ImageObject\",\"inLanguage\":\"pt-BR\",\"@id\":\"https:\\\/\\\/motorista.com.br\\\/noticias\\\/#\\\/schema\\\/logo\\\/image\\\/\",\"url\":\"https:\\\/\\\/motorista.com.br\\\/noticias\\\/wp-content\\\/uploads\\\/2025\\\/06\\\/Design-sem-nome-9.png\",\"contentUrl\":\"https:\\\/\\\/motorista.com.br\\\/noticias\\\/wp-content\\\/uploads\\\/2025\\\/06\\\/Design-sem-nome-9.png\",\"width\":150,\"height\":85,\"caption\":\"Motorista.com.br\"},\"image\":{\"@id\":\"https:\\\/\\\/motorista.com.br\\\/noticias\\\/#\\\/schema\\\/logo\\\/image\\\/\"}},{\"@type\":\"Person\",\"@id\":\"https:\\\/\\\/motorista.com.br\\\/noticias\\\/#\\\/schema\\\/person\\\/dc93afc2981c0e3ce6bc3c053fd847be\",\"name\":\"Equipe Reda\u00e7\u00e3o\",\"image\":{\"@type\":\"ImageObject\",\"inLanguage\":\"pt-BR\",\"@id\":\"https:\\\/\\\/secure.gravatar.com\\\/avatar\\\/4f525efbf18dd2bb300ccad28bfb99d95a9465a5ba268407c8c37b37e1f28d2d?s=96&d=mm&r=g9e099043a0c61e9ae27e293b9fa75ffc\",\"url\":\"https:\\\/\\\/secure.gravatar.com\\\/avatar\\\/4f525efbf18dd2bb300ccad28bfb99d95a9465a5ba268407c8c37b37e1f28d2d?s=96&d=mm&r=g\",\"contentUrl\":\"https:\\\/\\\/secure.gravatar.com\\\/avatar\\\/4f525efbf18dd2bb300ccad28bfb99d95a9465a5ba268407c8c37b37e1f28d2d?s=96&d=mm&r=g\",\"caption\":\"Equipe Reda\u00e7\u00e3o\"},\"description\":\"Equipe de reda\u00e7\u00e3o \u00e9 um grupo de profissionais que trabalham juntos para criar conte\u00fado escrito para Motorista.com.br\",\"url\":\"https:\\\/\\\/motorista.com.br\\\/noticias\\\/author\\\/equiperedacao\\\/\"}]}<\/script>\n<!-- \/ Yoast SEO Premium plugin. -->","yoast_head_json":{"title":"Atualizar a frota aumenta efici\u00eancia e seguran\u00e7a no transporte, afirma Welter sobre a MP 1.328\/25 - Motorista.com.br","robots":{"index":"index","follow":"follow","max-snippet":"max-snippet:-1","max-image-preview":"max-image-preview:large","max-video-preview":"max-video-preview:-1"},"canonical":"https:\/\/motorista.com.br\/noticias\/2025\/12\/18\/atualizar-a-frota-aumenta-eficiencia-e-seguranca-no-transporte-afirma-welter-sobre-a-mp-1-328-25\/","og_locale":"pt_BR","og_type":"article","og_title":"Atualizar a frota aumenta efici\u00eancia e seguran\u00e7a no transporte, afirma Welter sobre a MP 1.328\/25","og_description":"RENOVAR A FROTA: PRODUTIVIDADE E SEGURAN\u00c7A NO TRANSPORTE A moderniza\u00e7\u00e3o da frota de ve\u00edculos \u00e9 um tema crucial, especialmente em tempos em que a efici\u00eancia e a seguran\u00e7a no transporte s\u00e3o priorit\u00e1rias. A declara\u00e7\u00e3o de Welter sobre a Medida Provis\u00f3ria 1.328\/25 destaca que revitalizar a frota n\u00e3o apenas melhora a produtividade, mas tamb\u00e9m tem um &hellip;","og_url":"https:\/\/motorista.com.br\/noticias\/2025\/12\/18\/atualizar-a-frota-aumenta-eficiencia-e-seguranca-no-transporte-afirma-welter-sobre-a-mp-1-328-25\/","og_site_name":"Motorista.com.br","article_published_time":"2025-12-18T04:28:03+00:00","author":"Equipe Reda\u00e7\u00e3o","twitter_card":"summary_large_image","twitter_misc":{"Escrito por":"Equipe Reda\u00e7\u00e3o","Est. tempo de leitura":"2 minutos","Written by":"Equipe Reda\u00e7\u00e3o"},"schema":{"@context":"https:\/\/schema.org","@graph":[{"@type":"Article","@id":"https:\/\/motorista.com.br\/noticias\/2025\/12\/18\/atualizar-a-frota-aumenta-eficiencia-e-seguranca-no-transporte-afirma-welter-sobre-a-mp-1-328-25\/#article","isPartOf":{"@id":"https:\/\/motorista.com.br\/noticias\/2025\/12\/18\/atualizar-a-frota-aumenta-eficiencia-e-seguranca-no-transporte-afirma-welter-sobre-a-mp-1-328-25\/"},"author":{"name":"Equipe Reda\u00e7\u00e3o","@id":"https:\/\/motorista.com.br\/noticias\/#\/schema\/person\/dc93afc2981c0e3ce6bc3c053fd847be"},"headline":"Atualizar a frota aumenta efici\u00eancia e seguran\u00e7a no transporte, afirma Welter sobre a MP 1.328\/25","datePublished":"2025-12-18T04:28:03+00:00","mainEntityOfPage":{"@id":"https:\/\/motorista.com.br\/noticias\/2025\/12\/18\/atualizar-a-frota-aumenta-eficiencia-e-seguranca-no-transporte-afirma-welter-sobre-a-mp-1-328-25\/"},"wordCount":448,"publisher":{"@id":"https:\/\/motorista.com.br\/noticias\/#organization"},"image":{"@id":"https:\/\/motorista.com.br\/noticias\/2025\/12\/18\/atualizar-a-frota-aumenta-eficiencia-e-seguranca-no-transporte-afirma-welter-sobre-a-mp-1-328-25\/#primaryimage"},"thumbnailUrl":"https:\/\/motorista.com.br\/noticias\/wp-content\/uploads\/2025\/12\/WhatsApp-Image-2025-12-17-at-15.41.55.jpeg","articleSection":["Motorista"],"inLanguage":"pt-BR"},{"@type":"WebPage","@id":"https:\/\/motorista.com.br\/noticias\/2025\/12\/18\/atualizar-a-frota-aumenta-eficiencia-e-seguranca-no-transporte-afirma-welter-sobre-a-mp-1-328-25\/","url":"https:\/\/motorista.com.br\/noticias\/2025\/12\/18\/atualizar-a-frota-aumenta-eficiencia-e-seguranca-no-transporte-afirma-welter-sobre-a-mp-1-328-25\/","name":"Atualizar a frota aumenta efici\u00eancia e seguran\u00e7a no transporte, afirma Welter sobre a MP 1.328\/25 - Motorista.com.br","isPartOf":{"@id":"https:\/\/motorista.com.br\/noticias\/#website"},"primaryImageOfPage":{"@id":"https:\/\/motorista.com.br\/noticias\/2025\/12\/18\/atualizar-a-frota-aumenta-eficiencia-e-seguranca-no-transporte-afirma-welter-sobre-a-mp-1-328-25\/#primaryimage"},"image":{"@id":"https:\/\/motorista.com.br\/noticias\/2025\/12\/18\/atualizar-a-frota-aumenta-eficiencia-e-seguranca-no-transporte-afirma-welter-sobre-a-mp-1-328-25\/#primaryimage"},"thumbnailUrl":"https:\/\/motorista.com.br\/noticias\/wp-content\/uploads\/2025\/12\/WhatsApp-Image-2025-12-17-at-15.41.55.jpeg","datePublished":"2025-12-18T04:28:03+00:00","breadcrumb":{"@id":"https:\/\/motorista.com.br\/noticias\/2025\/12\/18\/atualizar-a-frota-aumenta-eficiencia-e-seguranca-no-transporte-afirma-welter-sobre-a-mp-1-328-25\/#breadcrumb"},"inLanguage":"pt-BR","potentialAction":[{"@type":"ReadAction","target":["https:\/\/motorista.com.br\/noticias\/2025\/12\/18\/atualizar-a-frota-aumenta-eficiencia-e-seguranca-no-transporte-afirma-welter-sobre-a-mp-1-328-25\/"]}]},{"@type":"ImageObject","inLanguage":"pt-BR","@id":"https:\/\/motorista.com.br\/noticias\/2025\/12\/18\/atualizar-a-frota-aumenta-eficiencia-e-seguranca-no-transporte-afirma-welter-sobre-a-mp-1-328-25\/#primaryimage","url":"https:\/\/motorista.com.br\/noticias\/wp-content\/uploads\/2025\/12\/WhatsApp-Image-2025-12-17-at-15.41.55.jpeg","contentUrl":"https:\/\/motorista.com.br\/noticias\/wp-content\/uploads\/2025\/12\/WhatsApp-Image-2025-12-17-at-15.41.55.jpeg","width":1600,"height":900},{"@type":"BreadcrumbList","@id":"https:\/\/motorista.com.br\/noticias\/2025\/12\/18\/atualizar-a-frota-aumenta-eficiencia-e-seguranca-no-transporte-afirma-welter-sobre-a-mp-1-328-25\/#breadcrumb","itemListElement":[{"@type":"ListItem","position":1,"name":"In\u00edcio","item":"https:\/\/motorista.com.br\/noticias\/"},{"@type":"ListItem","position":2,"name":"Atualizar a frota aumenta efici\u00eancia e seguran\u00e7a no transporte, afirma Welter sobre a MP 1.328\/25"}]},{"@type":"WebSite","@id":"https:\/\/motorista.com.br\/noticias\/#website","url":"https:\/\/motorista.com.br\/noticias\/","name":"Motorista.com.br","description":"Not\u00edcia do Motorista","publisher":{"@id":"https:\/\/motorista.com.br\/noticias\/#organization"},"potentialAction":[{"@type":"SearchAction","target":{"@type":"EntryPoint","urlTemplate":"https:\/\/motorista.com.br\/noticias\/?s={search_term_string}"},"query-input":{"@type":"PropertyValueSpecification","valueRequired":true,"valueName":"search_term_string"}}],"inLanguage":"pt-BR"},{"@type":"Organization","@id":"https:\/\/motorista.com.br\/noticias\/#organization","name":"Motorista.com.br","url":"https:\/\/motorista.com.br\/noticias\/","logo":{"@type":"ImageObject","inLanguage":"pt-BR","@id":"https:\/\/motorista.com.br\/noticias\/#\/schema\/logo\/image\/","url":"https:\/\/motorista.com.br\/noticias\/wp-content\/uploads\/2025\/06\/Design-sem-nome-9.png","contentUrl":"https:\/\/motorista.com.br\/noticias\/wp-content\/uploads\/2025\/06\/Design-sem-nome-9.png","width":150,"height":85,"caption":"Motorista.com.br"},"image":{"@id":"https:\/\/motorista.com.br\/noticias\/#\/schema\/logo\/image\/"}},{"@type":"Person","@id":"https:\/\/motorista.com.br\/noticias\/#\/schema\/person\/dc93afc2981c0e3ce6bc3c053fd847be","name":"Equipe Reda\u00e7\u00e3o","image":{"@type":"ImageObject","inLanguage":"pt-BR","@id":"https:\/\/secure.gravatar.com\/avatar\/4f525efbf18dd2bb300ccad28bfb99d95a9465a5ba268407c8c37b37e1f28d2d?s=96&d=mm&r=g9e099043a0c61e9ae27e293b9fa75ffc","url":"https:\/\/secure.gravatar.com\/avatar\/4f525efbf18dd2bb300ccad28bfb99d95a9465a5ba268407c8c37b37e1f28d2d?s=96&d=mm&r=g","contentUrl":"https:\/\/secure.gravatar.com\/avatar\/4f525efbf18dd2bb300ccad28bfb99d95a9465a5ba268407c8c37b37e1f28d2d?s=96&d=mm&r=g","caption":"Equipe Reda\u00e7\u00e3o"},"description":"Equipe de reda\u00e7\u00e3o \u00e9 um grupo de profissionais que trabalham juntos para criar conte\u00fado escrito para Motorista.com.br","url":"https:\/\/motorista.com.br\/noticias\/author\/equiperedacao\/"}]}},"_links":{"self":[{"href":"https:\/\/motorista.com.br\/noticias\/wp-json\/wp\/v2\/posts\/5258","targetHints":{"allow":["GET"]}}],"collection":[{"href":"https:\/\/motorista.com.br\/noticias\/wp-json\/wp\/v2\/posts"}],"about":[{"href":"https:\/\/motorista.com.br\/noticias\/wp-json\/wp\/v2\/types\/post"}],"author":[{"embeddable":true,"href":"https:\/\/motorista.com.br\/noticias\/wp-json\/wp\/v2\/users\/4"}],"replies":[{"embeddable":true,"href":"https:\/\/motorista.com.br\/noticias\/wp-json\/wp\/v2\/comments?post=5258"}],"version-history":[{"count":0,"href":"https:\/\/motorista.com.br\/noticias\/wp-json\/wp\/v2\/posts\/5258\/revisions"}],"wp:featuredmedia":[{"embeddable":true,"href":"https:\/\/motorista.com.br\/noticias\/wp-json\/wp\/v2\/media\/5251"}],"wp:attachment":[{"href":"https:\/\/motorista.com.br\/noticias\/wp-json\/wp\/v2\/media?parent=5258"}],"wp:term":[{"taxonomy":"category","embeddable":true,"href":"https:\/\/motorista.com.br\/noticias\/wp-json\/wp\/v2\/categories?post=5258"},{"taxonomy":"post_tag","embeddable":true,"href":"https:\/\/motorista.com.br\/noticias\/wp-json\/wp\/v2\/tags?post=5258"},{"taxonomy":"author","embeddable":true,"href":"https:\/\/motorista.com.br\/noticias\/wp-json\/wp\/v2\/coauthors?post=5258"}],"curies":[{"name":"wp","href":"https:\/\/api.w.org\/{rel}","templated":true}]}}