{"id":5244,"date":"2025-12-17T14:31:34","date_gmt":"2025-12-17T17:31:34","guid":{"rendered":"https:\/\/motorista.com.br\/noticias\/2025\/12\/17\/tesla-e-acusada-de-propaganda-enganosa-sobre-autopilot-na-california\/"},"modified":"2025-12-17T14:31:34","modified_gmt":"2025-12-17T17:31:34","slug":"tesla-e-acusada-de-propaganda-enganosa-sobre-autopilot-na-california","status":"publish","type":"post","link":"https:\/\/motorista.com.br\/noticias\/2025\/12\/17\/tesla-e-acusada-de-propaganda-enganosa-sobre-autopilot-na-california\/","title":{"rendered":"Tesla \u00e9 acusada de propaganda enganosa sobre &#8216;Autopilot&#8217; na Calif\u00f3rnia."},"content":{"rendered":"<p><\/p>\n<p><strong>Tesla Enfrenta Cr\u00edticas por Propaganda Enganosa sobre o \u2018Autopilot\u2019 na Calif\u00f3rnia<\/strong><\/p>\n<p>A Tesla voltou a ser alvo de controv\u00e9rsias no campo dos ve\u00edculos aut\u00f4nomos, ap\u00f3s o Departamento de Ve\u00edculos Motorizados da Calif\u00f3rnia (California DMV) determinar que a empresa cometeu infra\u00e7\u00f5es ao utilizar os termos \u201cAutopilot\u201d e \u201cFull Self-Driving\u201d de maneira enganosa em suas campanhas de marketing. Segundo o \u00f3rg\u00e3o regulador, esses r\u00f3tulos insinuam capacidades de dire\u00e7\u00e3o aut\u00f4noma que os carros da Tesla, na verdade, n\u00e3o possuem. Essa quest\u00e3o levanta um debate crucial sobre a responsabilidade das montadoras e os impactos da comunica\u00e7\u00e3o enganosas no tr\u00e2nsito.<\/p>\n<p>A decis\u00e3o do DMV, que refor\u00e7a o entendimento de um juiz administrativo, coloca a Tesla sob press\u00e3o. A montadora poder\u00e1 enfrentar a suspens\u00e3o tempor\u00e1ria de sua licen\u00e7a de vendas na Calif\u00f3rnia, um mercado vital para a empresa. Essa situa\u00e7\u00e3o n\u00e3o apenas afeta a Tesla, mas tamb\u00e9m gera reflex\u00f5es sobre como a publicidade pode influenciar as expectativas e comportamentos dos motoristas.<\/p>\n<p>O ponto central da decis\u00e3o \u00e9 claro: a utiliza\u00e7\u00e3o dos termos \u201cAutopilot\u201d e \u201cFull Self-Driving\u201d induz os consumidores a acreditar que os ve\u00edculos da marca podem dirigir sozinhos. Na pr\u00e1tica, eles operam como sistemas avan\u00e7ados de assist\u00eancia ao motorista, que demandam aten\u00e7\u00e3o constante do condutor. Essa distor\u00e7\u00e3o pode levar a uma interpreta\u00e7\u00e3o irrespons\u00e1vel das capacidades do ve\u00edculo, impactando a seguran\u00e7a nas estradas.<\/p>\n<p>Quando as empresas exageram em suas promessas, o efeito sobre os motoristas pode ser significativo. Um motorista que acredita que seu carro \u00e9 capaz de operar autonomamente pode se sentir mais relaxado, diminuindo sua vigil\u00e2ncia nas estradas. Isso pode resultar em um aumento das chances de acidentes, criando um ciclo negativo que compromete a mobilidade geral e intensifica os desafios de seguran\u00e7a nas vias.<\/p>\n<p>A compara\u00e7\u00e3o entre Tesla e empresas como a Waymo \u00e9 pertinente nesse cen\u00e1rio. Enquanto a Tesla busca desenvolver um sistema de dire\u00e7\u00e3o assistida, a Waymo j\u00e1 opera rob\u00f4s-t\u00e1xi totalmente aut\u00f4nomos em \u00e1reas urbanas, regidas por regulamenta\u00e7\u00f5es espec\u00edficas. O modelo da Waymo oferece mais clareza ao consumidor, destacando suas limita\u00e7\u00f5es e opera\u00e7\u00f5es controladas. Essa abordagem n\u00e3o s\u00f3 promove um maior entendimento sobre a tecnologia, mas tamb\u00e9m ajuda na forma\u00e7\u00e3o de uma cultura de seguran\u00e7a e responsabilidade no tr\u00e2nsito.<\/p>\n<p>\u00c0 medida que as tecnologias de ve\u00edculos aut\u00f4nomos avan\u00e7am, a exig\u00eancia por transpar\u00eancia nas comunica\u00e7\u00f5es tamb\u00e9m aumenta. O recado da Calif\u00f3rnia \u00e9 inequ\u00edvoco: o marketing n\u00e3o pode ultrapassar a capacidade tecnol\u00f3gica. Para a mobilidade geral, a clareza nas informa\u00e7\u00f5es \u00e9 fundamental. Motoristas informados s\u00e3o mais propensos a tomar decis\u00f5es conscientes e seguras, contribuindo para um ambiente rodovi\u00e1rio mais seguro para todos.<\/p>\n<p><strong>Fonte: Olhar Digital<\/strong><\/p>\n","protected":false},"excerpt":{"rendered":"<p>Tesla Enfrenta Cr\u00edticas por Propaganda Enganosa sobre o \u2018Autopilot\u2019 na Calif\u00f3rnia A Tesla voltou a ser alvo de controv\u00e9rsias no campo dos ve\u00edculos aut\u00f4nomos, ap\u00f3s o Departamento de Ve\u00edculos Motorizados da Calif\u00f3rnia (California DMV) determinar que a empresa cometeu infra\u00e7\u00f5es ao utilizar os termos \u201cAutopilot\u201d e \u201cFull Self-Driving\u201d de maneira enganosa em suas campanhas de &hellip;<\/p>\n","protected":false},"author":4,"featured_media":5245,"comment_status":"","ping_status":"open","sticky":false,"template":"","format":"standard","meta":{"footnotes":""},"categories":[56],"tags":[],"coauthors":[42],"class_list":["post-5244","post","type-post","status-publish","format-standard","has-post-thumbnail","hentry","category-tecnologia"],"yoast_head":"<!-- This site is optimized with the Yoast SEO Premium plugin v25.5 (Yoast SEO v27.4) - https:\/\/yoast.com\/product\/yoast-seo-premium-wordpress\/ -->\n<title>Tesla \u00e9 acusada de propaganda enganosa sobre &#039;Autopilot&#039; na Calif\u00f3rnia. - Motorista.com.br<\/title>\n<meta name=\"robots\" content=\"index, follow, max-snippet:-1, max-image-preview:large, max-video-preview:-1\" \/>\n<link rel=\"canonical\" href=\"https:\/\/motorista.com.br\/noticias\/2025\/12\/17\/tesla-e-acusada-de-propaganda-enganosa-sobre-autopilot-na-california\/\" \/>\n<meta property=\"og:locale\" content=\"pt_BR\" \/>\n<meta property=\"og:type\" content=\"article\" \/>\n<meta property=\"og:title\" content=\"Tesla \u00e9 acusada de propaganda enganosa sobre &#039;Autopilot&#039; na Calif\u00f3rnia.\" \/>\n<meta property=\"og:description\" content=\"Tesla Enfrenta Cr\u00edticas por Propaganda Enganosa sobre o \u2018Autopilot\u2019 na Calif\u00f3rnia A Tesla voltou a ser alvo de controv\u00e9rsias no campo dos ve\u00edculos aut\u00f4nomos, ap\u00f3s o Departamento de Ve\u00edculos Motorizados da Calif\u00f3rnia (California DMV) determinar que a empresa cometeu infra\u00e7\u00f5es ao utilizar os termos \u201cAutopilot\u201d e \u201cFull Self-Driving\u201d de maneira enganosa em suas campanhas de &hellip;\" \/>\n<meta property=\"og:url\" content=\"https:\/\/motorista.com.br\/noticias\/2025\/12\/17\/tesla-e-acusada-de-propaganda-enganosa-sobre-autopilot-na-california\/\" \/>\n<meta property=\"og:site_name\" content=\"Motorista.com.br\" \/>\n<meta property=\"article:published_time\" content=\"2025-12-17T17:31:34+00:00\" \/>\n<meta name=\"author\" content=\"Equipe Reda\u00e7\u00e3o\" \/>\n<meta name=\"twitter:card\" content=\"summary_large_image\" \/>\n<meta name=\"twitter:label1\" content=\"Escrito por\" \/>\n\t<meta name=\"twitter:data1\" content=\"Equipe Reda\u00e7\u00e3o\" \/>\n\t<meta name=\"twitter:label2\" content=\"Est. tempo de leitura\" \/>\n\t<meta name=\"twitter:data2\" content=\"2 minutos\" \/>\n\t<meta name=\"twitter:label3\" content=\"Written by\" \/>\n\t<meta name=\"twitter:data3\" content=\"Equipe Reda\u00e7\u00e3o\" \/>\n<script type=\"application\/ld+json\" class=\"yoast-schema-graph\">{\"@context\":\"https:\\\/\\\/schema.org\",\"@graph\":[{\"@type\":\"Article\",\"@id\":\"https:\\\/\\\/motorista.com.br\\\/noticias\\\/2025\\\/12\\\/17\\\/tesla-e-acusada-de-propaganda-enganosa-sobre-autopilot-na-california\\\/#article\",\"isPartOf\":{\"@id\":\"https:\\\/\\\/motorista.com.br\\\/noticias\\\/2025\\\/12\\\/17\\\/tesla-e-acusada-de-propaganda-enganosa-sobre-autopilot-na-california\\\/\"},\"author\":{\"name\":\"Equipe Reda\u00e7\u00e3o\",\"@id\":\"https:\\\/\\\/motorista.com.br\\\/noticias\\\/#\\\/schema\\\/person\\\/dc93afc2981c0e3ce6bc3c053fd847be\"},\"headline\":\"Tesla \u00e9 acusada de propaganda enganosa sobre &#8216;Autopilot&#8217; na Calif\u00f3rnia.\",\"datePublished\":\"2025-12-17T17:31:34+00:00\",\"mainEntityOfPage\":{\"@id\":\"https:\\\/\\\/motorista.com.br\\\/noticias\\\/2025\\\/12\\\/17\\\/tesla-e-acusada-de-propaganda-enganosa-sobre-autopilot-na-california\\\/\"},\"wordCount\":498,\"publisher\":{\"@id\":\"https:\\\/\\\/motorista.com.br\\\/noticias\\\/#organization\"},\"image\":{\"@id\":\"https:\\\/\\\/motorista.com.br\\\/noticias\\\/2025\\\/12\\\/17\\\/tesla-e-acusada-de-propaganda-enganosa-sobre-autopilot-na-california\\\/#primaryimage\"},\"thumbnailUrl\":\"https:\\\/\\\/motorista.com.br\\\/noticias\\\/wp-content\\\/uploads\\\/2025\\\/12\\\/elon-musk-tesla-scaled.jpg\",\"articleSection\":[\"Tecnologia\"],\"inLanguage\":\"pt-BR\"},{\"@type\":\"WebPage\",\"@id\":\"https:\\\/\\\/motorista.com.br\\\/noticias\\\/2025\\\/12\\\/17\\\/tesla-e-acusada-de-propaganda-enganosa-sobre-autopilot-na-california\\\/\",\"url\":\"https:\\\/\\\/motorista.com.br\\\/noticias\\\/2025\\\/12\\\/17\\\/tesla-e-acusada-de-propaganda-enganosa-sobre-autopilot-na-california\\\/\",\"name\":\"Tesla \u00e9 acusada de propaganda enganosa sobre 'Autopilot' na Calif\u00f3rnia. - Motorista.com.br\",\"isPartOf\":{\"@id\":\"https:\\\/\\\/motorista.com.br\\\/noticias\\\/#website\"},\"primaryImageOfPage\":{\"@id\":\"https:\\\/\\\/motorista.com.br\\\/noticias\\\/2025\\\/12\\\/17\\\/tesla-e-acusada-de-propaganda-enganosa-sobre-autopilot-na-california\\\/#primaryimage\"},\"image\":{\"@id\":\"https:\\\/\\\/motorista.com.br\\\/noticias\\\/2025\\\/12\\\/17\\\/tesla-e-acusada-de-propaganda-enganosa-sobre-autopilot-na-california\\\/#primaryimage\"},\"thumbnailUrl\":\"https:\\\/\\\/motorista.com.br\\\/noticias\\\/wp-content\\\/uploads\\\/2025\\\/12\\\/elon-musk-tesla-scaled.jpg\",\"datePublished\":\"2025-12-17T17:31:34+00:00\",\"breadcrumb\":{\"@id\":\"https:\\\/\\\/motorista.com.br\\\/noticias\\\/2025\\\/12\\\/17\\\/tesla-e-acusada-de-propaganda-enganosa-sobre-autopilot-na-california\\\/#breadcrumb\"},\"inLanguage\":\"pt-BR\",\"potentialAction\":[{\"@type\":\"ReadAction\",\"target\":[\"https:\\\/\\\/motorista.com.br\\\/noticias\\\/2025\\\/12\\\/17\\\/tesla-e-acusada-de-propaganda-enganosa-sobre-autopilot-na-california\\\/\"]}]},{\"@type\":\"ImageObject\",\"inLanguage\":\"pt-BR\",\"@id\":\"https:\\\/\\\/motorista.com.br\\\/noticias\\\/2025\\\/12\\\/17\\\/tesla-e-acusada-de-propaganda-enganosa-sobre-autopilot-na-california\\\/#primaryimage\",\"url\":\"https:\\\/\\\/motorista.com.br\\\/noticias\\\/wp-content\\\/uploads\\\/2025\\\/12\\\/elon-musk-tesla-scaled.jpg\",\"contentUrl\":\"https:\\\/\\\/motorista.com.br\\\/noticias\\\/wp-content\\\/uploads\\\/2025\\\/12\\\/elon-musk-tesla-scaled.jpg\",\"width\":2560,\"height\":1440},{\"@type\":\"BreadcrumbList\",\"@id\":\"https:\\\/\\\/motorista.com.br\\\/noticias\\\/2025\\\/12\\\/17\\\/tesla-e-acusada-de-propaganda-enganosa-sobre-autopilot-na-california\\\/#breadcrumb\",\"itemListElement\":[{\"@type\":\"ListItem\",\"position\":1,\"name\":\"In\u00edcio\",\"item\":\"https:\\\/\\\/motorista.com.br\\\/noticias\\\/\"},{\"@type\":\"ListItem\",\"position\":2,\"name\":\"Tesla \u00e9 acusada de propaganda enganosa sobre &#8216;Autopilot&#8217; na Calif\u00f3rnia.\"}]},{\"@type\":\"WebSite\",\"@id\":\"https:\\\/\\\/motorista.com.br\\\/noticias\\\/#website\",\"url\":\"https:\\\/\\\/motorista.com.br\\\/noticias\\\/\",\"name\":\"Motorista.com.br\",\"description\":\"Not\u00edcia do Motorista\",\"publisher\":{\"@id\":\"https:\\\/\\\/motorista.com.br\\\/noticias\\\/#organization\"},\"potentialAction\":[{\"@type\":\"SearchAction\",\"target\":{\"@type\":\"EntryPoint\",\"urlTemplate\":\"https:\\\/\\\/motorista.com.br\\\/noticias\\\/?s={search_term_string}\"},\"query-input\":{\"@type\":\"PropertyValueSpecification\",\"valueRequired\":true,\"valueName\":\"search_term_string\"}}],\"inLanguage\":\"pt-BR\"},{\"@type\":\"Organization\",\"@id\":\"https:\\\/\\\/motorista.com.br\\\/noticias\\\/#organization\",\"name\":\"Motorista.com.br\",\"url\":\"https:\\\/\\\/motorista.com.br\\\/noticias\\\/\",\"logo\":{\"@type\":\"ImageObject\",\"inLanguage\":\"pt-BR\",\"@id\":\"https:\\\/\\\/motorista.com.br\\\/noticias\\\/#\\\/schema\\\/logo\\\/image\\\/\",\"url\":\"https:\\\/\\\/motorista.com.br\\\/noticias\\\/wp-content\\\/uploads\\\/2025\\\/06\\\/Design-sem-nome-9.png\",\"contentUrl\":\"https:\\\/\\\/motorista.com.br\\\/noticias\\\/wp-content\\\/uploads\\\/2025\\\/06\\\/Design-sem-nome-9.png\",\"width\":150,\"height\":85,\"caption\":\"Motorista.com.br\"},\"image\":{\"@id\":\"https:\\\/\\\/motorista.com.br\\\/noticias\\\/#\\\/schema\\\/logo\\\/image\\\/\"}},{\"@type\":\"Person\",\"@id\":\"https:\\\/\\\/motorista.com.br\\\/noticias\\\/#\\\/schema\\\/person\\\/dc93afc2981c0e3ce6bc3c053fd847be\",\"name\":\"Equipe Reda\u00e7\u00e3o\",\"image\":{\"@type\":\"ImageObject\",\"inLanguage\":\"pt-BR\",\"@id\":\"https:\\\/\\\/secure.gravatar.com\\\/avatar\\\/4f525efbf18dd2bb300ccad28bfb99d95a9465a5ba268407c8c37b37e1f28d2d?s=96&d=mm&r=g9e099043a0c61e9ae27e293b9fa75ffc\",\"url\":\"https:\\\/\\\/secure.gravatar.com\\\/avatar\\\/4f525efbf18dd2bb300ccad28bfb99d95a9465a5ba268407c8c37b37e1f28d2d?s=96&d=mm&r=g\",\"contentUrl\":\"https:\\\/\\\/secure.gravatar.com\\\/avatar\\\/4f525efbf18dd2bb300ccad28bfb99d95a9465a5ba268407c8c37b37e1f28d2d?s=96&d=mm&r=g\",\"caption\":\"Equipe Reda\u00e7\u00e3o\"},\"description\":\"Equipe de reda\u00e7\u00e3o \u00e9 um grupo de profissionais que trabalham juntos para criar conte\u00fado escrito para Motorista.com.br\",\"url\":\"https:\\\/\\\/motorista.com.br\\\/noticias\\\/author\\\/equiperedacao\\\/\"}]}<\/script>\n<!-- \/ Yoast SEO Premium plugin. -->","yoast_head_json":{"title":"Tesla \u00e9 acusada de propaganda enganosa sobre 'Autopilot' na Calif\u00f3rnia. - Motorista.com.br","robots":{"index":"index","follow":"follow","max-snippet":"max-snippet:-1","max-image-preview":"max-image-preview:large","max-video-preview":"max-video-preview:-1"},"canonical":"https:\/\/motorista.com.br\/noticias\/2025\/12\/17\/tesla-e-acusada-de-propaganda-enganosa-sobre-autopilot-na-california\/","og_locale":"pt_BR","og_type":"article","og_title":"Tesla \u00e9 acusada de propaganda enganosa sobre 'Autopilot' na Calif\u00f3rnia.","og_description":"Tesla Enfrenta Cr\u00edticas por Propaganda Enganosa sobre o \u2018Autopilot\u2019 na Calif\u00f3rnia A Tesla voltou a ser alvo de controv\u00e9rsias no campo dos ve\u00edculos aut\u00f4nomos, ap\u00f3s o Departamento de Ve\u00edculos Motorizados da Calif\u00f3rnia (California DMV) determinar que a empresa cometeu infra\u00e7\u00f5es ao utilizar os termos \u201cAutopilot\u201d e \u201cFull Self-Driving\u201d de maneira enganosa em suas campanhas de &hellip;","og_url":"https:\/\/motorista.com.br\/noticias\/2025\/12\/17\/tesla-e-acusada-de-propaganda-enganosa-sobre-autopilot-na-california\/","og_site_name":"Motorista.com.br","article_published_time":"2025-12-17T17:31:34+00:00","author":"Equipe Reda\u00e7\u00e3o","twitter_card":"summary_large_image","twitter_misc":{"Escrito por":"Equipe Reda\u00e7\u00e3o","Est. tempo de leitura":"2 minutos","Written by":"Equipe Reda\u00e7\u00e3o"},"schema":{"@context":"https:\/\/schema.org","@graph":[{"@type":"Article","@id":"https:\/\/motorista.com.br\/noticias\/2025\/12\/17\/tesla-e-acusada-de-propaganda-enganosa-sobre-autopilot-na-california\/#article","isPartOf":{"@id":"https:\/\/motorista.com.br\/noticias\/2025\/12\/17\/tesla-e-acusada-de-propaganda-enganosa-sobre-autopilot-na-california\/"},"author":{"name":"Equipe Reda\u00e7\u00e3o","@id":"https:\/\/motorista.com.br\/noticias\/#\/schema\/person\/dc93afc2981c0e3ce6bc3c053fd847be"},"headline":"Tesla \u00e9 acusada de propaganda enganosa sobre &#8216;Autopilot&#8217; na Calif\u00f3rnia.","datePublished":"2025-12-17T17:31:34+00:00","mainEntityOfPage":{"@id":"https:\/\/motorista.com.br\/noticias\/2025\/12\/17\/tesla-e-acusada-de-propaganda-enganosa-sobre-autopilot-na-california\/"},"wordCount":498,"publisher":{"@id":"https:\/\/motorista.com.br\/noticias\/#organization"},"image":{"@id":"https:\/\/motorista.com.br\/noticias\/2025\/12\/17\/tesla-e-acusada-de-propaganda-enganosa-sobre-autopilot-na-california\/#primaryimage"},"thumbnailUrl":"https:\/\/motorista.com.br\/noticias\/wp-content\/uploads\/2025\/12\/elon-musk-tesla-scaled.jpg","articleSection":["Tecnologia"],"inLanguage":"pt-BR"},{"@type":"WebPage","@id":"https:\/\/motorista.com.br\/noticias\/2025\/12\/17\/tesla-e-acusada-de-propaganda-enganosa-sobre-autopilot-na-california\/","url":"https:\/\/motorista.com.br\/noticias\/2025\/12\/17\/tesla-e-acusada-de-propaganda-enganosa-sobre-autopilot-na-california\/","name":"Tesla \u00e9 acusada de propaganda enganosa sobre 'Autopilot' na Calif\u00f3rnia. - Motorista.com.br","isPartOf":{"@id":"https:\/\/motorista.com.br\/noticias\/#website"},"primaryImageOfPage":{"@id":"https:\/\/motorista.com.br\/noticias\/2025\/12\/17\/tesla-e-acusada-de-propaganda-enganosa-sobre-autopilot-na-california\/#primaryimage"},"image":{"@id":"https:\/\/motorista.com.br\/noticias\/2025\/12\/17\/tesla-e-acusada-de-propaganda-enganosa-sobre-autopilot-na-california\/#primaryimage"},"thumbnailUrl":"https:\/\/motorista.com.br\/noticias\/wp-content\/uploads\/2025\/12\/elon-musk-tesla-scaled.jpg","datePublished":"2025-12-17T17:31:34+00:00","breadcrumb":{"@id":"https:\/\/motorista.com.br\/noticias\/2025\/12\/17\/tesla-e-acusada-de-propaganda-enganosa-sobre-autopilot-na-california\/#breadcrumb"},"inLanguage":"pt-BR","potentialAction":[{"@type":"ReadAction","target":["https:\/\/motorista.com.br\/noticias\/2025\/12\/17\/tesla-e-acusada-de-propaganda-enganosa-sobre-autopilot-na-california\/"]}]},{"@type":"ImageObject","inLanguage":"pt-BR","@id":"https:\/\/motorista.com.br\/noticias\/2025\/12\/17\/tesla-e-acusada-de-propaganda-enganosa-sobre-autopilot-na-california\/#primaryimage","url":"https:\/\/motorista.com.br\/noticias\/wp-content\/uploads\/2025\/12\/elon-musk-tesla-scaled.jpg","contentUrl":"https:\/\/motorista.com.br\/noticias\/wp-content\/uploads\/2025\/12\/elon-musk-tesla-scaled.jpg","width":2560,"height":1440},{"@type":"BreadcrumbList","@id":"https:\/\/motorista.com.br\/noticias\/2025\/12\/17\/tesla-e-acusada-de-propaganda-enganosa-sobre-autopilot-na-california\/#breadcrumb","itemListElement":[{"@type":"ListItem","position":1,"name":"In\u00edcio","item":"https:\/\/motorista.com.br\/noticias\/"},{"@type":"ListItem","position":2,"name":"Tesla \u00e9 acusada de propaganda enganosa sobre &#8216;Autopilot&#8217; na Calif\u00f3rnia."}]},{"@type":"WebSite","@id":"https:\/\/motorista.com.br\/noticias\/#website","url":"https:\/\/motorista.com.br\/noticias\/","name":"Motorista.com.br","description":"Not\u00edcia do Motorista","publisher":{"@id":"https:\/\/motorista.com.br\/noticias\/#organization"},"potentialAction":[{"@type":"SearchAction","target":{"@type":"EntryPoint","urlTemplate":"https:\/\/motorista.com.br\/noticias\/?s={search_term_string}"},"query-input":{"@type":"PropertyValueSpecification","valueRequired":true,"valueName":"search_term_string"}}],"inLanguage":"pt-BR"},{"@type":"Organization","@id":"https:\/\/motorista.com.br\/noticias\/#organization","name":"Motorista.com.br","url":"https:\/\/motorista.com.br\/noticias\/","logo":{"@type":"ImageObject","inLanguage":"pt-BR","@id":"https:\/\/motorista.com.br\/noticias\/#\/schema\/logo\/image\/","url":"https:\/\/motorista.com.br\/noticias\/wp-content\/uploads\/2025\/06\/Design-sem-nome-9.png","contentUrl":"https:\/\/motorista.com.br\/noticias\/wp-content\/uploads\/2025\/06\/Design-sem-nome-9.png","width":150,"height":85,"caption":"Motorista.com.br"},"image":{"@id":"https:\/\/motorista.com.br\/noticias\/#\/schema\/logo\/image\/"}},{"@type":"Person","@id":"https:\/\/motorista.com.br\/noticias\/#\/schema\/person\/dc93afc2981c0e3ce6bc3c053fd847be","name":"Equipe Reda\u00e7\u00e3o","image":{"@type":"ImageObject","inLanguage":"pt-BR","@id":"https:\/\/secure.gravatar.com\/avatar\/4f525efbf18dd2bb300ccad28bfb99d95a9465a5ba268407c8c37b37e1f28d2d?s=96&d=mm&r=g9e099043a0c61e9ae27e293b9fa75ffc","url":"https:\/\/secure.gravatar.com\/avatar\/4f525efbf18dd2bb300ccad28bfb99d95a9465a5ba268407c8c37b37e1f28d2d?s=96&d=mm&r=g","contentUrl":"https:\/\/secure.gravatar.com\/avatar\/4f525efbf18dd2bb300ccad28bfb99d95a9465a5ba268407c8c37b37e1f28d2d?s=96&d=mm&r=g","caption":"Equipe Reda\u00e7\u00e3o"},"description":"Equipe de reda\u00e7\u00e3o \u00e9 um grupo de profissionais que trabalham juntos para criar conte\u00fado escrito para Motorista.com.br","url":"https:\/\/motorista.com.br\/noticias\/author\/equiperedacao\/"}]}},"_links":{"self":[{"href":"https:\/\/motorista.com.br\/noticias\/wp-json\/wp\/v2\/posts\/5244","targetHints":{"allow":["GET"]}}],"collection":[{"href":"https:\/\/motorista.com.br\/noticias\/wp-json\/wp\/v2\/posts"}],"about":[{"href":"https:\/\/motorista.com.br\/noticias\/wp-json\/wp\/v2\/types\/post"}],"author":[{"embeddable":true,"href":"https:\/\/motorista.com.br\/noticias\/wp-json\/wp\/v2\/users\/4"}],"replies":[{"embeddable":true,"href":"https:\/\/motorista.com.br\/noticias\/wp-json\/wp\/v2\/comments?post=5244"}],"version-history":[{"count":0,"href":"https:\/\/motorista.com.br\/noticias\/wp-json\/wp\/v2\/posts\/5244\/revisions"}],"wp:featuredmedia":[{"embeddable":true,"href":"https:\/\/motorista.com.br\/noticias\/wp-json\/wp\/v2\/media\/5245"}],"wp:attachment":[{"href":"https:\/\/motorista.com.br\/noticias\/wp-json\/wp\/v2\/media?parent=5244"}],"wp:term":[{"taxonomy":"category","embeddable":true,"href":"https:\/\/motorista.com.br\/noticias\/wp-json\/wp\/v2\/categories?post=5244"},{"taxonomy":"post_tag","embeddable":true,"href":"https:\/\/motorista.com.br\/noticias\/wp-json\/wp\/v2\/tags?post=5244"},{"taxonomy":"author","embeddable":true,"href":"https:\/\/motorista.com.br\/noticias\/wp-json\/wp\/v2\/coauthors?post=5244"}],"curies":[{"name":"wp","href":"https:\/\/api.w.org\/{rel}","templated":true}]}}