{"id":5242,"date":"2025-12-17T14:21:03","date_gmt":"2025-12-17T17:21:03","guid":{"rendered":"https:\/\/motorista.com.br\/noticias\/2025\/12\/17\/brasil-e-destaque-em-quatro-categorias-confira-os-filmes-selecionados\/"},"modified":"2025-12-17T14:21:03","modified_gmt":"2025-12-17T17:21:03","slug":"brasil-e-destaque-em-quatro-categorias-confira-os-filmes-selecionados","status":"publish","type":"post","link":"https:\/\/motorista.com.br\/noticias\/2025\/12\/17\/brasil-e-destaque-em-quatro-categorias-confira-os-filmes-selecionados\/","title":{"rendered":"Brasil \u00e9 destaque em quatro categorias; confira os filmes selecionados."},"content":{"rendered":"<p><\/p>\n<h3>Brasil brilha em quatro categorias na shortlist do Oscar 2026<\/h3>\n<p>A corrida pelo Oscar 2026 est\u00e1 esquentando, e o Brasil se destaca na prestigiosa lista da Academia de Artes e Ci\u00eancias Cinematogr\u00e1ficas. Neste ano, o pa\u00eds n\u00e3o apenas participa, mas se posiciona de forma significativa, com produ\u00e7\u00f5es locais aparecendo em quatro categorias diferentes.<\/p>\n<h4>&quot;O Agente Secreto&quot; se destaca<\/h4>\n<p>Dentre os destaques brasileiros, o longa &quot;O Agente Secreto&quot;, dirigido por Kleber Mendon\u00e7a Filho, \u00e9 um not\u00e1vel concorrente. Ele figura entre os 15 semifinalistas na categoria de Melhor Filme Internacional e tamb\u00e9m disputa o pr\u00eamio de Melhor Escala\u00e7\u00e3o de Elenco. Este filme, inicialmente exibido no Festival de Cannes, conquistou reconhecimento mundial ao levar pr\u00eamios em categorias como Melhor Dire\u00e7\u00e3o e Melhor Ator.<\/p>\n<p>Ao ser indicado, &quot;O Agente Secreto&quot; n\u00e3o apenas eleva o perfil do cinema brasileiro, mas tamb\u00e9m influencia positivamente a mobilidade cultural no pa\u00eds. A visibilidade em premia\u00e7\u00f5es internacionais pode atrair mais investimentos e aplicativos de produ\u00e7\u00e3o, resultando em um ciclo de melhorias na infraestrutura e na forma\u00e7\u00e3o de talentos locais.<\/p>\n<h4>Concorrentes not\u00e1veis<\/h4>\n<p>Outras produ\u00e7\u00f5es brasileiras tamb\u00e9m est\u00e3o em destaque. &quot;Apocalipse nos Tr\u00f3picos&quot;, de Petra Costa, foi indicado na categoria de Melhor Document\u00e1rio, enquanto &quot;Amarela&quot;, de Andr\u00e9 Hayato Saito, aparece na categoria de Melhor Curta-Metragem. Essa diversidade n\u00e3o s\u00f3 promove a cultura nacional como tamb\u00e9m impulsiona um di\u00e1logo cultural mais amplo, o que pode ser um reflexo na mobilidade social, promovendo debates e conscientiza\u00e7\u00e3o sobre quest\u00f5es pertinentes.<\/p>\n<h4>Conclus\u00e3o<\/h4>\n<p>A presen\u00e7a marcante do Brasil na shortlist do Oscar 2026 \u00e9 mais do que um motivo de orgulho; \u00e9 um testemunho do potencial criativo do pa\u00eds. Tal reconhecimento pode estimular n\u00e3o apenas a ind\u00fastria cinematogr\u00e1fica, mas tamb\u00e9m abrir portas para discuss\u00f5es sobre mobilidade e representa\u00e7\u00e3o cultural, impactando positivamente a sociedade como um todo.<\/p>\n<p><em>Fonte: Money Times<\/em><\/p>\n","protected":false},"excerpt":{"rendered":"<p>Brasil brilha em quatro categorias na shortlist do Oscar 2026 A corrida pelo Oscar 2026 est\u00e1 esquentando, e o Brasil se destaca na prestigiosa lista da Academia de Artes e Ci\u00eancias Cinematogr\u00e1ficas. Neste ano, o pa\u00eds n\u00e3o apenas participa, mas se posiciona de forma significativa, com produ\u00e7\u00f5es locais aparecendo em quatro categorias diferentes. &quot;O Agente &hellip;<\/p>\n","protected":false},"author":4,"featured_media":0,"comment_status":"","ping_status":"open","sticky":false,"template":"","format":"standard","meta":{"footnotes":""},"categories":[61],"tags":[],"coauthors":[42],"class_list":["post-5242","post","type-post","status-publish","format-standard","hentry","category-mercado-financeiro"],"yoast_head":"<!-- This site is optimized with the Yoast SEO Premium plugin v25.5 (Yoast SEO v27.4) - https:\/\/yoast.com\/product\/yoast-seo-premium-wordpress\/ -->\n<title>Brasil \u00e9 destaque em quatro categorias; confira os filmes selecionados. - Motorista.com.br<\/title>\n<meta name=\"robots\" content=\"index, follow, max-snippet:-1, max-image-preview:large, max-video-preview:-1\" \/>\n<link rel=\"canonical\" href=\"https:\/\/motorista.com.br\/noticias\/2025\/12\/17\/brasil-e-destaque-em-quatro-categorias-confira-os-filmes-selecionados\/\" \/>\n<meta property=\"og:locale\" content=\"pt_BR\" \/>\n<meta property=\"og:type\" content=\"article\" \/>\n<meta property=\"og:title\" content=\"Brasil \u00e9 destaque em quatro categorias; confira os filmes selecionados.\" \/>\n<meta property=\"og:description\" content=\"Brasil brilha em quatro categorias na shortlist do Oscar 2026 A corrida pelo Oscar 2026 est\u00e1 esquentando, e o Brasil se destaca na prestigiosa lista da Academia de Artes e Ci\u00eancias Cinematogr\u00e1ficas. Neste ano, o pa\u00eds n\u00e3o apenas participa, mas se posiciona de forma significativa, com produ\u00e7\u00f5es locais aparecendo em quatro categorias diferentes. &quot;O Agente &hellip;\" \/>\n<meta property=\"og:url\" content=\"https:\/\/motorista.com.br\/noticias\/2025\/12\/17\/brasil-e-destaque-em-quatro-categorias-confira-os-filmes-selecionados\/\" \/>\n<meta property=\"og:site_name\" content=\"Motorista.com.br\" \/>\n<meta property=\"article:published_time\" content=\"2025-12-17T17:21:03+00:00\" \/>\n<meta name=\"author\" content=\"Equipe Reda\u00e7\u00e3o\" \/>\n<meta name=\"twitter:card\" content=\"summary_large_image\" \/>\n<meta name=\"twitter:label1\" content=\"Escrito por\" \/>\n\t<meta name=\"twitter:data1\" content=\"Equipe Reda\u00e7\u00e3o\" \/>\n\t<meta name=\"twitter:label2\" content=\"Est. tempo de leitura\" \/>\n\t<meta name=\"twitter:data2\" content=\"2 minutos\" \/>\n\t<meta name=\"twitter:label3\" content=\"Written by\" \/>\n\t<meta name=\"twitter:data3\" content=\"Equipe Reda\u00e7\u00e3o\" \/>\n<script type=\"application\/ld+json\" class=\"yoast-schema-graph\">{\"@context\":\"https:\\\/\\\/schema.org\",\"@graph\":[{\"@type\":\"Article\",\"@id\":\"https:\\\/\\\/motorista.com.br\\\/noticias\\\/2025\\\/12\\\/17\\\/brasil-e-destaque-em-quatro-categorias-confira-os-filmes-selecionados\\\/#article\",\"isPartOf\":{\"@id\":\"https:\\\/\\\/motorista.com.br\\\/noticias\\\/2025\\\/12\\\/17\\\/brasil-e-destaque-em-quatro-categorias-confira-os-filmes-selecionados\\\/\"},\"author\":{\"name\":\"Equipe Reda\u00e7\u00e3o\",\"@id\":\"https:\\\/\\\/motorista.com.br\\\/noticias\\\/#\\\/schema\\\/person\\\/dc93afc2981c0e3ce6bc3c053fd847be\"},\"headline\":\"Brasil \u00e9 destaque em quatro categorias; confira os filmes selecionados.\",\"datePublished\":\"2025-12-17T17:21:03+00:00\",\"mainEntityOfPage\":{\"@id\":\"https:\\\/\\\/motorista.com.br\\\/noticias\\\/2025\\\/12\\\/17\\\/brasil-e-destaque-em-quatro-categorias-confira-os-filmes-selecionados\\\/\"},\"wordCount\":343,\"publisher\":{\"@id\":\"https:\\\/\\\/motorista.com.br\\\/noticias\\\/#organization\"},\"articleSection\":[\"Mercado Financeiro\"],\"inLanguage\":\"pt-BR\"},{\"@type\":\"WebPage\",\"@id\":\"https:\\\/\\\/motorista.com.br\\\/noticias\\\/2025\\\/12\\\/17\\\/brasil-e-destaque-em-quatro-categorias-confira-os-filmes-selecionados\\\/\",\"url\":\"https:\\\/\\\/motorista.com.br\\\/noticias\\\/2025\\\/12\\\/17\\\/brasil-e-destaque-em-quatro-categorias-confira-os-filmes-selecionados\\\/\",\"name\":\"Brasil \u00e9 destaque em quatro categorias; confira os filmes selecionados. - Motorista.com.br\",\"isPartOf\":{\"@id\":\"https:\\\/\\\/motorista.com.br\\\/noticias\\\/#website\"},\"datePublished\":\"2025-12-17T17:21:03+00:00\",\"breadcrumb\":{\"@id\":\"https:\\\/\\\/motorista.com.br\\\/noticias\\\/2025\\\/12\\\/17\\\/brasil-e-destaque-em-quatro-categorias-confira-os-filmes-selecionados\\\/#breadcrumb\"},\"inLanguage\":\"pt-BR\",\"potentialAction\":[{\"@type\":\"ReadAction\",\"target\":[\"https:\\\/\\\/motorista.com.br\\\/noticias\\\/2025\\\/12\\\/17\\\/brasil-e-destaque-em-quatro-categorias-confira-os-filmes-selecionados\\\/\"]}]},{\"@type\":\"BreadcrumbList\",\"@id\":\"https:\\\/\\\/motorista.com.br\\\/noticias\\\/2025\\\/12\\\/17\\\/brasil-e-destaque-em-quatro-categorias-confira-os-filmes-selecionados\\\/#breadcrumb\",\"itemListElement\":[{\"@type\":\"ListItem\",\"position\":1,\"name\":\"In\u00edcio\",\"item\":\"https:\\\/\\\/motorista.com.br\\\/noticias\\\/\"},{\"@type\":\"ListItem\",\"position\":2,\"name\":\"Brasil \u00e9 destaque em quatro categorias; confira os filmes selecionados.\"}]},{\"@type\":\"WebSite\",\"@id\":\"https:\\\/\\\/motorista.com.br\\\/noticias\\\/#website\",\"url\":\"https:\\\/\\\/motorista.com.br\\\/noticias\\\/\",\"name\":\"Motorista.com.br\",\"description\":\"Not\u00edcia do Motorista\",\"publisher\":{\"@id\":\"https:\\\/\\\/motorista.com.br\\\/noticias\\\/#organization\"},\"potentialAction\":[{\"@type\":\"SearchAction\",\"target\":{\"@type\":\"EntryPoint\",\"urlTemplate\":\"https:\\\/\\\/motorista.com.br\\\/noticias\\\/?s={search_term_string}\"},\"query-input\":{\"@type\":\"PropertyValueSpecification\",\"valueRequired\":true,\"valueName\":\"search_term_string\"}}],\"inLanguage\":\"pt-BR\"},{\"@type\":\"Organization\",\"@id\":\"https:\\\/\\\/motorista.com.br\\\/noticias\\\/#organization\",\"name\":\"Motorista.com.br\",\"url\":\"https:\\\/\\\/motorista.com.br\\\/noticias\\\/\",\"logo\":{\"@type\":\"ImageObject\",\"inLanguage\":\"pt-BR\",\"@id\":\"https:\\\/\\\/motorista.com.br\\\/noticias\\\/#\\\/schema\\\/logo\\\/image\\\/\",\"url\":\"https:\\\/\\\/motorista.com.br\\\/noticias\\\/wp-content\\\/uploads\\\/2025\\\/06\\\/Design-sem-nome-9.png\",\"contentUrl\":\"https:\\\/\\\/motorista.com.br\\\/noticias\\\/wp-content\\\/uploads\\\/2025\\\/06\\\/Design-sem-nome-9.png\",\"width\":150,\"height\":85,\"caption\":\"Motorista.com.br\"},\"image\":{\"@id\":\"https:\\\/\\\/motorista.com.br\\\/noticias\\\/#\\\/schema\\\/logo\\\/image\\\/\"}},{\"@type\":\"Person\",\"@id\":\"https:\\\/\\\/motorista.com.br\\\/noticias\\\/#\\\/schema\\\/person\\\/dc93afc2981c0e3ce6bc3c053fd847be\",\"name\":\"Equipe Reda\u00e7\u00e3o\",\"image\":{\"@type\":\"ImageObject\",\"inLanguage\":\"pt-BR\",\"@id\":\"https:\\\/\\\/secure.gravatar.com\\\/avatar\\\/4f525efbf18dd2bb300ccad28bfb99d95a9465a5ba268407c8c37b37e1f28d2d?s=96&d=mm&r=g9e099043a0c61e9ae27e293b9fa75ffc\",\"url\":\"https:\\\/\\\/secure.gravatar.com\\\/avatar\\\/4f525efbf18dd2bb300ccad28bfb99d95a9465a5ba268407c8c37b37e1f28d2d?s=96&d=mm&r=g\",\"contentUrl\":\"https:\\\/\\\/secure.gravatar.com\\\/avatar\\\/4f525efbf18dd2bb300ccad28bfb99d95a9465a5ba268407c8c37b37e1f28d2d?s=96&d=mm&r=g\",\"caption\":\"Equipe Reda\u00e7\u00e3o\"},\"description\":\"Equipe de reda\u00e7\u00e3o \u00e9 um grupo de profissionais que trabalham juntos para criar conte\u00fado escrito para Motorista.com.br\",\"url\":\"https:\\\/\\\/motorista.com.br\\\/noticias\\\/author\\\/equiperedacao\\\/\"}]}<\/script>\n<!-- \/ Yoast SEO Premium plugin. -->","yoast_head_json":{"title":"Brasil \u00e9 destaque em quatro categorias; confira os filmes selecionados. - Motorista.com.br","robots":{"index":"index","follow":"follow","max-snippet":"max-snippet:-1","max-image-preview":"max-image-preview:large","max-video-preview":"max-video-preview:-1"},"canonical":"https:\/\/motorista.com.br\/noticias\/2025\/12\/17\/brasil-e-destaque-em-quatro-categorias-confira-os-filmes-selecionados\/","og_locale":"pt_BR","og_type":"article","og_title":"Brasil \u00e9 destaque em quatro categorias; confira os filmes selecionados.","og_description":"Brasil brilha em quatro categorias na shortlist do Oscar 2026 A corrida pelo Oscar 2026 est\u00e1 esquentando, e o Brasil se destaca na prestigiosa lista da Academia de Artes e Ci\u00eancias Cinematogr\u00e1ficas. Neste ano, o pa\u00eds n\u00e3o apenas participa, mas se posiciona de forma significativa, com produ\u00e7\u00f5es locais aparecendo em quatro categorias diferentes. &quot;O Agente &hellip;","og_url":"https:\/\/motorista.com.br\/noticias\/2025\/12\/17\/brasil-e-destaque-em-quatro-categorias-confira-os-filmes-selecionados\/","og_site_name":"Motorista.com.br","article_published_time":"2025-12-17T17:21:03+00:00","author":"Equipe Reda\u00e7\u00e3o","twitter_card":"summary_large_image","twitter_misc":{"Escrito por":"Equipe Reda\u00e7\u00e3o","Est. tempo de leitura":"2 minutos","Written by":"Equipe Reda\u00e7\u00e3o"},"schema":{"@context":"https:\/\/schema.org","@graph":[{"@type":"Article","@id":"https:\/\/motorista.com.br\/noticias\/2025\/12\/17\/brasil-e-destaque-em-quatro-categorias-confira-os-filmes-selecionados\/#article","isPartOf":{"@id":"https:\/\/motorista.com.br\/noticias\/2025\/12\/17\/brasil-e-destaque-em-quatro-categorias-confira-os-filmes-selecionados\/"},"author":{"name":"Equipe Reda\u00e7\u00e3o","@id":"https:\/\/motorista.com.br\/noticias\/#\/schema\/person\/dc93afc2981c0e3ce6bc3c053fd847be"},"headline":"Brasil \u00e9 destaque em quatro categorias; confira os filmes selecionados.","datePublished":"2025-12-17T17:21:03+00:00","mainEntityOfPage":{"@id":"https:\/\/motorista.com.br\/noticias\/2025\/12\/17\/brasil-e-destaque-em-quatro-categorias-confira-os-filmes-selecionados\/"},"wordCount":343,"publisher":{"@id":"https:\/\/motorista.com.br\/noticias\/#organization"},"articleSection":["Mercado Financeiro"],"inLanguage":"pt-BR"},{"@type":"WebPage","@id":"https:\/\/motorista.com.br\/noticias\/2025\/12\/17\/brasil-e-destaque-em-quatro-categorias-confira-os-filmes-selecionados\/","url":"https:\/\/motorista.com.br\/noticias\/2025\/12\/17\/brasil-e-destaque-em-quatro-categorias-confira-os-filmes-selecionados\/","name":"Brasil \u00e9 destaque em quatro categorias; confira os filmes selecionados. - Motorista.com.br","isPartOf":{"@id":"https:\/\/motorista.com.br\/noticias\/#website"},"datePublished":"2025-12-17T17:21:03+00:00","breadcrumb":{"@id":"https:\/\/motorista.com.br\/noticias\/2025\/12\/17\/brasil-e-destaque-em-quatro-categorias-confira-os-filmes-selecionados\/#breadcrumb"},"inLanguage":"pt-BR","potentialAction":[{"@type":"ReadAction","target":["https:\/\/motorista.com.br\/noticias\/2025\/12\/17\/brasil-e-destaque-em-quatro-categorias-confira-os-filmes-selecionados\/"]}]},{"@type":"BreadcrumbList","@id":"https:\/\/motorista.com.br\/noticias\/2025\/12\/17\/brasil-e-destaque-em-quatro-categorias-confira-os-filmes-selecionados\/#breadcrumb","itemListElement":[{"@type":"ListItem","position":1,"name":"In\u00edcio","item":"https:\/\/motorista.com.br\/noticias\/"},{"@type":"ListItem","position":2,"name":"Brasil \u00e9 destaque em quatro categorias; confira os filmes selecionados."}]},{"@type":"WebSite","@id":"https:\/\/motorista.com.br\/noticias\/#website","url":"https:\/\/motorista.com.br\/noticias\/","name":"Motorista.com.br","description":"Not\u00edcia do Motorista","publisher":{"@id":"https:\/\/motorista.com.br\/noticias\/#organization"},"potentialAction":[{"@type":"SearchAction","target":{"@type":"EntryPoint","urlTemplate":"https:\/\/motorista.com.br\/noticias\/?s={search_term_string}"},"query-input":{"@type":"PropertyValueSpecification","valueRequired":true,"valueName":"search_term_string"}}],"inLanguage":"pt-BR"},{"@type":"Organization","@id":"https:\/\/motorista.com.br\/noticias\/#organization","name":"Motorista.com.br","url":"https:\/\/motorista.com.br\/noticias\/","logo":{"@type":"ImageObject","inLanguage":"pt-BR","@id":"https:\/\/motorista.com.br\/noticias\/#\/schema\/logo\/image\/","url":"https:\/\/motorista.com.br\/noticias\/wp-content\/uploads\/2025\/06\/Design-sem-nome-9.png","contentUrl":"https:\/\/motorista.com.br\/noticias\/wp-content\/uploads\/2025\/06\/Design-sem-nome-9.png","width":150,"height":85,"caption":"Motorista.com.br"},"image":{"@id":"https:\/\/motorista.com.br\/noticias\/#\/schema\/logo\/image\/"}},{"@type":"Person","@id":"https:\/\/motorista.com.br\/noticias\/#\/schema\/person\/dc93afc2981c0e3ce6bc3c053fd847be","name":"Equipe Reda\u00e7\u00e3o","image":{"@type":"ImageObject","inLanguage":"pt-BR","@id":"https:\/\/secure.gravatar.com\/avatar\/4f525efbf18dd2bb300ccad28bfb99d95a9465a5ba268407c8c37b37e1f28d2d?s=96&d=mm&r=g9e099043a0c61e9ae27e293b9fa75ffc","url":"https:\/\/secure.gravatar.com\/avatar\/4f525efbf18dd2bb300ccad28bfb99d95a9465a5ba268407c8c37b37e1f28d2d?s=96&d=mm&r=g","contentUrl":"https:\/\/secure.gravatar.com\/avatar\/4f525efbf18dd2bb300ccad28bfb99d95a9465a5ba268407c8c37b37e1f28d2d?s=96&d=mm&r=g","caption":"Equipe Reda\u00e7\u00e3o"},"description":"Equipe de reda\u00e7\u00e3o \u00e9 um grupo de profissionais que trabalham juntos para criar conte\u00fado escrito para Motorista.com.br","url":"https:\/\/motorista.com.br\/noticias\/author\/equiperedacao\/"}]}},"_links":{"self":[{"href":"https:\/\/motorista.com.br\/noticias\/wp-json\/wp\/v2\/posts\/5242","targetHints":{"allow":["GET"]}}],"collection":[{"href":"https:\/\/motorista.com.br\/noticias\/wp-json\/wp\/v2\/posts"}],"about":[{"href":"https:\/\/motorista.com.br\/noticias\/wp-json\/wp\/v2\/types\/post"}],"author":[{"embeddable":true,"href":"https:\/\/motorista.com.br\/noticias\/wp-json\/wp\/v2\/users\/4"}],"replies":[{"embeddable":true,"href":"https:\/\/motorista.com.br\/noticias\/wp-json\/wp\/v2\/comments?post=5242"}],"version-history":[{"count":0,"href":"https:\/\/motorista.com.br\/noticias\/wp-json\/wp\/v2\/posts\/5242\/revisions"}],"wp:attachment":[{"href":"https:\/\/motorista.com.br\/noticias\/wp-json\/wp\/v2\/media?parent=5242"}],"wp:term":[{"taxonomy":"category","embeddable":true,"href":"https:\/\/motorista.com.br\/noticias\/wp-json\/wp\/v2\/categories?post=5242"},{"taxonomy":"post_tag","embeddable":true,"href":"https:\/\/motorista.com.br\/noticias\/wp-json\/wp\/v2\/tags?post=5242"},{"taxonomy":"author","embeddable":true,"href":"https:\/\/motorista.com.br\/noticias\/wp-json\/wp\/v2\/coauthors?post=5242"}],"curies":[{"name":"wp","href":"https:\/\/api.w.org\/{rel}","templated":true}]}}