{"id":5236,"date":"2025-12-17T02:29:52","date_gmt":"2025-12-17T05:29:52","guid":{"rendered":"https:\/\/motorista.com.br\/noticias\/2025\/12\/17\/ue-pode-reverter-a-proibicao-de-motores-a-combustao-ate-2035\/"},"modified":"2025-12-17T02:29:52","modified_gmt":"2025-12-17T05:29:52","slug":"ue-pode-reverter-a-proibicao-de-motores-a-combustao-ate-2035","status":"publish","type":"post","link":"https:\/\/motorista.com.br\/noticias\/2025\/12\/17\/ue-pode-reverter-a-proibicao-de-motores-a-combustao-ate-2035\/","title":{"rendered":"UE pode reverter a proibi\u00e7\u00e3o de motores a combust\u00e3o at\u00e9 2035."},"content":{"rendered":"<p><\/p>\n<p>A Uni\u00e3o Europeia est\u00e1 se preparando para mudar sua trajet\u00f3ria em rela\u00e7\u00e3o \u00e0 proibi\u00e7\u00e3o da venda de novos carros com motores de combust\u00e3o interna at\u00e9 2035. Esse recuo vem como parte de um esfor\u00e7o para apoiar a ind\u00fastria automobil\u00edstica, que enfrenta crescente press\u00e3o competitiva e um ritmo mais lento do que o esperado na transi\u00e7\u00e3o para ve\u00edculos el\u00e9tricos.<\/p>\n<p>Essa mudan\u00e7a, inicialmente adotada como um marco do Pacto Verde Europeu em 2023, tinha como objetivo reduzir as emiss\u00f5es de gases de efeito estufa e combater as mudan\u00e7as clim\u00e1ticas. No entanto, a crescente concorr\u00eancia de fabricantes chineses e a dificuldade em cumprir as metas estipuladas tornaram a situa\u00e7\u00e3o mais complexa para as montadoras europeias.<\/p>\n<p>Com a proposta de substituir a proibi\u00e7\u00e3o total por uma meta de redu\u00e7\u00e3o de 90% nas emiss\u00f5es, a Comiss\u00e3o Europeia busca um meio-termo entre sustentabilidade e a competitividade da ind\u00fastria. Essa decis\u00e3o pode ter implica\u00e7\u00f5es diretas para motoristas e a mobilidade geral. Uma meta menos ambiciosa pode prolongar a perman\u00eancia dos ve\u00edculos com motores de combust\u00e3o, mantendo as op\u00e7\u00f5es de transporte mais acess\u00edveis e, ao mesmo tempo, dificultando a acelera\u00e7\u00e3o dos investimentos em ve\u00edculos el\u00e9tricos.<\/p>\n<p>Diverg\u00eancias internas entre os pa\u00edses da Uni\u00e3o Europeia tamb\u00e9m surgem neste debate. Enquanto na\u00e7\u00f5es como a Alemanha apoiam a venda de h\u00edbridos plug-in, outros, como os pa\u00edses n\u00f3rdicos, defendem a manuten\u00e7\u00e3o dos planos originais para uma transi\u00e7\u00e3o mais radical. O uso de combust\u00edveis alternativos, como os provenientes de res\u00edduos e culturas agr\u00edcolas, tamb\u00e9m est\u00e1 em discuss\u00e3o, embora ambientalistas alertem sobre os riscos associados a esses combust\u00edveis.<\/p>\n<p>No entanto, o que realmente est\u00e1 em jogo \u00e9 a natureza do transporte na Europa. Considerando que o setor de transporte rodovi\u00e1rio \u00e9 respons\u00e1vel por cerca de 20% das emiss\u00f5es de gases de efeito estufa, um retrocesso nas pol\u00edticas poderia impactar significativamente os esfor\u00e7os clim\u00e1ticos. A medida que potencializa a continuidade do uso dos motores de combust\u00e3o interna pode atrapalhar o progresso em dire\u00e7\u00e3o a uma mobilidade mais sustent\u00e1vel.<\/p>\n<p>O cen\u00e1rio atual destaca a necessidade de uma infraestrutura robusta para ve\u00edculos el\u00e9tricos e o incentivo \u00e0 fabrica\u00e7\u00e3o de modelos mais acess\u00edveis. \u00c0 medida que as cidades se modernizam, a intera\u00e7\u00e3o entre ve\u00edculos el\u00e9tricos e combust\u00e3o deve ser cuidadosamente equilibrada para garantir que a transi\u00e7\u00e3o n\u00e3o comprometa os objetivos ambientais de longo prazo.<\/p>\n<p>Em suma, embora a EU busque uma solu\u00e7\u00e3o que beneficie a ind\u00fastria automobil\u00edstica, motoristas e a mobilidade geral podem sentir os efeitos de uma decis\u00e3o que prioriza a competitividade em detrimento do avan\u00e7o ambiental. A maneira como essa discuss\u00e3o se desdobrar\u00e1 ter\u00e1 consequ\u00eancias significativas para a futura mobilidade na Europa.<\/p>\n<p><strong>Fonte<\/strong>: olhardigital<\/p>\n","protected":false},"excerpt":{"rendered":"<p>A Uni\u00e3o Europeia est\u00e1 se preparando para mudar sua trajet\u00f3ria em rela\u00e7\u00e3o \u00e0 proibi\u00e7\u00e3o da venda de novos carros com motores de combust\u00e3o interna at\u00e9 2035. Esse recuo vem como parte de um esfor\u00e7o para apoiar a ind\u00fastria automobil\u00edstica, que enfrenta crescente press\u00e3o competitiva e um ritmo mais lento do que o esperado na transi\u00e7\u00e3o &hellip;<\/p>\n","protected":false},"author":4,"featured_media":5237,"comment_status":"","ping_status":"open","sticky":false,"template":"","format":"standard","meta":{"footnotes":""},"categories":[56],"tags":[],"coauthors":[42],"class_list":["post-5236","post","type-post","status-publish","format-standard","has-post-thumbnail","hentry","category-tecnologia"],"yoast_head":"<!-- This site is optimized with the Yoast SEO Premium plugin v25.5 (Yoast SEO v27.4) - https:\/\/yoast.com\/product\/yoast-seo-premium-wordpress\/ -->\n<title>UE pode reverter a proibi\u00e7\u00e3o de motores a combust\u00e3o at\u00e9 2035. - Motorista.com.br<\/title>\n<meta name=\"robots\" content=\"index, follow, max-snippet:-1, max-image-preview:large, max-video-preview:-1\" \/>\n<link rel=\"canonical\" href=\"https:\/\/motorista.com.br\/noticias\/2025\/12\/17\/ue-pode-reverter-a-proibicao-de-motores-a-combustao-ate-2035\/\" \/>\n<meta property=\"og:locale\" content=\"pt_BR\" \/>\n<meta property=\"og:type\" content=\"article\" \/>\n<meta property=\"og:title\" content=\"UE pode reverter a proibi\u00e7\u00e3o de motores a combust\u00e3o at\u00e9 2035.\" \/>\n<meta property=\"og:description\" content=\"A Uni\u00e3o Europeia est\u00e1 se preparando para mudar sua trajet\u00f3ria em rela\u00e7\u00e3o \u00e0 proibi\u00e7\u00e3o da venda de novos carros com motores de combust\u00e3o interna at\u00e9 2035. Esse recuo vem como parte de um esfor\u00e7o para apoiar a ind\u00fastria automobil\u00edstica, que enfrenta crescente press\u00e3o competitiva e um ritmo mais lento do que o esperado na transi\u00e7\u00e3o &hellip;\" \/>\n<meta property=\"og:url\" content=\"https:\/\/motorista.com.br\/noticias\/2025\/12\/17\/ue-pode-reverter-a-proibicao-de-motores-a-combustao-ate-2035\/\" \/>\n<meta property=\"og:site_name\" content=\"Motorista.com.br\" \/>\n<meta property=\"article:published_time\" content=\"2025-12-17T05:29:52+00:00\" \/>\n<meta name=\"author\" content=\"Equipe Reda\u00e7\u00e3o\" \/>\n<meta name=\"twitter:card\" content=\"summary_large_image\" \/>\n<meta name=\"twitter:label1\" content=\"Escrito por\" \/>\n\t<meta name=\"twitter:data1\" content=\"Equipe Reda\u00e7\u00e3o\" \/>\n\t<meta name=\"twitter:label2\" content=\"Est. tempo de leitura\" \/>\n\t<meta name=\"twitter:data2\" content=\"2 minutos\" \/>\n\t<meta name=\"twitter:label3\" content=\"Written by\" \/>\n\t<meta name=\"twitter:data3\" content=\"Equipe Reda\u00e7\u00e3o\" \/>\n<script type=\"application\/ld+json\" class=\"yoast-schema-graph\">{\"@context\":\"https:\\\/\\\/schema.org\",\"@graph\":[{\"@type\":\"Article\",\"@id\":\"https:\\\/\\\/motorista.com.br\\\/noticias\\\/2025\\\/12\\\/17\\\/ue-pode-reverter-a-proibicao-de-motores-a-combustao-ate-2035\\\/#article\",\"isPartOf\":{\"@id\":\"https:\\\/\\\/motorista.com.br\\\/noticias\\\/2025\\\/12\\\/17\\\/ue-pode-reverter-a-proibicao-de-motores-a-combustao-ate-2035\\\/\"},\"author\":{\"name\":\"Equipe Reda\u00e7\u00e3o\",\"@id\":\"https:\\\/\\\/motorista.com.br\\\/noticias\\\/#\\\/schema\\\/person\\\/dc93afc2981c0e3ce6bc3c053fd847be\"},\"headline\":\"UE pode reverter a proibi\u00e7\u00e3o de motores a combust\u00e3o at\u00e9 2035.\",\"datePublished\":\"2025-12-17T05:29:52+00:00\",\"mainEntityOfPage\":{\"@id\":\"https:\\\/\\\/motorista.com.br\\\/noticias\\\/2025\\\/12\\\/17\\\/ue-pode-reverter-a-proibicao-de-motores-a-combustao-ate-2035\\\/\"},\"wordCount\":506,\"publisher\":{\"@id\":\"https:\\\/\\\/motorista.com.br\\\/noticias\\\/#organization\"},\"image\":{\"@id\":\"https:\\\/\\\/motorista.com.br\\\/noticias\\\/2025\\\/12\\\/17\\\/ue-pode-reverter-a-proibicao-de-motores-a-combustao-ate-2035\\\/#primaryimage\"},\"thumbnailUrl\":\"https:\\\/\\\/motorista.com.br\\\/noticias\\\/wp-content\\\/uploads\\\/2025\\\/12\\\/carro-combusto-scaled.jpg\",\"articleSection\":[\"Tecnologia\"],\"inLanguage\":\"pt-BR\"},{\"@type\":\"WebPage\",\"@id\":\"https:\\\/\\\/motorista.com.br\\\/noticias\\\/2025\\\/12\\\/17\\\/ue-pode-reverter-a-proibicao-de-motores-a-combustao-ate-2035\\\/\",\"url\":\"https:\\\/\\\/motorista.com.br\\\/noticias\\\/2025\\\/12\\\/17\\\/ue-pode-reverter-a-proibicao-de-motores-a-combustao-ate-2035\\\/\",\"name\":\"UE pode reverter a proibi\u00e7\u00e3o de motores a combust\u00e3o at\u00e9 2035. - Motorista.com.br\",\"isPartOf\":{\"@id\":\"https:\\\/\\\/motorista.com.br\\\/noticias\\\/#website\"},\"primaryImageOfPage\":{\"@id\":\"https:\\\/\\\/motorista.com.br\\\/noticias\\\/2025\\\/12\\\/17\\\/ue-pode-reverter-a-proibicao-de-motores-a-combustao-ate-2035\\\/#primaryimage\"},\"image\":{\"@id\":\"https:\\\/\\\/motorista.com.br\\\/noticias\\\/2025\\\/12\\\/17\\\/ue-pode-reverter-a-proibicao-de-motores-a-combustao-ate-2035\\\/#primaryimage\"},\"thumbnailUrl\":\"https:\\\/\\\/motorista.com.br\\\/noticias\\\/wp-content\\\/uploads\\\/2025\\\/12\\\/carro-combusto-scaled.jpg\",\"datePublished\":\"2025-12-17T05:29:52+00:00\",\"breadcrumb\":{\"@id\":\"https:\\\/\\\/motorista.com.br\\\/noticias\\\/2025\\\/12\\\/17\\\/ue-pode-reverter-a-proibicao-de-motores-a-combustao-ate-2035\\\/#breadcrumb\"},\"inLanguage\":\"pt-BR\",\"potentialAction\":[{\"@type\":\"ReadAction\",\"target\":[\"https:\\\/\\\/motorista.com.br\\\/noticias\\\/2025\\\/12\\\/17\\\/ue-pode-reverter-a-proibicao-de-motores-a-combustao-ate-2035\\\/\"]}]},{\"@type\":\"ImageObject\",\"inLanguage\":\"pt-BR\",\"@id\":\"https:\\\/\\\/motorista.com.br\\\/noticias\\\/2025\\\/12\\\/17\\\/ue-pode-reverter-a-proibicao-de-motores-a-combustao-ate-2035\\\/#primaryimage\",\"url\":\"https:\\\/\\\/motorista.com.br\\\/noticias\\\/wp-content\\\/uploads\\\/2025\\\/12\\\/carro-combusto-scaled.jpg\",\"contentUrl\":\"https:\\\/\\\/motorista.com.br\\\/noticias\\\/wp-content\\\/uploads\\\/2025\\\/12\\\/carro-combusto-scaled.jpg\",\"width\":2560,\"height\":1706},{\"@type\":\"BreadcrumbList\",\"@id\":\"https:\\\/\\\/motorista.com.br\\\/noticias\\\/2025\\\/12\\\/17\\\/ue-pode-reverter-a-proibicao-de-motores-a-combustao-ate-2035\\\/#breadcrumb\",\"itemListElement\":[{\"@type\":\"ListItem\",\"position\":1,\"name\":\"In\u00edcio\",\"item\":\"https:\\\/\\\/motorista.com.br\\\/noticias\\\/\"},{\"@type\":\"ListItem\",\"position\":2,\"name\":\"UE pode reverter a proibi\u00e7\u00e3o de motores a combust\u00e3o at\u00e9 2035.\"}]},{\"@type\":\"WebSite\",\"@id\":\"https:\\\/\\\/motorista.com.br\\\/noticias\\\/#website\",\"url\":\"https:\\\/\\\/motorista.com.br\\\/noticias\\\/\",\"name\":\"Motorista.com.br\",\"description\":\"Not\u00edcia do Motorista\",\"publisher\":{\"@id\":\"https:\\\/\\\/motorista.com.br\\\/noticias\\\/#organization\"},\"potentialAction\":[{\"@type\":\"SearchAction\",\"target\":{\"@type\":\"EntryPoint\",\"urlTemplate\":\"https:\\\/\\\/motorista.com.br\\\/noticias\\\/?s={search_term_string}\"},\"query-input\":{\"@type\":\"PropertyValueSpecification\",\"valueRequired\":true,\"valueName\":\"search_term_string\"}}],\"inLanguage\":\"pt-BR\"},{\"@type\":\"Organization\",\"@id\":\"https:\\\/\\\/motorista.com.br\\\/noticias\\\/#organization\",\"name\":\"Motorista.com.br\",\"url\":\"https:\\\/\\\/motorista.com.br\\\/noticias\\\/\",\"logo\":{\"@type\":\"ImageObject\",\"inLanguage\":\"pt-BR\",\"@id\":\"https:\\\/\\\/motorista.com.br\\\/noticias\\\/#\\\/schema\\\/logo\\\/image\\\/\",\"url\":\"https:\\\/\\\/motorista.com.br\\\/noticias\\\/wp-content\\\/uploads\\\/2025\\\/06\\\/Design-sem-nome-9.png\",\"contentUrl\":\"https:\\\/\\\/motorista.com.br\\\/noticias\\\/wp-content\\\/uploads\\\/2025\\\/06\\\/Design-sem-nome-9.png\",\"width\":150,\"height\":85,\"caption\":\"Motorista.com.br\"},\"image\":{\"@id\":\"https:\\\/\\\/motorista.com.br\\\/noticias\\\/#\\\/schema\\\/logo\\\/image\\\/\"}},{\"@type\":\"Person\",\"@id\":\"https:\\\/\\\/motorista.com.br\\\/noticias\\\/#\\\/schema\\\/person\\\/dc93afc2981c0e3ce6bc3c053fd847be\",\"name\":\"Equipe Reda\u00e7\u00e3o\",\"image\":{\"@type\":\"ImageObject\",\"inLanguage\":\"pt-BR\",\"@id\":\"https:\\\/\\\/secure.gravatar.com\\\/avatar\\\/4f525efbf18dd2bb300ccad28bfb99d95a9465a5ba268407c8c37b37e1f28d2d?s=96&d=mm&r=g9e099043a0c61e9ae27e293b9fa75ffc\",\"url\":\"https:\\\/\\\/secure.gravatar.com\\\/avatar\\\/4f525efbf18dd2bb300ccad28bfb99d95a9465a5ba268407c8c37b37e1f28d2d?s=96&d=mm&r=g\",\"contentUrl\":\"https:\\\/\\\/secure.gravatar.com\\\/avatar\\\/4f525efbf18dd2bb300ccad28bfb99d95a9465a5ba268407c8c37b37e1f28d2d?s=96&d=mm&r=g\",\"caption\":\"Equipe Reda\u00e7\u00e3o\"},\"description\":\"Equipe de reda\u00e7\u00e3o \u00e9 um grupo de profissionais que trabalham juntos para criar conte\u00fado escrito para Motorista.com.br\",\"url\":\"https:\\\/\\\/motorista.com.br\\\/noticias\\\/author\\\/equiperedacao\\\/\"}]}<\/script>\n<!-- \/ Yoast SEO Premium plugin. -->","yoast_head_json":{"title":"UE pode reverter a proibi\u00e7\u00e3o de motores a combust\u00e3o at\u00e9 2035. - Motorista.com.br","robots":{"index":"index","follow":"follow","max-snippet":"max-snippet:-1","max-image-preview":"max-image-preview:large","max-video-preview":"max-video-preview:-1"},"canonical":"https:\/\/motorista.com.br\/noticias\/2025\/12\/17\/ue-pode-reverter-a-proibicao-de-motores-a-combustao-ate-2035\/","og_locale":"pt_BR","og_type":"article","og_title":"UE pode reverter a proibi\u00e7\u00e3o de motores a combust\u00e3o at\u00e9 2035.","og_description":"A Uni\u00e3o Europeia est\u00e1 se preparando para mudar sua trajet\u00f3ria em rela\u00e7\u00e3o \u00e0 proibi\u00e7\u00e3o da venda de novos carros com motores de combust\u00e3o interna at\u00e9 2035. Esse recuo vem como parte de um esfor\u00e7o para apoiar a ind\u00fastria automobil\u00edstica, que enfrenta crescente press\u00e3o competitiva e um ritmo mais lento do que o esperado na transi\u00e7\u00e3o &hellip;","og_url":"https:\/\/motorista.com.br\/noticias\/2025\/12\/17\/ue-pode-reverter-a-proibicao-de-motores-a-combustao-ate-2035\/","og_site_name":"Motorista.com.br","article_published_time":"2025-12-17T05:29:52+00:00","author":"Equipe Reda\u00e7\u00e3o","twitter_card":"summary_large_image","twitter_misc":{"Escrito por":"Equipe Reda\u00e7\u00e3o","Est. tempo de leitura":"2 minutos","Written by":"Equipe Reda\u00e7\u00e3o"},"schema":{"@context":"https:\/\/schema.org","@graph":[{"@type":"Article","@id":"https:\/\/motorista.com.br\/noticias\/2025\/12\/17\/ue-pode-reverter-a-proibicao-de-motores-a-combustao-ate-2035\/#article","isPartOf":{"@id":"https:\/\/motorista.com.br\/noticias\/2025\/12\/17\/ue-pode-reverter-a-proibicao-de-motores-a-combustao-ate-2035\/"},"author":{"name":"Equipe Reda\u00e7\u00e3o","@id":"https:\/\/motorista.com.br\/noticias\/#\/schema\/person\/dc93afc2981c0e3ce6bc3c053fd847be"},"headline":"UE pode reverter a proibi\u00e7\u00e3o de motores a combust\u00e3o at\u00e9 2035.","datePublished":"2025-12-17T05:29:52+00:00","mainEntityOfPage":{"@id":"https:\/\/motorista.com.br\/noticias\/2025\/12\/17\/ue-pode-reverter-a-proibicao-de-motores-a-combustao-ate-2035\/"},"wordCount":506,"publisher":{"@id":"https:\/\/motorista.com.br\/noticias\/#organization"},"image":{"@id":"https:\/\/motorista.com.br\/noticias\/2025\/12\/17\/ue-pode-reverter-a-proibicao-de-motores-a-combustao-ate-2035\/#primaryimage"},"thumbnailUrl":"https:\/\/motorista.com.br\/noticias\/wp-content\/uploads\/2025\/12\/carro-combusto-scaled.jpg","articleSection":["Tecnologia"],"inLanguage":"pt-BR"},{"@type":"WebPage","@id":"https:\/\/motorista.com.br\/noticias\/2025\/12\/17\/ue-pode-reverter-a-proibicao-de-motores-a-combustao-ate-2035\/","url":"https:\/\/motorista.com.br\/noticias\/2025\/12\/17\/ue-pode-reverter-a-proibicao-de-motores-a-combustao-ate-2035\/","name":"UE pode reverter a proibi\u00e7\u00e3o de motores a combust\u00e3o at\u00e9 2035. - Motorista.com.br","isPartOf":{"@id":"https:\/\/motorista.com.br\/noticias\/#website"},"primaryImageOfPage":{"@id":"https:\/\/motorista.com.br\/noticias\/2025\/12\/17\/ue-pode-reverter-a-proibicao-de-motores-a-combustao-ate-2035\/#primaryimage"},"image":{"@id":"https:\/\/motorista.com.br\/noticias\/2025\/12\/17\/ue-pode-reverter-a-proibicao-de-motores-a-combustao-ate-2035\/#primaryimage"},"thumbnailUrl":"https:\/\/motorista.com.br\/noticias\/wp-content\/uploads\/2025\/12\/carro-combusto-scaled.jpg","datePublished":"2025-12-17T05:29:52+00:00","breadcrumb":{"@id":"https:\/\/motorista.com.br\/noticias\/2025\/12\/17\/ue-pode-reverter-a-proibicao-de-motores-a-combustao-ate-2035\/#breadcrumb"},"inLanguage":"pt-BR","potentialAction":[{"@type":"ReadAction","target":["https:\/\/motorista.com.br\/noticias\/2025\/12\/17\/ue-pode-reverter-a-proibicao-de-motores-a-combustao-ate-2035\/"]}]},{"@type":"ImageObject","inLanguage":"pt-BR","@id":"https:\/\/motorista.com.br\/noticias\/2025\/12\/17\/ue-pode-reverter-a-proibicao-de-motores-a-combustao-ate-2035\/#primaryimage","url":"https:\/\/motorista.com.br\/noticias\/wp-content\/uploads\/2025\/12\/carro-combusto-scaled.jpg","contentUrl":"https:\/\/motorista.com.br\/noticias\/wp-content\/uploads\/2025\/12\/carro-combusto-scaled.jpg","width":2560,"height":1706},{"@type":"BreadcrumbList","@id":"https:\/\/motorista.com.br\/noticias\/2025\/12\/17\/ue-pode-reverter-a-proibicao-de-motores-a-combustao-ate-2035\/#breadcrumb","itemListElement":[{"@type":"ListItem","position":1,"name":"In\u00edcio","item":"https:\/\/motorista.com.br\/noticias\/"},{"@type":"ListItem","position":2,"name":"UE pode reverter a proibi\u00e7\u00e3o de motores a combust\u00e3o at\u00e9 2035."}]},{"@type":"WebSite","@id":"https:\/\/motorista.com.br\/noticias\/#website","url":"https:\/\/motorista.com.br\/noticias\/","name":"Motorista.com.br","description":"Not\u00edcia do Motorista","publisher":{"@id":"https:\/\/motorista.com.br\/noticias\/#organization"},"potentialAction":[{"@type":"SearchAction","target":{"@type":"EntryPoint","urlTemplate":"https:\/\/motorista.com.br\/noticias\/?s={search_term_string}"},"query-input":{"@type":"PropertyValueSpecification","valueRequired":true,"valueName":"search_term_string"}}],"inLanguage":"pt-BR"},{"@type":"Organization","@id":"https:\/\/motorista.com.br\/noticias\/#organization","name":"Motorista.com.br","url":"https:\/\/motorista.com.br\/noticias\/","logo":{"@type":"ImageObject","inLanguage":"pt-BR","@id":"https:\/\/motorista.com.br\/noticias\/#\/schema\/logo\/image\/","url":"https:\/\/motorista.com.br\/noticias\/wp-content\/uploads\/2025\/06\/Design-sem-nome-9.png","contentUrl":"https:\/\/motorista.com.br\/noticias\/wp-content\/uploads\/2025\/06\/Design-sem-nome-9.png","width":150,"height":85,"caption":"Motorista.com.br"},"image":{"@id":"https:\/\/motorista.com.br\/noticias\/#\/schema\/logo\/image\/"}},{"@type":"Person","@id":"https:\/\/motorista.com.br\/noticias\/#\/schema\/person\/dc93afc2981c0e3ce6bc3c053fd847be","name":"Equipe Reda\u00e7\u00e3o","image":{"@type":"ImageObject","inLanguage":"pt-BR","@id":"https:\/\/secure.gravatar.com\/avatar\/4f525efbf18dd2bb300ccad28bfb99d95a9465a5ba268407c8c37b37e1f28d2d?s=96&d=mm&r=g9e099043a0c61e9ae27e293b9fa75ffc","url":"https:\/\/secure.gravatar.com\/avatar\/4f525efbf18dd2bb300ccad28bfb99d95a9465a5ba268407c8c37b37e1f28d2d?s=96&d=mm&r=g","contentUrl":"https:\/\/secure.gravatar.com\/avatar\/4f525efbf18dd2bb300ccad28bfb99d95a9465a5ba268407c8c37b37e1f28d2d?s=96&d=mm&r=g","caption":"Equipe Reda\u00e7\u00e3o"},"description":"Equipe de reda\u00e7\u00e3o \u00e9 um grupo de profissionais que trabalham juntos para criar conte\u00fado escrito para Motorista.com.br","url":"https:\/\/motorista.com.br\/noticias\/author\/equiperedacao\/"}]}},"_links":{"self":[{"href":"https:\/\/motorista.com.br\/noticias\/wp-json\/wp\/v2\/posts\/5236","targetHints":{"allow":["GET"]}}],"collection":[{"href":"https:\/\/motorista.com.br\/noticias\/wp-json\/wp\/v2\/posts"}],"about":[{"href":"https:\/\/motorista.com.br\/noticias\/wp-json\/wp\/v2\/types\/post"}],"author":[{"embeddable":true,"href":"https:\/\/motorista.com.br\/noticias\/wp-json\/wp\/v2\/users\/4"}],"replies":[{"embeddable":true,"href":"https:\/\/motorista.com.br\/noticias\/wp-json\/wp\/v2\/comments?post=5236"}],"version-history":[{"count":0,"href":"https:\/\/motorista.com.br\/noticias\/wp-json\/wp\/v2\/posts\/5236\/revisions"}],"wp:featuredmedia":[{"embeddable":true,"href":"https:\/\/motorista.com.br\/noticias\/wp-json\/wp\/v2\/media\/5237"}],"wp:attachment":[{"href":"https:\/\/motorista.com.br\/noticias\/wp-json\/wp\/v2\/media?parent=5236"}],"wp:term":[{"taxonomy":"category","embeddable":true,"href":"https:\/\/motorista.com.br\/noticias\/wp-json\/wp\/v2\/categories?post=5236"},{"taxonomy":"post_tag","embeddable":true,"href":"https:\/\/motorista.com.br\/noticias\/wp-json\/wp\/v2\/tags?post=5236"},{"taxonomy":"author","embeddable":true,"href":"https:\/\/motorista.com.br\/noticias\/wp-json\/wp\/v2\/coauthors?post=5236"}],"curies":[{"name":"wp","href":"https:\/\/api.w.org\/{rel}","templated":true}]}}