{"id":5234,"date":"2025-12-17T02:19:03","date_gmt":"2025-12-17T05:19:03","guid":{"rendered":"https:\/\/motorista.com.br\/noticias\/2025\/12\/17\/kinea-compara-a-corrida-da-ia-com-the-dark-side-of-the-moon\/"},"modified":"2025-12-17T02:19:03","modified_gmt":"2025-12-17T05:19:03","slug":"kinea-compara-a-corrida-da-ia-com-the-dark-side-of-the-moon","status":"publish","type":"post","link":"https:\/\/motorista.com.br\/noticias\/2025\/12\/17\/kinea-compara-a-corrida-da-ia-com-the-dark-side-of-the-moon\/","title":{"rendered":"Kinea compara a corrida da IA com &#8216;The Dark Side of the Moon&#8217;"},"content":{"rendered":"<p><\/p>\n<h3>Kinea Tra\u00e7a Paralelos Entre a Corrida da IA e o Cl\u00e1ssico &#8216;The Dark Side of the Moon&#8217;<\/h3>\n<p>A Kinea Investimentos, em sua an\u00e1lise intitulada \u201cO Lado Oculto da Intelig\u00eancia Artificial\u201d, apresenta uma s\u00e9rie de analogias fascinantes entre a explos\u00e3o da IA e o ic\u00f4nico \u00e1lbum do Pink Floyd, &quot;The Dark Side of the Moon&quot;. Ao percorrer as suas faixas, a gestora busca refletir tanto a empolga\u00e7\u00e3o quanto as inquietudes em torno dos investimentos maci\u00e7os na intelig\u00eancia artificial.<\/p>\n<h4>&#8216;On the Run&#8217;: A Urg\u00eancia do Avan\u00e7o Tecnol\u00f3gico<\/h4>\n<p>A faixa &quot;On the Run&quot; reflete a velocidade da inova\u00e7\u00e3o e a ansiedade no mercado, em especial em rela\u00e7\u00e3o \u00e0 OpenAI. O crescimento exponencial da empresa, alavancada por investimentos significativos, provoca tanto expectativa quanto desconforto. Isso \u00e9 crucial, pois a velocidade do progresso tecnol\u00f3gico impacta diretamente a mobilidade e a adapta\u00e7\u00e3o dos motoristas, que dependem de tecnologias avan\u00e7adas em seus ve\u00edculos. A corrida por inova\u00e7\u00e3o pode levar a sistemas de tr\u00e1fego mais eficientes e tecnologias que melhoram a seguran\u00e7a nas estradas.<\/p>\n<h4>&#8216;The Great Gig in the Sky&#8217;: H\u00e1 Um Vencedor?<\/h4>\n<p>Nesta parte da an\u00e1lise, surge a quest\u00e3o de quem realmente dominar\u00e1 o mercado da IA. A for\u00e7a do Google, por exemplo, \u00e9 ineg\u00e1vel, mas a Kinea alerta que este setor \u00e9 din\u00e2mico e cheio de surpresas. Para os motoristas, isso significa que as decis\u00f5es de investimento em tecnologia influenciar\u00e3o diretamente as solu\u00e7\u00f5es que encontrar\u00e3o nas ruas, como algoritmos de otimiza\u00e7\u00e3o de tr\u00e1fego e novos sistemas de assist\u00eancia ao condutor.<\/p>\n<h4>&#8216;Money&#8217;: O Ciclo de Investimentos em IA<\/h4>\n<p>Refletindo a obsess\u00e3o pelo lucro, a m\u00fasica &quot;Money&quot; se encaixa perfeitamente no atual ciclo de gastos massivos em tecnologia. A Kinea observa que, enquanto o investimento em infraestrutura cresce, a d\u00favida sobre a obten\u00e7\u00e3o de retornos justos persiste. Para motoristas, isso pode significar melhores servi\u00e7os em futuras implementa\u00e7\u00f5es de IA, mas tamb\u00e9m pode resultar em tarifas elevadas se as empresas n\u00e3o conseguirem equilibrar seus investimentos com retornos pr\u00e1ticos.<\/p>\n<h4>&#8216;Time&#8217;: A Sustentabilidade das Tecnologias<\/h4>\n<p>A m\u00fasica &quot;Time&quot; sublinha a necessidade de acompanhar a vida \u00fatil das tecnologias. A discuss\u00e3o sobre as GPUs da Nvidia reflete as complexidades da evolu\u00e7\u00e3o t\u00e9cnica e como isso se traduz em aplica\u00e7\u00e3o em larga escala. Para motoristas e o setor de mobilidade, a durabilidade e efici\u00eancia das tecnologias utilizadas em ve\u00edculos el\u00e9tricos e aut\u00f4nomos ser\u00e1 vital para garantir que os avan\u00e7os reais se traduzam em experi\u00eancias de condu\u00e7\u00e3o seguras e eficientes.<\/p>\n<h4>&#8216;Us and Them&#8217;: Estrat\u00e9gias Diferentes de Investimento<\/h4>\n<p>Kinea destaca a diferen\u00e7a entre empresas que se alavancam financeiramente e aquelas que dependem de caixa pr\u00f3prio. Esta distin\u00e7\u00e3o pode afetar a qualidade e acessibilidade das inova\u00e7\u00f5es tecnol\u00f3gicas. Para os motoristas, essa din\u00e2mica pode se traduzir em servi\u00e7os mais competitivos e inovadores no espa\u00e7o de mobilidade.<\/p>\n<h4>&#8216;Eclipse&#8217;: O Momento da IA<\/h4>\n<p>Por fim, \u201cEclipse\u201d simboliza um momento decisivo na jornada da IA. A fase atual pode parecer desafiadora, mas as empresas que superarem esses obst\u00e1culos poder\u00e3o oferecer solu\u00e7\u00f5es mais robustas e efetivas, refletindo diretamente nas experi\u00eancias dos motoristas em suas rotinas di\u00e1rias.<\/p>\n<p>O futuro da mobilidade est\u00e1 atrelado ao que est\u00e1 sendo constru\u00eddo hoje. Com a revolu\u00e7\u00e3o da IA em andamento, motoristas e sistemas de transporte como um todo devem estar preparados para se beneficiar de um horizonte mais iluminado e eficiente.<\/p>\n<p><strong>Fonte: moneytimes<\/strong><\/p>\n","protected":false},"excerpt":{"rendered":"<p>Kinea Tra\u00e7a Paralelos Entre a Corrida da IA e o Cl\u00e1ssico &#8216;The Dark Side of the Moon&#8217; A Kinea Investimentos, em sua an\u00e1lise intitulada \u201cO Lado Oculto da Intelig\u00eancia Artificial\u201d, apresenta uma s\u00e9rie de analogias fascinantes entre a explos\u00e3o da IA e o ic\u00f4nico \u00e1lbum do Pink Floyd, &quot;The Dark Side of the Moon&quot;. Ao &hellip;<\/p>\n","protected":false},"author":4,"featured_media":0,"comment_status":"","ping_status":"open","sticky":false,"template":"","format":"standard","meta":{"footnotes":""},"categories":[61],"tags":[],"coauthors":[42],"class_list":["post-5234","post","type-post","status-publish","format-standard","hentry","category-mercado-financeiro"],"yoast_head":"<!-- This site is optimized with the Yoast SEO Premium plugin v25.5 (Yoast SEO v27.4) - https:\/\/yoast.com\/product\/yoast-seo-premium-wordpress\/ -->\n<title>Kinea compara a corrida da IA com &#039;The Dark Side of the Moon&#039; - Motorista.com.br<\/title>\n<meta name=\"robots\" content=\"index, follow, max-snippet:-1, max-image-preview:large, max-video-preview:-1\" \/>\n<link rel=\"canonical\" href=\"https:\/\/motorista.com.br\/noticias\/2025\/12\/17\/kinea-compara-a-corrida-da-ia-com-the-dark-side-of-the-moon\/\" \/>\n<meta property=\"og:locale\" content=\"pt_BR\" \/>\n<meta property=\"og:type\" content=\"article\" \/>\n<meta property=\"og:title\" content=\"Kinea compara a corrida da IA com &#039;The Dark Side of the Moon&#039;\" \/>\n<meta property=\"og:description\" content=\"Kinea Tra\u00e7a Paralelos Entre a Corrida da IA e o Cl\u00e1ssico &#8216;The Dark Side of the Moon&#8217; A Kinea Investimentos, em sua an\u00e1lise intitulada \u201cO Lado Oculto da Intelig\u00eancia Artificial\u201d, apresenta uma s\u00e9rie de analogias fascinantes entre a explos\u00e3o da IA e o ic\u00f4nico \u00e1lbum do Pink Floyd, &quot;The Dark Side of the Moon&quot;. Ao &hellip;\" \/>\n<meta property=\"og:url\" content=\"https:\/\/motorista.com.br\/noticias\/2025\/12\/17\/kinea-compara-a-corrida-da-ia-com-the-dark-side-of-the-moon\/\" \/>\n<meta property=\"og:site_name\" content=\"Motorista.com.br\" \/>\n<meta property=\"article:published_time\" content=\"2025-12-17T05:19:03+00:00\" \/>\n<meta name=\"author\" content=\"Equipe Reda\u00e7\u00e3o\" \/>\n<meta name=\"twitter:card\" content=\"summary_large_image\" \/>\n<meta name=\"twitter:label1\" content=\"Escrito por\" \/>\n\t<meta name=\"twitter:data1\" content=\"Equipe Reda\u00e7\u00e3o\" \/>\n\t<meta name=\"twitter:label2\" content=\"Est. tempo de leitura\" \/>\n\t<meta name=\"twitter:data2\" content=\"3 minutos\" \/>\n\t<meta name=\"twitter:label3\" content=\"Written by\" \/>\n\t<meta name=\"twitter:data3\" content=\"Equipe Reda\u00e7\u00e3o\" \/>\n<script type=\"application\/ld+json\" class=\"yoast-schema-graph\">{\"@context\":\"https:\\\/\\\/schema.org\",\"@graph\":[{\"@type\":\"Article\",\"@id\":\"https:\\\/\\\/motorista.com.br\\\/noticias\\\/2025\\\/12\\\/17\\\/kinea-compara-a-corrida-da-ia-com-the-dark-side-of-the-moon\\\/#article\",\"isPartOf\":{\"@id\":\"https:\\\/\\\/motorista.com.br\\\/noticias\\\/2025\\\/12\\\/17\\\/kinea-compara-a-corrida-da-ia-com-the-dark-side-of-the-moon\\\/\"},\"author\":{\"name\":\"Equipe Reda\u00e7\u00e3o\",\"@id\":\"https:\\\/\\\/motorista.com.br\\\/noticias\\\/#\\\/schema\\\/person\\\/dc93afc2981c0e3ce6bc3c053fd847be\"},\"headline\":\"Kinea compara a corrida da IA com &#8216;The Dark Side of the Moon&#8217;\",\"datePublished\":\"2025-12-17T05:19:03+00:00\",\"mainEntityOfPage\":{\"@id\":\"https:\\\/\\\/motorista.com.br\\\/noticias\\\/2025\\\/12\\\/17\\\/kinea-compara-a-corrida-da-ia-com-the-dark-side-of-the-moon\\\/\"},\"wordCount\":625,\"publisher\":{\"@id\":\"https:\\\/\\\/motorista.com.br\\\/noticias\\\/#organization\"},\"articleSection\":[\"Mercado Financeiro\"],\"inLanguage\":\"pt-BR\"},{\"@type\":\"WebPage\",\"@id\":\"https:\\\/\\\/motorista.com.br\\\/noticias\\\/2025\\\/12\\\/17\\\/kinea-compara-a-corrida-da-ia-com-the-dark-side-of-the-moon\\\/\",\"url\":\"https:\\\/\\\/motorista.com.br\\\/noticias\\\/2025\\\/12\\\/17\\\/kinea-compara-a-corrida-da-ia-com-the-dark-side-of-the-moon\\\/\",\"name\":\"Kinea compara a corrida da IA com 'The Dark Side of the Moon' - Motorista.com.br\",\"isPartOf\":{\"@id\":\"https:\\\/\\\/motorista.com.br\\\/noticias\\\/#website\"},\"datePublished\":\"2025-12-17T05:19:03+00:00\",\"breadcrumb\":{\"@id\":\"https:\\\/\\\/motorista.com.br\\\/noticias\\\/2025\\\/12\\\/17\\\/kinea-compara-a-corrida-da-ia-com-the-dark-side-of-the-moon\\\/#breadcrumb\"},\"inLanguage\":\"pt-BR\",\"potentialAction\":[{\"@type\":\"ReadAction\",\"target\":[\"https:\\\/\\\/motorista.com.br\\\/noticias\\\/2025\\\/12\\\/17\\\/kinea-compara-a-corrida-da-ia-com-the-dark-side-of-the-moon\\\/\"]}]},{\"@type\":\"BreadcrumbList\",\"@id\":\"https:\\\/\\\/motorista.com.br\\\/noticias\\\/2025\\\/12\\\/17\\\/kinea-compara-a-corrida-da-ia-com-the-dark-side-of-the-moon\\\/#breadcrumb\",\"itemListElement\":[{\"@type\":\"ListItem\",\"position\":1,\"name\":\"In\u00edcio\",\"item\":\"https:\\\/\\\/motorista.com.br\\\/noticias\\\/\"},{\"@type\":\"ListItem\",\"position\":2,\"name\":\"Kinea compara a corrida da IA com &#8216;The Dark Side of the Moon&#8217;\"}]},{\"@type\":\"WebSite\",\"@id\":\"https:\\\/\\\/motorista.com.br\\\/noticias\\\/#website\",\"url\":\"https:\\\/\\\/motorista.com.br\\\/noticias\\\/\",\"name\":\"Motorista.com.br\",\"description\":\"Not\u00edcia do Motorista\",\"publisher\":{\"@id\":\"https:\\\/\\\/motorista.com.br\\\/noticias\\\/#organization\"},\"potentialAction\":[{\"@type\":\"SearchAction\",\"target\":{\"@type\":\"EntryPoint\",\"urlTemplate\":\"https:\\\/\\\/motorista.com.br\\\/noticias\\\/?s={search_term_string}\"},\"query-input\":{\"@type\":\"PropertyValueSpecification\",\"valueRequired\":true,\"valueName\":\"search_term_string\"}}],\"inLanguage\":\"pt-BR\"},{\"@type\":\"Organization\",\"@id\":\"https:\\\/\\\/motorista.com.br\\\/noticias\\\/#organization\",\"name\":\"Motorista.com.br\",\"url\":\"https:\\\/\\\/motorista.com.br\\\/noticias\\\/\",\"logo\":{\"@type\":\"ImageObject\",\"inLanguage\":\"pt-BR\",\"@id\":\"https:\\\/\\\/motorista.com.br\\\/noticias\\\/#\\\/schema\\\/logo\\\/image\\\/\",\"url\":\"https:\\\/\\\/motorista.com.br\\\/noticias\\\/wp-content\\\/uploads\\\/2025\\\/06\\\/Design-sem-nome-9.png\",\"contentUrl\":\"https:\\\/\\\/motorista.com.br\\\/noticias\\\/wp-content\\\/uploads\\\/2025\\\/06\\\/Design-sem-nome-9.png\",\"width\":150,\"height\":85,\"caption\":\"Motorista.com.br\"},\"image\":{\"@id\":\"https:\\\/\\\/motorista.com.br\\\/noticias\\\/#\\\/schema\\\/logo\\\/image\\\/\"}},{\"@type\":\"Person\",\"@id\":\"https:\\\/\\\/motorista.com.br\\\/noticias\\\/#\\\/schema\\\/person\\\/dc93afc2981c0e3ce6bc3c053fd847be\",\"name\":\"Equipe Reda\u00e7\u00e3o\",\"image\":{\"@type\":\"ImageObject\",\"inLanguage\":\"pt-BR\",\"@id\":\"https:\\\/\\\/secure.gravatar.com\\\/avatar\\\/4f525efbf18dd2bb300ccad28bfb99d95a9465a5ba268407c8c37b37e1f28d2d?s=96&d=mm&r=g9e099043a0c61e9ae27e293b9fa75ffc\",\"url\":\"https:\\\/\\\/secure.gravatar.com\\\/avatar\\\/4f525efbf18dd2bb300ccad28bfb99d95a9465a5ba268407c8c37b37e1f28d2d?s=96&d=mm&r=g\",\"contentUrl\":\"https:\\\/\\\/secure.gravatar.com\\\/avatar\\\/4f525efbf18dd2bb300ccad28bfb99d95a9465a5ba268407c8c37b37e1f28d2d?s=96&d=mm&r=g\",\"caption\":\"Equipe Reda\u00e7\u00e3o\"},\"description\":\"Equipe de reda\u00e7\u00e3o \u00e9 um grupo de profissionais que trabalham juntos para criar conte\u00fado escrito para Motorista.com.br\",\"url\":\"https:\\\/\\\/motorista.com.br\\\/noticias\\\/author\\\/equiperedacao\\\/\"}]}<\/script>\n<!-- \/ Yoast SEO Premium plugin. -->","yoast_head_json":{"title":"Kinea compara a corrida da IA com 'The Dark Side of the Moon' - Motorista.com.br","robots":{"index":"index","follow":"follow","max-snippet":"max-snippet:-1","max-image-preview":"max-image-preview:large","max-video-preview":"max-video-preview:-1"},"canonical":"https:\/\/motorista.com.br\/noticias\/2025\/12\/17\/kinea-compara-a-corrida-da-ia-com-the-dark-side-of-the-moon\/","og_locale":"pt_BR","og_type":"article","og_title":"Kinea compara a corrida da IA com 'The Dark Side of the Moon'","og_description":"Kinea Tra\u00e7a Paralelos Entre a Corrida da IA e o Cl\u00e1ssico &#8216;The Dark Side of the Moon&#8217; A Kinea Investimentos, em sua an\u00e1lise intitulada \u201cO Lado Oculto da Intelig\u00eancia Artificial\u201d, apresenta uma s\u00e9rie de analogias fascinantes entre a explos\u00e3o da IA e o ic\u00f4nico \u00e1lbum do Pink Floyd, &quot;The Dark Side of the Moon&quot;. Ao &hellip;","og_url":"https:\/\/motorista.com.br\/noticias\/2025\/12\/17\/kinea-compara-a-corrida-da-ia-com-the-dark-side-of-the-moon\/","og_site_name":"Motorista.com.br","article_published_time":"2025-12-17T05:19:03+00:00","author":"Equipe Reda\u00e7\u00e3o","twitter_card":"summary_large_image","twitter_misc":{"Escrito por":"Equipe Reda\u00e7\u00e3o","Est. tempo de leitura":"3 minutos","Written by":"Equipe Reda\u00e7\u00e3o"},"schema":{"@context":"https:\/\/schema.org","@graph":[{"@type":"Article","@id":"https:\/\/motorista.com.br\/noticias\/2025\/12\/17\/kinea-compara-a-corrida-da-ia-com-the-dark-side-of-the-moon\/#article","isPartOf":{"@id":"https:\/\/motorista.com.br\/noticias\/2025\/12\/17\/kinea-compara-a-corrida-da-ia-com-the-dark-side-of-the-moon\/"},"author":{"name":"Equipe Reda\u00e7\u00e3o","@id":"https:\/\/motorista.com.br\/noticias\/#\/schema\/person\/dc93afc2981c0e3ce6bc3c053fd847be"},"headline":"Kinea compara a corrida da IA com &#8216;The Dark Side of the Moon&#8217;","datePublished":"2025-12-17T05:19:03+00:00","mainEntityOfPage":{"@id":"https:\/\/motorista.com.br\/noticias\/2025\/12\/17\/kinea-compara-a-corrida-da-ia-com-the-dark-side-of-the-moon\/"},"wordCount":625,"publisher":{"@id":"https:\/\/motorista.com.br\/noticias\/#organization"},"articleSection":["Mercado Financeiro"],"inLanguage":"pt-BR"},{"@type":"WebPage","@id":"https:\/\/motorista.com.br\/noticias\/2025\/12\/17\/kinea-compara-a-corrida-da-ia-com-the-dark-side-of-the-moon\/","url":"https:\/\/motorista.com.br\/noticias\/2025\/12\/17\/kinea-compara-a-corrida-da-ia-com-the-dark-side-of-the-moon\/","name":"Kinea compara a corrida da IA com 'The Dark Side of the Moon' - Motorista.com.br","isPartOf":{"@id":"https:\/\/motorista.com.br\/noticias\/#website"},"datePublished":"2025-12-17T05:19:03+00:00","breadcrumb":{"@id":"https:\/\/motorista.com.br\/noticias\/2025\/12\/17\/kinea-compara-a-corrida-da-ia-com-the-dark-side-of-the-moon\/#breadcrumb"},"inLanguage":"pt-BR","potentialAction":[{"@type":"ReadAction","target":["https:\/\/motorista.com.br\/noticias\/2025\/12\/17\/kinea-compara-a-corrida-da-ia-com-the-dark-side-of-the-moon\/"]}]},{"@type":"BreadcrumbList","@id":"https:\/\/motorista.com.br\/noticias\/2025\/12\/17\/kinea-compara-a-corrida-da-ia-com-the-dark-side-of-the-moon\/#breadcrumb","itemListElement":[{"@type":"ListItem","position":1,"name":"In\u00edcio","item":"https:\/\/motorista.com.br\/noticias\/"},{"@type":"ListItem","position":2,"name":"Kinea compara a corrida da IA com &#8216;The Dark Side of the Moon&#8217;"}]},{"@type":"WebSite","@id":"https:\/\/motorista.com.br\/noticias\/#website","url":"https:\/\/motorista.com.br\/noticias\/","name":"Motorista.com.br","description":"Not\u00edcia do Motorista","publisher":{"@id":"https:\/\/motorista.com.br\/noticias\/#organization"},"potentialAction":[{"@type":"SearchAction","target":{"@type":"EntryPoint","urlTemplate":"https:\/\/motorista.com.br\/noticias\/?s={search_term_string}"},"query-input":{"@type":"PropertyValueSpecification","valueRequired":true,"valueName":"search_term_string"}}],"inLanguage":"pt-BR"},{"@type":"Organization","@id":"https:\/\/motorista.com.br\/noticias\/#organization","name":"Motorista.com.br","url":"https:\/\/motorista.com.br\/noticias\/","logo":{"@type":"ImageObject","inLanguage":"pt-BR","@id":"https:\/\/motorista.com.br\/noticias\/#\/schema\/logo\/image\/","url":"https:\/\/motorista.com.br\/noticias\/wp-content\/uploads\/2025\/06\/Design-sem-nome-9.png","contentUrl":"https:\/\/motorista.com.br\/noticias\/wp-content\/uploads\/2025\/06\/Design-sem-nome-9.png","width":150,"height":85,"caption":"Motorista.com.br"},"image":{"@id":"https:\/\/motorista.com.br\/noticias\/#\/schema\/logo\/image\/"}},{"@type":"Person","@id":"https:\/\/motorista.com.br\/noticias\/#\/schema\/person\/dc93afc2981c0e3ce6bc3c053fd847be","name":"Equipe Reda\u00e7\u00e3o","image":{"@type":"ImageObject","inLanguage":"pt-BR","@id":"https:\/\/secure.gravatar.com\/avatar\/4f525efbf18dd2bb300ccad28bfb99d95a9465a5ba268407c8c37b37e1f28d2d?s=96&d=mm&r=g9e099043a0c61e9ae27e293b9fa75ffc","url":"https:\/\/secure.gravatar.com\/avatar\/4f525efbf18dd2bb300ccad28bfb99d95a9465a5ba268407c8c37b37e1f28d2d?s=96&d=mm&r=g","contentUrl":"https:\/\/secure.gravatar.com\/avatar\/4f525efbf18dd2bb300ccad28bfb99d95a9465a5ba268407c8c37b37e1f28d2d?s=96&d=mm&r=g","caption":"Equipe Reda\u00e7\u00e3o"},"description":"Equipe de reda\u00e7\u00e3o \u00e9 um grupo de profissionais que trabalham juntos para criar conte\u00fado escrito para Motorista.com.br","url":"https:\/\/motorista.com.br\/noticias\/author\/equiperedacao\/"}]}},"_links":{"self":[{"href":"https:\/\/motorista.com.br\/noticias\/wp-json\/wp\/v2\/posts\/5234","targetHints":{"allow":["GET"]}}],"collection":[{"href":"https:\/\/motorista.com.br\/noticias\/wp-json\/wp\/v2\/posts"}],"about":[{"href":"https:\/\/motorista.com.br\/noticias\/wp-json\/wp\/v2\/types\/post"}],"author":[{"embeddable":true,"href":"https:\/\/motorista.com.br\/noticias\/wp-json\/wp\/v2\/users\/4"}],"replies":[{"embeddable":true,"href":"https:\/\/motorista.com.br\/noticias\/wp-json\/wp\/v2\/comments?post=5234"}],"version-history":[{"count":0,"href":"https:\/\/motorista.com.br\/noticias\/wp-json\/wp\/v2\/posts\/5234\/revisions"}],"wp:attachment":[{"href":"https:\/\/motorista.com.br\/noticias\/wp-json\/wp\/v2\/media?parent=5234"}],"wp:term":[{"taxonomy":"category","embeddable":true,"href":"https:\/\/motorista.com.br\/noticias\/wp-json\/wp\/v2\/categories?post=5234"},{"taxonomy":"post_tag","embeddable":true,"href":"https:\/\/motorista.com.br\/noticias\/wp-json\/wp\/v2\/tags?post=5234"},{"taxonomy":"author","embeddable":true,"href":"https:\/\/motorista.com.br\/noticias\/wp-json\/wp\/v2\/coauthors?post=5234"}],"curies":[{"name":"wp","href":"https:\/\/api.w.org\/{rel}","templated":true}]}}