{"id":5223,"date":"2025-12-16T16:32:40","date_gmt":"2025-12-16T19:32:40","guid":{"rendered":"https:\/\/motorista.com.br\/noticias\/2025\/12\/16\/fernanda-melchionna-critica-pl-dos-aplicativos-e-aponta-riscos-ao-vinculo-trabalhista\/"},"modified":"2025-12-16T16:32:40","modified_gmt":"2025-12-16T19:32:40","slug":"fernanda-melchionna-critica-pl-dos-aplicativos-e-aponta-riscos-ao-vinculo-trabalhista","status":"publish","type":"post","link":"https:\/\/motorista.com.br\/noticias\/2025\/12\/16\/fernanda-melchionna-critica-pl-dos-aplicativos-e-aponta-riscos-ao-vinculo-trabalhista\/","title":{"rendered":"Fernanda Melchionna critica PL dos aplicativos e aponta riscos ao v\u00ednculo trabalhista."},"content":{"rendered":"<p><\/p>\n<p><strong>Fernanda Melchionna critica PL dos apps e alerta sobre desafios para o reconhecimento de v\u00ednculo trabalhista<\/strong><\/p>\n<p>A recente discuss\u00e3o na C\u00e2mara dos Deputados acerca do PLP 152\/25, que regula o trabalho em plataformas digitais, tem ganhado destaque principalmente por cr\u00edticas feitas pela deputada Fernanda Melchionna (PSOL-RS). Durante reuni\u00e3o da comiss\u00e3o especial, ela expressou preocupa\u00e7\u00f5es sobre a viabilidade do texto proposto, que pode impactar profundamente os trabalhadores desse setor, em especial motoristas e entregadores.<\/p>\n<p>Uma das principais cr\u00edticas levantadas pela deputada foi a introdu\u00e7\u00e3o da figura da \u201cautonomia subordinada\u201d. De acordo com Melchionna, essa nova modalidade jur\u00eddica pode dificultar o reconhecimento de direitos trabalhistas por parte dos profissionais do setor. A ideia de autonomia sem v\u00ednculo empregat\u00edcio pode criar um ambiente onde esses trabalhadores, mesmo sob controle das plataformas, t\u00eam suas reivindica\u00e7\u00f5es de direitos negadas, uma vez que n\u00e3o se encaixam nas defini\u00e7\u00f5es tradicionais de v\u00ednculo empregat\u00edcio.<\/p>\n<p>A mobilidade urbana, que j\u00e1 enfrenta desafios significativos, pode ser ainda mais afetada por essa legisla\u00e7\u00e3o. A precariza\u00e7\u00e3o das condi\u00e7\u00f5es de trabalho dos motoristas pode refletir na qualidade do servi\u00e7o prestado, impactando a experi\u00eancia dos usu\u00e1rios e, consequentemente, a din\u00e2mica de transporte das cidades. Se os motoristas n\u00e3o forem adequadamente protegidos e valorizados, a tend\u00eancia \u00e9 que a classe se desmotive, levando a uma escassez de profissionais dispostos a atuar nesse setor.<\/p>\n<p>Por outro lado, a previs\u00e3o de uma remunera\u00e7\u00e3o m\u00ednima, embora considerada um avan\u00e7o, ainda deixa lacunas que precisam ser discutidas. A oposi\u00e7\u00e3o ao texto proposto ressalta a necessidade de um debate mais profundo e cauteloso, considerando as necessidades e os direitos de milhares de trabalhadores, que desempenham um papel essencial na mobilidade urbana moderna.<\/p>\n<p>Diante desse cen\u00e1rio, \u00e9 imprescind\u00edvel que os motoristas, especialmente os que atuam nas plataformas digitais, participem ativamente do processo legislativo, demandando maior transpar\u00eancia e inclus\u00e3o no debate. O pedido de Melchionna por mais tempo de discuss\u00e3o reflete a necessidade de que todas as vozes sejam ouvidas, garantindo que as legisla\u00e7\u00f5es que impactam a mobilidade e o trabalho estejam alinhadas com a realidade e as necessidades dos trabalhadores.<\/p>\n<p>Em suma, o PL que regula os aplicativos de transporte precisa ser cuidadosamente avaliado para assegurar que n\u00e3o apenas os interesses das plataformas sejam contemplados, mas que a dignidade e os direitos dos motoristas tamb\u00e9m sejam postos em primeiro plano. A forma como essa legisla\u00e7\u00e3o \u00e9 aprovada poder\u00e1 ter impactos duradouros na qualidade do transporte urbano e na vida dos trabalhadores que fazem essa mobilidade acontecer. <\/p>\n<p>Fonte: 55content<\/p>\n","protected":false},"excerpt":{"rendered":"<p>Fernanda Melchionna critica PL dos apps e alerta sobre desafios para o reconhecimento de v\u00ednculo trabalhista A recente discuss\u00e3o na C\u00e2mara dos Deputados acerca do PLP 152\/25, que regula o trabalho em plataformas digitais, tem ganhado destaque principalmente por cr\u00edticas feitas pela deputada Fernanda Melchionna (PSOL-RS). Durante reuni\u00e3o da comiss\u00e3o especial, ela expressou preocupa\u00e7\u00f5es sobre &hellip;<\/p>\n","protected":false},"author":4,"featured_media":5224,"comment_status":"","ping_status":"open","sticky":false,"template":"","format":"standard","meta":{"footnotes":""},"categories":[49,77],"tags":[],"coauthors":[42],"class_list":["post-5223","post","type-post","status-publish","format-standard","has-post-thumbnail","hentry","category-aplicativos","category-motorista"],"yoast_head":"<!-- This site is optimized with the Yoast SEO Premium plugin v25.5 (Yoast SEO v27.4) - https:\/\/yoast.com\/product\/yoast-seo-premium-wordpress\/ -->\n<title>Fernanda Melchionna critica PL dos aplicativos e aponta riscos ao v\u00ednculo trabalhista. - Motorista.com.br<\/title>\n<meta name=\"robots\" content=\"index, follow, max-snippet:-1, max-image-preview:large, max-video-preview:-1\" \/>\n<link rel=\"canonical\" href=\"https:\/\/motorista.com.br\/noticias\/2025\/12\/16\/fernanda-melchionna-critica-pl-dos-aplicativos-e-aponta-riscos-ao-vinculo-trabalhista\/\" \/>\n<meta property=\"og:locale\" content=\"pt_BR\" \/>\n<meta property=\"og:type\" content=\"article\" \/>\n<meta property=\"og:title\" content=\"Fernanda Melchionna critica PL dos aplicativos e aponta riscos ao v\u00ednculo trabalhista.\" \/>\n<meta property=\"og:description\" content=\"Fernanda Melchionna critica PL dos apps e alerta sobre desafios para o reconhecimento de v\u00ednculo trabalhista A recente discuss\u00e3o na C\u00e2mara dos Deputados acerca do PLP 152\/25, que regula o trabalho em plataformas digitais, tem ganhado destaque principalmente por cr\u00edticas feitas pela deputada Fernanda Melchionna (PSOL-RS). Durante reuni\u00e3o da comiss\u00e3o especial, ela expressou preocupa\u00e7\u00f5es sobre &hellip;\" \/>\n<meta property=\"og:url\" content=\"https:\/\/motorista.com.br\/noticias\/2025\/12\/16\/fernanda-melchionna-critica-pl-dos-aplicativos-e-aponta-riscos-ao-vinculo-trabalhista\/\" \/>\n<meta property=\"og:site_name\" content=\"Motorista.com.br\" \/>\n<meta property=\"article:published_time\" content=\"2025-12-16T19:32:40+00:00\" \/>\n<meta name=\"author\" content=\"Equipe Reda\u00e7\u00e3o\" \/>\n<meta name=\"twitter:card\" content=\"summary_large_image\" \/>\n<meta name=\"twitter:label1\" content=\"Escrito por\" \/>\n\t<meta name=\"twitter:data1\" content=\"Equipe Reda\u00e7\u00e3o\" \/>\n\t<meta name=\"twitter:label2\" content=\"Est. tempo de leitura\" \/>\n\t<meta name=\"twitter:data2\" content=\"2 minutos\" \/>\n\t<meta name=\"twitter:label3\" content=\"Written by\" \/>\n\t<meta name=\"twitter:data3\" content=\"Equipe Reda\u00e7\u00e3o\" \/>\n<script type=\"application\/ld+json\" class=\"yoast-schema-graph\">{\"@context\":\"https:\\\/\\\/schema.org\",\"@graph\":[{\"@type\":\"Article\",\"@id\":\"https:\\\/\\\/motorista.com.br\\\/noticias\\\/2025\\\/12\\\/16\\\/fernanda-melchionna-critica-pl-dos-aplicativos-e-aponta-riscos-ao-vinculo-trabalhista\\\/#article\",\"isPartOf\":{\"@id\":\"https:\\\/\\\/motorista.com.br\\\/noticias\\\/2025\\\/12\\\/16\\\/fernanda-melchionna-critica-pl-dos-aplicativos-e-aponta-riscos-ao-vinculo-trabalhista\\\/\"},\"author\":{\"name\":\"Equipe Reda\u00e7\u00e3o\",\"@id\":\"https:\\\/\\\/motorista.com.br\\\/noticias\\\/#\\\/schema\\\/person\\\/dc93afc2981c0e3ce6bc3c053fd847be\"},\"headline\":\"Fernanda Melchionna critica PL dos aplicativos e aponta riscos ao v\u00ednculo trabalhista.\",\"datePublished\":\"2025-12-16T19:32:40+00:00\",\"mainEntityOfPage\":{\"@id\":\"https:\\\/\\\/motorista.com.br\\\/noticias\\\/2025\\\/12\\\/16\\\/fernanda-melchionna-critica-pl-dos-aplicativos-e-aponta-riscos-ao-vinculo-trabalhista\\\/\"},\"wordCount\":457,\"publisher\":{\"@id\":\"https:\\\/\\\/motorista.com.br\\\/noticias\\\/#organization\"},\"image\":{\"@id\":\"https:\\\/\\\/motorista.com.br\\\/noticias\\\/2025\\\/12\\\/16\\\/fernanda-melchionna-critica-pl-dos-aplicativos-e-aponta-riscos-ao-vinculo-trabalhista\\\/#primaryimage\"},\"thumbnailUrl\":\"https:\\\/\\\/motorista.com.br\\\/noticias\\\/wp-content\\\/uploads\\\/2025\\\/12\\\/Deputada-Fernanda-Melchionna-Foto-ReproducaoYouTube.png\",\"articleSection\":[\"Aplicativos\",\"Motorista\"],\"inLanguage\":\"pt-BR\"},{\"@type\":\"WebPage\",\"@id\":\"https:\\\/\\\/motorista.com.br\\\/noticias\\\/2025\\\/12\\\/16\\\/fernanda-melchionna-critica-pl-dos-aplicativos-e-aponta-riscos-ao-vinculo-trabalhista\\\/\",\"url\":\"https:\\\/\\\/motorista.com.br\\\/noticias\\\/2025\\\/12\\\/16\\\/fernanda-melchionna-critica-pl-dos-aplicativos-e-aponta-riscos-ao-vinculo-trabalhista\\\/\",\"name\":\"Fernanda Melchionna critica PL dos aplicativos e aponta riscos ao v\u00ednculo trabalhista. - Motorista.com.br\",\"isPartOf\":{\"@id\":\"https:\\\/\\\/motorista.com.br\\\/noticias\\\/#website\"},\"primaryImageOfPage\":{\"@id\":\"https:\\\/\\\/motorista.com.br\\\/noticias\\\/2025\\\/12\\\/16\\\/fernanda-melchionna-critica-pl-dos-aplicativos-e-aponta-riscos-ao-vinculo-trabalhista\\\/#primaryimage\"},\"image\":{\"@id\":\"https:\\\/\\\/motorista.com.br\\\/noticias\\\/2025\\\/12\\\/16\\\/fernanda-melchionna-critica-pl-dos-aplicativos-e-aponta-riscos-ao-vinculo-trabalhista\\\/#primaryimage\"},\"thumbnailUrl\":\"https:\\\/\\\/motorista.com.br\\\/noticias\\\/wp-content\\\/uploads\\\/2025\\\/12\\\/Deputada-Fernanda-Melchionna-Foto-ReproducaoYouTube.png\",\"datePublished\":\"2025-12-16T19:32:40+00:00\",\"breadcrumb\":{\"@id\":\"https:\\\/\\\/motorista.com.br\\\/noticias\\\/2025\\\/12\\\/16\\\/fernanda-melchionna-critica-pl-dos-aplicativos-e-aponta-riscos-ao-vinculo-trabalhista\\\/#breadcrumb\"},\"inLanguage\":\"pt-BR\",\"potentialAction\":[{\"@type\":\"ReadAction\",\"target\":[\"https:\\\/\\\/motorista.com.br\\\/noticias\\\/2025\\\/12\\\/16\\\/fernanda-melchionna-critica-pl-dos-aplicativos-e-aponta-riscos-ao-vinculo-trabalhista\\\/\"]}]},{\"@type\":\"ImageObject\",\"inLanguage\":\"pt-BR\",\"@id\":\"https:\\\/\\\/motorista.com.br\\\/noticias\\\/2025\\\/12\\\/16\\\/fernanda-melchionna-critica-pl-dos-aplicativos-e-aponta-riscos-ao-vinculo-trabalhista\\\/#primaryimage\",\"url\":\"https:\\\/\\\/motorista.com.br\\\/noticias\\\/wp-content\\\/uploads\\\/2025\\\/12\\\/Deputada-Fernanda-Melchionna-Foto-ReproducaoYouTube.png\",\"contentUrl\":\"https:\\\/\\\/motorista.com.br\\\/noticias\\\/wp-content\\\/uploads\\\/2025\\\/12\\\/Deputada-Fernanda-Melchionna-Foto-ReproducaoYouTube.png\",\"width\":600,\"height\":350},{\"@type\":\"BreadcrumbList\",\"@id\":\"https:\\\/\\\/motorista.com.br\\\/noticias\\\/2025\\\/12\\\/16\\\/fernanda-melchionna-critica-pl-dos-aplicativos-e-aponta-riscos-ao-vinculo-trabalhista\\\/#breadcrumb\",\"itemListElement\":[{\"@type\":\"ListItem\",\"position\":1,\"name\":\"In\u00edcio\",\"item\":\"https:\\\/\\\/motorista.com.br\\\/noticias\\\/\"},{\"@type\":\"ListItem\",\"position\":2,\"name\":\"Fernanda Melchionna critica PL dos aplicativos e aponta riscos ao v\u00ednculo trabalhista.\"}]},{\"@type\":\"WebSite\",\"@id\":\"https:\\\/\\\/motorista.com.br\\\/noticias\\\/#website\",\"url\":\"https:\\\/\\\/motorista.com.br\\\/noticias\\\/\",\"name\":\"Motorista.com.br\",\"description\":\"Not\u00edcia do Motorista\",\"publisher\":{\"@id\":\"https:\\\/\\\/motorista.com.br\\\/noticias\\\/#organization\"},\"potentialAction\":[{\"@type\":\"SearchAction\",\"target\":{\"@type\":\"EntryPoint\",\"urlTemplate\":\"https:\\\/\\\/motorista.com.br\\\/noticias\\\/?s={search_term_string}\"},\"query-input\":{\"@type\":\"PropertyValueSpecification\",\"valueRequired\":true,\"valueName\":\"search_term_string\"}}],\"inLanguage\":\"pt-BR\"},{\"@type\":\"Organization\",\"@id\":\"https:\\\/\\\/motorista.com.br\\\/noticias\\\/#organization\",\"name\":\"Motorista.com.br\",\"url\":\"https:\\\/\\\/motorista.com.br\\\/noticias\\\/\",\"logo\":{\"@type\":\"ImageObject\",\"inLanguage\":\"pt-BR\",\"@id\":\"https:\\\/\\\/motorista.com.br\\\/noticias\\\/#\\\/schema\\\/logo\\\/image\\\/\",\"url\":\"https:\\\/\\\/motorista.com.br\\\/noticias\\\/wp-content\\\/uploads\\\/2025\\\/06\\\/Design-sem-nome-9.png\",\"contentUrl\":\"https:\\\/\\\/motorista.com.br\\\/noticias\\\/wp-content\\\/uploads\\\/2025\\\/06\\\/Design-sem-nome-9.png\",\"width\":150,\"height\":85,\"caption\":\"Motorista.com.br\"},\"image\":{\"@id\":\"https:\\\/\\\/motorista.com.br\\\/noticias\\\/#\\\/schema\\\/logo\\\/image\\\/\"}},{\"@type\":\"Person\",\"@id\":\"https:\\\/\\\/motorista.com.br\\\/noticias\\\/#\\\/schema\\\/person\\\/dc93afc2981c0e3ce6bc3c053fd847be\",\"name\":\"Equipe Reda\u00e7\u00e3o\",\"image\":{\"@type\":\"ImageObject\",\"inLanguage\":\"pt-BR\",\"@id\":\"https:\\\/\\\/secure.gravatar.com\\\/avatar\\\/4f525efbf18dd2bb300ccad28bfb99d95a9465a5ba268407c8c37b37e1f28d2d?s=96&d=mm&r=g9e099043a0c61e9ae27e293b9fa75ffc\",\"url\":\"https:\\\/\\\/secure.gravatar.com\\\/avatar\\\/4f525efbf18dd2bb300ccad28bfb99d95a9465a5ba268407c8c37b37e1f28d2d?s=96&d=mm&r=g\",\"contentUrl\":\"https:\\\/\\\/secure.gravatar.com\\\/avatar\\\/4f525efbf18dd2bb300ccad28bfb99d95a9465a5ba268407c8c37b37e1f28d2d?s=96&d=mm&r=g\",\"caption\":\"Equipe Reda\u00e7\u00e3o\"},\"description\":\"Equipe de reda\u00e7\u00e3o \u00e9 um grupo de profissionais que trabalham juntos para criar conte\u00fado escrito para Motorista.com.br\",\"url\":\"https:\\\/\\\/motorista.com.br\\\/noticias\\\/author\\\/equiperedacao\\\/\"}]}<\/script>\n<!-- \/ Yoast SEO Premium plugin. -->","yoast_head_json":{"title":"Fernanda Melchionna critica PL dos aplicativos e aponta riscos ao v\u00ednculo trabalhista. - Motorista.com.br","robots":{"index":"index","follow":"follow","max-snippet":"max-snippet:-1","max-image-preview":"max-image-preview:large","max-video-preview":"max-video-preview:-1"},"canonical":"https:\/\/motorista.com.br\/noticias\/2025\/12\/16\/fernanda-melchionna-critica-pl-dos-aplicativos-e-aponta-riscos-ao-vinculo-trabalhista\/","og_locale":"pt_BR","og_type":"article","og_title":"Fernanda Melchionna critica PL dos aplicativos e aponta riscos ao v\u00ednculo trabalhista.","og_description":"Fernanda Melchionna critica PL dos apps e alerta sobre desafios para o reconhecimento de v\u00ednculo trabalhista A recente discuss\u00e3o na C\u00e2mara dos Deputados acerca do PLP 152\/25, que regula o trabalho em plataformas digitais, tem ganhado destaque principalmente por cr\u00edticas feitas pela deputada Fernanda Melchionna (PSOL-RS). Durante reuni\u00e3o da comiss\u00e3o especial, ela expressou preocupa\u00e7\u00f5es sobre &hellip;","og_url":"https:\/\/motorista.com.br\/noticias\/2025\/12\/16\/fernanda-melchionna-critica-pl-dos-aplicativos-e-aponta-riscos-ao-vinculo-trabalhista\/","og_site_name":"Motorista.com.br","article_published_time":"2025-12-16T19:32:40+00:00","author":"Equipe Reda\u00e7\u00e3o","twitter_card":"summary_large_image","twitter_misc":{"Escrito por":"Equipe Reda\u00e7\u00e3o","Est. tempo de leitura":"2 minutos","Written by":"Equipe Reda\u00e7\u00e3o"},"schema":{"@context":"https:\/\/schema.org","@graph":[{"@type":"Article","@id":"https:\/\/motorista.com.br\/noticias\/2025\/12\/16\/fernanda-melchionna-critica-pl-dos-aplicativos-e-aponta-riscos-ao-vinculo-trabalhista\/#article","isPartOf":{"@id":"https:\/\/motorista.com.br\/noticias\/2025\/12\/16\/fernanda-melchionna-critica-pl-dos-aplicativos-e-aponta-riscos-ao-vinculo-trabalhista\/"},"author":{"name":"Equipe Reda\u00e7\u00e3o","@id":"https:\/\/motorista.com.br\/noticias\/#\/schema\/person\/dc93afc2981c0e3ce6bc3c053fd847be"},"headline":"Fernanda Melchionna critica PL dos aplicativos e aponta riscos ao v\u00ednculo trabalhista.","datePublished":"2025-12-16T19:32:40+00:00","mainEntityOfPage":{"@id":"https:\/\/motorista.com.br\/noticias\/2025\/12\/16\/fernanda-melchionna-critica-pl-dos-aplicativos-e-aponta-riscos-ao-vinculo-trabalhista\/"},"wordCount":457,"publisher":{"@id":"https:\/\/motorista.com.br\/noticias\/#organization"},"image":{"@id":"https:\/\/motorista.com.br\/noticias\/2025\/12\/16\/fernanda-melchionna-critica-pl-dos-aplicativos-e-aponta-riscos-ao-vinculo-trabalhista\/#primaryimage"},"thumbnailUrl":"https:\/\/motorista.com.br\/noticias\/wp-content\/uploads\/2025\/12\/Deputada-Fernanda-Melchionna-Foto-ReproducaoYouTube.png","articleSection":["Aplicativos","Motorista"],"inLanguage":"pt-BR"},{"@type":"WebPage","@id":"https:\/\/motorista.com.br\/noticias\/2025\/12\/16\/fernanda-melchionna-critica-pl-dos-aplicativos-e-aponta-riscos-ao-vinculo-trabalhista\/","url":"https:\/\/motorista.com.br\/noticias\/2025\/12\/16\/fernanda-melchionna-critica-pl-dos-aplicativos-e-aponta-riscos-ao-vinculo-trabalhista\/","name":"Fernanda Melchionna critica PL dos aplicativos e aponta riscos ao v\u00ednculo trabalhista. - Motorista.com.br","isPartOf":{"@id":"https:\/\/motorista.com.br\/noticias\/#website"},"primaryImageOfPage":{"@id":"https:\/\/motorista.com.br\/noticias\/2025\/12\/16\/fernanda-melchionna-critica-pl-dos-aplicativos-e-aponta-riscos-ao-vinculo-trabalhista\/#primaryimage"},"image":{"@id":"https:\/\/motorista.com.br\/noticias\/2025\/12\/16\/fernanda-melchionna-critica-pl-dos-aplicativos-e-aponta-riscos-ao-vinculo-trabalhista\/#primaryimage"},"thumbnailUrl":"https:\/\/motorista.com.br\/noticias\/wp-content\/uploads\/2025\/12\/Deputada-Fernanda-Melchionna-Foto-ReproducaoYouTube.png","datePublished":"2025-12-16T19:32:40+00:00","breadcrumb":{"@id":"https:\/\/motorista.com.br\/noticias\/2025\/12\/16\/fernanda-melchionna-critica-pl-dos-aplicativos-e-aponta-riscos-ao-vinculo-trabalhista\/#breadcrumb"},"inLanguage":"pt-BR","potentialAction":[{"@type":"ReadAction","target":["https:\/\/motorista.com.br\/noticias\/2025\/12\/16\/fernanda-melchionna-critica-pl-dos-aplicativos-e-aponta-riscos-ao-vinculo-trabalhista\/"]}]},{"@type":"ImageObject","inLanguage":"pt-BR","@id":"https:\/\/motorista.com.br\/noticias\/2025\/12\/16\/fernanda-melchionna-critica-pl-dos-aplicativos-e-aponta-riscos-ao-vinculo-trabalhista\/#primaryimage","url":"https:\/\/motorista.com.br\/noticias\/wp-content\/uploads\/2025\/12\/Deputada-Fernanda-Melchionna-Foto-ReproducaoYouTube.png","contentUrl":"https:\/\/motorista.com.br\/noticias\/wp-content\/uploads\/2025\/12\/Deputada-Fernanda-Melchionna-Foto-ReproducaoYouTube.png","width":600,"height":350},{"@type":"BreadcrumbList","@id":"https:\/\/motorista.com.br\/noticias\/2025\/12\/16\/fernanda-melchionna-critica-pl-dos-aplicativos-e-aponta-riscos-ao-vinculo-trabalhista\/#breadcrumb","itemListElement":[{"@type":"ListItem","position":1,"name":"In\u00edcio","item":"https:\/\/motorista.com.br\/noticias\/"},{"@type":"ListItem","position":2,"name":"Fernanda Melchionna critica PL dos aplicativos e aponta riscos ao v\u00ednculo trabalhista."}]},{"@type":"WebSite","@id":"https:\/\/motorista.com.br\/noticias\/#website","url":"https:\/\/motorista.com.br\/noticias\/","name":"Motorista.com.br","description":"Not\u00edcia do Motorista","publisher":{"@id":"https:\/\/motorista.com.br\/noticias\/#organization"},"potentialAction":[{"@type":"SearchAction","target":{"@type":"EntryPoint","urlTemplate":"https:\/\/motorista.com.br\/noticias\/?s={search_term_string}"},"query-input":{"@type":"PropertyValueSpecification","valueRequired":true,"valueName":"search_term_string"}}],"inLanguage":"pt-BR"},{"@type":"Organization","@id":"https:\/\/motorista.com.br\/noticias\/#organization","name":"Motorista.com.br","url":"https:\/\/motorista.com.br\/noticias\/","logo":{"@type":"ImageObject","inLanguage":"pt-BR","@id":"https:\/\/motorista.com.br\/noticias\/#\/schema\/logo\/image\/","url":"https:\/\/motorista.com.br\/noticias\/wp-content\/uploads\/2025\/06\/Design-sem-nome-9.png","contentUrl":"https:\/\/motorista.com.br\/noticias\/wp-content\/uploads\/2025\/06\/Design-sem-nome-9.png","width":150,"height":85,"caption":"Motorista.com.br"},"image":{"@id":"https:\/\/motorista.com.br\/noticias\/#\/schema\/logo\/image\/"}},{"@type":"Person","@id":"https:\/\/motorista.com.br\/noticias\/#\/schema\/person\/dc93afc2981c0e3ce6bc3c053fd847be","name":"Equipe Reda\u00e7\u00e3o","image":{"@type":"ImageObject","inLanguage":"pt-BR","@id":"https:\/\/secure.gravatar.com\/avatar\/4f525efbf18dd2bb300ccad28bfb99d95a9465a5ba268407c8c37b37e1f28d2d?s=96&d=mm&r=g9e099043a0c61e9ae27e293b9fa75ffc","url":"https:\/\/secure.gravatar.com\/avatar\/4f525efbf18dd2bb300ccad28bfb99d95a9465a5ba268407c8c37b37e1f28d2d?s=96&d=mm&r=g","contentUrl":"https:\/\/secure.gravatar.com\/avatar\/4f525efbf18dd2bb300ccad28bfb99d95a9465a5ba268407c8c37b37e1f28d2d?s=96&d=mm&r=g","caption":"Equipe Reda\u00e7\u00e3o"},"description":"Equipe de reda\u00e7\u00e3o \u00e9 um grupo de profissionais que trabalham juntos para criar conte\u00fado escrito para Motorista.com.br","url":"https:\/\/motorista.com.br\/noticias\/author\/equiperedacao\/"}]}},"_links":{"self":[{"href":"https:\/\/motorista.com.br\/noticias\/wp-json\/wp\/v2\/posts\/5223","targetHints":{"allow":["GET"]}}],"collection":[{"href":"https:\/\/motorista.com.br\/noticias\/wp-json\/wp\/v2\/posts"}],"about":[{"href":"https:\/\/motorista.com.br\/noticias\/wp-json\/wp\/v2\/types\/post"}],"author":[{"embeddable":true,"href":"https:\/\/motorista.com.br\/noticias\/wp-json\/wp\/v2\/users\/4"}],"replies":[{"embeddable":true,"href":"https:\/\/motorista.com.br\/noticias\/wp-json\/wp\/v2\/comments?post=5223"}],"version-history":[{"count":0,"href":"https:\/\/motorista.com.br\/noticias\/wp-json\/wp\/v2\/posts\/5223\/revisions"}],"wp:featuredmedia":[{"embeddable":true,"href":"https:\/\/motorista.com.br\/noticias\/wp-json\/wp\/v2\/media\/5224"}],"wp:attachment":[{"href":"https:\/\/motorista.com.br\/noticias\/wp-json\/wp\/v2\/media?parent=5223"}],"wp:term":[{"taxonomy":"category","embeddable":true,"href":"https:\/\/motorista.com.br\/noticias\/wp-json\/wp\/v2\/categories?post=5223"},{"taxonomy":"post_tag","embeddable":true,"href":"https:\/\/motorista.com.br\/noticias\/wp-json\/wp\/v2\/tags?post=5223"},{"taxonomy":"author","embeddable":true,"href":"https:\/\/motorista.com.br\/noticias\/wp-json\/wp\/v2\/coauthors?post=5223"}],"curies":[{"name":"wp","href":"https:\/\/api.w.org\/{rel}","templated":true}]}}