{"id":5221,"date":"2025-12-16T13:58:26","date_gmt":"2025-12-16T16:58:26","guid":{"rendered":"https:\/\/motorista.com.br\/noticias\/2025\/12\/16\/ford-se-junta-a-disputa-por-energia-em-data-centers\/"},"modified":"2025-12-16T13:58:26","modified_gmt":"2025-12-16T16:58:26","slug":"ford-se-junta-a-disputa-por-energia-em-data-centers","status":"publish","type":"post","link":"https:\/\/motorista.com.br\/noticias\/2025\/12\/16\/ford-se-junta-a-disputa-por-energia-em-data-centers\/","title":{"rendered":"Ford se junta \u00e0 disputa por energia em data centers"},"content":{"rendered":"<p><\/p>\n<p><strong>Ford Entra na Corrida por Energia para Data Centers: Impactos na Mobilidade e Benef\u00edcios para Motoristas<\/strong><\/p>\n<p>A Ford anunciou um investimento significativo de US$ 2 bilh\u00f5es para ampliar sua atua\u00e7\u00e3o no mercado de armazenamento de energia, especialmente voltado para atender \u00e0 crescente demanda dos data centers e redes el\u00e9tricas. Este movimento n\u00e3o apenas destaca a adapta\u00e7\u00e3o da montadora \u00e0s novas exig\u00eancias energ\u00e9ticas, mas tamb\u00e9m pode ter efeitos diretos e indiretos sobre os motoristas e a mobilidade urbana.<\/p>\n<h3>Nova Linha de Produ\u00e7\u00e3o e Suas Implica\u00e7\u00f5es<\/h3>\n<p>A montadora planeja converter sua f\u00e1brica em Glendale, Kentucky, para a produ\u00e7\u00e3o de sistemas avan\u00e7ados de armazenamento de energia, que iniciar\u00e1 em 2027. Com uma capacidade prevista de 20 GWh por ano, esses sistemas ser\u00e3o cruciais para garantir a reten\u00e7\u00e3o e distribui\u00e7\u00e3o eficiente de energia, especialmente em hor\u00e1rios de pico, melhorando assim a confiabilidade das redes el\u00e9tricas.<\/p>\n<p>Para os motoristas, essa mudan\u00e7a pode acarretar em benef\u00edcios no abastecimento de ve\u00edculos el\u00e9tricos, por exemplo. Com mais energia armazenada e dispon\u00edvel, o desafio da falta de infraestrutura de carregamento pode ser diminu\u00eddo, proporcionando maior autonomia para os motoristas e promovendo uma ado\u00e7\u00e3o acelerada de ve\u00edculos el\u00e9tricos.<\/p>\n<h3>Parcerias Estrat\u00e9gicas e Expans\u00e3o do Mercado<\/h3>\n<p>A joint venture entre a Ford e a SK On designa um papel estrat\u00e9gico para a produ\u00e7\u00e3o de baterias, que n\u00e3o s\u00f3 atende \u00e0s demandas de ve\u00edculos el\u00e9tricos, mas agora tamb\u00e9m se estende para o setor de energia. A produ\u00e7\u00e3o de baterias menores para armazenamento residencial em Michigan poder\u00e1 facilitar o uso de fontes renov\u00e1veis em lares, promovendo uma mobilidade mais sustent\u00e1vel. Essa iniciativa reflete um compromisso em diversificar a economia energ\u00e9tica, beneficiando a todos que dependem de transporte limpo e eficiente.<\/p>\n<p>Al\u00e9m disso, com o aumento na produ\u00e7\u00e3o de baterias, a Ford poder\u00e1 contribuir para uma rede el\u00e9trica mais resiliente, com menos interrup\u00e7\u00f5es e uma energia mais limpa. Isso pode reduzir custos operacionais n\u00e3o s\u00f3 para a pr\u00f3pria montadora, mas tamb\u00e9m para os motoristas, refletindo em pre\u00e7os mais baixos na energia e, consequentemente, nos combust\u00edveis.<\/p>\n<h3>Um Futuro Energizado<\/h3>\n<p>Lisa Drake, vice-presidente de programas de ve\u00edculos el\u00e9tricos da Ford, observou que apesar dos data centers representarem um mercado secund\u00e1rio, a demanda por sistemas de armazenamento est\u00e1 crescendo rapidamente. A experi\u00eancia da Ford em manufatura em larga escala posiciona a empresa para atender essas novas necessidades, promovendo uma mobilidade que \u00e9 complementada por um sistema energ\u00e9tico robusto e eficiente.<\/p>\n<p>Dessa forma, \u00e0 medida que a Ford avan\u00e7a nessa nova dire\u00e7\u00e3o, motoristas e usu\u00e1rios de transporte em geral podem esperar um impacto positivo n\u00e3o s\u00f3 na infraestrutura de carregamento, mas tamb\u00e9m em um futuro onde a sustentabilidade e a efici\u00eancia energ\u00e9tica se tornam padr\u00e3o no dia a dia.<\/p>\n<p><strong>Fonte: olhardigital<\/strong><\/p>\n","protected":false},"excerpt":{"rendered":"<p>Ford Entra na Corrida por Energia para Data Centers: Impactos na Mobilidade e Benef\u00edcios para Motoristas A Ford anunciou um investimento significativo de US$ 2 bilh\u00f5es para ampliar sua atua\u00e7\u00e3o no mercado de armazenamento de energia, especialmente voltado para atender \u00e0 crescente demanda dos data centers e redes el\u00e9tricas. Este movimento n\u00e3o apenas destaca a &hellip;<\/p>\n","protected":false},"author":4,"featured_media":5222,"comment_status":"","ping_status":"open","sticky":false,"template":"","format":"standard","meta":{"footnotes":""},"categories":[56],"tags":[],"coauthors":[42],"class_list":["post-5221","post","type-post","status-publish","format-standard","has-post-thumbnail","hentry","category-tecnologia"],"yoast_head":"<!-- This site is optimized with the Yoast SEO Premium plugin v25.5 (Yoast SEO v27.4) - https:\/\/yoast.com\/product\/yoast-seo-premium-wordpress\/ -->\n<title>Ford se junta \u00e0 disputa por energia em data centers - Motorista.com.br<\/title>\n<meta name=\"robots\" content=\"index, follow, max-snippet:-1, max-image-preview:large, max-video-preview:-1\" \/>\n<link rel=\"canonical\" href=\"https:\/\/motorista.com.br\/noticias\/2025\/12\/16\/ford-se-junta-a-disputa-por-energia-em-data-centers\/\" \/>\n<meta property=\"og:locale\" content=\"pt_BR\" \/>\n<meta property=\"og:type\" content=\"article\" \/>\n<meta property=\"og:title\" content=\"Ford se junta \u00e0 disputa por energia em data centers\" \/>\n<meta property=\"og:description\" content=\"Ford Entra na Corrida por Energia para Data Centers: Impactos na Mobilidade e Benef\u00edcios para Motoristas A Ford anunciou um investimento significativo de US$ 2 bilh\u00f5es para ampliar sua atua\u00e7\u00e3o no mercado de armazenamento de energia, especialmente voltado para atender \u00e0 crescente demanda dos data centers e redes el\u00e9tricas. Este movimento n\u00e3o apenas destaca a &hellip;\" \/>\n<meta property=\"og:url\" content=\"https:\/\/motorista.com.br\/noticias\/2025\/12\/16\/ford-se-junta-a-disputa-por-energia-em-data-centers\/\" \/>\n<meta property=\"og:site_name\" content=\"Motorista.com.br\" \/>\n<meta property=\"article:published_time\" content=\"2025-12-16T16:58:26+00:00\" \/>\n<meta name=\"author\" content=\"Equipe Reda\u00e7\u00e3o\" \/>\n<meta name=\"twitter:card\" content=\"summary_large_image\" \/>\n<meta name=\"twitter:label1\" content=\"Escrito por\" \/>\n\t<meta name=\"twitter:data1\" content=\"Equipe Reda\u00e7\u00e3o\" \/>\n\t<meta name=\"twitter:label2\" content=\"Est. tempo de leitura\" \/>\n\t<meta name=\"twitter:data2\" content=\"2 minutos\" \/>\n\t<meta name=\"twitter:label3\" content=\"Written by\" \/>\n\t<meta name=\"twitter:data3\" content=\"Equipe Reda\u00e7\u00e3o\" \/>\n<script type=\"application\/ld+json\" class=\"yoast-schema-graph\">{\"@context\":\"https:\\\/\\\/schema.org\",\"@graph\":[{\"@type\":\"Article\",\"@id\":\"https:\\\/\\\/motorista.com.br\\\/noticias\\\/2025\\\/12\\\/16\\\/ford-se-junta-a-disputa-por-energia-em-data-centers\\\/#article\",\"isPartOf\":{\"@id\":\"https:\\\/\\\/motorista.com.br\\\/noticias\\\/2025\\\/12\\\/16\\\/ford-se-junta-a-disputa-por-energia-em-data-centers\\\/\"},\"author\":{\"name\":\"Equipe Reda\u00e7\u00e3o\",\"@id\":\"https:\\\/\\\/motorista.com.br\\\/noticias\\\/#\\\/schema\\\/person\\\/dc93afc2981c0e3ce6bc3c053fd847be\"},\"headline\":\"Ford se junta \u00e0 disputa por energia em data centers\",\"datePublished\":\"2025-12-16T16:58:26+00:00\",\"mainEntityOfPage\":{\"@id\":\"https:\\\/\\\/motorista.com.br\\\/noticias\\\/2025\\\/12\\\/16\\\/ford-se-junta-a-disputa-por-energia-em-data-centers\\\/\"},\"wordCount\":507,\"publisher\":{\"@id\":\"https:\\\/\\\/motorista.com.br\\\/noticias\\\/#organization\"},\"image\":{\"@id\":\"https:\\\/\\\/motorista.com.br\\\/noticias\\\/2025\\\/12\\\/16\\\/ford-se-junta-a-disputa-por-energia-em-data-centers\\\/#primaryimage\"},\"thumbnailUrl\":\"https:\\\/\\\/motorista.com.br\\\/noticias\\\/wp-content\\\/uploads\\\/2025\\\/12\\\/ford.jpg\",\"articleSection\":[\"Tecnologia\"],\"inLanguage\":\"pt-BR\"},{\"@type\":\"WebPage\",\"@id\":\"https:\\\/\\\/motorista.com.br\\\/noticias\\\/2025\\\/12\\\/16\\\/ford-se-junta-a-disputa-por-energia-em-data-centers\\\/\",\"url\":\"https:\\\/\\\/motorista.com.br\\\/noticias\\\/2025\\\/12\\\/16\\\/ford-se-junta-a-disputa-por-energia-em-data-centers\\\/\",\"name\":\"Ford se junta \u00e0 disputa por energia em data centers - Motorista.com.br\",\"isPartOf\":{\"@id\":\"https:\\\/\\\/motorista.com.br\\\/noticias\\\/#website\"},\"primaryImageOfPage\":{\"@id\":\"https:\\\/\\\/motorista.com.br\\\/noticias\\\/2025\\\/12\\\/16\\\/ford-se-junta-a-disputa-por-energia-em-data-centers\\\/#primaryimage\"},\"image\":{\"@id\":\"https:\\\/\\\/motorista.com.br\\\/noticias\\\/2025\\\/12\\\/16\\\/ford-se-junta-a-disputa-por-energia-em-data-centers\\\/#primaryimage\"},\"thumbnailUrl\":\"https:\\\/\\\/motorista.com.br\\\/noticias\\\/wp-content\\\/uploads\\\/2025\\\/12\\\/ford.jpg\",\"datePublished\":\"2025-12-16T16:58:26+00:00\",\"breadcrumb\":{\"@id\":\"https:\\\/\\\/motorista.com.br\\\/noticias\\\/2025\\\/12\\\/16\\\/ford-se-junta-a-disputa-por-energia-em-data-centers\\\/#breadcrumb\"},\"inLanguage\":\"pt-BR\",\"potentialAction\":[{\"@type\":\"ReadAction\",\"target\":[\"https:\\\/\\\/motorista.com.br\\\/noticias\\\/2025\\\/12\\\/16\\\/ford-se-junta-a-disputa-por-energia-em-data-centers\\\/\"]}]},{\"@type\":\"ImageObject\",\"inLanguage\":\"pt-BR\",\"@id\":\"https:\\\/\\\/motorista.com.br\\\/noticias\\\/2025\\\/12\\\/16\\\/ford-se-junta-a-disputa-por-energia-em-data-centers\\\/#primaryimage\",\"url\":\"https:\\\/\\\/motorista.com.br\\\/noticias\\\/wp-content\\\/uploads\\\/2025\\\/12\\\/ford.jpg\",\"contentUrl\":\"https:\\\/\\\/motorista.com.br\\\/noticias\\\/wp-content\\\/uploads\\\/2025\\\/12\\\/ford.jpg\",\"width\":2000,\"height\":1333},{\"@type\":\"BreadcrumbList\",\"@id\":\"https:\\\/\\\/motorista.com.br\\\/noticias\\\/2025\\\/12\\\/16\\\/ford-se-junta-a-disputa-por-energia-em-data-centers\\\/#breadcrumb\",\"itemListElement\":[{\"@type\":\"ListItem\",\"position\":1,\"name\":\"In\u00edcio\",\"item\":\"https:\\\/\\\/motorista.com.br\\\/noticias\\\/\"},{\"@type\":\"ListItem\",\"position\":2,\"name\":\"Ford se junta \u00e0 disputa por energia em data centers\"}]},{\"@type\":\"WebSite\",\"@id\":\"https:\\\/\\\/motorista.com.br\\\/noticias\\\/#website\",\"url\":\"https:\\\/\\\/motorista.com.br\\\/noticias\\\/\",\"name\":\"Motorista.com.br\",\"description\":\"Not\u00edcia do Motorista\",\"publisher\":{\"@id\":\"https:\\\/\\\/motorista.com.br\\\/noticias\\\/#organization\"},\"potentialAction\":[{\"@type\":\"SearchAction\",\"target\":{\"@type\":\"EntryPoint\",\"urlTemplate\":\"https:\\\/\\\/motorista.com.br\\\/noticias\\\/?s={search_term_string}\"},\"query-input\":{\"@type\":\"PropertyValueSpecification\",\"valueRequired\":true,\"valueName\":\"search_term_string\"}}],\"inLanguage\":\"pt-BR\"},{\"@type\":\"Organization\",\"@id\":\"https:\\\/\\\/motorista.com.br\\\/noticias\\\/#organization\",\"name\":\"Motorista.com.br\",\"url\":\"https:\\\/\\\/motorista.com.br\\\/noticias\\\/\",\"logo\":{\"@type\":\"ImageObject\",\"inLanguage\":\"pt-BR\",\"@id\":\"https:\\\/\\\/motorista.com.br\\\/noticias\\\/#\\\/schema\\\/logo\\\/image\\\/\",\"url\":\"https:\\\/\\\/motorista.com.br\\\/noticias\\\/wp-content\\\/uploads\\\/2025\\\/06\\\/Design-sem-nome-9.png\",\"contentUrl\":\"https:\\\/\\\/motorista.com.br\\\/noticias\\\/wp-content\\\/uploads\\\/2025\\\/06\\\/Design-sem-nome-9.png\",\"width\":150,\"height\":85,\"caption\":\"Motorista.com.br\"},\"image\":{\"@id\":\"https:\\\/\\\/motorista.com.br\\\/noticias\\\/#\\\/schema\\\/logo\\\/image\\\/\"}},{\"@type\":\"Person\",\"@id\":\"https:\\\/\\\/motorista.com.br\\\/noticias\\\/#\\\/schema\\\/person\\\/dc93afc2981c0e3ce6bc3c053fd847be\",\"name\":\"Equipe Reda\u00e7\u00e3o\",\"image\":{\"@type\":\"ImageObject\",\"inLanguage\":\"pt-BR\",\"@id\":\"https:\\\/\\\/secure.gravatar.com\\\/avatar\\\/4f525efbf18dd2bb300ccad28bfb99d95a9465a5ba268407c8c37b37e1f28d2d?s=96&d=mm&r=g9e099043a0c61e9ae27e293b9fa75ffc\",\"url\":\"https:\\\/\\\/secure.gravatar.com\\\/avatar\\\/4f525efbf18dd2bb300ccad28bfb99d95a9465a5ba268407c8c37b37e1f28d2d?s=96&d=mm&r=g\",\"contentUrl\":\"https:\\\/\\\/secure.gravatar.com\\\/avatar\\\/4f525efbf18dd2bb300ccad28bfb99d95a9465a5ba268407c8c37b37e1f28d2d?s=96&d=mm&r=g\",\"caption\":\"Equipe Reda\u00e7\u00e3o\"},\"description\":\"Equipe de reda\u00e7\u00e3o \u00e9 um grupo de profissionais que trabalham juntos para criar conte\u00fado escrito para Motorista.com.br\",\"url\":\"https:\\\/\\\/motorista.com.br\\\/noticias\\\/author\\\/equiperedacao\\\/\"}]}<\/script>\n<!-- \/ Yoast SEO Premium plugin. -->","yoast_head_json":{"title":"Ford se junta \u00e0 disputa por energia em data centers - Motorista.com.br","robots":{"index":"index","follow":"follow","max-snippet":"max-snippet:-1","max-image-preview":"max-image-preview:large","max-video-preview":"max-video-preview:-1"},"canonical":"https:\/\/motorista.com.br\/noticias\/2025\/12\/16\/ford-se-junta-a-disputa-por-energia-em-data-centers\/","og_locale":"pt_BR","og_type":"article","og_title":"Ford se junta \u00e0 disputa por energia em data centers","og_description":"Ford Entra na Corrida por Energia para Data Centers: Impactos na Mobilidade e Benef\u00edcios para Motoristas A Ford anunciou um investimento significativo de US$ 2 bilh\u00f5es para ampliar sua atua\u00e7\u00e3o no mercado de armazenamento de energia, especialmente voltado para atender \u00e0 crescente demanda dos data centers e redes el\u00e9tricas. Este movimento n\u00e3o apenas destaca a &hellip;","og_url":"https:\/\/motorista.com.br\/noticias\/2025\/12\/16\/ford-se-junta-a-disputa-por-energia-em-data-centers\/","og_site_name":"Motorista.com.br","article_published_time":"2025-12-16T16:58:26+00:00","author":"Equipe Reda\u00e7\u00e3o","twitter_card":"summary_large_image","twitter_misc":{"Escrito por":"Equipe Reda\u00e7\u00e3o","Est. tempo de leitura":"2 minutos","Written by":"Equipe Reda\u00e7\u00e3o"},"schema":{"@context":"https:\/\/schema.org","@graph":[{"@type":"Article","@id":"https:\/\/motorista.com.br\/noticias\/2025\/12\/16\/ford-se-junta-a-disputa-por-energia-em-data-centers\/#article","isPartOf":{"@id":"https:\/\/motorista.com.br\/noticias\/2025\/12\/16\/ford-se-junta-a-disputa-por-energia-em-data-centers\/"},"author":{"name":"Equipe Reda\u00e7\u00e3o","@id":"https:\/\/motorista.com.br\/noticias\/#\/schema\/person\/dc93afc2981c0e3ce6bc3c053fd847be"},"headline":"Ford se junta \u00e0 disputa por energia em data centers","datePublished":"2025-12-16T16:58:26+00:00","mainEntityOfPage":{"@id":"https:\/\/motorista.com.br\/noticias\/2025\/12\/16\/ford-se-junta-a-disputa-por-energia-em-data-centers\/"},"wordCount":507,"publisher":{"@id":"https:\/\/motorista.com.br\/noticias\/#organization"},"image":{"@id":"https:\/\/motorista.com.br\/noticias\/2025\/12\/16\/ford-se-junta-a-disputa-por-energia-em-data-centers\/#primaryimage"},"thumbnailUrl":"https:\/\/motorista.com.br\/noticias\/wp-content\/uploads\/2025\/12\/ford.jpg","articleSection":["Tecnologia"],"inLanguage":"pt-BR"},{"@type":"WebPage","@id":"https:\/\/motorista.com.br\/noticias\/2025\/12\/16\/ford-se-junta-a-disputa-por-energia-em-data-centers\/","url":"https:\/\/motorista.com.br\/noticias\/2025\/12\/16\/ford-se-junta-a-disputa-por-energia-em-data-centers\/","name":"Ford se junta \u00e0 disputa por energia em data centers - Motorista.com.br","isPartOf":{"@id":"https:\/\/motorista.com.br\/noticias\/#website"},"primaryImageOfPage":{"@id":"https:\/\/motorista.com.br\/noticias\/2025\/12\/16\/ford-se-junta-a-disputa-por-energia-em-data-centers\/#primaryimage"},"image":{"@id":"https:\/\/motorista.com.br\/noticias\/2025\/12\/16\/ford-se-junta-a-disputa-por-energia-em-data-centers\/#primaryimage"},"thumbnailUrl":"https:\/\/motorista.com.br\/noticias\/wp-content\/uploads\/2025\/12\/ford.jpg","datePublished":"2025-12-16T16:58:26+00:00","breadcrumb":{"@id":"https:\/\/motorista.com.br\/noticias\/2025\/12\/16\/ford-se-junta-a-disputa-por-energia-em-data-centers\/#breadcrumb"},"inLanguage":"pt-BR","potentialAction":[{"@type":"ReadAction","target":["https:\/\/motorista.com.br\/noticias\/2025\/12\/16\/ford-se-junta-a-disputa-por-energia-em-data-centers\/"]}]},{"@type":"ImageObject","inLanguage":"pt-BR","@id":"https:\/\/motorista.com.br\/noticias\/2025\/12\/16\/ford-se-junta-a-disputa-por-energia-em-data-centers\/#primaryimage","url":"https:\/\/motorista.com.br\/noticias\/wp-content\/uploads\/2025\/12\/ford.jpg","contentUrl":"https:\/\/motorista.com.br\/noticias\/wp-content\/uploads\/2025\/12\/ford.jpg","width":2000,"height":1333},{"@type":"BreadcrumbList","@id":"https:\/\/motorista.com.br\/noticias\/2025\/12\/16\/ford-se-junta-a-disputa-por-energia-em-data-centers\/#breadcrumb","itemListElement":[{"@type":"ListItem","position":1,"name":"In\u00edcio","item":"https:\/\/motorista.com.br\/noticias\/"},{"@type":"ListItem","position":2,"name":"Ford se junta \u00e0 disputa por energia em data centers"}]},{"@type":"WebSite","@id":"https:\/\/motorista.com.br\/noticias\/#website","url":"https:\/\/motorista.com.br\/noticias\/","name":"Motorista.com.br","description":"Not\u00edcia do Motorista","publisher":{"@id":"https:\/\/motorista.com.br\/noticias\/#organization"},"potentialAction":[{"@type":"SearchAction","target":{"@type":"EntryPoint","urlTemplate":"https:\/\/motorista.com.br\/noticias\/?s={search_term_string}"},"query-input":{"@type":"PropertyValueSpecification","valueRequired":true,"valueName":"search_term_string"}}],"inLanguage":"pt-BR"},{"@type":"Organization","@id":"https:\/\/motorista.com.br\/noticias\/#organization","name":"Motorista.com.br","url":"https:\/\/motorista.com.br\/noticias\/","logo":{"@type":"ImageObject","inLanguage":"pt-BR","@id":"https:\/\/motorista.com.br\/noticias\/#\/schema\/logo\/image\/","url":"https:\/\/motorista.com.br\/noticias\/wp-content\/uploads\/2025\/06\/Design-sem-nome-9.png","contentUrl":"https:\/\/motorista.com.br\/noticias\/wp-content\/uploads\/2025\/06\/Design-sem-nome-9.png","width":150,"height":85,"caption":"Motorista.com.br"},"image":{"@id":"https:\/\/motorista.com.br\/noticias\/#\/schema\/logo\/image\/"}},{"@type":"Person","@id":"https:\/\/motorista.com.br\/noticias\/#\/schema\/person\/dc93afc2981c0e3ce6bc3c053fd847be","name":"Equipe Reda\u00e7\u00e3o","image":{"@type":"ImageObject","inLanguage":"pt-BR","@id":"https:\/\/secure.gravatar.com\/avatar\/4f525efbf18dd2bb300ccad28bfb99d95a9465a5ba268407c8c37b37e1f28d2d?s=96&d=mm&r=g9e099043a0c61e9ae27e293b9fa75ffc","url":"https:\/\/secure.gravatar.com\/avatar\/4f525efbf18dd2bb300ccad28bfb99d95a9465a5ba268407c8c37b37e1f28d2d?s=96&d=mm&r=g","contentUrl":"https:\/\/secure.gravatar.com\/avatar\/4f525efbf18dd2bb300ccad28bfb99d95a9465a5ba268407c8c37b37e1f28d2d?s=96&d=mm&r=g","caption":"Equipe Reda\u00e7\u00e3o"},"description":"Equipe de reda\u00e7\u00e3o \u00e9 um grupo de profissionais que trabalham juntos para criar conte\u00fado escrito para Motorista.com.br","url":"https:\/\/motorista.com.br\/noticias\/author\/equiperedacao\/"}]}},"_links":{"self":[{"href":"https:\/\/motorista.com.br\/noticias\/wp-json\/wp\/v2\/posts\/5221","targetHints":{"allow":["GET"]}}],"collection":[{"href":"https:\/\/motorista.com.br\/noticias\/wp-json\/wp\/v2\/posts"}],"about":[{"href":"https:\/\/motorista.com.br\/noticias\/wp-json\/wp\/v2\/types\/post"}],"author":[{"embeddable":true,"href":"https:\/\/motorista.com.br\/noticias\/wp-json\/wp\/v2\/users\/4"}],"replies":[{"embeddable":true,"href":"https:\/\/motorista.com.br\/noticias\/wp-json\/wp\/v2\/comments?post=5221"}],"version-history":[{"count":0,"href":"https:\/\/motorista.com.br\/noticias\/wp-json\/wp\/v2\/posts\/5221\/revisions"}],"wp:featuredmedia":[{"embeddable":true,"href":"https:\/\/motorista.com.br\/noticias\/wp-json\/wp\/v2\/media\/5222"}],"wp:attachment":[{"href":"https:\/\/motorista.com.br\/noticias\/wp-json\/wp\/v2\/media?parent=5221"}],"wp:term":[{"taxonomy":"category","embeddable":true,"href":"https:\/\/motorista.com.br\/noticias\/wp-json\/wp\/v2\/categories?post=5221"},{"taxonomy":"post_tag","embeddable":true,"href":"https:\/\/motorista.com.br\/noticias\/wp-json\/wp\/v2\/tags?post=5221"},{"taxonomy":"author","embeddable":true,"href":"https:\/\/motorista.com.br\/noticias\/wp-json\/wp\/v2\/coauthors?post=5221"}],"curies":[{"name":"wp","href":"https:\/\/api.w.org\/{rel}","templated":true}]}}