{"id":5215,"date":"2025-12-16T08:50:56","date_gmt":"2025-12-16T11:50:56","guid":{"rendered":"https:\/\/motorista.com.br\/noticias\/2025\/12\/16\/bracell-aplica-r-35-milhoes-em-iniciativa-de-caminhoes-eletricos\/"},"modified":"2025-12-16T08:50:56","modified_gmt":"2025-12-16T11:50:56","slug":"bracell-aplica-r-35-milhoes-em-iniciativa-de-caminhoes-eletricos","status":"publish","type":"post","link":"https:\/\/motorista.com.br\/noticias\/2025\/12\/16\/bracell-aplica-r-35-milhoes-em-iniciativa-de-caminhoes-eletricos\/","title":{"rendered":"Bracell aplica R$ 3,5 milh\u00f5es em iniciativa de caminh\u00f5es el\u00e9tricos."},"content":{"rendered":"<p><\/p>\n<h3>Bracell Investe R$ 3,5 Milh\u00f5es em Caminh\u00f5es El\u00e9tricos Pesados<\/h3>\n<p>A Bracell, fabricante de celulose, anunciou um investimento significativo de R$ 3,5 milh\u00f5es em dois caminh\u00f5es el\u00e9tricos com capacidade para 74 toneladas, marcando um marco no setor de transporte. Esses caminh\u00f5es estar\u00e3o voltados ao transporte de madeira e celulose, representando uma evolu\u00e7\u00e3o importante na log\u00edstica de grandes cargas no Brasil.<\/p>\n<p>Essa iniciativa n\u00e3o s\u00f3 destaca a inova\u00e7\u00e3o tecnol\u00f3gica, mas tamb\u00e9m reflete um comprometimento com a sustentabilidade. A opera\u00e7\u00e3o dos caminh\u00f5es el\u00e9tricos faz parte de uma estrat\u00e9gia mais abrangente de descarboniza\u00e7\u00e3o da empresa, que visa reduzir em 75% as emiss\u00f5es de carbono por tonelada de produto at\u00e9 2030. Essa mudan\u00e7a \u00e9 crucial para o setor de transporte, que tradicionalmente envolve altos n\u00edveis de emiss\u00e3o, e tamb\u00e9m se conecta \u00e0 crescente demanda por pr\u00e1ticas mais verdes.<\/p>\n<p>Os caminh\u00f5es operar\u00e3o dentro de um raio de 100 quil\u00f4metros entre as fazendas e a f\u00e1brica em Len\u00e7\u00f3is Paulista, SP, facilitando um transporte mais eficiente e menos poluente. A autonomia dos ve\u00edculos, que pode chegar a at\u00e9 250 quil\u00f4metros por carga, juntamente com um tempo de recarga de 1h30, torna essa solu\u00e7\u00e3o pr\u00e1tica e vi\u00e1vel para opera\u00e7\u00f5es log\u00edsticas na ind\u00fastria de celulose.<\/p>\n<p>O impacto dessa inova\u00e7\u00e3o vai al\u00e9m da redu\u00e7\u00e3o de emiss\u00f5es. Ao introduzir tecnologias avan\u00e7adas, a Bracell n\u00e3o apenas melhora a efici\u00eancia log\u00edstica, mas tamb\u00e9m promove a seguran\u00e7a nas vias. O uso de caminh\u00f5es el\u00e9tricos contribui para um ambiente mais sustent\u00e1vel, beneficiando n\u00e3o apenas a empresa, mas tamb\u00e9m a comunidade local e o meio ambiente.<\/p>\n<h3>Benef\u00edcios para Motoristas e Mobilidade Geral<\/h3>\n<p>A crescente ado\u00e7\u00e3o de caminh\u00f5es el\u00e9tricos, como no caso da Bracell, traz impactos diretos e positivos para motoristas e para a mobilidade geral. Os caminh\u00f5es el\u00e9tricos t\u00eam opera\u00e7\u00e3o mais silenciosa e menor vibra\u00e7\u00e3o, o que melhora as condi\u00e7\u00f5es de trabalho para os condutores e reduz a polui\u00e7\u00e3o sonora nas estradas. Al\u00e9m disso, a diminui\u00e7\u00e3o das emiss\u00f5es de gases poluentes contribui para um ambiente mais saud\u00e1vel, beneficiando n\u00e3o s\u00f3 os trabalhadores da ind\u00fastria, mas tamb\u00e9m as comunidades que residem perto das rotas de transporte.<\/p>\n<p>Ainda, ao modelar uma log\u00edstica mais sustent\u00e1vel, a Bracell inspira outras empresas a adotar pr\u00e1ticas semelhantes, o que pode gerar uma transforma\u00e7\u00e3o no setor de transporte como um todo. Essa mudan\u00e7a n\u00e3o s\u00f3 melhora a qualidade do ar, mas tamb\u00e9m pode resultar em menos custos operacionais a longo prazo, proporcionando uma vantagem competitiva e incentivando uma mobilidade mais respons\u00e1vel e eficiente.<\/p>\n<h3>Conclus\u00e3o<\/h3>\n<p>O investimento da Bracell em caminh\u00f5es el\u00e9tricos pesados representa uma oportunidade para alavancar a transi\u00e7\u00e3o para uma log\u00edstica mais sustent\u00e1vel e eficiente. \u00c0 medida que o setor avan\u00e7a para tecnologias menos poluentes, tanto motoristas quanto comunidades se beneficiar\u00e3o de um futuro mais limpo e seguro nas estradas.<\/p>\n<p>Fonte: blogdocaminhoneiro<\/p>\n","protected":false},"excerpt":{"rendered":"<p>Bracell Investe R$ 3,5 Milh\u00f5es em Caminh\u00f5es El\u00e9tricos Pesados A Bracell, fabricante de celulose, anunciou um investimento significativo de R$ 3,5 milh\u00f5es em dois caminh\u00f5es el\u00e9tricos com capacidade para 74 toneladas, marcando um marco no setor de transporte. Esses caminh\u00f5es estar\u00e3o voltados ao transporte de madeira e celulose, representando uma evolu\u00e7\u00e3o importante na log\u00edstica de &hellip;<\/p>\n","protected":false},"author":4,"featured_media":5216,"comment_status":"","ping_status":"open","sticky":false,"template":"","format":"standard","meta":{"footnotes":""},"categories":[78,77],"tags":[],"coauthors":[42],"class_list":["post-5215","post","type-post","status-publish","format-standard","has-post-thumbnail","hentry","category-carreteiro","category-motorista"],"yoast_head":"<!-- This site is optimized with the Yoast SEO Premium plugin v25.5 (Yoast SEO v27.4) - https:\/\/yoast.com\/product\/yoast-seo-premium-wordpress\/ -->\n<title>Bracell aplica R$ 3,5 milh\u00f5es em iniciativa de caminh\u00f5es el\u00e9tricos. - Motorista.com.br<\/title>\n<meta name=\"robots\" content=\"index, follow, max-snippet:-1, max-image-preview:large, max-video-preview:-1\" \/>\n<link rel=\"canonical\" href=\"https:\/\/motorista.com.br\/noticias\/2025\/12\/16\/bracell-aplica-r-35-milhoes-em-iniciativa-de-caminhoes-eletricos\/\" \/>\n<meta property=\"og:locale\" content=\"pt_BR\" \/>\n<meta property=\"og:type\" content=\"article\" \/>\n<meta property=\"og:title\" content=\"Bracell aplica R$ 3,5 milh\u00f5es em iniciativa de caminh\u00f5es el\u00e9tricos.\" \/>\n<meta property=\"og:description\" content=\"Bracell Investe R$ 3,5 Milh\u00f5es em Caminh\u00f5es El\u00e9tricos Pesados A Bracell, fabricante de celulose, anunciou um investimento significativo de R$ 3,5 milh\u00f5es em dois caminh\u00f5es el\u00e9tricos com capacidade para 74 toneladas, marcando um marco no setor de transporte. Esses caminh\u00f5es estar\u00e3o voltados ao transporte de madeira e celulose, representando uma evolu\u00e7\u00e3o importante na log\u00edstica de &hellip;\" \/>\n<meta property=\"og:url\" content=\"https:\/\/motorista.com.br\/noticias\/2025\/12\/16\/bracell-aplica-r-35-milhoes-em-iniciativa-de-caminhoes-eletricos\/\" \/>\n<meta property=\"og:site_name\" content=\"Motorista.com.br\" \/>\n<meta property=\"article:published_time\" content=\"2025-12-16T11:50:56+00:00\" \/>\n<meta name=\"author\" content=\"Equipe Reda\u00e7\u00e3o\" \/>\n<meta name=\"twitter:card\" content=\"summary_large_image\" \/>\n<meta name=\"twitter:label1\" content=\"Escrito por\" \/>\n\t<meta name=\"twitter:data1\" content=\"Equipe Reda\u00e7\u00e3o\" \/>\n\t<meta name=\"twitter:label2\" content=\"Est. tempo de leitura\" \/>\n\t<meta name=\"twitter:data2\" content=\"3 minutos\" \/>\n\t<meta name=\"twitter:label3\" content=\"Written by\" \/>\n\t<meta name=\"twitter:data3\" content=\"Equipe Reda\u00e7\u00e3o\" \/>\n<script type=\"application\/ld+json\" class=\"yoast-schema-graph\">{\"@context\":\"https:\\\/\\\/schema.org\",\"@graph\":[{\"@type\":\"Article\",\"@id\":\"https:\\\/\\\/motorista.com.br\\\/noticias\\\/2025\\\/12\\\/16\\\/bracell-aplica-r-35-milhoes-em-iniciativa-de-caminhoes-eletricos\\\/#article\",\"isPartOf\":{\"@id\":\"https:\\\/\\\/motorista.com.br\\\/noticias\\\/2025\\\/12\\\/16\\\/bracell-aplica-r-35-milhoes-em-iniciativa-de-caminhoes-eletricos\\\/\"},\"author\":{\"name\":\"Equipe Reda\u00e7\u00e3o\",\"@id\":\"https:\\\/\\\/motorista.com.br\\\/noticias\\\/#\\\/schema\\\/person\\\/dc93afc2981c0e3ce6bc3c053fd847be\"},\"headline\":\"Bracell aplica R$ 3,5 milh\u00f5es em iniciativa de caminh\u00f5es el\u00e9tricos.\",\"datePublished\":\"2025-12-16T11:50:56+00:00\",\"mainEntityOfPage\":{\"@id\":\"https:\\\/\\\/motorista.com.br\\\/noticias\\\/2025\\\/12\\\/16\\\/bracell-aplica-r-35-milhoes-em-iniciativa-de-caminhoes-eletricos\\\/\"},\"wordCount\":538,\"publisher\":{\"@id\":\"https:\\\/\\\/motorista.com.br\\\/noticias\\\/#organization\"},\"image\":{\"@id\":\"https:\\\/\\\/motorista.com.br\\\/noticias\\\/2025\\\/12\\\/16\\\/bracell-aplica-r-35-milhoes-em-iniciativa-de-caminhoes-eletricos\\\/#primaryimage\"},\"thumbnailUrl\":\"https:\\\/\\\/motorista.com.br\\\/noticias\\\/wp-content\\\/uploads\\\/2025\\\/12\\\/caminhoes-eletricos-xcmg-bracell-2.jpg\",\"articleSection\":[\"Carreteiro\",\"Motorista\"],\"inLanguage\":\"pt-BR\"},{\"@type\":\"WebPage\",\"@id\":\"https:\\\/\\\/motorista.com.br\\\/noticias\\\/2025\\\/12\\\/16\\\/bracell-aplica-r-35-milhoes-em-iniciativa-de-caminhoes-eletricos\\\/\",\"url\":\"https:\\\/\\\/motorista.com.br\\\/noticias\\\/2025\\\/12\\\/16\\\/bracell-aplica-r-35-milhoes-em-iniciativa-de-caminhoes-eletricos\\\/\",\"name\":\"Bracell aplica R$ 3,5 milh\u00f5es em iniciativa de caminh\u00f5es el\u00e9tricos. - Motorista.com.br\",\"isPartOf\":{\"@id\":\"https:\\\/\\\/motorista.com.br\\\/noticias\\\/#website\"},\"primaryImageOfPage\":{\"@id\":\"https:\\\/\\\/motorista.com.br\\\/noticias\\\/2025\\\/12\\\/16\\\/bracell-aplica-r-35-milhoes-em-iniciativa-de-caminhoes-eletricos\\\/#primaryimage\"},\"image\":{\"@id\":\"https:\\\/\\\/motorista.com.br\\\/noticias\\\/2025\\\/12\\\/16\\\/bracell-aplica-r-35-milhoes-em-iniciativa-de-caminhoes-eletricos\\\/#primaryimage\"},\"thumbnailUrl\":\"https:\\\/\\\/motorista.com.br\\\/noticias\\\/wp-content\\\/uploads\\\/2025\\\/12\\\/caminhoes-eletricos-xcmg-bracell-2.jpg\",\"datePublished\":\"2025-12-16T11:50:56+00:00\",\"breadcrumb\":{\"@id\":\"https:\\\/\\\/motorista.com.br\\\/noticias\\\/2025\\\/12\\\/16\\\/bracell-aplica-r-35-milhoes-em-iniciativa-de-caminhoes-eletricos\\\/#breadcrumb\"},\"inLanguage\":\"pt-BR\",\"potentialAction\":[{\"@type\":\"ReadAction\",\"target\":[\"https:\\\/\\\/motorista.com.br\\\/noticias\\\/2025\\\/12\\\/16\\\/bracell-aplica-r-35-milhoes-em-iniciativa-de-caminhoes-eletricos\\\/\"]}]},{\"@type\":\"ImageObject\",\"inLanguage\":\"pt-BR\",\"@id\":\"https:\\\/\\\/motorista.com.br\\\/noticias\\\/2025\\\/12\\\/16\\\/bracell-aplica-r-35-milhoes-em-iniciativa-de-caminhoes-eletricos\\\/#primaryimage\",\"url\":\"https:\\\/\\\/motorista.com.br\\\/noticias\\\/wp-content\\\/uploads\\\/2025\\\/12\\\/caminhoes-eletricos-xcmg-bracell-2.jpg\",\"contentUrl\":\"https:\\\/\\\/motorista.com.br\\\/noticias\\\/wp-content\\\/uploads\\\/2025\\\/12\\\/caminhoes-eletricos-xcmg-bracell-2.jpg\",\"width\":1237,\"height\":800},{\"@type\":\"BreadcrumbList\",\"@id\":\"https:\\\/\\\/motorista.com.br\\\/noticias\\\/2025\\\/12\\\/16\\\/bracell-aplica-r-35-milhoes-em-iniciativa-de-caminhoes-eletricos\\\/#breadcrumb\",\"itemListElement\":[{\"@type\":\"ListItem\",\"position\":1,\"name\":\"In\u00edcio\",\"item\":\"https:\\\/\\\/motorista.com.br\\\/noticias\\\/\"},{\"@type\":\"ListItem\",\"position\":2,\"name\":\"Bracell aplica R$ 3,5 milh\u00f5es em iniciativa de caminh\u00f5es el\u00e9tricos.\"}]},{\"@type\":\"WebSite\",\"@id\":\"https:\\\/\\\/motorista.com.br\\\/noticias\\\/#website\",\"url\":\"https:\\\/\\\/motorista.com.br\\\/noticias\\\/\",\"name\":\"Motorista.com.br\",\"description\":\"Not\u00edcia do Motorista\",\"publisher\":{\"@id\":\"https:\\\/\\\/motorista.com.br\\\/noticias\\\/#organization\"},\"potentialAction\":[{\"@type\":\"SearchAction\",\"target\":{\"@type\":\"EntryPoint\",\"urlTemplate\":\"https:\\\/\\\/motorista.com.br\\\/noticias\\\/?s={search_term_string}\"},\"query-input\":{\"@type\":\"PropertyValueSpecification\",\"valueRequired\":true,\"valueName\":\"search_term_string\"}}],\"inLanguage\":\"pt-BR\"},{\"@type\":\"Organization\",\"@id\":\"https:\\\/\\\/motorista.com.br\\\/noticias\\\/#organization\",\"name\":\"Motorista.com.br\",\"url\":\"https:\\\/\\\/motorista.com.br\\\/noticias\\\/\",\"logo\":{\"@type\":\"ImageObject\",\"inLanguage\":\"pt-BR\",\"@id\":\"https:\\\/\\\/motorista.com.br\\\/noticias\\\/#\\\/schema\\\/logo\\\/image\\\/\",\"url\":\"https:\\\/\\\/motorista.com.br\\\/noticias\\\/wp-content\\\/uploads\\\/2025\\\/06\\\/Design-sem-nome-9.png\",\"contentUrl\":\"https:\\\/\\\/motorista.com.br\\\/noticias\\\/wp-content\\\/uploads\\\/2025\\\/06\\\/Design-sem-nome-9.png\",\"width\":150,\"height\":85,\"caption\":\"Motorista.com.br\"},\"image\":{\"@id\":\"https:\\\/\\\/motorista.com.br\\\/noticias\\\/#\\\/schema\\\/logo\\\/image\\\/\"}},{\"@type\":\"Person\",\"@id\":\"https:\\\/\\\/motorista.com.br\\\/noticias\\\/#\\\/schema\\\/person\\\/dc93afc2981c0e3ce6bc3c053fd847be\",\"name\":\"Equipe Reda\u00e7\u00e3o\",\"image\":{\"@type\":\"ImageObject\",\"inLanguage\":\"pt-BR\",\"@id\":\"https:\\\/\\\/secure.gravatar.com\\\/avatar\\\/4f525efbf18dd2bb300ccad28bfb99d95a9465a5ba268407c8c37b37e1f28d2d?s=96&d=mm&r=g9e099043a0c61e9ae27e293b9fa75ffc\",\"url\":\"https:\\\/\\\/secure.gravatar.com\\\/avatar\\\/4f525efbf18dd2bb300ccad28bfb99d95a9465a5ba268407c8c37b37e1f28d2d?s=96&d=mm&r=g\",\"contentUrl\":\"https:\\\/\\\/secure.gravatar.com\\\/avatar\\\/4f525efbf18dd2bb300ccad28bfb99d95a9465a5ba268407c8c37b37e1f28d2d?s=96&d=mm&r=g\",\"caption\":\"Equipe Reda\u00e7\u00e3o\"},\"description\":\"Equipe de reda\u00e7\u00e3o \u00e9 um grupo de profissionais que trabalham juntos para criar conte\u00fado escrito para Motorista.com.br\",\"url\":\"https:\\\/\\\/motorista.com.br\\\/noticias\\\/author\\\/equiperedacao\\\/\"}]}<\/script>\n<!-- \/ Yoast SEO Premium plugin. -->","yoast_head_json":{"title":"Bracell aplica R$ 3,5 milh\u00f5es em iniciativa de caminh\u00f5es el\u00e9tricos. - Motorista.com.br","robots":{"index":"index","follow":"follow","max-snippet":"max-snippet:-1","max-image-preview":"max-image-preview:large","max-video-preview":"max-video-preview:-1"},"canonical":"https:\/\/motorista.com.br\/noticias\/2025\/12\/16\/bracell-aplica-r-35-milhoes-em-iniciativa-de-caminhoes-eletricos\/","og_locale":"pt_BR","og_type":"article","og_title":"Bracell aplica R$ 3,5 milh\u00f5es em iniciativa de caminh\u00f5es el\u00e9tricos.","og_description":"Bracell Investe R$ 3,5 Milh\u00f5es em Caminh\u00f5es El\u00e9tricos Pesados A Bracell, fabricante de celulose, anunciou um investimento significativo de R$ 3,5 milh\u00f5es em dois caminh\u00f5es el\u00e9tricos com capacidade para 74 toneladas, marcando um marco no setor de transporte. Esses caminh\u00f5es estar\u00e3o voltados ao transporte de madeira e celulose, representando uma evolu\u00e7\u00e3o importante na log\u00edstica de &hellip;","og_url":"https:\/\/motorista.com.br\/noticias\/2025\/12\/16\/bracell-aplica-r-35-milhoes-em-iniciativa-de-caminhoes-eletricos\/","og_site_name":"Motorista.com.br","article_published_time":"2025-12-16T11:50:56+00:00","author":"Equipe Reda\u00e7\u00e3o","twitter_card":"summary_large_image","twitter_misc":{"Escrito por":"Equipe Reda\u00e7\u00e3o","Est. tempo de leitura":"3 minutos","Written by":"Equipe Reda\u00e7\u00e3o"},"schema":{"@context":"https:\/\/schema.org","@graph":[{"@type":"Article","@id":"https:\/\/motorista.com.br\/noticias\/2025\/12\/16\/bracell-aplica-r-35-milhoes-em-iniciativa-de-caminhoes-eletricos\/#article","isPartOf":{"@id":"https:\/\/motorista.com.br\/noticias\/2025\/12\/16\/bracell-aplica-r-35-milhoes-em-iniciativa-de-caminhoes-eletricos\/"},"author":{"name":"Equipe Reda\u00e7\u00e3o","@id":"https:\/\/motorista.com.br\/noticias\/#\/schema\/person\/dc93afc2981c0e3ce6bc3c053fd847be"},"headline":"Bracell aplica R$ 3,5 milh\u00f5es em iniciativa de caminh\u00f5es el\u00e9tricos.","datePublished":"2025-12-16T11:50:56+00:00","mainEntityOfPage":{"@id":"https:\/\/motorista.com.br\/noticias\/2025\/12\/16\/bracell-aplica-r-35-milhoes-em-iniciativa-de-caminhoes-eletricos\/"},"wordCount":538,"publisher":{"@id":"https:\/\/motorista.com.br\/noticias\/#organization"},"image":{"@id":"https:\/\/motorista.com.br\/noticias\/2025\/12\/16\/bracell-aplica-r-35-milhoes-em-iniciativa-de-caminhoes-eletricos\/#primaryimage"},"thumbnailUrl":"https:\/\/motorista.com.br\/noticias\/wp-content\/uploads\/2025\/12\/caminhoes-eletricos-xcmg-bracell-2.jpg","articleSection":["Carreteiro","Motorista"],"inLanguage":"pt-BR"},{"@type":"WebPage","@id":"https:\/\/motorista.com.br\/noticias\/2025\/12\/16\/bracell-aplica-r-35-milhoes-em-iniciativa-de-caminhoes-eletricos\/","url":"https:\/\/motorista.com.br\/noticias\/2025\/12\/16\/bracell-aplica-r-35-milhoes-em-iniciativa-de-caminhoes-eletricos\/","name":"Bracell aplica R$ 3,5 milh\u00f5es em iniciativa de caminh\u00f5es el\u00e9tricos. - Motorista.com.br","isPartOf":{"@id":"https:\/\/motorista.com.br\/noticias\/#website"},"primaryImageOfPage":{"@id":"https:\/\/motorista.com.br\/noticias\/2025\/12\/16\/bracell-aplica-r-35-milhoes-em-iniciativa-de-caminhoes-eletricos\/#primaryimage"},"image":{"@id":"https:\/\/motorista.com.br\/noticias\/2025\/12\/16\/bracell-aplica-r-35-milhoes-em-iniciativa-de-caminhoes-eletricos\/#primaryimage"},"thumbnailUrl":"https:\/\/motorista.com.br\/noticias\/wp-content\/uploads\/2025\/12\/caminhoes-eletricos-xcmg-bracell-2.jpg","datePublished":"2025-12-16T11:50:56+00:00","breadcrumb":{"@id":"https:\/\/motorista.com.br\/noticias\/2025\/12\/16\/bracell-aplica-r-35-milhoes-em-iniciativa-de-caminhoes-eletricos\/#breadcrumb"},"inLanguage":"pt-BR","potentialAction":[{"@type":"ReadAction","target":["https:\/\/motorista.com.br\/noticias\/2025\/12\/16\/bracell-aplica-r-35-milhoes-em-iniciativa-de-caminhoes-eletricos\/"]}]},{"@type":"ImageObject","inLanguage":"pt-BR","@id":"https:\/\/motorista.com.br\/noticias\/2025\/12\/16\/bracell-aplica-r-35-milhoes-em-iniciativa-de-caminhoes-eletricos\/#primaryimage","url":"https:\/\/motorista.com.br\/noticias\/wp-content\/uploads\/2025\/12\/caminhoes-eletricos-xcmg-bracell-2.jpg","contentUrl":"https:\/\/motorista.com.br\/noticias\/wp-content\/uploads\/2025\/12\/caminhoes-eletricos-xcmg-bracell-2.jpg","width":1237,"height":800},{"@type":"BreadcrumbList","@id":"https:\/\/motorista.com.br\/noticias\/2025\/12\/16\/bracell-aplica-r-35-milhoes-em-iniciativa-de-caminhoes-eletricos\/#breadcrumb","itemListElement":[{"@type":"ListItem","position":1,"name":"In\u00edcio","item":"https:\/\/motorista.com.br\/noticias\/"},{"@type":"ListItem","position":2,"name":"Bracell aplica R$ 3,5 milh\u00f5es em iniciativa de caminh\u00f5es el\u00e9tricos."}]},{"@type":"WebSite","@id":"https:\/\/motorista.com.br\/noticias\/#website","url":"https:\/\/motorista.com.br\/noticias\/","name":"Motorista.com.br","description":"Not\u00edcia do Motorista","publisher":{"@id":"https:\/\/motorista.com.br\/noticias\/#organization"},"potentialAction":[{"@type":"SearchAction","target":{"@type":"EntryPoint","urlTemplate":"https:\/\/motorista.com.br\/noticias\/?s={search_term_string}"},"query-input":{"@type":"PropertyValueSpecification","valueRequired":true,"valueName":"search_term_string"}}],"inLanguage":"pt-BR"},{"@type":"Organization","@id":"https:\/\/motorista.com.br\/noticias\/#organization","name":"Motorista.com.br","url":"https:\/\/motorista.com.br\/noticias\/","logo":{"@type":"ImageObject","inLanguage":"pt-BR","@id":"https:\/\/motorista.com.br\/noticias\/#\/schema\/logo\/image\/","url":"https:\/\/motorista.com.br\/noticias\/wp-content\/uploads\/2025\/06\/Design-sem-nome-9.png","contentUrl":"https:\/\/motorista.com.br\/noticias\/wp-content\/uploads\/2025\/06\/Design-sem-nome-9.png","width":150,"height":85,"caption":"Motorista.com.br"},"image":{"@id":"https:\/\/motorista.com.br\/noticias\/#\/schema\/logo\/image\/"}},{"@type":"Person","@id":"https:\/\/motorista.com.br\/noticias\/#\/schema\/person\/dc93afc2981c0e3ce6bc3c053fd847be","name":"Equipe Reda\u00e7\u00e3o","image":{"@type":"ImageObject","inLanguage":"pt-BR","@id":"https:\/\/secure.gravatar.com\/avatar\/4f525efbf18dd2bb300ccad28bfb99d95a9465a5ba268407c8c37b37e1f28d2d?s=96&d=mm&r=g9e099043a0c61e9ae27e293b9fa75ffc","url":"https:\/\/secure.gravatar.com\/avatar\/4f525efbf18dd2bb300ccad28bfb99d95a9465a5ba268407c8c37b37e1f28d2d?s=96&d=mm&r=g","contentUrl":"https:\/\/secure.gravatar.com\/avatar\/4f525efbf18dd2bb300ccad28bfb99d95a9465a5ba268407c8c37b37e1f28d2d?s=96&d=mm&r=g","caption":"Equipe Reda\u00e7\u00e3o"},"description":"Equipe de reda\u00e7\u00e3o \u00e9 um grupo de profissionais que trabalham juntos para criar conte\u00fado escrito para Motorista.com.br","url":"https:\/\/motorista.com.br\/noticias\/author\/equiperedacao\/"}]}},"_links":{"self":[{"href":"https:\/\/motorista.com.br\/noticias\/wp-json\/wp\/v2\/posts\/5215","targetHints":{"allow":["GET"]}}],"collection":[{"href":"https:\/\/motorista.com.br\/noticias\/wp-json\/wp\/v2\/posts"}],"about":[{"href":"https:\/\/motorista.com.br\/noticias\/wp-json\/wp\/v2\/types\/post"}],"author":[{"embeddable":true,"href":"https:\/\/motorista.com.br\/noticias\/wp-json\/wp\/v2\/users\/4"}],"replies":[{"embeddable":true,"href":"https:\/\/motorista.com.br\/noticias\/wp-json\/wp\/v2\/comments?post=5215"}],"version-history":[{"count":0,"href":"https:\/\/motorista.com.br\/noticias\/wp-json\/wp\/v2\/posts\/5215\/revisions"}],"wp:featuredmedia":[{"embeddable":true,"href":"https:\/\/motorista.com.br\/noticias\/wp-json\/wp\/v2\/media\/5216"}],"wp:attachment":[{"href":"https:\/\/motorista.com.br\/noticias\/wp-json\/wp\/v2\/media?parent=5215"}],"wp:term":[{"taxonomy":"category","embeddable":true,"href":"https:\/\/motorista.com.br\/noticias\/wp-json\/wp\/v2\/categories?post=5215"},{"taxonomy":"post_tag","embeddable":true,"href":"https:\/\/motorista.com.br\/noticias\/wp-json\/wp\/v2\/tags?post=5215"},{"taxonomy":"author","embeddable":true,"href":"https:\/\/motorista.com.br\/noticias\/wp-json\/wp\/v2\/coauthors?post=5215"}],"curies":[{"name":"wp","href":"https:\/\/api.w.org\/{rel}","templated":true}]}}