{"id":5213,"date":"2025-12-16T08:22:11","date_gmt":"2025-12-16T11:22:11","guid":{"rendered":"https:\/\/motorista.com.br\/noticias\/2025\/12\/16\/ze-trovao-critica-a-clt-e-propoe-teto-de-20-para-plataformas-no-pl\/"},"modified":"2025-12-16T08:22:11","modified_gmt":"2025-12-16T11:22:11","slug":"ze-trovao-critica-a-clt-e-propoe-teto-de-20-para-plataformas-no-pl","status":"publish","type":"post","link":"https:\/\/motorista.com.br\/noticias\/2025\/12\/16\/ze-trovao-critica-a-clt-e-propoe-teto-de-20-para-plataformas-no-pl\/","title":{"rendered":"Z\u00e9 Trov\u00e3o critica a CLT e prop\u00f5e teto de 20% para plataformas no PL."},"content":{"rendered":"<p><\/p>\n<p><strong>T\u00edtulo: Z\u00e9 Trov\u00e3o critica a CLT e defende um teto de 20% para taxas das plataformas no PL dos apps<\/strong><\/p>\n<p>O deputado federal Z\u00e9 Trov\u00e3o (PL-SC) fez um apelo ao comit\u00ea especial da C\u00e2mara dos Deputados em 10 de dezembro de 2025, sugerindo que a delibera\u00e7\u00e3o sobre o parecer do relator Augusto Coutinho (Republicanos-PE) fosse adiada. Segundo ele, um tempo adicional permitiria uma an\u00e1lise mais aprofundada e discuss\u00f5es sobre o Projeto de Lei Complementar (PLP) 152\/25, que regulamenta o trabalho pelos aplicativos de transporte e entrega, bem como as diretrizes para previd\u00eancia social e funcionamento das plataformas.<\/p>\n<p>Na sua fala, Trov\u00e3o destacou a import\u00e2ncia de n\u00e3o apressar a vota\u00e7\u00e3o, argumentando que o relat\u00f3rio entregue na v\u00e9spera trouxe quest\u00f5es complexas que merecem considera\u00e7\u00e3o cuidadosa. Ele enfatizou que o objetivo principal \u00e9 &quot;resolver o problema dos motoristas de aplicativos&quot;, mas que isso exige um tempo adequado para se avaliar o conte\u00fado do projeto.<\/p>\n<h3>Cr\u00edtica \u00e0 CLT e Defesa do Trabalho Aut\u00f4nomo<\/h3>\n<p>O parlamentar criticou o modelo da Consolida\u00e7\u00e3o das Leis do Trabalho (CLT), afirmando que muitos trabalhadores de aplicativos optaram por deixar o mercado formal por n\u00e3o se adequarem ao sistema celetista. Trov\u00e3o sugere que quem deseja um emprego com carteira assinada deve buscar oportunidades dentro deste modelo tradicional, deixando claro que uma regulamenta\u00e7\u00e3o r\u00edgida poderia criar um \u201cmonstro\u201d que desestimulasse a ades\u00e3o ao trabalho por meio de plataformas. Esta perspectiva reflete uma preocupa\u00e7\u00e3o com os custos tribut\u00e1rios e a flexibilidade do trabalho aut\u00f4nomo, que s\u00e3o cruciais para muitos motoristas.<\/p>\n<h3>Teto para Taxas das Plataformas<\/h3>\n<p>Outro ponto central da fala de Trov\u00e3o foi a taxa que as plataformas ret\u00eam sobre os servi\u00e7os prestados pelos motoristas. O deputado argumenta que \u00e9 necess\u00e1rio impor limites a essas cobran\u00e7as, sugerindo um teto entre 15% e 20%. Ele comparou a situa\u00e7\u00e3o com o setor de transporte de cargas, onde acredita que a reten\u00e7\u00e3o excessiva por intermedi\u00e1rios n\u00e3o \u00e9 justa. Essa proposta visa n\u00e3o apenas melhorar os ganhos dos motoristas, mas tamb\u00e9m incentivar uma mobilidade mais competitiva e acess\u00edvel.<\/p>\n<h3>Proposta de Acordo para o Processo Legislativo<\/h3>\n<p>Trov\u00e3o expressou a inten\u00e7\u00e3o de n\u00e3o procrastinar indefinidamente a vota\u00e7\u00e3o, sugerindo um acordo para a retirada de pauta numa tentativa de construir consenso. Ele acredita que nessa semana seguinte, se houver entendimento entre os deputados, a vota\u00e7\u00e3o pode seguir sem pedidos de vista adicionais. Caso contr\u00e1rio, os parlamentares teriam a prerrogativa para solicitar a revis\u00e3o conforme necess\u00e1rio.<\/p>\n<p>A busca por um parecer \u201credondinho\u201d para reduzir conflitos no processo legislativo reflete a necessidade de uma abordagem colaborativa e bem fundamentada, que pode beneficiar tanto os motoristas quanto o sistema de mobilidade como um todo. Uma legisla\u00e7\u00e3o que considere as especificidades do trabalho aut\u00f4nomo poder\u00e1 promover melhorias significativas na qualidade de vida dos motoristas, al\u00e9m de otimizar a mobilidade urbana.<\/p>\n<p>Em suma, o empenho de Z\u00e9 Trov\u00e3o em discutir e ajustar esses aspectos do PL dos aplicativos \u00e9 vital para a constru\u00e7\u00e3o de um ambiente de trabalho mais justo e eficiente. Com a regula\u00e7\u00e3o adequada, \u00e9 poss\u00edvel n\u00e3o s\u00f3 proteger os direitos dos motoristas, mas tamb\u00e9m garantir uma mobilidade mais eficiente para todos os cidad\u00e3os. <\/p>\n<p><strong>Fonte: 55content<\/strong><\/p>\n","protected":false},"excerpt":{"rendered":"<p>T\u00edtulo: Z\u00e9 Trov\u00e3o critica a CLT e defende um teto de 20% para taxas das plataformas no PL dos apps O deputado federal Z\u00e9 Trov\u00e3o (PL-SC) fez um apelo ao comit\u00ea especial da C\u00e2mara dos Deputados em 10 de dezembro de 2025, sugerindo que a delibera\u00e7\u00e3o sobre o parecer do relator Augusto Coutinho (Republicanos-PE) fosse &hellip;<\/p>\n","protected":false},"author":4,"featured_media":5214,"comment_status":"","ping_status":"open","sticky":false,"template":"","format":"standard","meta":{"footnotes":""},"categories":[49,77],"tags":[],"coauthors":[42],"class_list":["post-5213","post","type-post","status-publish","format-standard","has-post-thumbnail","hentry","category-aplicativos","category-motorista"],"yoast_head":"<!-- This site is optimized with the Yoast SEO Premium plugin v25.5 (Yoast SEO v27.4) - https:\/\/yoast.com\/product\/yoast-seo-premium-wordpress\/ -->\n<title>Z\u00e9 Trov\u00e3o critica a CLT e prop\u00f5e teto de 20% para plataformas no PL. - Motorista.com.br<\/title>\n<meta name=\"robots\" content=\"index, follow, max-snippet:-1, max-image-preview:large, max-video-preview:-1\" \/>\n<link rel=\"canonical\" href=\"https:\/\/motorista.com.br\/noticias\/2025\/12\/16\/ze-trovao-critica-a-clt-e-propoe-teto-de-20-para-plataformas-no-pl\/\" \/>\n<meta property=\"og:locale\" content=\"pt_BR\" \/>\n<meta property=\"og:type\" content=\"article\" \/>\n<meta property=\"og:title\" content=\"Z\u00e9 Trov\u00e3o critica a CLT e prop\u00f5e teto de 20% para plataformas no PL.\" \/>\n<meta property=\"og:description\" content=\"T\u00edtulo: Z\u00e9 Trov\u00e3o critica a CLT e defende um teto de 20% para taxas das plataformas no PL dos apps O deputado federal Z\u00e9 Trov\u00e3o (PL-SC) fez um apelo ao comit\u00ea especial da C\u00e2mara dos Deputados em 10 de dezembro de 2025, sugerindo que a delibera\u00e7\u00e3o sobre o parecer do relator Augusto Coutinho (Republicanos-PE) fosse &hellip;\" \/>\n<meta property=\"og:url\" content=\"https:\/\/motorista.com.br\/noticias\/2025\/12\/16\/ze-trovao-critica-a-clt-e-propoe-teto-de-20-para-plataformas-no-pl\/\" \/>\n<meta property=\"og:site_name\" content=\"Motorista.com.br\" \/>\n<meta property=\"article:published_time\" content=\"2025-12-16T11:22:11+00:00\" \/>\n<meta name=\"author\" content=\"Equipe Reda\u00e7\u00e3o\" \/>\n<meta name=\"twitter:card\" content=\"summary_large_image\" \/>\n<meta name=\"twitter:label1\" content=\"Escrito por\" \/>\n\t<meta name=\"twitter:data1\" content=\"Equipe Reda\u00e7\u00e3o\" \/>\n\t<meta name=\"twitter:label2\" content=\"Est. tempo de leitura\" \/>\n\t<meta name=\"twitter:data2\" content=\"3 minutos\" \/>\n\t<meta name=\"twitter:label3\" content=\"Written by\" \/>\n\t<meta name=\"twitter:data3\" content=\"Equipe Reda\u00e7\u00e3o\" \/>\n<script type=\"application\/ld+json\" class=\"yoast-schema-graph\">{\"@context\":\"https:\\\/\\\/schema.org\",\"@graph\":[{\"@type\":\"Article\",\"@id\":\"https:\\\/\\\/motorista.com.br\\\/noticias\\\/2025\\\/12\\\/16\\\/ze-trovao-critica-a-clt-e-propoe-teto-de-20-para-plataformas-no-pl\\\/#article\",\"isPartOf\":{\"@id\":\"https:\\\/\\\/motorista.com.br\\\/noticias\\\/2025\\\/12\\\/16\\\/ze-trovao-critica-a-clt-e-propoe-teto-de-20-para-plataformas-no-pl\\\/\"},\"author\":{\"name\":\"Equipe Reda\u00e7\u00e3o\",\"@id\":\"https:\\\/\\\/motorista.com.br\\\/noticias\\\/#\\\/schema\\\/person\\\/dc93afc2981c0e3ce6bc3c053fd847be\"},\"headline\":\"Z\u00e9 Trov\u00e3o critica a CLT e prop\u00f5e teto de 20% para plataformas no PL.\",\"datePublished\":\"2025-12-16T11:22:11+00:00\",\"mainEntityOfPage\":{\"@id\":\"https:\\\/\\\/motorista.com.br\\\/noticias\\\/2025\\\/12\\\/16\\\/ze-trovao-critica-a-clt-e-propoe-teto-de-20-para-plataformas-no-pl\\\/\"},\"wordCount\":578,\"publisher\":{\"@id\":\"https:\\\/\\\/motorista.com.br\\\/noticias\\\/#organization\"},\"image\":{\"@id\":\"https:\\\/\\\/motorista.com.br\\\/noticias\\\/2025\\\/12\\\/16\\\/ze-trovao-critica-a-clt-e-propoe-teto-de-20-para-plataformas-no-pl\\\/#primaryimage\"},\"thumbnailUrl\":\"https:\\\/\\\/motorista.com.br\\\/noticias\\\/wp-content\\\/uploads\\\/2025\\\/12\\\/Deputado-Ze-Trovao-Neto-Foto-ReproducaoYouTube.png\",\"articleSection\":[\"Aplicativos\",\"Motorista\"],\"inLanguage\":\"pt-BR\"},{\"@type\":\"WebPage\",\"@id\":\"https:\\\/\\\/motorista.com.br\\\/noticias\\\/2025\\\/12\\\/16\\\/ze-trovao-critica-a-clt-e-propoe-teto-de-20-para-plataformas-no-pl\\\/\",\"url\":\"https:\\\/\\\/motorista.com.br\\\/noticias\\\/2025\\\/12\\\/16\\\/ze-trovao-critica-a-clt-e-propoe-teto-de-20-para-plataformas-no-pl\\\/\",\"name\":\"Z\u00e9 Trov\u00e3o critica a CLT e prop\u00f5e teto de 20% para plataformas no PL. - Motorista.com.br\",\"isPartOf\":{\"@id\":\"https:\\\/\\\/motorista.com.br\\\/noticias\\\/#website\"},\"primaryImageOfPage\":{\"@id\":\"https:\\\/\\\/motorista.com.br\\\/noticias\\\/2025\\\/12\\\/16\\\/ze-trovao-critica-a-clt-e-propoe-teto-de-20-para-plataformas-no-pl\\\/#primaryimage\"},\"image\":{\"@id\":\"https:\\\/\\\/motorista.com.br\\\/noticias\\\/2025\\\/12\\\/16\\\/ze-trovao-critica-a-clt-e-propoe-teto-de-20-para-plataformas-no-pl\\\/#primaryimage\"},\"thumbnailUrl\":\"https:\\\/\\\/motorista.com.br\\\/noticias\\\/wp-content\\\/uploads\\\/2025\\\/12\\\/Deputado-Ze-Trovao-Neto-Foto-ReproducaoYouTube.png\",\"datePublished\":\"2025-12-16T11:22:11+00:00\",\"breadcrumb\":{\"@id\":\"https:\\\/\\\/motorista.com.br\\\/noticias\\\/2025\\\/12\\\/16\\\/ze-trovao-critica-a-clt-e-propoe-teto-de-20-para-plataformas-no-pl\\\/#breadcrumb\"},\"inLanguage\":\"pt-BR\",\"potentialAction\":[{\"@type\":\"ReadAction\",\"target\":[\"https:\\\/\\\/motorista.com.br\\\/noticias\\\/2025\\\/12\\\/16\\\/ze-trovao-critica-a-clt-e-propoe-teto-de-20-para-plataformas-no-pl\\\/\"]}]},{\"@type\":\"ImageObject\",\"inLanguage\":\"pt-BR\",\"@id\":\"https:\\\/\\\/motorista.com.br\\\/noticias\\\/2025\\\/12\\\/16\\\/ze-trovao-critica-a-clt-e-propoe-teto-de-20-para-plataformas-no-pl\\\/#primaryimage\",\"url\":\"https:\\\/\\\/motorista.com.br\\\/noticias\\\/wp-content\\\/uploads\\\/2025\\\/12\\\/Deputado-Ze-Trovao-Neto-Foto-ReproducaoYouTube.png\",\"contentUrl\":\"https:\\\/\\\/motorista.com.br\\\/noticias\\\/wp-content\\\/uploads\\\/2025\\\/12\\\/Deputado-Ze-Trovao-Neto-Foto-ReproducaoYouTube.png\",\"width\":600,\"height\":350},{\"@type\":\"BreadcrumbList\",\"@id\":\"https:\\\/\\\/motorista.com.br\\\/noticias\\\/2025\\\/12\\\/16\\\/ze-trovao-critica-a-clt-e-propoe-teto-de-20-para-plataformas-no-pl\\\/#breadcrumb\",\"itemListElement\":[{\"@type\":\"ListItem\",\"position\":1,\"name\":\"In\u00edcio\",\"item\":\"https:\\\/\\\/motorista.com.br\\\/noticias\\\/\"},{\"@type\":\"ListItem\",\"position\":2,\"name\":\"Z\u00e9 Trov\u00e3o critica a CLT e prop\u00f5e teto de 20% para plataformas no PL.\"}]},{\"@type\":\"WebSite\",\"@id\":\"https:\\\/\\\/motorista.com.br\\\/noticias\\\/#website\",\"url\":\"https:\\\/\\\/motorista.com.br\\\/noticias\\\/\",\"name\":\"Motorista.com.br\",\"description\":\"Not\u00edcia do Motorista\",\"publisher\":{\"@id\":\"https:\\\/\\\/motorista.com.br\\\/noticias\\\/#organization\"},\"potentialAction\":[{\"@type\":\"SearchAction\",\"target\":{\"@type\":\"EntryPoint\",\"urlTemplate\":\"https:\\\/\\\/motorista.com.br\\\/noticias\\\/?s={search_term_string}\"},\"query-input\":{\"@type\":\"PropertyValueSpecification\",\"valueRequired\":true,\"valueName\":\"search_term_string\"}}],\"inLanguage\":\"pt-BR\"},{\"@type\":\"Organization\",\"@id\":\"https:\\\/\\\/motorista.com.br\\\/noticias\\\/#organization\",\"name\":\"Motorista.com.br\",\"url\":\"https:\\\/\\\/motorista.com.br\\\/noticias\\\/\",\"logo\":{\"@type\":\"ImageObject\",\"inLanguage\":\"pt-BR\",\"@id\":\"https:\\\/\\\/motorista.com.br\\\/noticias\\\/#\\\/schema\\\/logo\\\/image\\\/\",\"url\":\"https:\\\/\\\/motorista.com.br\\\/noticias\\\/wp-content\\\/uploads\\\/2025\\\/06\\\/Design-sem-nome-9.png\",\"contentUrl\":\"https:\\\/\\\/motorista.com.br\\\/noticias\\\/wp-content\\\/uploads\\\/2025\\\/06\\\/Design-sem-nome-9.png\",\"width\":150,\"height\":85,\"caption\":\"Motorista.com.br\"},\"image\":{\"@id\":\"https:\\\/\\\/motorista.com.br\\\/noticias\\\/#\\\/schema\\\/logo\\\/image\\\/\"}},{\"@type\":\"Person\",\"@id\":\"https:\\\/\\\/motorista.com.br\\\/noticias\\\/#\\\/schema\\\/person\\\/dc93afc2981c0e3ce6bc3c053fd847be\",\"name\":\"Equipe Reda\u00e7\u00e3o\",\"image\":{\"@type\":\"ImageObject\",\"inLanguage\":\"pt-BR\",\"@id\":\"https:\\\/\\\/secure.gravatar.com\\\/avatar\\\/4f525efbf18dd2bb300ccad28bfb99d95a9465a5ba268407c8c37b37e1f28d2d?s=96&d=mm&r=g9e099043a0c61e9ae27e293b9fa75ffc\",\"url\":\"https:\\\/\\\/secure.gravatar.com\\\/avatar\\\/4f525efbf18dd2bb300ccad28bfb99d95a9465a5ba268407c8c37b37e1f28d2d?s=96&d=mm&r=g\",\"contentUrl\":\"https:\\\/\\\/secure.gravatar.com\\\/avatar\\\/4f525efbf18dd2bb300ccad28bfb99d95a9465a5ba268407c8c37b37e1f28d2d?s=96&d=mm&r=g\",\"caption\":\"Equipe Reda\u00e7\u00e3o\"},\"description\":\"Equipe de reda\u00e7\u00e3o \u00e9 um grupo de profissionais que trabalham juntos para criar conte\u00fado escrito para Motorista.com.br\",\"url\":\"https:\\\/\\\/motorista.com.br\\\/noticias\\\/author\\\/equiperedacao\\\/\"}]}<\/script>\n<!-- \/ Yoast SEO Premium plugin. -->","yoast_head_json":{"title":"Z\u00e9 Trov\u00e3o critica a CLT e prop\u00f5e teto de 20% para plataformas no PL. - Motorista.com.br","robots":{"index":"index","follow":"follow","max-snippet":"max-snippet:-1","max-image-preview":"max-image-preview:large","max-video-preview":"max-video-preview:-1"},"canonical":"https:\/\/motorista.com.br\/noticias\/2025\/12\/16\/ze-trovao-critica-a-clt-e-propoe-teto-de-20-para-plataformas-no-pl\/","og_locale":"pt_BR","og_type":"article","og_title":"Z\u00e9 Trov\u00e3o critica a CLT e prop\u00f5e teto de 20% para plataformas no PL.","og_description":"T\u00edtulo: Z\u00e9 Trov\u00e3o critica a CLT e defende um teto de 20% para taxas das plataformas no PL dos apps O deputado federal Z\u00e9 Trov\u00e3o (PL-SC) fez um apelo ao comit\u00ea especial da C\u00e2mara dos Deputados em 10 de dezembro de 2025, sugerindo que a delibera\u00e7\u00e3o sobre o parecer do relator Augusto Coutinho (Republicanos-PE) fosse &hellip;","og_url":"https:\/\/motorista.com.br\/noticias\/2025\/12\/16\/ze-trovao-critica-a-clt-e-propoe-teto-de-20-para-plataformas-no-pl\/","og_site_name":"Motorista.com.br","article_published_time":"2025-12-16T11:22:11+00:00","author":"Equipe Reda\u00e7\u00e3o","twitter_card":"summary_large_image","twitter_misc":{"Escrito por":"Equipe Reda\u00e7\u00e3o","Est. tempo de leitura":"3 minutos","Written by":"Equipe Reda\u00e7\u00e3o"},"schema":{"@context":"https:\/\/schema.org","@graph":[{"@type":"Article","@id":"https:\/\/motorista.com.br\/noticias\/2025\/12\/16\/ze-trovao-critica-a-clt-e-propoe-teto-de-20-para-plataformas-no-pl\/#article","isPartOf":{"@id":"https:\/\/motorista.com.br\/noticias\/2025\/12\/16\/ze-trovao-critica-a-clt-e-propoe-teto-de-20-para-plataformas-no-pl\/"},"author":{"name":"Equipe Reda\u00e7\u00e3o","@id":"https:\/\/motorista.com.br\/noticias\/#\/schema\/person\/dc93afc2981c0e3ce6bc3c053fd847be"},"headline":"Z\u00e9 Trov\u00e3o critica a CLT e prop\u00f5e teto de 20% para plataformas no PL.","datePublished":"2025-12-16T11:22:11+00:00","mainEntityOfPage":{"@id":"https:\/\/motorista.com.br\/noticias\/2025\/12\/16\/ze-trovao-critica-a-clt-e-propoe-teto-de-20-para-plataformas-no-pl\/"},"wordCount":578,"publisher":{"@id":"https:\/\/motorista.com.br\/noticias\/#organization"},"image":{"@id":"https:\/\/motorista.com.br\/noticias\/2025\/12\/16\/ze-trovao-critica-a-clt-e-propoe-teto-de-20-para-plataformas-no-pl\/#primaryimage"},"thumbnailUrl":"https:\/\/motorista.com.br\/noticias\/wp-content\/uploads\/2025\/12\/Deputado-Ze-Trovao-Neto-Foto-ReproducaoYouTube.png","articleSection":["Aplicativos","Motorista"],"inLanguage":"pt-BR"},{"@type":"WebPage","@id":"https:\/\/motorista.com.br\/noticias\/2025\/12\/16\/ze-trovao-critica-a-clt-e-propoe-teto-de-20-para-plataformas-no-pl\/","url":"https:\/\/motorista.com.br\/noticias\/2025\/12\/16\/ze-trovao-critica-a-clt-e-propoe-teto-de-20-para-plataformas-no-pl\/","name":"Z\u00e9 Trov\u00e3o critica a CLT e prop\u00f5e teto de 20% para plataformas no PL. - Motorista.com.br","isPartOf":{"@id":"https:\/\/motorista.com.br\/noticias\/#website"},"primaryImageOfPage":{"@id":"https:\/\/motorista.com.br\/noticias\/2025\/12\/16\/ze-trovao-critica-a-clt-e-propoe-teto-de-20-para-plataformas-no-pl\/#primaryimage"},"image":{"@id":"https:\/\/motorista.com.br\/noticias\/2025\/12\/16\/ze-trovao-critica-a-clt-e-propoe-teto-de-20-para-plataformas-no-pl\/#primaryimage"},"thumbnailUrl":"https:\/\/motorista.com.br\/noticias\/wp-content\/uploads\/2025\/12\/Deputado-Ze-Trovao-Neto-Foto-ReproducaoYouTube.png","datePublished":"2025-12-16T11:22:11+00:00","breadcrumb":{"@id":"https:\/\/motorista.com.br\/noticias\/2025\/12\/16\/ze-trovao-critica-a-clt-e-propoe-teto-de-20-para-plataformas-no-pl\/#breadcrumb"},"inLanguage":"pt-BR","potentialAction":[{"@type":"ReadAction","target":["https:\/\/motorista.com.br\/noticias\/2025\/12\/16\/ze-trovao-critica-a-clt-e-propoe-teto-de-20-para-plataformas-no-pl\/"]}]},{"@type":"ImageObject","inLanguage":"pt-BR","@id":"https:\/\/motorista.com.br\/noticias\/2025\/12\/16\/ze-trovao-critica-a-clt-e-propoe-teto-de-20-para-plataformas-no-pl\/#primaryimage","url":"https:\/\/motorista.com.br\/noticias\/wp-content\/uploads\/2025\/12\/Deputado-Ze-Trovao-Neto-Foto-ReproducaoYouTube.png","contentUrl":"https:\/\/motorista.com.br\/noticias\/wp-content\/uploads\/2025\/12\/Deputado-Ze-Trovao-Neto-Foto-ReproducaoYouTube.png","width":600,"height":350},{"@type":"BreadcrumbList","@id":"https:\/\/motorista.com.br\/noticias\/2025\/12\/16\/ze-trovao-critica-a-clt-e-propoe-teto-de-20-para-plataformas-no-pl\/#breadcrumb","itemListElement":[{"@type":"ListItem","position":1,"name":"In\u00edcio","item":"https:\/\/motorista.com.br\/noticias\/"},{"@type":"ListItem","position":2,"name":"Z\u00e9 Trov\u00e3o critica a CLT e prop\u00f5e teto de 20% para plataformas no PL."}]},{"@type":"WebSite","@id":"https:\/\/motorista.com.br\/noticias\/#website","url":"https:\/\/motorista.com.br\/noticias\/","name":"Motorista.com.br","description":"Not\u00edcia do Motorista","publisher":{"@id":"https:\/\/motorista.com.br\/noticias\/#organization"},"potentialAction":[{"@type":"SearchAction","target":{"@type":"EntryPoint","urlTemplate":"https:\/\/motorista.com.br\/noticias\/?s={search_term_string}"},"query-input":{"@type":"PropertyValueSpecification","valueRequired":true,"valueName":"search_term_string"}}],"inLanguage":"pt-BR"},{"@type":"Organization","@id":"https:\/\/motorista.com.br\/noticias\/#organization","name":"Motorista.com.br","url":"https:\/\/motorista.com.br\/noticias\/","logo":{"@type":"ImageObject","inLanguage":"pt-BR","@id":"https:\/\/motorista.com.br\/noticias\/#\/schema\/logo\/image\/","url":"https:\/\/motorista.com.br\/noticias\/wp-content\/uploads\/2025\/06\/Design-sem-nome-9.png","contentUrl":"https:\/\/motorista.com.br\/noticias\/wp-content\/uploads\/2025\/06\/Design-sem-nome-9.png","width":150,"height":85,"caption":"Motorista.com.br"},"image":{"@id":"https:\/\/motorista.com.br\/noticias\/#\/schema\/logo\/image\/"}},{"@type":"Person","@id":"https:\/\/motorista.com.br\/noticias\/#\/schema\/person\/dc93afc2981c0e3ce6bc3c053fd847be","name":"Equipe Reda\u00e7\u00e3o","image":{"@type":"ImageObject","inLanguage":"pt-BR","@id":"https:\/\/secure.gravatar.com\/avatar\/4f525efbf18dd2bb300ccad28bfb99d95a9465a5ba268407c8c37b37e1f28d2d?s=96&d=mm&r=g9e099043a0c61e9ae27e293b9fa75ffc","url":"https:\/\/secure.gravatar.com\/avatar\/4f525efbf18dd2bb300ccad28bfb99d95a9465a5ba268407c8c37b37e1f28d2d?s=96&d=mm&r=g","contentUrl":"https:\/\/secure.gravatar.com\/avatar\/4f525efbf18dd2bb300ccad28bfb99d95a9465a5ba268407c8c37b37e1f28d2d?s=96&d=mm&r=g","caption":"Equipe Reda\u00e7\u00e3o"},"description":"Equipe de reda\u00e7\u00e3o \u00e9 um grupo de profissionais que trabalham juntos para criar conte\u00fado escrito para Motorista.com.br","url":"https:\/\/motorista.com.br\/noticias\/author\/equiperedacao\/"}]}},"_links":{"self":[{"href":"https:\/\/motorista.com.br\/noticias\/wp-json\/wp\/v2\/posts\/5213","targetHints":{"allow":["GET"]}}],"collection":[{"href":"https:\/\/motorista.com.br\/noticias\/wp-json\/wp\/v2\/posts"}],"about":[{"href":"https:\/\/motorista.com.br\/noticias\/wp-json\/wp\/v2\/types\/post"}],"author":[{"embeddable":true,"href":"https:\/\/motorista.com.br\/noticias\/wp-json\/wp\/v2\/users\/4"}],"replies":[{"embeddable":true,"href":"https:\/\/motorista.com.br\/noticias\/wp-json\/wp\/v2\/comments?post=5213"}],"version-history":[{"count":0,"href":"https:\/\/motorista.com.br\/noticias\/wp-json\/wp\/v2\/posts\/5213\/revisions"}],"wp:featuredmedia":[{"embeddable":true,"href":"https:\/\/motorista.com.br\/noticias\/wp-json\/wp\/v2\/media\/5214"}],"wp:attachment":[{"href":"https:\/\/motorista.com.br\/noticias\/wp-json\/wp\/v2\/media?parent=5213"}],"wp:term":[{"taxonomy":"category","embeddable":true,"href":"https:\/\/motorista.com.br\/noticias\/wp-json\/wp\/v2\/categories?post=5213"},{"taxonomy":"post_tag","embeddable":true,"href":"https:\/\/motorista.com.br\/noticias\/wp-json\/wp\/v2\/tags?post=5213"},{"taxonomy":"author","embeddable":true,"href":"https:\/\/motorista.com.br\/noticias\/wp-json\/wp\/v2\/coauthors?post=5213"}],"curies":[{"name":"wp","href":"https:\/\/api.w.org\/{rel}","templated":true}]}}